{"id":56242,"date":"2020-12-08T08:00:25","date_gmt":"2020-12-08T11:00:25","guid":{"rendered":"http:\/\/www.adf.org.br\/home\/?p=56242"},"modified":"2020-12-07T14:56:29","modified_gmt":"2020-12-07T17:56:29","slug":"festa-da-imaculada-conceicao-de-maria-uma-oracao-espera-por-voce-aqui","status":"publish","type":"post","link":"https:\/\/www.adf.org.br\/home\/festa-da-imaculada-conceicao-de-maria-uma-oracao-espera-por-voce-aqui\/","title":{"rendered":"Festa da Imaculada Concei\u00e7\u00e3o de Maria: Uma ora\u00e7\u00e3o espera por voc\u00ea aqui"},"content":{"rendered":"<blockquote>\n<p style=\"text-align: center;\"><a href=\"https:\/\/adf.org.br\/apostolosdefatima?origem=16952#Participar\" target=\"_blank\" rel=\"noopener noreferrer\"><img loading=\"lazy\" class=\"alignnone wp-image-56243 size-full\" src=\"https:\/\/www.adf.org.br\/home\/wp-content\/uploads\/2019\/12\/Imaculada-Concei\u00e7\u00e3o.jpg\" alt=\"Imaculada Concei\u00e7\u00e3o\" width=\"398\" height=\"494\" \/><\/a><\/p>\n<p style=\"text-align: center;\"><span style=\"font-family: verdana, geneva, sans-serif; font-size: 12pt; color: #ffcc99;\">.<\/span><\/p>\n<h6 style=\"text-align: center;\"><span style=\"color: #003366;\"><strong><span style=\"font-family: verdana, geneva, sans-serif; font-size: 14pt;\">Ora\u00e7\u00e3o \u00e0 Imaculada Concei\u00e7\u00e3o de Maria<\/span><\/strong><\/span><\/h6>\n<p><span style=\"color: #ffcc99;\">.<\/span><\/p>\n<p style=\"text-align: left;\"><em><span style=\"font-family: verdana, geneva, sans-serif; font-size: 12pt; color: #000000;\"><span style=\"color: #003366;\">Santa Maria, Rainha dos c\u00e9us,<\/span> <\/span><\/em><br \/>\n<em><span style=\"font-family: verdana, geneva, sans-serif; font-size: 12pt; color: #000000;\">M\u00e3e de nosso Senhor Jesus Cristo,<\/span><\/em><\/p>\n<p style=\"text-align: left;\"><em><span style=\"font-family: verdana, geneva, sans-serif; font-size: 12pt; color: #000000;\"><span style=\"color: #003366;\">Senhora do mundo,<\/span> que a nenhum<\/span><\/em><br \/>\n<em><span style=\"font-family: verdana, geneva, sans-serif; font-size: 12pt; color: #000000;\">pecador desamparais nem desprezais.<\/span><\/em><\/p>\n<p style=\"text-align: left;\"><em><span style=\"font-family: verdana, geneva, sans-serif; font-size: 12pt; color: #000000;\">Lan\u00e7ai sobre mim vosso olhar Imaculado e <\/span><\/em><br \/>\n<em><span style=\"font-family: verdana, geneva, sans-serif; font-size: 12pt; color: #000000;\">alcan\u00e7ai-me de Vosso amado Filho o <\/span><\/em><br \/>\n<em><span style=\"font-family: verdana, geneva, sans-serif; font-size: 12pt; color: #000000;\">perd\u00e3o de todos os meus pecados,<\/span><\/em><br \/>\n<em><span style=\"font-family: verdana, geneva, sans-serif; font-size: 12pt; color: #000000;\">para que eu, que agora venero com devo\u00e7\u00e3o a <\/span><\/em><br \/>\n<em><span style=\"font-family: verdana, geneva, sans-serif; font-size: 12pt; color: #000000;\"><span style=\"color: #003366;\">Vossa santa e Imaculada Concei\u00e7\u00e3o<\/span>,<\/span><\/em><br \/>\n<em><span style=\"font-family: verdana, geneva, sans-serif; font-size: 12pt; color: #000000;\">mere\u00e7a alcan\u00e7ar o pr\u00eamio da vida<\/span><\/em><br \/>\n<em><span style=\"font-family: verdana, geneva, sans-serif; font-size: 12pt; color: #000000;\">plena nos c\u00e9us.<\/span><\/em><\/p>\n<p style=\"text-align: left;\"><em><span style=\"font-family: verdana, geneva, sans-serif; font-size: 12pt; color: #000000;\">Por interm\u00e9dio do vosso Filho, Jesus Cristo, Nosso Senhor,<\/span><\/em><br \/>\n<em><span style=\"font-family: verdana, geneva, sans-serif; font-size: 12pt; color: #000000;\">que, com o Pai e o Esp\u00edrito Santo, vive e reina para sempre.<\/span><\/em><\/p>\n<p style=\"text-align: left;\"><em><strong><span style=\"font-family: verdana, geneva, sans-serif; font-size: 12pt; color: #000000;\">Am\u00e9m!<\/span><\/strong><\/em><\/p>\n<p style=\"text-align: left;\"><span style=\"font-family: verdana, geneva, sans-serif; font-size: 12pt; color: #000000;\">Fazer o pedido de Gra\u00e7a.<\/span><\/p>\n<p style=\"text-align: left;\"><span style=\"color: #003366;\"><strong><span style=\"font-family: verdana, geneva, sans-serif; font-size: 12pt;\">Rezar um Pai-Nosso, uma Ave-Maria e um Gl\u00f3ria ao Pai.<\/span><\/strong><\/span><\/p>\n<p style=\"text-align: center;\"><span style=\"font-family: verdana, geneva, sans-serif; font-size: 12pt; color: #ffffff;\">.<\/span><\/p>\n<\/blockquote>\n<hr \/>\n<p>&nbsp;<\/p>\n<p>&nbsp;<\/p>\n<p><a href=\"https:\/\/adf.org.br\/apostolosdefatima?origem=16952#Participar\" target=\"_blank\" rel=\"noopener noreferrer\"><img loading=\"lazy\" class=\"aligncenter wp-image-62761 size-full\" src=\"https:\/\/www.adf.org.br\/home\/wp-content\/uploads\/2020\/12\/capa-post-07.12-adf.jpg\" alt=\"\" width=\"512\" height=\"288\" srcset=\"https:\/\/www.adf.org.br\/home\/wp-content\/uploads\/2020\/12\/capa-post-07.12-adf.jpg 512w, https:\/\/www.adf.org.br\/home\/wp-content\/uploads\/2020\/12\/capa-post-07.12-adf-300x169.jpg 300w\" sizes=\"(max-width: 512px) 100vw, 512px\" \/><\/a><\/p>\n<p style=\"text-align: center;\"><strong><span style=\"font-family: verdana, geneva, sans-serif; color: #000000; font-size: 12pt;\">Problemas, problemas e mais problemas\u2026<\/span><\/strong><span style=\"font-family: verdana, geneva, sans-serif; color: #ffffff; font-size: 12pt;\">.<\/span><\/p>\n<p style=\"text-align: center;\"><span style=\"font-weight: 400; font-family: verdana, geneva, sans-serif; color: #000000; font-size: 12pt;\">S\u00e3o tantos que certamente \u00e9 dif\u00edcil encontrar a felicidade no meio de tantas preocupa\u00e7\u00f5es, <strong>mas&#8230;<\/strong><\/span><span style=\"font-family: verdana, geneva, sans-serif; color: #ffffff; font-size: 12pt;\">.<\/span><\/p>\n<p style=\"text-align: center;\"><span style=\"font-family: verdana, geneva, sans-serif; color: #003366; font-size: 14pt;\"><b>Nossa Senhora est\u00e1 vendo tudo pelo que est\u00e1 passando!\u00a0<\/b><\/span><span style=\"font-family: verdana, geneva, sans-serif; color: #000000; font-size: 12pt;\">\u00a0<\/span><\/p>\n<p style=\"text-align: center;\"><span style=\"font-family: verdana, geneva, sans-serif; color: #ffffff; font-size: 12pt;\">.<\/span><\/p>\n<p style=\"text-align: center;\"><span style=\"color: #800080;\"><strong><span style=\"font-family: verdana, geneva, sans-serif; font-size: 14pt;\">E ELA certamente quer cuidar de VOC\u00ca.<\/span><\/strong><\/span><\/p>\n<p style=\"text-align: center;\"><span style=\"font-family: verdana, geneva, sans-serif; color: #000000; font-size: 12pt;\"><span style=\"font-weight: 400;\">Portanto, seja um<\/span> <a href=\"https:\/\/adf.org.br\/apostolosdefatima?origem=16952#Participar\" target=\"_blank\" rel=\"noopener noreferrer\"><span style=\"color: #0000ff;\"><b>Ap\u00f3stolo de F\u00e1tima<\/b><\/span><\/a><b> <\/b><span style=\"font-weight: 400;\">e coloque a M\u00e3e de Deus na sua vida.\u00a0<\/span><\/span><\/p>\n<p>&nbsp;<\/p>\n<p style=\"text-align: center;\"><span style=\"color: #000000;\"><strong>Ligue gr\u00e1tis<\/strong>\u00a0para o n\u00famero:<\/span><\/p>\n<p><a href=\"tel:08006082128\" target=\"_blank\" rel=\"noopener noreferrer\"><img loading=\"lazy\" class=\"aligncenter wp-image-58098 size-full\" title=\"Telefone da Associa\u00e7\u00e3o Devotos de F\u00e1tima\" src=\"https:\/\/www.adf.org.br\/home\/wp-content\/uploads\/2020\/03\/Bot%C3%A3o-Telefone-ADF.png\" alt=\"Telefone da Associa\u00e7\u00e3o Devotos de F\u00e1tima no texto da Missa de P\u00e1scoa\" width=\"482\" height=\"113\" \/><\/a><\/p>\n<p style=\"text-align: center;\"><span style=\"font-family: verdana, geneva, sans-serif; color: #ffffff; font-size: 12pt;\">.<\/span><\/p>\n<p style=\"text-align: center;\"><span style=\"font-weight: 400; font-family: verdana, geneva, sans-serif; color: #000000; font-size: 12pt;\">Ent\u00e3o, abra as portas de seu cora\u00e7\u00e3o para Maria, reze e tenha F\u00e9, pois o conforto que voc\u00ea precisa certamente poder\u00e1 obter dos bra\u00e7os de Nossa Senhora. <\/span><\/p>\n<p style=\"text-align: center;\"><span style=\"font-family: verdana, geneva, sans-serif; color: #ffffff; font-size: 12pt;\">.<\/span><\/p>\n<blockquote>\n<p style=\"text-align: center;\"><a href=\"https:\/\/adf.org.br\/apostolosdefatima\/2\/form\/?origem=16952\" target=\"_blank\" rel=\"noopener noreferrer\"><span style=\"font-weight: 400; font-family: verdana, geneva, sans-serif; color: #0000ff; font-size: 12pt;\">Sim, eu quero ser um Ap\u00f3stolo de Nossa Senhora e contribuir para as obras de apostolado em honra a seu Nome.<\/span><\/a><\/p>\n<\/blockquote>\n<p style=\"text-align: center;\"><span style=\"font-family: verdana, geneva, sans-serif; font-size: 12pt; color: #ffffff;\">.<\/span><\/p>\n<p style=\"text-align: center;\"><span style=\"color: #003366;\"><span style=\"color: #000000;\"><em><span style=\"font-weight: 400; font-family: verdana, geneva, sans-serif; font-size: 12pt;\">\u201c\u00d3 Virgem Maria, que nunca fostes manchada do pecado original nem de pecado atual algum, eu vos recomendo e confio a pureza de meu cora\u00e7\u00e3o.\u201d\u00a0<\/span><\/em><\/span><\/span><span style=\"color: #ffffff;\">.<\/span><\/p>\n","protected":false},"excerpt":{"rendered":"<p>. Ora\u00e7\u00e3o \u00e0 Imaculada Concei\u00e7\u00e3o de Maria . Santa Maria, Rainha dos c\u00e9us, M\u00e3e de nosso Senhor Jesus Cristo, Senhora do mundo, que a nenhum pecador desamparais nem desprezais. Lan\u00e7ai sobre mim vosso olhar Imaculado e alcan\u00e7ai-me de Vosso amado Filho o perd\u00e3o de todos os meus pecados, para que eu, que agora venero com [&hellip;]<\/p>\n","protected":false},"author":31,"featured_media":62769,"comment_status":"open","ping_status":"open","sticky":false,"template":"","format":"standard","meta":[],"categories":[20,2323,56,14,2547],"tags":[3445,2242,3446,3434,3447,38,142,3448,470],"yoast_head":"<!-- This site is optimized with the Yoast SEO plugin v17.4 - https:\/\/yoast.com\/wordpress\/plugins\/seo\/ -->\n<title>Festa da Imaculada Concei\u00e7\u00e3o de Maria: Uma ora\u00e7\u00e3o espera por voc\u00ea aqui<\/title>\n<meta name=\"description\" content=\"Problemas\u2026.S\u00e3o tantos que \u00e9 dif\u00edcil encontrar a felicidade no meio de tantas preocupa\u00e7\u00f5es, mas....Nossa Senhora est\u00e1 vendo tudo pelo que est\u00e1 passando!\" \/>\n<meta name=\"robots\" content=\"index, follow, max-snippet:-1, max-image-preview:large, max-video-preview:-1\" \/>\n<link rel=\"canonical\" href=\"https:\/\/www.adf.org.br\/home\/festa-da-imaculada-conceicao-de-maria-uma-oracao-espera-por-voce-aqui\/\" \/>\n<meta property=\"og:locale\" content=\"pt_BR\" \/>\n<meta property=\"og:type\" content=\"article\" \/>\n<meta property=\"og:title\" content=\"Festa da Imaculada Concei\u00e7\u00e3o de Maria: Uma ora\u00e7\u00e3o espera por voc\u00ea aqui\" \/>\n<meta property=\"og:description\" content=\"Problemas\u2026.S\u00e3o tantos que \u00e9 dif\u00edcil encontrar a felicidade no meio de tantas preocupa\u00e7\u00f5es, mas....Nossa Senhora est\u00e1 vendo tudo pelo que est\u00e1 passando!\" \/>\n<meta property=\"og:url\" content=\"https:\/\/www.adf.org.br\/home\/festa-da-imaculada-conceicao-de-maria-uma-oracao-espera-por-voce-aqui\/\" \/>\n<meta property=\"og:site_name\" content=\"Associa\u00e7\u00e3o Devotos de F\u00e1tima\" \/>\n<meta property=\"article:published_time\" content=\"2020-12-08T11:00:25+00:00\" \/>\n<meta property=\"article:modified_time\" content=\"2020-12-07T17:56:29+00:00\" \/>\n<meta property=\"og:image\" content=\"https:\/\/www.adf.org.br\/home\/wp-content\/uploads\/2020\/12\/NOSSA-SENHORA-DA-CONCEICAO.jpg\" \/>\n\t<meta property=\"og:image:width\" content=\"750\" \/>\n\t<meta property=\"og:image:height\" content=\"410\" \/>\n<meta name=\"twitter:card\" content=\"summary_large_image\" \/>\n<meta name=\"twitter:label1\" content=\"Escrito por\" \/>\n\t<meta name=\"twitter:data1\" content=\"Gabriel Barbosa\" \/>\n\t<meta name=\"twitter:label2\" content=\"Est. tempo de leitura\" \/>\n\t<meta name=\"twitter:data2\" content=\"1 minuto\" \/>\n<script type=\"application\/ld+json\" class=\"yoast-schema-graph\">{\"@context\":\"https:\/\/schema.org\",\"@graph\":[{\"@type\":\"WebSite\",\"@id\":\"https:\/\/www.adf.org.br\/home\/#website\",\"url\":\"https:\/\/www.adf.org.br\/home\/\",\"name\":\"Associa\\u00e7\\u00e3o Devotos de F\\u00e1tima\",\"description\":\"Associa\\u00e7\\u00e3o Devotos de F\\u00e1tima\",\"potentialAction\":[{\"@type\":\"SearchAction\",\"target\":{\"@type\":\"EntryPoint\",\"urlTemplate\":\"https:\/\/www.adf.org.br\/home\/?s={search_term_string}\"},\"query-input\":\"required name=search_term_string\"}],\"inLanguage\":\"pt-BR\"},{\"@type\":\"ImageObject\",\"@id\":\"https:\/\/www.adf.org.br\/home\/festa-da-imaculada-conceicao-de-maria-uma-oracao-espera-por-voce-aqui\/#primaryimage\",\"inLanguage\":\"pt-BR\",\"url\":\"https:\/\/www.adf.org.br\/home\/wp-content\/uploads\/2020\/12\/NOSSA-SENHORA-DA-CONCEICAO.jpg\",\"contentUrl\":\"https:\/\/www.adf.org.br\/home\/wp-content\/uploads\/2020\/12\/NOSSA-SENHORA-DA-CONCEICAO.jpg\",\"width\":750,\"height\":410},{\"@type\":\"WebPage\",\"@id\":\"https:\/\/www.adf.org.br\/home\/festa-da-imaculada-conceicao-de-maria-uma-oracao-espera-por-voce-aqui\/#webpage\",\"url\":\"https:\/\/www.adf.org.br\/home\/festa-da-imaculada-conceicao-de-maria-uma-oracao-espera-por-voce-aqui\/\",\"name\":\"Festa da Imaculada Concei\\u00e7\\u00e3o de Maria: Uma ora\\u00e7\\u00e3o espera por voc\\u00ea aqui\",\"isPartOf\":{\"@id\":\"https:\/\/www.adf.org.br\/home\/#website\"},\"primaryImageOfPage\":{\"@id\":\"https:\/\/www.adf.org.br\/home\/festa-da-imaculada-conceicao-de-maria-uma-oracao-espera-por-voce-aqui\/#primaryimage\"},\"datePublished\":\"2020-12-08T11:00:25+00:00\",\"dateModified\":\"2020-12-07T17:56:29+00:00\",\"author\":{\"@id\":\"https:\/\/www.adf.org.br\/home\/#\/schema\/person\/f35a5c5aa7728a3dedf4ea9aa1fc2753\"},\"description\":\"Problemas\\u2026.S\\u00e3o tantos que \\u00e9 dif\\u00edcil encontrar a felicidade no meio de tantas preocupa\\u00e7\\u00f5es, mas....Nossa Senhora est\\u00e1 vendo tudo pelo que est\\u00e1 passando!\",\"breadcrumb\":{\"@id\":\"https:\/\/www.adf.org.br\/home\/festa-da-imaculada-conceicao-de-maria-uma-oracao-espera-por-voce-aqui\/#breadcrumb\"},\"inLanguage\":\"pt-BR\",\"potentialAction\":[{\"@type\":\"ReadAction\",\"target\":[\"https:\/\/www.adf.org.br\/home\/festa-da-imaculada-conceicao-de-maria-uma-oracao-espera-por-voce-aqui\/\"]}]},{\"@type\":\"BreadcrumbList\",\"@id\":\"https:\/\/www.adf.org.br\/home\/festa-da-imaculada-conceicao-de-maria-uma-oracao-espera-por-voce-aqui\/#breadcrumb\",\"itemListElement\":[{\"@type\":\"ListItem\",\"position\":1,\"name\":\"Home\",\"item\":\"https:\/\/www.adf.org.br\/home\/\"},{\"@type\":\"ListItem\",\"position\":2,\"name\":\"Festa da Imaculada Concei\\u00e7\\u00e3o de Maria: Uma ora\\u00e7\\u00e3o espera por voc\\u00ea aqui\"}]},{\"@type\":\"Person\",\"@id\":\"https:\/\/www.adf.org.br\/home\/#\/schema\/person\/f35a5c5aa7728a3dedf4ea9aa1fc2753\",\"name\":\"Gabriel Barbosa\",\"image\":{\"@type\":\"ImageObject\",\"@id\":\"https:\/\/www.adf.org.br\/home\/#personlogo\",\"inLanguage\":\"pt-BR\",\"url\":\"https:\/\/secure.gravatar.com\/avatar\/2b2cb2f4637682c5605e8d36818f51ef?s=96&d=mm&r=g\",\"contentUrl\":\"https:\/\/secure.gravatar.com\/avatar\/2b2cb2f4637682c5605e8d36818f51ef?s=96&d=mm&r=g\",\"caption\":\"Gabriel Barbosa\"},\"url\":\"https:\/\/www.adf.org.br\/home\/author\/gabrielpmk-com-br\/\"}]}<\/script>\n<!-- \/ Yoast SEO plugin. -->","yoast_head_json":{"title":"Festa da Imaculada Concei\u00e7\u00e3o de Maria: Uma ora\u00e7\u00e3o espera por voc\u00ea aqui","description":"Problemas\u2026.S\u00e3o tantos que \u00e9 dif\u00edcil encontrar a felicidade no meio de tantas preocupa\u00e7\u00f5es, mas....Nossa Senhora est\u00e1 vendo tudo pelo que est\u00e1 passando!","robots":{"index":"index","follow":"follow","max-snippet":"max-snippet:-1","max-image-preview":"max-image-preview:large","max-video-preview":"max-video-preview:-1"},"canonical":"https:\/\/www.adf.org.br\/home\/festa-da-imaculada-conceicao-de-maria-uma-oracao-espera-por-voce-aqui\/","og_locale":"pt_BR","og_type":"article","og_title":"Festa da Imaculada Concei\u00e7\u00e3o de Maria: Uma ora\u00e7\u00e3o espera por voc\u00ea aqui","og_description":"Problemas\u2026.S\u00e3o tantos que \u00e9 dif\u00edcil encontrar a felicidade no meio de tantas preocupa\u00e7\u00f5es, mas....Nossa Senhora est\u00e1 vendo tudo pelo que est\u00e1 passando!","og_url":"https:\/\/www.adf.org.br\/home\/festa-da-imaculada-conceicao-de-maria-uma-oracao-espera-por-voce-aqui\/","og_site_name":"Associa\u00e7\u00e3o Devotos de F\u00e1tima","article_published_time":"2020-12-08T11:00:25+00:00","article_modified_time":"2020-12-07T17:56:29+00:00","og_image":[{"width":750,"height":410,"url":"https:\/\/www.adf.org.br\/home\/wp-content\/uploads\/2020\/12\/NOSSA-SENHORA-DA-CONCEICAO.jpg","type":"image\/jpeg"}],"twitter_card":"summary_large_image","twitter_misc":{"Escrito por":"Gabriel Barbosa","Est. tempo de leitura":"1 minuto"},"schema":{"@context":"https:\/\/schema.org","@graph":[{"@type":"WebSite","@id":"https:\/\/www.adf.org.br\/home\/#website","url":"https:\/\/www.adf.org.br\/home\/","name":"Associa\u00e7\u00e3o Devotos de F\u00e1tima","description":"Associa\u00e7\u00e3o Devotos de F\u00e1tima","potentialAction":[{"@type":"SearchAction","target":{"@type":"EntryPoint","urlTemplate":"https:\/\/www.adf.org.br\/home\/?s={search_term_string}"},"query-input":"required name=search_term_string"}],"inLanguage":"pt-BR"},{"@type":"ImageObject","@id":"https:\/\/www.adf.org.br\/home\/festa-da-imaculada-conceicao-de-maria-uma-oracao-espera-por-voce-aqui\/#primaryimage","inLanguage":"pt-BR","url":"https:\/\/www.adf.org.br\/home\/wp-content\/uploads\/2020\/12\/NOSSA-SENHORA-DA-CONCEICAO.jpg","contentUrl":"https:\/\/www.adf.org.br\/home\/wp-content\/uploads\/2020\/12\/NOSSA-SENHORA-DA-CONCEICAO.jpg","width":750,"height":410},{"@type":"WebPage","@id":"https:\/\/www.adf.org.br\/home\/festa-da-imaculada-conceicao-de-maria-uma-oracao-espera-por-voce-aqui\/#webpage","url":"https:\/\/www.adf.org.br\/home\/festa-da-imaculada-conceicao-de-maria-uma-oracao-espera-por-voce-aqui\/","name":"Festa da Imaculada Concei\u00e7\u00e3o de Maria: Uma ora\u00e7\u00e3o espera por voc\u00ea aqui","isPartOf":{"@id":"https:\/\/www.adf.org.br\/home\/#website"},"primaryImageOfPage":{"@id":"https:\/\/www.adf.org.br\/home\/festa-da-imaculada-conceicao-de-maria-uma-oracao-espera-por-voce-aqui\/#primaryimage"},"datePublished":"2020-12-08T11:00:25+00:00","dateModified":"2020-12-07T17:56:29+00:00","author":{"@id":"https:\/\/www.adf.org.br\/home\/#\/schema\/person\/f35a5c5aa7728a3dedf4ea9aa1fc2753"},"description":"Problemas\u2026.S\u00e3o tantos que \u00e9 dif\u00edcil encontrar a felicidade no meio de tantas preocupa\u00e7\u00f5es, mas....Nossa Senhora est\u00e1 vendo tudo pelo que est\u00e1 passando!","breadcrumb":{"@id":"https:\/\/www.adf.org.br\/home\/festa-da-imaculada-conceicao-de-maria-uma-oracao-espera-por-voce-aqui\/#breadcrumb"},"inLanguage":"pt-BR","potentialAction":[{"@type":"ReadAction","target":["https:\/\/www.adf.org.br\/home\/festa-da-imaculada-conceicao-de-maria-uma-oracao-espera-por-voce-aqui\/"]}]},{"@type":"BreadcrumbList","@id":"https:\/\/www.adf.org.br\/home\/festa-da-imaculada-conceicao-de-maria-uma-oracao-espera-por-voce-aqui\/#breadcrumb","itemListElement":[{"@type":"ListItem","position":1,"name":"Home","item":"https:\/\/www.adf.org.br\/home\/"},{"@type":"ListItem","position":2,"name":"Festa da Imaculada Concei\u00e7\u00e3o de Maria: Uma ora\u00e7\u00e3o espera por voc\u00ea aqui"}]},{"@type":"Person","@id":"https:\/\/www.adf.org.br\/home\/#\/schema\/person\/f35a5c5aa7728a3dedf4ea9aa1fc2753","name":"Gabriel Barbosa","image":{"@type":"ImageObject","@id":"https:\/\/www.adf.org.br\/home\/#personlogo","inLanguage":"pt-BR","url":"https:\/\/secure.gravatar.com\/avatar\/2b2cb2f4637682c5605e8d36818f51ef?s=96&d=mm&r=g","contentUrl":"https:\/\/secure.gravatar.com\/avatar\/2b2cb2f4637682c5605e8d36818f51ef?s=96&d=mm&r=g","caption":"Gabriel Barbosa"},"url":"https:\/\/www.adf.org.br\/home\/author\/gabrielpmk-com-br\/"}]}},"_links":{"self":[{"href":"https:\/\/www.adf.org.br\/home\/wp-json\/wp\/v2\/posts\/56242"}],"collection":[{"href":"https:\/\/www.adf.org.br\/home\/wp-json\/wp\/v2\/posts"}],"about":[{"href":"https:\/\/www.adf.org.br\/home\/wp-json\/wp\/v2\/types\/post"}],"author":[{"embeddable":true,"href":"https:\/\/www.adf.org.br\/home\/wp-json\/wp\/v2\/users\/31"}],"replies":[{"embeddable":true,"href":"https:\/\/www.adf.org.br\/home\/wp-json\/wp\/v2\/comments?post=56242"}],"version-history":[{"count":8,"href":"https:\/\/www.adf.org.br\/home\/wp-json\/wp\/v2\/posts\/56242\/revisions"}],"predecessor-version":[{"id":62772,"href":"https:\/\/www.adf.org.br\/home\/wp-json\/wp\/v2\/posts\/56242\/revisions\/62772"}],"wp:featuredmedia":[{"embeddable":true,"href":"https:\/\/www.adf.org.br\/home\/wp-json\/wp\/v2\/media\/62769"}],"wp:attachment":[{"href":"https:\/\/www.adf.org.br\/home\/wp-json\/wp\/v2\/media?parent=56242"}],"wp:term":[{"taxonomy":"category","embeddable":true,"href":"https:\/\/www.adf.org.br\/home\/wp-json\/wp\/v2\/categories?post=56242"},{"taxonomy":"post_tag","embeddable":true,"href":"https:\/\/www.adf.org.br\/home\/wp-json\/wp\/v2\/tags?post=56242"}],"curies":[{"name":"wp","href":"https:\/\/api.w.org\/{rel}","templated":true}]}}