{"id":561,"date":"2009-10-24T00:05:32","date_gmt":"2009-10-24T02:05:32","guid":{"rendered":"http:\/\/www.adf.org.br\/home\/?p=561"},"modified":"2009-10-24T00:05:32","modified_gmt":"2009-10-24T02:05:32","slug":"onde-esta-a-felicidade","status":"publish","type":"post","link":"https:\/\/www.adf.org.br\/home\/onde-esta-a-felicidade\/","title":{"rendered":"Onde est\u00e1 a felicidade?"},"content":{"rendered":"<div><strong>\u00a0<img loading=\"lazy\" class=\"aligncenter size-full wp-image-664\" title=\"felicidade\" src=\"http:\/\/www.adf.org.br\/home\/wp-content\/uploads\/2009\/10\/felicidade1.JPG\" alt=\"felicidade\" width=\"226\" height=\"320\" \/><\/strong><\/div>\n<div><strong>\u00a0<\/strong><\/div>\n<div>\n<p>Ap\u00f3s termos meditado sobre a paix\u00e3o e morte de Cristo durante a Semana Santa, \u00e9 normal que gozemos de justa paz interior advinda das m\u00faltiplas celebra\u00e7\u00f5es lit\u00fargicas. Tal paz \u00e9 o reflexo da boa ordem infundida por Deus nos cora\u00e7\u00f5es depois de uma confiss\u00e3o bem feita, de ter rezado e recebido Nosso Senhor na Eucaristia, acompanhado as prociss\u00f5es e convivido com cerim\u00f4nias religiosas ricas em significados.<\/p>\n<p>N\u00e3o precisa muito discernimento para perceber nas pessoas que assistiram \u00e0s cerim\u00f4nias quanto mais sens\u00edveis e abertas elas ficam para o sobrenatural e a vida crist\u00e3. As fisionomias recobram lou\u00e7ania, fruto da alegria advinda da liturgia da Igreja, quando bem celebrada. Mas de onde v\u00eam esta felicidade e esta alegria a ponto de se desejar ao pr\u00f3ximo uma santa e feliz P\u00e1scoa?<\/p>\n<p>A palavra religi\u00e3o vem do latim religare, isto \u00e9, ela nos liga a Deus, fonte de toda alegria e de toda felicidade. Portanto, elas procedem de Deus, uma vez que A Igreja Cat\u00f3lica Apost\u00f3lica Romana, fundada e institu\u00edda por Nosso Senhor Jesus Cristo, tem os meios para nos comunicar a gra\u00e7a divina, o caminho para se chegar a Deus, a doutrina e os ensinamentos, os quais devemos acatar e acreditar. Para ser feliz, \u00e9 preciso estar na amizade de Deus.<\/p>\n<p>\u00c9 preciso ser crist\u00e3o, ser batizado, crer e professar a doutrina de Jesus Cristo, freq\u00fcentar os sacramentos, especialmente os da Confiss\u00e3o e da Comunh\u00e3o, assistir \u00e0s santas missas nos domingos e dias de festas. \u00c9 preciso tamb\u00e9m o matrim\u00f4nio religioso e n\u00e3o apenas a uni\u00e3o civil, que consiste em viver em concubinato. \u00c9 preciso praticar o bem e evitar o mal.<\/p>\n<p>O pecado \u00e9 uma desobedi\u00eancia aos Mandamentos da Lei de Deus e da Igreja. Para n\u00e3o pecar contra Deus, contra o pr\u00f3ximo e contra si mesmo \u00e9 indispens\u00e1vel a ora\u00e7\u00e3o. \u201c<em>Quem reza se salva, quem n\u00e3o reza se condena\u201d,<\/em> disse Santo Afonso Maria de Lig\u00f3rio. <strong>Nosso Senhor nos manda amar a Deus sobre todas as coisas e ao pr\u00f3ximo como a n\u00f3s mesmos. <\/strong><\/p>\n<p>E os autores de boa doutrina aconselham a ter uma entranhada devo\u00e7\u00e3o a Virgem Maria, para assim conseguir a gra\u00e7a de Deus e a salva\u00e7\u00e3o eterna. Jesus Cristo nos veio por meio de Maria e \u00e9 por meio d\u2019Ela que devemos tamb\u00e9m ir a Ele. A M\u00e3e cheia de miseric\u00f3rdia n\u00e3o permitir\u00e1, com sua poderosa intercess\u00e3o, que caiamos na desgra\u00e7a do inferno, lugar onde os condenados sofrem a aus\u00eancia de Deus e s\u00e3o queimados por um fogo inextingu\u00edvel.<\/p>\n<p>Concorrer\u00e1 Ela empenhadamente para ganharmos o C\u00e9u, onde os justos e os anjos contemplam a Deus na felicidade eterna. Ningu\u00e9m ama aquilo que n\u00e3o conhece. Assim, \u00e9 preciso que o verdadeiro crist\u00e3o procure estudar a doutrina cat\u00f3lica, \u00e9 preciso tomar conhecimento das verdades ensinadas pela Santa Igreja.<\/p>\n<p>Caso contr\u00e1rio, a sociedade mergulhar\u00e1 ainda mais na crise religiosa e moral, encharcada que est\u00e1 em pecados de toda ordem, como, por exemplo, o roubo, o adult\u00e9rio, o homic\u00eddio, a impureza e os maus costumes. Se quiser ser feliz, procure ser amigo de Deus, fonte de todo o bem.<\/p>\n<p><strong>N\u00e3o procure a felicidade nas miragens que o mundo oferece.<\/strong><\/p>\n<p><em>Pe. David Francisquini &#8211; Sacerdote da igreja do Imaculado Cora\u00e7\u00e3o de Maria \u2013 Cardoso Moreira (RJ) <\/em><\/p>\n<p>\u00a0F<strong>onte:<a href=\"http:\/\/agenciaboaimprensa.blogspot.com\/2009\/07\/onde-esta-felicidade.html\" target=\"_blank\" rel=\"noopener noreferrer\"> <\/a><\/strong><strong><a href=\"http:\/\/agenciaboaimprensa.blogspot.com\/2009\/07\/onde-esta-felicidade.html\" target=\"_blank\" rel=\"noopener noreferrer\">Ag\u00eancia Boa Imprensa<\/a><\/strong><\/div>\n","protected":false},"excerpt":{"rendered":"<p>\u00a0 \u00a0 Ap\u00f3s termos meditado sobre a paix\u00e3o e morte de Cristo durante a Semana Santa, \u00e9 normal que gozemos de justa paz interior advinda das m\u00faltiplas celebra\u00e7\u00f5es lit\u00fargicas. Tal paz \u00e9 o reflexo da boa ordem infundida por Deus nos cora\u00e7\u00f5es depois de uma confiss\u00e3o bem feita, de ter rezado e recebido Nosso Senhor [&hellip;]<\/p>\n","protected":false},"author":27,"featured_media":0,"comment_status":"open","ping_status":"open","sticky":false,"template":"","format":"standard","meta":[],"categories":[20],"tags":[],"yoast_head":"<!-- This site is optimized with the Yoast SEO plugin v17.4 - https:\/\/yoast.com\/wordpress\/plugins\/seo\/ -->\n<title>Onde est\u00e1 a felicidade? - Associa\u00e7\u00e3o Devotos de F\u00e1tima<\/title>\n<meta name=\"robots\" content=\"index, follow, max-snippet:-1, max-image-preview:large, max-video-preview:-1\" \/>\n<link rel=\"canonical\" href=\"https:\/\/www.adf.org.br\/home\/onde-esta-a-felicidade\/\" \/>\n<meta property=\"og:locale\" content=\"pt_BR\" \/>\n<meta property=\"og:type\" content=\"article\" \/>\n<meta property=\"og:title\" content=\"Onde est\u00e1 a felicidade? - Associa\u00e7\u00e3o Devotos de F\u00e1tima\" \/>\n<meta property=\"og:description\" content=\"\u00a0 \u00a0 Ap\u00f3s termos meditado sobre a paix\u00e3o e morte de Cristo durante a Semana Santa, \u00e9 normal que gozemos de justa paz interior advinda das m\u00faltiplas celebra\u00e7\u00f5es lit\u00fargicas. Tal paz \u00e9 o reflexo da boa ordem infundida por Deus nos cora\u00e7\u00f5es depois de uma confiss\u00e3o bem feita, de ter rezado e recebido Nosso Senhor [&hellip;]\" \/>\n<meta property=\"og:url\" content=\"https:\/\/www.adf.org.br\/home\/onde-esta-a-felicidade\/\" \/>\n<meta property=\"og:site_name\" content=\"Associa\u00e7\u00e3o Devotos de F\u00e1tima\" \/>\n<meta property=\"article:published_time\" content=\"2009-10-24T02:05:32+00:00\" \/>\n<meta property=\"og:image\" content=\"http:\/\/www.adf.org.br\/home\/wp-content\/uploads\/2009\/10\/felicidade1.JPG\" \/>\n<meta name=\"twitter:card\" content=\"summary_large_image\" \/>\n<meta name=\"twitter:label1\" content=\"Escrito por\" \/>\n\t<meta name=\"twitter:data1\" content=\"Gabriel Barbosa\" \/>\n\t<meta name=\"twitter:label2\" content=\"Est. tempo de leitura\" \/>\n\t<meta name=\"twitter:data2\" content=\"3 minutos\" \/>\n<script type=\"application\/ld+json\" class=\"yoast-schema-graph\">{\"@context\":\"https:\/\/schema.org\",\"@graph\":[{\"@type\":\"WebSite\",\"@id\":\"https:\/\/www.adf.org.br\/home\/#website\",\"url\":\"https:\/\/www.adf.org.br\/home\/\",\"name\":\"Associa\\u00e7\\u00e3o Devotos de F\\u00e1tima\",\"description\":\"Associa\\u00e7\\u00e3o Devotos de F\\u00e1tima\",\"potentialAction\":[{\"@type\":\"SearchAction\",\"target\":{\"@type\":\"EntryPoint\",\"urlTemplate\":\"https:\/\/www.adf.org.br\/home\/?s={search_term_string}\"},\"query-input\":\"required name=search_term_string\"}],\"inLanguage\":\"pt-BR\"},{\"@type\":\"ImageObject\",\"@id\":\"https:\/\/www.adf.org.br\/home\/onde-esta-a-felicidade\/#primaryimage\",\"inLanguage\":\"pt-BR\",\"url\":\"http:\/\/www.adf.org.br\/home\/wp-content\/uploads\/2009\/10\/felicidade1.JPG\",\"contentUrl\":\"http:\/\/www.adf.org.br\/home\/wp-content\/uploads\/2009\/10\/felicidade1.JPG\"},{\"@type\":\"WebPage\",\"@id\":\"https:\/\/www.adf.org.br\/home\/onde-esta-a-felicidade\/#webpage\",\"url\":\"https:\/\/www.adf.org.br\/home\/onde-esta-a-felicidade\/\",\"name\":\"Onde est\\u00e1 a felicidade? - Associa\\u00e7\\u00e3o Devotos de F\\u00e1tima\",\"isPartOf\":{\"@id\":\"https:\/\/www.adf.org.br\/home\/#website\"},\"primaryImageOfPage\":{\"@id\":\"https:\/\/www.adf.org.br\/home\/onde-esta-a-felicidade\/#primaryimage\"},\"datePublished\":\"2009-10-24T02:05:32+00:00\",\"dateModified\":\"2009-10-24T02:05:32+00:00\",\"author\":{\"@id\":\"https:\/\/www.adf.org.br\/home\/#\/schema\/person\/affa494ecf91434f3620f5392de44327\"},\"breadcrumb\":{\"@id\":\"https:\/\/www.adf.org.br\/home\/onde-esta-a-felicidade\/#breadcrumb\"},\"inLanguage\":\"pt-BR\",\"potentialAction\":[{\"@type\":\"ReadAction\",\"target\":[\"https:\/\/www.adf.org.br\/home\/onde-esta-a-felicidade\/\"]}]},{\"@type\":\"BreadcrumbList\",\"@id\":\"https:\/\/www.adf.org.br\/home\/onde-esta-a-felicidade\/#breadcrumb\",\"itemListElement\":[{\"@type\":\"ListItem\",\"position\":1,\"name\":\"Home\",\"item\":\"https:\/\/www.adf.org.br\/home\/\"},{\"@type\":\"ListItem\",\"position\":2,\"name\":\"Onde est\\u00e1 a felicidade?\"}]},{\"@type\":\"Person\",\"@id\":\"https:\/\/www.adf.org.br\/home\/#\/schema\/person\/affa494ecf91434f3620f5392de44327\",\"name\":\"Gabriel Barbosa\",\"image\":{\"@type\":\"ImageObject\",\"@id\":\"https:\/\/www.adf.org.br\/home\/#personlogo\",\"inLanguage\":\"pt-BR\",\"url\":\"https:\/\/secure.gravatar.com\/avatar\/ecf2eab02e30486a7038f8b2858de06a?s=96&d=mm&r=g\",\"contentUrl\":\"https:\/\/secure.gravatar.com\/avatar\/ecf2eab02e30486a7038f8b2858de06a?s=96&d=mm&r=g\",\"caption\":\"Gabriel Barbosa\"},\"url\":\"https:\/\/www.adf.org.br\/home\/author\/gabriel-aascj\/\"}]}<\/script>\n<!-- \/ Yoast SEO plugin. -->","yoast_head_json":{"title":"Onde est\u00e1 a felicidade? - Associa\u00e7\u00e3o Devotos de F\u00e1tima","robots":{"index":"index","follow":"follow","max-snippet":"max-snippet:-1","max-image-preview":"max-image-preview:large","max-video-preview":"max-video-preview:-1"},"canonical":"https:\/\/www.adf.org.br\/home\/onde-esta-a-felicidade\/","og_locale":"pt_BR","og_type":"article","og_title":"Onde est\u00e1 a felicidade? - Associa\u00e7\u00e3o Devotos de F\u00e1tima","og_description":"\u00a0 \u00a0 Ap\u00f3s termos meditado sobre a paix\u00e3o e morte de Cristo durante a Semana Santa, \u00e9 normal que gozemos de justa paz interior advinda das m\u00faltiplas celebra\u00e7\u00f5es lit\u00fargicas. Tal paz \u00e9 o reflexo da boa ordem infundida por Deus nos cora\u00e7\u00f5es depois de uma confiss\u00e3o bem feita, de ter rezado e recebido Nosso Senhor [&hellip;]","og_url":"https:\/\/www.adf.org.br\/home\/onde-esta-a-felicidade\/","og_site_name":"Associa\u00e7\u00e3o Devotos de F\u00e1tima","article_published_time":"2009-10-24T02:05:32+00:00","og_image":[{"url":"http:\/\/www.adf.org.br\/home\/wp-content\/uploads\/2009\/10\/felicidade1.JPG"}],"twitter_card":"summary_large_image","twitter_misc":{"Escrito por":"Gabriel Barbosa","Est. tempo de leitura":"3 minutos"},"schema":{"@context":"https:\/\/schema.org","@graph":[{"@type":"WebSite","@id":"https:\/\/www.adf.org.br\/home\/#website","url":"https:\/\/www.adf.org.br\/home\/","name":"Associa\u00e7\u00e3o Devotos de F\u00e1tima","description":"Associa\u00e7\u00e3o Devotos de F\u00e1tima","potentialAction":[{"@type":"SearchAction","target":{"@type":"EntryPoint","urlTemplate":"https:\/\/www.adf.org.br\/home\/?s={search_term_string}"},"query-input":"required name=search_term_string"}],"inLanguage":"pt-BR"},{"@type":"ImageObject","@id":"https:\/\/www.adf.org.br\/home\/onde-esta-a-felicidade\/#primaryimage","inLanguage":"pt-BR","url":"http:\/\/www.adf.org.br\/home\/wp-content\/uploads\/2009\/10\/felicidade1.JPG","contentUrl":"http:\/\/www.adf.org.br\/home\/wp-content\/uploads\/2009\/10\/felicidade1.JPG"},{"@type":"WebPage","@id":"https:\/\/www.adf.org.br\/home\/onde-esta-a-felicidade\/#webpage","url":"https:\/\/www.adf.org.br\/home\/onde-esta-a-felicidade\/","name":"Onde est\u00e1 a felicidade? - Associa\u00e7\u00e3o Devotos de F\u00e1tima","isPartOf":{"@id":"https:\/\/www.adf.org.br\/home\/#website"},"primaryImageOfPage":{"@id":"https:\/\/www.adf.org.br\/home\/onde-esta-a-felicidade\/#primaryimage"},"datePublished":"2009-10-24T02:05:32+00:00","dateModified":"2009-10-24T02:05:32+00:00","author":{"@id":"https:\/\/www.adf.org.br\/home\/#\/schema\/person\/affa494ecf91434f3620f5392de44327"},"breadcrumb":{"@id":"https:\/\/www.adf.org.br\/home\/onde-esta-a-felicidade\/#breadcrumb"},"inLanguage":"pt-BR","potentialAction":[{"@type":"ReadAction","target":["https:\/\/www.adf.org.br\/home\/onde-esta-a-felicidade\/"]}]},{"@type":"BreadcrumbList","@id":"https:\/\/www.adf.org.br\/home\/onde-esta-a-felicidade\/#breadcrumb","itemListElement":[{"@type":"ListItem","position":1,"name":"Home","item":"https:\/\/www.adf.org.br\/home\/"},{"@type":"ListItem","position":2,"name":"Onde est\u00e1 a felicidade?"}]},{"@type":"Person","@id":"https:\/\/www.adf.org.br\/home\/#\/schema\/person\/affa494ecf91434f3620f5392de44327","name":"Gabriel Barbosa","image":{"@type":"ImageObject","@id":"https:\/\/www.adf.org.br\/home\/#personlogo","inLanguage":"pt-BR","url":"https:\/\/secure.gravatar.com\/avatar\/ecf2eab02e30486a7038f8b2858de06a?s=96&d=mm&r=g","contentUrl":"https:\/\/secure.gravatar.com\/avatar\/ecf2eab02e30486a7038f8b2858de06a?s=96&d=mm&r=g","caption":"Gabriel Barbosa"},"url":"https:\/\/www.adf.org.br\/home\/author\/gabriel-aascj\/"}]}},"_links":{"self":[{"href":"https:\/\/www.adf.org.br\/home\/wp-json\/wp\/v2\/posts\/561"}],"collection":[{"href":"https:\/\/www.adf.org.br\/home\/wp-json\/wp\/v2\/posts"}],"about":[{"href":"https:\/\/www.adf.org.br\/home\/wp-json\/wp\/v2\/types\/post"}],"author":[{"embeddable":true,"href":"https:\/\/www.adf.org.br\/home\/wp-json\/wp\/v2\/users\/27"}],"replies":[{"embeddable":true,"href":"https:\/\/www.adf.org.br\/home\/wp-json\/wp\/v2\/comments?post=561"}],"version-history":[{"count":0,"href":"https:\/\/www.adf.org.br\/home\/wp-json\/wp\/v2\/posts\/561\/revisions"}],"wp:attachment":[{"href":"https:\/\/www.adf.org.br\/home\/wp-json\/wp\/v2\/media?parent=561"}],"wp:term":[{"taxonomy":"category","embeddable":true,"href":"https:\/\/www.adf.org.br\/home\/wp-json\/wp\/v2\/categories?post=561"},{"taxonomy":"post_tag","embeddable":true,"href":"https:\/\/www.adf.org.br\/home\/wp-json\/wp\/v2\/tags?post=561"}],"curies":[{"name":"wp","href":"https:\/\/api.w.org\/{rel}","templated":true}]}}