{"id":5595,"date":"2010-08-02T00:00:45","date_gmt":"2010-08-02T03:00:45","guid":{"rendered":"http:\/\/www.adf.org.br\/home\/?p=5595"},"modified":"2020-06-09T11:46:18","modified_gmt":"2020-06-09T14:46:18","slug":"oratorio-da-medalha-milagrosa-intencoes-da-semana-02-a-08-de-agosto","status":"publish","type":"post","link":"https:\/\/www.adf.org.br\/home\/oratorio-da-medalha-milagrosa-intencoes-da-semana-02-a-08-de-agosto\/","title":{"rendered":"Orat\u00f3rio da Medalha Milagrosa &#8211; Inten\u00e7\u00f5es da semana: 02 a 08 de agosto"},"content":{"rendered":"<p><strong><span style=\"font-size: xx-large;\"><span style=\"font-weight: normal;\"><img loading=\"lazy\" class=\"alignleft\" title=\"miracolo-193x300\" src=\"http:\/\/www.adf.org.br\/home\/wp-content\/uploads\/2010\/07\/miracolo-193x3003.jpg\" alt=\"miracolo-193x300\" width=\"193\" height=\"300\" \/><\/span><\/span><\/strong><\/p>\n<p><strong><span style=\"font-size: xx-large;\"><span style=\"font-weight: normal;\">S<\/span><\/span><\/strong><strong><span style=\"font-size: xx-large;\"><span style=\"font-weight: normal;\"> <\/span><\/span><\/strong>\u00e3o as seguintes as inten\u00e7\u00f5es das  ora\u00e7\u00f5es feitas pela <a onclick=\"javascript:pageTracker._trackPageview('\/outgoing\/oratoriodamedalhamilagrosa.org.br\/home\/acenda-sua-vela-30\/?origem=1');\" href=\"http:\/\/oratoriodamedalhamilagrosa.org.br\/home\/acenda-sua-vela-30\/?origem=1\" target=\"_blank\" rel=\"noopener noreferrer\">Comunidade do Orat\u00f3rio da Medalha Milagrosa<\/a> e pelos  Orantes nesta semana:<\/p>\n<p><span style=\"color: #0000ff;\"><span style=\"font-size: x-large;\"><span style=\"color: #000000;\">1)<\/span><\/span><\/span> <span style=\"font-size: large;\">Por cada devoto de F\u00e1tima, <\/span>para que tenham sempre uma vida de ora\u00e7\u00e3o e sejam conscientes que, t\u00eam apenas esta vida para fazerem a vontade suprema e perfeita de Nosso Senhor Jesus Cristo.<\/p>\n<p><span style=\"color: #0000ff;\"><span style=\"font-size: large;\"><span style=\"font-size: x-large;\"><span style=\"color: #000000;\">2)<\/span><\/span><\/span><span style=\"color: #000000;\"> <\/span><\/span><span style=\"font-size: large;\">Por    todos os   pedidos<\/span> feitos pelas pessoas cujas velas est\u00e3o acesas no    Orat\u00f3rio da     Medalha   Milagrosa e que estejam de acordo com a  vontade   de Nossa     Senhora (<a onclick=\"javascript:pageTracker._trackPageview('\/outgoing\/oratoriodamedalhamilagrosa.org.br\/home\/acenda-sua-vela-30\/?origem=1');\" href=\"http:\/\/oratoriodamedalhamilagrosa.org.br\/home\/acenda-sua-vela-30\/?origem=1\" target=\"_blank\" rel=\"noopener noreferrer\">acenda aqui sua vela<\/a>);<\/p>\n<p><span style=\"color: #0000ff;\"><span style=\"font-size: x-large;\"><span style=\"color: #000000;\">3) <\/span><\/span><\/span><span style=\"font-size: large;\">Pela  Campanha <\/span><a href=\"http:\/\/www.adf.org.br\/vela-das-gracas\/?origem=1\" target=\"_blank\" rel=\"noopener noreferrer\"><span style=\"font-size: large;\">Velas das Gra\u00e7as<\/span><\/a>.  Para que os devotos de Nossa Senhora  acendam as Velas e sejam  atendidos nas gra\u00e7as que pedirem, especialmente as gra\u00e7as espirituais;<\/p>\n<p><span style=\"color: #0000ff;\"> <\/span><\/p>\n<p><span style=\"color: #0000ff;\"><span style=\"font-size: large;\"><span style=\"font-size: x-large;\"><span style=\"color: #000000;\">4) <\/span><\/span><\/span><\/span><span style=\"color: #0000ff;\"><strong><span style=\"color: #ff0000;\"><span style=\"font-weight: normal;\"><span style=\"font-size: large;\">Pelos pais. <\/span><\/span><\/span><\/strong><\/span>No pr\u00f3ximo domingo comemoramos o dia dos pais. Que Nossa Senhora d\u00ea sabedoria para cada um educar seus filhos, para que sejam cidad\u00e3os de bem e de f\u00e9. Que a Virgem os ajude a sempre prover o alimento em seus lares.<\/p>\n<p><span style=\"color: #0000ff;\"><span style=\"font-size: large;\"><span style=\"font-size: x-large;\"><span style=\"color: #000000;\">5)<\/span><\/span><\/span><\/span> <span style=\"font-size: large;\">Pelas pr\u00f3ximas Elei\u00e7\u00f5es<\/span> que ir\u00e3o escolher este ano os nossos representantes   pol\u00edticos no  Brasil. Que tenhamos consci\u00eancia em quem votar, que fa\u00e7amos   a escolha  certa, lembrando que o voto envolve quest\u00f5es morais, pois estamos dando a  um candidato procura\u00e7\u00e3o para que ele atue em nosso nome;<\/p>\n<p><span style=\"color: #0000ff;\"><span style=\"color: #ff0000;\"><span style=\"color: #000000;\"><span style=\"font-size: large;\"><span style=\"font-size: x-large;\">6)<\/span><\/span><\/span> <\/span><strong><span style=\"color: #ff0000;\"><span style=\"font-weight: normal;\"><span style=\"font-size: large;\">Pelo Brasil<\/span><\/span>.<\/span><\/strong><span style=\"color: #000000;\"> Que Nossa Senhora proteja nosso pa\u00eds contra as &#8220;modernidades&#8221; que querem implantar no pa\u00eds. Que nada agradam o cora\u00e7\u00e3o da Sant\u00edssima Virgem e de Seu Filho, mas tem o intuito apenas pol\u00edtico, visando uma minoria que vive no pecado. (<a href=\"http:\/\/www.adf.org.br\/home\/2010\/07\/%E2%80%9Ccasamento%E2%80%9D-homossexual-uma-lei-que-favorece-minorias\/\" target=\"_blank\" rel=\"noopener noreferrer\">Leia reportagem<\/a> sobre a legaliza\u00e7\u00e3o do &#8220;casamento&#8221; homossexual a Argentina, o governo brasileiro j\u00e1 pensa em fazer o mesmo)<br \/>\n <\/span><\/span><\/p>\n<p><span style=\"color: #0000ff;\"><span style=\"font-size: large;\"><span style=\"font-size: x-large;\"><span style=\"color: #000000;\"><br \/>\n <\/span><\/span><\/span><\/span><\/p>\n<p><span style=\"color: #0000ff;\"> <\/span><\/p>\n<p style=\"text-align: center;\"><span style=\"color: #0000ff;\"><strong>Nossa     Senhora das Gra\u00e7as, rogai por n\u00f3s<\/strong><\/span>!<\/p>\n<p style=\"text-align: right;\"><a onclick=\"javascript:pageTracker._trackPageview('\/outgoing\/feedburner.google.com\/fb\/a\/mailverify?uri=devotosdefatima');\" href=\"http:\/\/feedburner.google.com\/fb\/a\/mailverify?uri=devotosdefatima\" target=\"_blank\" rel=\"noopener noreferrer\">Cadastre aqui<\/a> seu e-mail para receber estas     inten\u00e7\u00f5es\u00a0atualizadas todas as   semanas e participar das ora\u00e7\u00f5es\u00a0(\u00e9     preciso validar o pedido de   cadastro clicando no link que enviaremos     para seu e-mail).<\/p>\n<p style=\"text-align: right;\">Aqueles que  quiserem incluir seus nomes e      inten\u00e7\u00f5es especiais nas Missas que  ser\u00e3o celebradas nesse   per\u00edodo,\u00a0poder\u00e3o faz\u00ea-lo ligando para <span style=\"font-size: medium;\"><span style=\"color: #0000ff;\"><span style=\"font-size: xx-large;\">0800 773 1119<\/span><strong> <\/strong><\/span><\/span>(Se  estiver em S\u00e3o Paulo, ligue para <span style=\"color: #0000ff;\"><strong>4368-2253<\/strong><\/span>)<\/p>\n","protected":false},"excerpt":{"rendered":"<p>S \u00e3o as seguintes as inten\u00e7\u00f5es das ora\u00e7\u00f5es feitas pela Comunidade do Orat\u00f3rio da Medalha Milagrosa e pelos Orantes nesta semana: 1) Por cada devoto de F\u00e1tima, para que tenham sempre uma vida de ora\u00e7\u00e3o e sejam conscientes que, t\u00eam apenas esta vida para fazerem a vontade suprema e perfeita de Nosso Senhor Jesus Cristo. [&hellip;]<\/p>\n","protected":false},"author":27,"featured_media":0,"comment_status":"closed","ping_status":"open","sticky":false,"template":"","format":"standard","meta":[],"categories":[60],"tags":[61],"yoast_head":"<!-- This site is optimized with the Yoast SEO plugin v17.4 - https:\/\/yoast.com\/wordpress\/plugins\/seo\/ -->\n<title>Orat\u00f3rio da Medalha Milagrosa - Inten\u00e7\u00f5es da semana: 02 a 08 de agosto - Associa\u00e7\u00e3o Devotos de F\u00e1tima<\/title>\n<meta name=\"robots\" content=\"index, follow, max-snippet:-1, max-image-preview:large, max-video-preview:-1\" \/>\n<link rel=\"canonical\" href=\"https:\/\/www.adf.org.br\/home\/oratorio-da-medalha-milagrosa-intencoes-da-semana-02-a-08-de-agosto\/\" \/>\n<meta property=\"og:locale\" content=\"pt_BR\" \/>\n<meta property=\"og:type\" content=\"article\" \/>\n<meta property=\"og:title\" content=\"Orat\u00f3rio da Medalha Milagrosa - Inten\u00e7\u00f5es da semana: 02 a 08 de agosto - Associa\u00e7\u00e3o Devotos de F\u00e1tima\" \/>\n<meta property=\"og:description\" content=\"S \u00e3o as seguintes as inten\u00e7\u00f5es das ora\u00e7\u00f5es feitas pela Comunidade do Orat\u00f3rio da Medalha Milagrosa e pelos Orantes nesta semana: 1) Por cada devoto de F\u00e1tima, para que tenham sempre uma vida de ora\u00e7\u00e3o e sejam conscientes que, t\u00eam apenas esta vida para fazerem a vontade suprema e perfeita de Nosso Senhor Jesus Cristo. [&hellip;]\" \/>\n<meta property=\"og:url\" content=\"https:\/\/www.adf.org.br\/home\/oratorio-da-medalha-milagrosa-intencoes-da-semana-02-a-08-de-agosto\/\" \/>\n<meta property=\"og:site_name\" content=\"Associa\u00e7\u00e3o Devotos de F\u00e1tima\" \/>\n<meta property=\"article:published_time\" content=\"2010-08-02T03:00:45+00:00\" \/>\n<meta property=\"article:modified_time\" content=\"2020-06-09T14:46:18+00:00\" \/>\n<meta property=\"og:image\" content=\"http:\/\/www.adf.org.br\/home\/wp-content\/uploads\/2010\/07\/miracolo-193x3003.jpg\" \/>\n<meta name=\"twitter:card\" content=\"summary_large_image\" \/>\n<meta name=\"twitter:label1\" content=\"Escrito por\" \/>\n\t<meta name=\"twitter:data1\" content=\"Gabriel Barbosa\" \/>\n\t<meta name=\"twitter:label2\" content=\"Est. tempo de leitura\" \/>\n\t<meta name=\"twitter:data2\" content=\"2 minutos\" \/>\n<script type=\"application\/ld+json\" class=\"yoast-schema-graph\">{\"@context\":\"https:\/\/schema.org\",\"@graph\":[{\"@type\":\"WebSite\",\"@id\":\"https:\/\/www.adf.org.br\/home\/#website\",\"url\":\"https:\/\/www.adf.org.br\/home\/\",\"name\":\"Associa\\u00e7\\u00e3o Devotos de F\\u00e1tima\",\"description\":\"Associa\\u00e7\\u00e3o Devotos de F\\u00e1tima\",\"potentialAction\":[{\"@type\":\"SearchAction\",\"target\":{\"@type\":\"EntryPoint\",\"urlTemplate\":\"https:\/\/www.adf.org.br\/home\/?s={search_term_string}\"},\"query-input\":\"required name=search_term_string\"}],\"inLanguage\":\"pt-BR\"},{\"@type\":\"ImageObject\",\"@id\":\"https:\/\/www.adf.org.br\/home\/oratorio-da-medalha-milagrosa-intencoes-da-semana-02-a-08-de-agosto\/#primaryimage\",\"inLanguage\":\"pt-BR\",\"url\":\"http:\/\/www.adf.org.br\/home\/wp-content\/uploads\/2010\/07\/miracolo-193x3003.jpg\",\"contentUrl\":\"http:\/\/www.adf.org.br\/home\/wp-content\/uploads\/2010\/07\/miracolo-193x3003.jpg\"},{\"@type\":\"WebPage\",\"@id\":\"https:\/\/www.adf.org.br\/home\/oratorio-da-medalha-milagrosa-intencoes-da-semana-02-a-08-de-agosto\/#webpage\",\"url\":\"https:\/\/www.adf.org.br\/home\/oratorio-da-medalha-milagrosa-intencoes-da-semana-02-a-08-de-agosto\/\",\"name\":\"Orat\\u00f3rio da Medalha Milagrosa - Inten\\u00e7\\u00f5es da semana: 02 a 08 de agosto - Associa\\u00e7\\u00e3o Devotos de F\\u00e1tima\",\"isPartOf\":{\"@id\":\"https:\/\/www.adf.org.br\/home\/#website\"},\"primaryImageOfPage\":{\"@id\":\"https:\/\/www.adf.org.br\/home\/oratorio-da-medalha-milagrosa-intencoes-da-semana-02-a-08-de-agosto\/#primaryimage\"},\"datePublished\":\"2010-08-02T03:00:45+00:00\",\"dateModified\":\"2020-06-09T14:46:18+00:00\",\"author\":{\"@id\":\"https:\/\/www.adf.org.br\/home\/#\/schema\/person\/affa494ecf91434f3620f5392de44327\"},\"breadcrumb\":{\"@id\":\"https:\/\/www.adf.org.br\/home\/oratorio-da-medalha-milagrosa-intencoes-da-semana-02-a-08-de-agosto\/#breadcrumb\"},\"inLanguage\":\"pt-BR\",\"potentialAction\":[{\"@type\":\"ReadAction\",\"target\":[\"https:\/\/www.adf.org.br\/home\/oratorio-da-medalha-milagrosa-intencoes-da-semana-02-a-08-de-agosto\/\"]}]},{\"@type\":\"BreadcrumbList\",\"@id\":\"https:\/\/www.adf.org.br\/home\/oratorio-da-medalha-milagrosa-intencoes-da-semana-02-a-08-de-agosto\/#breadcrumb\",\"itemListElement\":[{\"@type\":\"ListItem\",\"position\":1,\"name\":\"Home\",\"item\":\"https:\/\/www.adf.org.br\/home\/\"},{\"@type\":\"ListItem\",\"position\":2,\"name\":\"Orat\\u00f3rio da Medalha Milagrosa &#8211; Inten\\u00e7\\u00f5es da semana: 02 a 08 de agosto\"}]},{\"@type\":\"Person\",\"@id\":\"https:\/\/www.adf.org.br\/home\/#\/schema\/person\/affa494ecf91434f3620f5392de44327\",\"name\":\"Gabriel Barbosa\",\"image\":{\"@type\":\"ImageObject\",\"@id\":\"https:\/\/www.adf.org.br\/home\/#personlogo\",\"inLanguage\":\"pt-BR\",\"url\":\"https:\/\/secure.gravatar.com\/avatar\/ecf2eab02e30486a7038f8b2858de06a?s=96&d=mm&r=g\",\"contentUrl\":\"https:\/\/secure.gravatar.com\/avatar\/ecf2eab02e30486a7038f8b2858de06a?s=96&d=mm&r=g\",\"caption\":\"Gabriel Barbosa\"},\"url\":\"https:\/\/www.adf.org.br\/home\/author\/gabriel-aascj\/\"}]}<\/script>\n<!-- \/ Yoast SEO plugin. -->","yoast_head_json":{"title":"Orat\u00f3rio da Medalha Milagrosa - Inten\u00e7\u00f5es da semana: 02 a 08 de agosto - Associa\u00e7\u00e3o Devotos de F\u00e1tima","robots":{"index":"index","follow":"follow","max-snippet":"max-snippet:-1","max-image-preview":"max-image-preview:large","max-video-preview":"max-video-preview:-1"},"canonical":"https:\/\/www.adf.org.br\/home\/oratorio-da-medalha-milagrosa-intencoes-da-semana-02-a-08-de-agosto\/","og_locale":"pt_BR","og_type":"article","og_title":"Orat\u00f3rio da Medalha Milagrosa - Inten\u00e7\u00f5es da semana: 02 a 08 de agosto - Associa\u00e7\u00e3o Devotos de F\u00e1tima","og_description":"S \u00e3o as seguintes as inten\u00e7\u00f5es das ora\u00e7\u00f5es feitas pela Comunidade do Orat\u00f3rio da Medalha Milagrosa e pelos Orantes nesta semana: 1) Por cada devoto de F\u00e1tima, para que tenham sempre uma vida de ora\u00e7\u00e3o e sejam conscientes que, t\u00eam apenas esta vida para fazerem a vontade suprema e perfeita de Nosso Senhor Jesus Cristo. [&hellip;]","og_url":"https:\/\/www.adf.org.br\/home\/oratorio-da-medalha-milagrosa-intencoes-da-semana-02-a-08-de-agosto\/","og_site_name":"Associa\u00e7\u00e3o Devotos de F\u00e1tima","article_published_time":"2010-08-02T03:00:45+00:00","article_modified_time":"2020-06-09T14:46:18+00:00","og_image":[{"url":"http:\/\/www.adf.org.br\/home\/wp-content\/uploads\/2010\/07\/miracolo-193x3003.jpg"}],"twitter_card":"summary_large_image","twitter_misc":{"Escrito por":"Gabriel Barbosa","Est. tempo de leitura":"2 minutos"},"schema":{"@context":"https:\/\/schema.org","@graph":[{"@type":"WebSite","@id":"https:\/\/www.adf.org.br\/home\/#website","url":"https:\/\/www.adf.org.br\/home\/","name":"Associa\u00e7\u00e3o Devotos de F\u00e1tima","description":"Associa\u00e7\u00e3o Devotos de F\u00e1tima","potentialAction":[{"@type":"SearchAction","target":{"@type":"EntryPoint","urlTemplate":"https:\/\/www.adf.org.br\/home\/?s={search_term_string}"},"query-input":"required name=search_term_string"}],"inLanguage":"pt-BR"},{"@type":"ImageObject","@id":"https:\/\/www.adf.org.br\/home\/oratorio-da-medalha-milagrosa-intencoes-da-semana-02-a-08-de-agosto\/#primaryimage","inLanguage":"pt-BR","url":"http:\/\/www.adf.org.br\/home\/wp-content\/uploads\/2010\/07\/miracolo-193x3003.jpg","contentUrl":"http:\/\/www.adf.org.br\/home\/wp-content\/uploads\/2010\/07\/miracolo-193x3003.jpg"},{"@type":"WebPage","@id":"https:\/\/www.adf.org.br\/home\/oratorio-da-medalha-milagrosa-intencoes-da-semana-02-a-08-de-agosto\/#webpage","url":"https:\/\/www.adf.org.br\/home\/oratorio-da-medalha-milagrosa-intencoes-da-semana-02-a-08-de-agosto\/","name":"Orat\u00f3rio da Medalha Milagrosa - Inten\u00e7\u00f5es da semana: 02 a 08 de agosto - Associa\u00e7\u00e3o Devotos de F\u00e1tima","isPartOf":{"@id":"https:\/\/www.adf.org.br\/home\/#website"},"primaryImageOfPage":{"@id":"https:\/\/www.adf.org.br\/home\/oratorio-da-medalha-milagrosa-intencoes-da-semana-02-a-08-de-agosto\/#primaryimage"},"datePublished":"2010-08-02T03:00:45+00:00","dateModified":"2020-06-09T14:46:18+00:00","author":{"@id":"https:\/\/www.adf.org.br\/home\/#\/schema\/person\/affa494ecf91434f3620f5392de44327"},"breadcrumb":{"@id":"https:\/\/www.adf.org.br\/home\/oratorio-da-medalha-milagrosa-intencoes-da-semana-02-a-08-de-agosto\/#breadcrumb"},"inLanguage":"pt-BR","potentialAction":[{"@type":"ReadAction","target":["https:\/\/www.adf.org.br\/home\/oratorio-da-medalha-milagrosa-intencoes-da-semana-02-a-08-de-agosto\/"]}]},{"@type":"BreadcrumbList","@id":"https:\/\/www.adf.org.br\/home\/oratorio-da-medalha-milagrosa-intencoes-da-semana-02-a-08-de-agosto\/#breadcrumb","itemListElement":[{"@type":"ListItem","position":1,"name":"Home","item":"https:\/\/www.adf.org.br\/home\/"},{"@type":"ListItem","position":2,"name":"Orat\u00f3rio da Medalha Milagrosa &#8211; Inten\u00e7\u00f5es da semana: 02 a 08 de agosto"}]},{"@type":"Person","@id":"https:\/\/www.adf.org.br\/home\/#\/schema\/person\/affa494ecf91434f3620f5392de44327","name":"Gabriel Barbosa","image":{"@type":"ImageObject","@id":"https:\/\/www.adf.org.br\/home\/#personlogo","inLanguage":"pt-BR","url":"https:\/\/secure.gravatar.com\/avatar\/ecf2eab02e30486a7038f8b2858de06a?s=96&d=mm&r=g","contentUrl":"https:\/\/secure.gravatar.com\/avatar\/ecf2eab02e30486a7038f8b2858de06a?s=96&d=mm&r=g","caption":"Gabriel Barbosa"},"url":"https:\/\/www.adf.org.br\/home\/author\/gabriel-aascj\/"}]}},"_links":{"self":[{"href":"https:\/\/www.adf.org.br\/home\/wp-json\/wp\/v2\/posts\/5595"}],"collection":[{"href":"https:\/\/www.adf.org.br\/home\/wp-json\/wp\/v2\/posts"}],"about":[{"href":"https:\/\/www.adf.org.br\/home\/wp-json\/wp\/v2\/types\/post"}],"author":[{"embeddable":true,"href":"https:\/\/www.adf.org.br\/home\/wp-json\/wp\/v2\/users\/27"}],"replies":[{"embeddable":true,"href":"https:\/\/www.adf.org.br\/home\/wp-json\/wp\/v2\/comments?post=5595"}],"version-history":[{"count":1,"href":"https:\/\/www.adf.org.br\/home\/wp-json\/wp\/v2\/posts\/5595\/revisions"}],"predecessor-version":[{"id":59513,"href":"https:\/\/www.adf.org.br\/home\/wp-json\/wp\/v2\/posts\/5595\/revisions\/59513"}],"wp:attachment":[{"href":"https:\/\/www.adf.org.br\/home\/wp-json\/wp\/v2\/media?parent=5595"}],"wp:term":[{"taxonomy":"category","embeddable":true,"href":"https:\/\/www.adf.org.br\/home\/wp-json\/wp\/v2\/categories?post=5595"},{"taxonomy":"post_tag","embeddable":true,"href":"https:\/\/www.adf.org.br\/home\/wp-json\/wp\/v2\/tags?post=5595"}],"curies":[{"name":"wp","href":"https:\/\/api.w.org\/{rel}","templated":true}]}}