{"id":5583,"date":"2011-04-05T00:00:05","date_gmt":"2011-04-05T03:00:05","guid":{"rendered":"http:\/\/www.adf.org.br\/home\/?p=5583"},"modified":"2011-04-05T00:00:05","modified_gmt":"2011-04-05T03:00:05","slug":"maria-nossa-vida-nossa-docura","status":"publish","type":"post","link":"https:\/\/www.adf.org.br\/home\/maria-nossa-vida-nossa-docura\/","title":{"rendered":"Maria, nossa vida, nossa do\u00e7ura"},"content":{"rendered":"<dl id=\"attachment_5584\" class=\"wp-caption alignright\" style=\"width: 209px;\">\n<dt class=\"wp-caption-dt\"><img loading=\"lazy\" class=\"size-medium wp-image-5584\" title=\"68_Sacred Image_082709\" src=\"http:\/\/www.adf.org.br\/home\/wp-content\/uploads\/2010\/07\/68_Sacred-Image_082709-199x300.jpg\" alt=\"Sant\u00edssima Virgem, olhai por n\u00f3s! Recorra a Maria, acenda sua vela no Orat\u00f3rio em louvor a Nossa Senhora\" width=\"199\" height=\"300\" \/><\/dt>\n<dd class=\"wp-caption-dd\" style=\"text-align: center;\"><span style=\"color: #0000ff;\"><strong>Sant\u00edssima Virgem, olhai por n\u00f3s!<\/strong> Recorra a Maria, <a href=\"http:\/\/oratoriodamedalhamilagrosa.org.br\/home\/\" target=\"_blank\" rel=\"noopener noreferrer\">acenda sua vela no Orat\u00f3rio<\/a> em louvor a Nossa Senhora<\/span><\/dd>\n<\/dl>\n<p>Quando a Sant\u00edssima Virgem entra numa alma, faz desabrochar nela uma luminosa primavera; dissipa as nuvens sombrias da tristeza, da d\u00favida e do des\u00e2nimo. Os cora\u00e7\u00f5es que se d\u00e3o sinceramente a Ela s\u00e3o inundados de claridade, de paz e de felicidade.<\/p>\n<p>Quereis transformar vossa vida? Quereis praticar facilmente as virtudes que vos parecem inacess\u00edveis e que Deus entretanto vos pede? Quereis conhecer as alegrias inef\u00e1veis que somente o amor de Jesus pode proporcionar e que faziam as del\u00edcias dos Santos?<\/p>\n<p><strong>Quereis experimentar em v\u00f3s essas maravilhas?<\/strong><\/p>\n<p><span style=\"color: #0000ff;\">Se o queres seriamente, n\u00e3o hesiteis um s\u00f3 segundo: dirigi-vos a Maria. N\u00e3o h\u00e1 caminho mais direto para ir a Nosso Senhor.<\/span><\/p>\n<p><em>Extra\u00eddo do livro: \u201cA Virgem Maria\u201d. Padre Thomas de Saint-Laurent<\/em><\/p>\n","protected":false},"excerpt":{"rendered":"<p>Sant\u00edssima Virgem, olhai por n\u00f3s! Recorra a Maria, acenda sua vela no Orat\u00f3rio em louvor a Nossa Senhora Quando a Sant\u00edssima Virgem entra numa alma, faz desabrochar nela uma luminosa primavera; dissipa as nuvens sombrias da tristeza, da d\u00favida e do des\u00e2nimo. Os cora\u00e7\u00f5es que se d\u00e3o sinceramente a Ela s\u00e3o inundados de claridade, de [&hellip;]<\/p>\n","protected":false},"author":31,"featured_media":0,"comment_status":"open","ping_status":"open","sticky":false,"template":"","format":"standard","meta":[],"categories":[20],"tags":[159,38],"yoast_head":"<!-- This site is optimized with the Yoast SEO plugin v17.4 - https:\/\/yoast.com\/wordpress\/plugins\/seo\/ -->\n<title>Maria, nossa vida, nossa do\u00e7ura - Associa\u00e7\u00e3o Devotos de F\u00e1tima<\/title>\n<meta name=\"robots\" content=\"index, follow, max-snippet:-1, max-image-preview:large, max-video-preview:-1\" \/>\n<link rel=\"canonical\" href=\"https:\/\/www.adf.org.br\/home\/maria-nossa-vida-nossa-docura\/\" \/>\n<meta property=\"og:locale\" content=\"pt_BR\" \/>\n<meta property=\"og:type\" content=\"article\" \/>\n<meta property=\"og:title\" content=\"Maria, nossa vida, nossa do\u00e7ura - Associa\u00e7\u00e3o Devotos de F\u00e1tima\" \/>\n<meta property=\"og:description\" content=\"Sant\u00edssima Virgem, olhai por n\u00f3s! Recorra a Maria, acenda sua vela no Orat\u00f3rio em louvor a Nossa Senhora Quando a Sant\u00edssima Virgem entra numa alma, faz desabrochar nela uma luminosa primavera; dissipa as nuvens sombrias da tristeza, da d\u00favida e do des\u00e2nimo. Os cora\u00e7\u00f5es que se d\u00e3o sinceramente a Ela s\u00e3o inundados de claridade, de [&hellip;]\" \/>\n<meta property=\"og:url\" content=\"https:\/\/www.adf.org.br\/home\/maria-nossa-vida-nossa-docura\/\" \/>\n<meta property=\"og:site_name\" content=\"Associa\u00e7\u00e3o Devotos de F\u00e1tima\" \/>\n<meta property=\"article:published_time\" content=\"2011-04-05T03:00:05+00:00\" \/>\n<meta property=\"og:image\" content=\"http:\/\/www.adf.org.br\/home\/wp-content\/uploads\/2010\/07\/68_Sacred-Image_082709-199x300.jpg\" \/>\n<meta name=\"twitter:card\" content=\"summary_large_image\" \/>\n<meta name=\"twitter:label1\" content=\"Escrito por\" \/>\n\t<meta name=\"twitter:data1\" content=\"Gabriel Barbosa\" \/>\n\t<meta name=\"twitter:label2\" content=\"Est. tempo de leitura\" \/>\n\t<meta name=\"twitter:data2\" content=\"1 minuto\" \/>\n<script type=\"application\/ld+json\" class=\"yoast-schema-graph\">{\"@context\":\"https:\/\/schema.org\",\"@graph\":[{\"@type\":\"WebSite\",\"@id\":\"https:\/\/www.adf.org.br\/home\/#website\",\"url\":\"https:\/\/www.adf.org.br\/home\/\",\"name\":\"Associa\\u00e7\\u00e3o Devotos de F\\u00e1tima\",\"description\":\"Associa\\u00e7\\u00e3o Devotos de F\\u00e1tima\",\"potentialAction\":[{\"@type\":\"SearchAction\",\"target\":{\"@type\":\"EntryPoint\",\"urlTemplate\":\"https:\/\/www.adf.org.br\/home\/?s={search_term_string}\"},\"query-input\":\"required name=search_term_string\"}],\"inLanguage\":\"pt-BR\"},{\"@type\":\"ImageObject\",\"@id\":\"https:\/\/www.adf.org.br\/home\/maria-nossa-vida-nossa-docura\/#primaryimage\",\"inLanguage\":\"pt-BR\",\"url\":\"http:\/\/www.adf.org.br\/home\/wp-content\/uploads\/2010\/07\/68_Sacred-Image_082709-199x300.jpg\",\"contentUrl\":\"http:\/\/www.adf.org.br\/home\/wp-content\/uploads\/2010\/07\/68_Sacred-Image_082709-199x300.jpg\"},{\"@type\":\"WebPage\",\"@id\":\"https:\/\/www.adf.org.br\/home\/maria-nossa-vida-nossa-docura\/#webpage\",\"url\":\"https:\/\/www.adf.org.br\/home\/maria-nossa-vida-nossa-docura\/\",\"name\":\"Maria, nossa vida, nossa do\\u00e7ura - Associa\\u00e7\\u00e3o Devotos de F\\u00e1tima\",\"isPartOf\":{\"@id\":\"https:\/\/www.adf.org.br\/home\/#website\"},\"primaryImageOfPage\":{\"@id\":\"https:\/\/www.adf.org.br\/home\/maria-nossa-vida-nossa-docura\/#primaryimage\"},\"datePublished\":\"2011-04-05T03:00:05+00:00\",\"dateModified\":\"2011-04-05T03:00:05+00:00\",\"author\":{\"@id\":\"https:\/\/www.adf.org.br\/home\/#\/schema\/person\/f35a5c5aa7728a3dedf4ea9aa1fc2753\"},\"breadcrumb\":{\"@id\":\"https:\/\/www.adf.org.br\/home\/maria-nossa-vida-nossa-docura\/#breadcrumb\"},\"inLanguage\":\"pt-BR\",\"potentialAction\":[{\"@type\":\"ReadAction\",\"target\":[\"https:\/\/www.adf.org.br\/home\/maria-nossa-vida-nossa-docura\/\"]}]},{\"@type\":\"BreadcrumbList\",\"@id\":\"https:\/\/www.adf.org.br\/home\/maria-nossa-vida-nossa-docura\/#breadcrumb\",\"itemListElement\":[{\"@type\":\"ListItem\",\"position\":1,\"name\":\"Home\",\"item\":\"https:\/\/www.adf.org.br\/home\/\"},{\"@type\":\"ListItem\",\"position\":2,\"name\":\"Maria, nossa vida, nossa do\\u00e7ura\"}]},{\"@type\":\"Person\",\"@id\":\"https:\/\/www.adf.org.br\/home\/#\/schema\/person\/f35a5c5aa7728a3dedf4ea9aa1fc2753\",\"name\":\"Gabriel Barbosa\",\"image\":{\"@type\":\"ImageObject\",\"@id\":\"https:\/\/www.adf.org.br\/home\/#personlogo\",\"inLanguage\":\"pt-BR\",\"url\":\"https:\/\/secure.gravatar.com\/avatar\/2b2cb2f4637682c5605e8d36818f51ef?s=96&d=mm&r=g\",\"contentUrl\":\"https:\/\/secure.gravatar.com\/avatar\/2b2cb2f4637682c5605e8d36818f51ef?s=96&d=mm&r=g\",\"caption\":\"Gabriel Barbosa\"},\"url\":\"https:\/\/www.adf.org.br\/home\/author\/gabrielpmk-com-br\/\"}]}<\/script>\n<!-- \/ Yoast SEO plugin. -->","yoast_head_json":{"title":"Maria, nossa vida, nossa do\u00e7ura - Associa\u00e7\u00e3o Devotos de F\u00e1tima","robots":{"index":"index","follow":"follow","max-snippet":"max-snippet:-1","max-image-preview":"max-image-preview:large","max-video-preview":"max-video-preview:-1"},"canonical":"https:\/\/www.adf.org.br\/home\/maria-nossa-vida-nossa-docura\/","og_locale":"pt_BR","og_type":"article","og_title":"Maria, nossa vida, nossa do\u00e7ura - Associa\u00e7\u00e3o Devotos de F\u00e1tima","og_description":"Sant\u00edssima Virgem, olhai por n\u00f3s! Recorra a Maria, acenda sua vela no Orat\u00f3rio em louvor a Nossa Senhora Quando a Sant\u00edssima Virgem entra numa alma, faz desabrochar nela uma luminosa primavera; dissipa as nuvens sombrias da tristeza, da d\u00favida e do des\u00e2nimo. Os cora\u00e7\u00f5es que se d\u00e3o sinceramente a Ela s\u00e3o inundados de claridade, de [&hellip;]","og_url":"https:\/\/www.adf.org.br\/home\/maria-nossa-vida-nossa-docura\/","og_site_name":"Associa\u00e7\u00e3o Devotos de F\u00e1tima","article_published_time":"2011-04-05T03:00:05+00:00","og_image":[{"url":"http:\/\/www.adf.org.br\/home\/wp-content\/uploads\/2010\/07\/68_Sacred-Image_082709-199x300.jpg"}],"twitter_card":"summary_large_image","twitter_misc":{"Escrito por":"Gabriel Barbosa","Est. tempo de leitura":"1 minuto"},"schema":{"@context":"https:\/\/schema.org","@graph":[{"@type":"WebSite","@id":"https:\/\/www.adf.org.br\/home\/#website","url":"https:\/\/www.adf.org.br\/home\/","name":"Associa\u00e7\u00e3o Devotos de F\u00e1tima","description":"Associa\u00e7\u00e3o Devotos de F\u00e1tima","potentialAction":[{"@type":"SearchAction","target":{"@type":"EntryPoint","urlTemplate":"https:\/\/www.adf.org.br\/home\/?s={search_term_string}"},"query-input":"required name=search_term_string"}],"inLanguage":"pt-BR"},{"@type":"ImageObject","@id":"https:\/\/www.adf.org.br\/home\/maria-nossa-vida-nossa-docura\/#primaryimage","inLanguage":"pt-BR","url":"http:\/\/www.adf.org.br\/home\/wp-content\/uploads\/2010\/07\/68_Sacred-Image_082709-199x300.jpg","contentUrl":"http:\/\/www.adf.org.br\/home\/wp-content\/uploads\/2010\/07\/68_Sacred-Image_082709-199x300.jpg"},{"@type":"WebPage","@id":"https:\/\/www.adf.org.br\/home\/maria-nossa-vida-nossa-docura\/#webpage","url":"https:\/\/www.adf.org.br\/home\/maria-nossa-vida-nossa-docura\/","name":"Maria, nossa vida, nossa do\u00e7ura - Associa\u00e7\u00e3o Devotos de F\u00e1tima","isPartOf":{"@id":"https:\/\/www.adf.org.br\/home\/#website"},"primaryImageOfPage":{"@id":"https:\/\/www.adf.org.br\/home\/maria-nossa-vida-nossa-docura\/#primaryimage"},"datePublished":"2011-04-05T03:00:05+00:00","dateModified":"2011-04-05T03:00:05+00:00","author":{"@id":"https:\/\/www.adf.org.br\/home\/#\/schema\/person\/f35a5c5aa7728a3dedf4ea9aa1fc2753"},"breadcrumb":{"@id":"https:\/\/www.adf.org.br\/home\/maria-nossa-vida-nossa-docura\/#breadcrumb"},"inLanguage":"pt-BR","potentialAction":[{"@type":"ReadAction","target":["https:\/\/www.adf.org.br\/home\/maria-nossa-vida-nossa-docura\/"]}]},{"@type":"BreadcrumbList","@id":"https:\/\/www.adf.org.br\/home\/maria-nossa-vida-nossa-docura\/#breadcrumb","itemListElement":[{"@type":"ListItem","position":1,"name":"Home","item":"https:\/\/www.adf.org.br\/home\/"},{"@type":"ListItem","position":2,"name":"Maria, nossa vida, nossa do\u00e7ura"}]},{"@type":"Person","@id":"https:\/\/www.adf.org.br\/home\/#\/schema\/person\/f35a5c5aa7728a3dedf4ea9aa1fc2753","name":"Gabriel Barbosa","image":{"@type":"ImageObject","@id":"https:\/\/www.adf.org.br\/home\/#personlogo","inLanguage":"pt-BR","url":"https:\/\/secure.gravatar.com\/avatar\/2b2cb2f4637682c5605e8d36818f51ef?s=96&d=mm&r=g","contentUrl":"https:\/\/secure.gravatar.com\/avatar\/2b2cb2f4637682c5605e8d36818f51ef?s=96&d=mm&r=g","caption":"Gabriel Barbosa"},"url":"https:\/\/www.adf.org.br\/home\/author\/gabrielpmk-com-br\/"}]}},"_links":{"self":[{"href":"https:\/\/www.adf.org.br\/home\/wp-json\/wp\/v2\/posts\/5583"}],"collection":[{"href":"https:\/\/www.adf.org.br\/home\/wp-json\/wp\/v2\/posts"}],"about":[{"href":"https:\/\/www.adf.org.br\/home\/wp-json\/wp\/v2\/types\/post"}],"author":[{"embeddable":true,"href":"https:\/\/www.adf.org.br\/home\/wp-json\/wp\/v2\/users\/31"}],"replies":[{"embeddable":true,"href":"https:\/\/www.adf.org.br\/home\/wp-json\/wp\/v2\/comments?post=5583"}],"version-history":[{"count":0,"href":"https:\/\/www.adf.org.br\/home\/wp-json\/wp\/v2\/posts\/5583\/revisions"}],"wp:attachment":[{"href":"https:\/\/www.adf.org.br\/home\/wp-json\/wp\/v2\/media?parent=5583"}],"wp:term":[{"taxonomy":"category","embeddable":true,"href":"https:\/\/www.adf.org.br\/home\/wp-json\/wp\/v2\/categories?post=5583"},{"taxonomy":"post_tag","embeddable":true,"href":"https:\/\/www.adf.org.br\/home\/wp-json\/wp\/v2\/tags?post=5583"}],"curies":[{"name":"wp","href":"https:\/\/api.w.org\/{rel}","templated":true}]}}