{"id":55749,"date":"2021-01-16T00:30:03","date_gmt":"2021-01-16T03:30:03","guid":{"rendered":"http:\/\/www.adf.org.br\/home\/?p=55749"},"modified":"2021-01-15T12:26:17","modified_gmt":"2021-01-15T15:26:17","slug":"o-unico-medo-de-santa-bernadette-escolhida-de-nossa-senhora-de-lourdes","status":"publish","type":"post","link":"https:\/\/www.adf.org.br\/home\/o-unico-medo-de-santa-bernadette-escolhida-de-nossa-senhora-de-lourdes\/","title":{"rendered":"O \u00fanico medo de Santa Bernadette, a escolhida de Nossa Senhora de Lourdes"},"content":{"rendered":"<figure id=\"attachment_55750\" aria-describedby=\"caption-attachment-55750\" style=\"width: 620px\" class=\"wp-caption aligncenter\"><a href=\"https:\/\/adf.org.br\/apostolosdacura?origem=17461#motivos\" target=\"_blank\" rel=\"noopener noreferrer\"><img loading=\"lazy\" class=\"wp-image-55750 size-full\" src=\"https:\/\/www.adf.org.br\/home\/wp-content\/uploads\/2019\/11\/santa-bernadette.jpg\" alt=\"santa-bernadette\" width=\"620\" height=\"310\" \/><\/a><figcaption id=\"caption-attachment-55750\" class=\"wp-caption-text\"><span style=\"color: #000000;\">Corpo intacto de Santa Bernadette, exposto na capela do convento de Saint-Gildard, em Nevers, Fran\u00e7a<\/span><\/figcaption><\/figure>\n<p style=\"text-align: left;\"><span style=\"color: #ffffff; font-family: verdana, geneva, sans-serif; font-size: 12pt;\">.<\/span><\/p>\n<h6 style=\"text-align: left;\"><span style=\"color: #003366; font-size: 14pt;\"><strong><span style=\"font-family: verdana, geneva, sans-serif;\">O \u00fanico medo de Santa Bernadette<\/span><\/strong><\/span><span style=\"color: #ffffff;\">.<\/span><\/h6>\n<p style=\"text-align: left;\"><span style=\"color: #000000; font-family: verdana, geneva, sans-serif; font-size: 12pt;\"><span style=\"font-weight: 400;\"><span style=\"font-size: 12pt; color: #000000;\"><span style=\"font-size: 18pt;\">S<\/span>anta Bernadette Soubirous<\/span> \u00e9 a menina para quem <\/span><span style=\"font-weight: 400;\">Nossa Senhora<\/span><span style=\"font-weight: 400;\"> apareceu em Lourdes. Algum tempo depois das apari\u00e7\u00f5es, ela entrou para a vida religiosa, no convento de Nevers, adotando o nome de Irm\u00e3 Marie-Bernard.<\/span><\/span><span style=\"color: #ffffff;\">.<\/span><\/p>\n<p style=\"text-align: left;\"><span style=\"color: #000000; font-family: verdana, geneva, sans-serif; font-size: 12pt;\"><span style=\"font-weight: 400;\">Em 1870, a guerra franco-prussiana rumava para o seu fim, com a derrota de Napole\u00e3o III. No entanto, <\/span><b>os soldados da Pr\u00fassia que marchavam pelo norte da Fran\u00e7a ainda representavam uma real amea\u00e7a e causavam pavor \u00e0 popula\u00e7\u00e3o<\/b><span style=\"font-weight: 400;\">.<\/span><\/span><span style=\"color: #ffffff;\">.<\/span><\/p>\n<p style=\"text-align: left; padding-left: 90px;\"><span style=\"font-weight: 400; color: #003366; font-family: verdana, geneva, sans-serif; font-size: 12pt;\">Por volta de 9 de dezembro, com os prussianos j\u00e1 nos limites do departamento de Ni\u00e8vre, cuja capital \u00e9 Nevers, <strong>o cavaleiro Gougenot des Mousseaux foi visitar a religiosa no convento para lhe fazer algumas perguntas<\/strong>.<\/span><span style=\"color: #ffffff;\">.<\/span><\/p>\n<p style=\"text-align: left;\"><span style=\"color: #000000; font-family: verdana, geneva, sans-serif; font-size: 12pt;\"><span style=\"font-weight: 400;\">Suas quest\u00f5es e as respostas de <strong>Santa Bernadette<\/strong> foram registradas para a posteridade pelo Conde Lafond, que, ali\u00e1s, n\u00e3o demonstra grande apre\u00e7o pessoal pela religiosa a julgar pelo coment\u00e1rio que escreve a seu respeito:<\/span><i><span style=\"font-weight: 400;\">\u00a0<\/span><\/i><\/span><span style=\"color: #ffffff;\">.<\/span><\/p>\n<p style=\"text-align: left;\"><span style=\"color: #003366; font-family: verdana, geneva, sans-serif; font-size: 12pt;\"><i><span style=\"font-weight: 400;\">\u201cIrm\u00e3 Marie-Bernard\u2026 Essa irm\u00e3 n\u00e3o serve para nada e, no entanto, \u00e9 considerada o tesouro de Saint-Gildard. Olham para ela como o baluarte da cidade episcopal e lhe atribuem a salva\u00e7\u00e3o durante a invas\u00e3o de 1870; os prussianos estavam em todos os condados vizinhos e quase \u00e0s portas de Nevers\u201c<\/span><\/i><span style=\"font-weight: 400;\">.<\/span><\/span><span style=\"color: #ffffff;\">.<\/span><\/p>\n<p style=\"text-align: left;\"><span style=\"font-weight: 400; color: #000000; font-family: verdana, geneva, sans-serif; font-size: 12pt;\">O conde continua o seu relato reproduzindo a entrevista de Gougenot des Mousseaux a Santa Bernadette. Acompanhe:<\/span><span style=\"color: #ffcc99;\">.<\/span><\/p>\n<blockquote>\n<p style=\"text-align: left;\"><span style=\"color: #000000; font-family: verdana, geneva, sans-serif; font-size: 12pt;\"><strong>Cavaleiro Gougenot des Mousseaux:<\/strong><i><span style=\"font-weight: 400;\"> \u201cRecebeu, na gruta de Lourdes ou depois, alguma revela\u00e7\u00e3o relacionada com o futuro e o destino da Fran\u00e7a?\u00a0<\/span><\/i><\/span><span style=\"color: #000000; font-family: verdana, geneva, sans-serif; font-size: 12pt;\"><i><span style=\"font-weight: 400;\">A Sant\u00edssima Virgem n\u00e3o lhe deixou nenhuma advert\u00eancia ou amea\u00e7a de perigo para transmitir \u00e0 Fran\u00e7a?\u201d<\/span><\/i><\/span><\/p>\n<p style=\"text-align: left;\"><span style=\"color: #000000; font-family: verdana, geneva, sans-serif; font-size: 12pt;\"><strong><span style=\"color: #003366;\">Santa Bernadette: <\/span><\/strong><span style=\"color: #003366;\"><i><span style=\"font-weight: 400;\">\u201cN\u00e3o.\u201d<\/span><\/i><\/span><\/span><\/p>\n<p style=\"text-align: left;\"><span style=\"font-weight: 400; color: #000000; font-family: verdana, geneva, sans-serif; font-size: 12pt;\"><strong>Cavaleiro Gougenot des Mousseaux:<\/strong><em> \u201dOs soldados da Pr\u00fassia est\u00e3o chegando. N\u00e3o tem medo?\u201d<\/em><\/span><\/p>\n<p style=\"text-align: left;\"><span style=\"color: #003366; font-family: verdana, geneva, sans-serif; font-size: 12pt;\"><span style=\"font-weight: 400;\"><strong>Santa Bernadette:<\/strong> \u201c<\/span><i><span style=\"font-weight: 400;\">N\u00e3o.\u201d<\/span><\/i><\/span><\/p>\n<p style=\"text-align: left;\"><span style=\"color: #000000; font-family: verdana, geneva, sans-serif; font-size: 12pt;\"><span style=\"font-weight: 400;\"><strong>Cavaleiro Gougenot des Mousseaux:<\/strong> \u201c<\/span><i><span style=\"font-weight: 400;\">Ent\u00e3o n\u00e3o h\u00e1 nada a temer?\u201d<\/span><\/i><\/span><span style=\"color: #ffcc99;\">.<\/span><\/p>\n<p style=\"text-align: left;\"><span style=\"color: #003366; font-family: verdana, geneva, sans-serif; font-size: 12pt;\"><strong>Santa Bernadette:<\/strong><b><i><strong>\u00a0<\/strong><span style=\"font-size: 14pt;\">&#8220;Eu s\u00f3 tenho medo dos maus cat\u00f3licos.&#8221;<\/span><\/i><\/b><\/span><span style=\"color: #ffcc99;\">.<\/span><\/p>\n<p style=\"text-align: left;\"><span style=\"color: #000000; font-family: verdana, geneva, sans-serif; font-size: 12pt;\"><span style=\"font-weight: 400;\"><strong>Cavaleiro Gougenot des Mousseaux:<\/strong> \u201c<\/span><i><span style=\"font-weight: 400;\">N\u00e3o tem medo de mais nada?\u201d<\/span><\/i><\/span><\/p>\n<p style=\"text-align: left;\"><span style=\"color: #003366; font-family: verdana, geneva, sans-serif; font-size: 12pt;\"><span style=\"font-weight: 400;\"><strong>Santa Bernadette:<\/strong> \u201c<\/span><i><span style=\"font-weight: 400;\">N\u00e3o, de mais nada!\u201d<\/span><\/i><\/span><span style=\"color: #ffcc99;\">.<\/span><\/p>\n<\/blockquote>\n<p style=\"text-align: right;\"><span style=\"color: #000000; font-family: verdana, geneva, sans-serif; font-size: 10pt;\"><b>Fonte: <\/b><span style=\"font-weight: 400;\">Aleteia<\/span><\/span><\/p>\n<p style=\"text-align: right;\"><span style=\"color: #ffffff; font-family: verdana, geneva, sans-serif; font-size: 10pt;\">.<\/span><\/p>\n<hr \/>\n<p style=\"text-align: center;\"><a href=\"https:\/\/adf.org.br\/apostolosdacura?origem=17461#presentes\" target=\"_blank\" rel=\"noopener noreferrer\"><img loading=\"lazy\" class=\"alignnone wp-image-55753 size-full\" src=\"https:\/\/www.adf.org.br\/home\/wp-content\/uploads\/2019\/11\/testeira1-lourdes-cura-post-dmd.jpg\" alt=\"testeira1-lourdes-cura-post-dmd\" width=\"660\" height=\"201\" \/><\/a><\/p>\n","protected":false},"excerpt":{"rendered":"<p>. O \u00fanico medo de Santa Bernadette. Santa Bernadette Soubirous \u00e9 a menina para quem Nossa Senhora apareceu em Lourdes. Algum tempo depois das apari\u00e7\u00f5es, ela entrou para a vida religiosa, no convento de Nevers, adotando o nome de Irm\u00e3 Marie-Bernard.. Em 1870, a guerra franco-prussiana rumava para o seu fim, com a derrota de [&hellip;]<\/p>\n","protected":false},"author":31,"featured_media":63260,"comment_status":"open","ping_status":"open","sticky":false,"template":"","format":"standard","meta":[],"categories":[20,2387,2460],"tags":[2562,997,3368,54,2778,2600],"yoast_head":"<!-- This site is optimized with the Yoast SEO plugin v17.4 - https:\/\/yoast.com\/wordpress\/plugins\/seo\/ -->\n<title>O \u00fanico medo de Santa Bernadette, a escolhida de Nossa Senhora de Lourdes<\/title>\n<meta name=\"description\" content=\"O \u00fanico medo de Santa Bernadette, a escolhida de Nossa Senhora de Lourdes, leia e descubra. Seja tamb\u00e9m um Ap\u00f3stolo de F\u00e1tima, saiba como clicando agora...\" \/>\n<meta name=\"robots\" content=\"index, follow, max-snippet:-1, max-image-preview:large, max-video-preview:-1\" \/>\n<link rel=\"canonical\" href=\"https:\/\/www.adf.org.br\/home\/o-unico-medo-de-santa-bernadette-escolhida-de-nossa-senhora-de-lourdes\/\" \/>\n<meta property=\"og:locale\" content=\"pt_BR\" \/>\n<meta property=\"og:type\" content=\"article\" \/>\n<meta property=\"og:title\" content=\"O \u00fanico medo de Santa Bernadette, a escolhida de Nossa Senhora de Lourdes\" \/>\n<meta property=\"og:description\" content=\"O \u00fanico medo de Santa Bernadette, a escolhida de Nossa Senhora de Lourdes, leia e descubra. Seja tamb\u00e9m um Ap\u00f3stolo de F\u00e1tima, saiba como clicando agora...\" \/>\n<meta property=\"og:url\" content=\"https:\/\/www.adf.org.br\/home\/o-unico-medo-de-santa-bernadette-escolhida-de-nossa-senhora-de-lourdes\/\" \/>\n<meta property=\"og:site_name\" content=\"Associa\u00e7\u00e3o Devotos de F\u00e1tima\" \/>\n<meta property=\"article:published_time\" content=\"2021-01-16T03:30:03+00:00\" \/>\n<meta property=\"article:modified_time\" content=\"2021-01-15T15:26:17+00:00\" \/>\n<meta property=\"og:image\" content=\"https:\/\/www.adf.org.br\/home\/wp-content\/uploads\/2021\/01\/capa-post-16.01-adf.jpg\" \/>\n\t<meta property=\"og:image:width\" content=\"620\" \/>\n\t<meta property=\"og:image:height\" content=\"310\" \/>\n<meta name=\"twitter:card\" content=\"summary_large_image\" \/>\n<meta name=\"twitter:label1\" content=\"Escrito por\" \/>\n\t<meta name=\"twitter:data1\" content=\"Gabriel Barbosa\" \/>\n\t<meta name=\"twitter:label2\" content=\"Est. tempo de leitura\" \/>\n\t<meta name=\"twitter:data2\" content=\"2 minutos\" \/>\n<script type=\"application\/ld+json\" class=\"yoast-schema-graph\">{\"@context\":\"https:\/\/schema.org\",\"@graph\":[{\"@type\":\"WebSite\",\"@id\":\"https:\/\/www.adf.org.br\/home\/#website\",\"url\":\"https:\/\/www.adf.org.br\/home\/\",\"name\":\"Associa\\u00e7\\u00e3o Devotos de F\\u00e1tima\",\"description\":\"Associa\\u00e7\\u00e3o Devotos de F\\u00e1tima\",\"potentialAction\":[{\"@type\":\"SearchAction\",\"target\":{\"@type\":\"EntryPoint\",\"urlTemplate\":\"https:\/\/www.adf.org.br\/home\/?s={search_term_string}\"},\"query-input\":\"required name=search_term_string\"}],\"inLanguage\":\"pt-BR\"},{\"@type\":\"ImageObject\",\"@id\":\"https:\/\/www.adf.org.br\/home\/o-unico-medo-de-santa-bernadette-escolhida-de-nossa-senhora-de-lourdes\/#primaryimage\",\"inLanguage\":\"pt-BR\",\"url\":\"https:\/\/www.adf.org.br\/home\/wp-content\/uploads\/2021\/01\/capa-post-16.01-adf.jpg\",\"contentUrl\":\"https:\/\/www.adf.org.br\/home\/wp-content\/uploads\/2021\/01\/capa-post-16.01-adf.jpg\",\"width\":620,\"height\":310},{\"@type\":\"WebPage\",\"@id\":\"https:\/\/www.adf.org.br\/home\/o-unico-medo-de-santa-bernadette-escolhida-de-nossa-senhora-de-lourdes\/#webpage\",\"url\":\"https:\/\/www.adf.org.br\/home\/o-unico-medo-de-santa-bernadette-escolhida-de-nossa-senhora-de-lourdes\/\",\"name\":\"O \\u00fanico medo de Santa Bernadette, a escolhida de Nossa Senhora de Lourdes\",\"isPartOf\":{\"@id\":\"https:\/\/www.adf.org.br\/home\/#website\"},\"primaryImageOfPage\":{\"@id\":\"https:\/\/www.adf.org.br\/home\/o-unico-medo-de-santa-bernadette-escolhida-de-nossa-senhora-de-lourdes\/#primaryimage\"},\"datePublished\":\"2021-01-16T03:30:03+00:00\",\"dateModified\":\"2021-01-15T15:26:17+00:00\",\"author\":{\"@id\":\"https:\/\/www.adf.org.br\/home\/#\/schema\/person\/f35a5c5aa7728a3dedf4ea9aa1fc2753\"},\"description\":\"O \\u00fanico medo de Santa Bernadette, a escolhida de Nossa Senhora de Lourdes, leia e descubra. Seja tamb\\u00e9m um Ap\\u00f3stolo de F\\u00e1tima, saiba como clicando agora...\",\"breadcrumb\":{\"@id\":\"https:\/\/www.adf.org.br\/home\/o-unico-medo-de-santa-bernadette-escolhida-de-nossa-senhora-de-lourdes\/#breadcrumb\"},\"inLanguage\":\"pt-BR\",\"potentialAction\":[{\"@type\":\"ReadAction\",\"target\":[\"https:\/\/www.adf.org.br\/home\/o-unico-medo-de-santa-bernadette-escolhida-de-nossa-senhora-de-lourdes\/\"]}]},{\"@type\":\"BreadcrumbList\",\"@id\":\"https:\/\/www.adf.org.br\/home\/o-unico-medo-de-santa-bernadette-escolhida-de-nossa-senhora-de-lourdes\/#breadcrumb\",\"itemListElement\":[{\"@type\":\"ListItem\",\"position\":1,\"name\":\"Home\",\"item\":\"https:\/\/www.adf.org.br\/home\/\"},{\"@type\":\"ListItem\",\"position\":2,\"name\":\"O \\u00fanico medo de Santa Bernadette, a escolhida de Nossa Senhora de Lourdes\"}]},{\"@type\":\"Person\",\"@id\":\"https:\/\/www.adf.org.br\/home\/#\/schema\/person\/f35a5c5aa7728a3dedf4ea9aa1fc2753\",\"name\":\"Gabriel Barbosa\",\"image\":{\"@type\":\"ImageObject\",\"@id\":\"https:\/\/www.adf.org.br\/home\/#personlogo\",\"inLanguage\":\"pt-BR\",\"url\":\"https:\/\/secure.gravatar.com\/avatar\/2b2cb2f4637682c5605e8d36818f51ef?s=96&d=mm&r=g\",\"contentUrl\":\"https:\/\/secure.gravatar.com\/avatar\/2b2cb2f4637682c5605e8d36818f51ef?s=96&d=mm&r=g\",\"caption\":\"Gabriel Barbosa\"},\"url\":\"https:\/\/www.adf.org.br\/home\/author\/gabrielpmk-com-br\/\"}]}<\/script>\n<!-- \/ Yoast SEO plugin. -->","yoast_head_json":{"title":"O \u00fanico medo de Santa Bernadette, a escolhida de Nossa Senhora de Lourdes","description":"O \u00fanico medo de Santa Bernadette, a escolhida de Nossa Senhora de Lourdes, leia e descubra. Seja tamb\u00e9m um Ap\u00f3stolo de F\u00e1tima, saiba como clicando agora...","robots":{"index":"index","follow":"follow","max-snippet":"max-snippet:-1","max-image-preview":"max-image-preview:large","max-video-preview":"max-video-preview:-1"},"canonical":"https:\/\/www.adf.org.br\/home\/o-unico-medo-de-santa-bernadette-escolhida-de-nossa-senhora-de-lourdes\/","og_locale":"pt_BR","og_type":"article","og_title":"O \u00fanico medo de Santa Bernadette, a escolhida de Nossa Senhora de Lourdes","og_description":"O \u00fanico medo de Santa Bernadette, a escolhida de Nossa Senhora de Lourdes, leia e descubra. Seja tamb\u00e9m um Ap\u00f3stolo de F\u00e1tima, saiba como clicando agora...","og_url":"https:\/\/www.adf.org.br\/home\/o-unico-medo-de-santa-bernadette-escolhida-de-nossa-senhora-de-lourdes\/","og_site_name":"Associa\u00e7\u00e3o Devotos de F\u00e1tima","article_published_time":"2021-01-16T03:30:03+00:00","article_modified_time":"2021-01-15T15:26:17+00:00","og_image":[{"width":620,"height":310,"url":"https:\/\/www.adf.org.br\/home\/wp-content\/uploads\/2021\/01\/capa-post-16.01-adf.jpg","type":"image\/jpeg"}],"twitter_card":"summary_large_image","twitter_misc":{"Escrito por":"Gabriel Barbosa","Est. tempo de leitura":"2 minutos"},"schema":{"@context":"https:\/\/schema.org","@graph":[{"@type":"WebSite","@id":"https:\/\/www.adf.org.br\/home\/#website","url":"https:\/\/www.adf.org.br\/home\/","name":"Associa\u00e7\u00e3o Devotos de F\u00e1tima","description":"Associa\u00e7\u00e3o Devotos de F\u00e1tima","potentialAction":[{"@type":"SearchAction","target":{"@type":"EntryPoint","urlTemplate":"https:\/\/www.adf.org.br\/home\/?s={search_term_string}"},"query-input":"required name=search_term_string"}],"inLanguage":"pt-BR"},{"@type":"ImageObject","@id":"https:\/\/www.adf.org.br\/home\/o-unico-medo-de-santa-bernadette-escolhida-de-nossa-senhora-de-lourdes\/#primaryimage","inLanguage":"pt-BR","url":"https:\/\/www.adf.org.br\/home\/wp-content\/uploads\/2021\/01\/capa-post-16.01-adf.jpg","contentUrl":"https:\/\/www.adf.org.br\/home\/wp-content\/uploads\/2021\/01\/capa-post-16.01-adf.jpg","width":620,"height":310},{"@type":"WebPage","@id":"https:\/\/www.adf.org.br\/home\/o-unico-medo-de-santa-bernadette-escolhida-de-nossa-senhora-de-lourdes\/#webpage","url":"https:\/\/www.adf.org.br\/home\/o-unico-medo-de-santa-bernadette-escolhida-de-nossa-senhora-de-lourdes\/","name":"O \u00fanico medo de Santa Bernadette, a escolhida de Nossa Senhora de Lourdes","isPartOf":{"@id":"https:\/\/www.adf.org.br\/home\/#website"},"primaryImageOfPage":{"@id":"https:\/\/www.adf.org.br\/home\/o-unico-medo-de-santa-bernadette-escolhida-de-nossa-senhora-de-lourdes\/#primaryimage"},"datePublished":"2021-01-16T03:30:03+00:00","dateModified":"2021-01-15T15:26:17+00:00","author":{"@id":"https:\/\/www.adf.org.br\/home\/#\/schema\/person\/f35a5c5aa7728a3dedf4ea9aa1fc2753"},"description":"O \u00fanico medo de Santa Bernadette, a escolhida de Nossa Senhora de Lourdes, leia e descubra. Seja tamb\u00e9m um Ap\u00f3stolo de F\u00e1tima, saiba como clicando agora...","breadcrumb":{"@id":"https:\/\/www.adf.org.br\/home\/o-unico-medo-de-santa-bernadette-escolhida-de-nossa-senhora-de-lourdes\/#breadcrumb"},"inLanguage":"pt-BR","potentialAction":[{"@type":"ReadAction","target":["https:\/\/www.adf.org.br\/home\/o-unico-medo-de-santa-bernadette-escolhida-de-nossa-senhora-de-lourdes\/"]}]},{"@type":"BreadcrumbList","@id":"https:\/\/www.adf.org.br\/home\/o-unico-medo-de-santa-bernadette-escolhida-de-nossa-senhora-de-lourdes\/#breadcrumb","itemListElement":[{"@type":"ListItem","position":1,"name":"Home","item":"https:\/\/www.adf.org.br\/home\/"},{"@type":"ListItem","position":2,"name":"O \u00fanico medo de Santa Bernadette, a escolhida de Nossa Senhora de Lourdes"}]},{"@type":"Person","@id":"https:\/\/www.adf.org.br\/home\/#\/schema\/person\/f35a5c5aa7728a3dedf4ea9aa1fc2753","name":"Gabriel Barbosa","image":{"@type":"ImageObject","@id":"https:\/\/www.adf.org.br\/home\/#personlogo","inLanguage":"pt-BR","url":"https:\/\/secure.gravatar.com\/avatar\/2b2cb2f4637682c5605e8d36818f51ef?s=96&d=mm&r=g","contentUrl":"https:\/\/secure.gravatar.com\/avatar\/2b2cb2f4637682c5605e8d36818f51ef?s=96&d=mm&r=g","caption":"Gabriel Barbosa"},"url":"https:\/\/www.adf.org.br\/home\/author\/gabrielpmk-com-br\/"}]}},"_links":{"self":[{"href":"https:\/\/www.adf.org.br\/home\/wp-json\/wp\/v2\/posts\/55749"}],"collection":[{"href":"https:\/\/www.adf.org.br\/home\/wp-json\/wp\/v2\/posts"}],"about":[{"href":"https:\/\/www.adf.org.br\/home\/wp-json\/wp\/v2\/types\/post"}],"author":[{"embeddable":true,"href":"https:\/\/www.adf.org.br\/home\/wp-json\/wp\/v2\/users\/31"}],"replies":[{"embeddable":true,"href":"https:\/\/www.adf.org.br\/home\/wp-json\/wp\/v2\/comments?post=55749"}],"version-history":[{"count":5,"href":"https:\/\/www.adf.org.br\/home\/wp-json\/wp\/v2\/posts\/55749\/revisions"}],"predecessor-version":[{"id":63256,"href":"https:\/\/www.adf.org.br\/home\/wp-json\/wp\/v2\/posts\/55749\/revisions\/63256"}],"wp:featuredmedia":[{"embeddable":true,"href":"https:\/\/www.adf.org.br\/home\/wp-json\/wp\/v2\/media\/63260"}],"wp:attachment":[{"href":"https:\/\/www.adf.org.br\/home\/wp-json\/wp\/v2\/media?parent=55749"}],"wp:term":[{"taxonomy":"category","embeddable":true,"href":"https:\/\/www.adf.org.br\/home\/wp-json\/wp\/v2\/categories?post=55749"},{"taxonomy":"post_tag","embeddable":true,"href":"https:\/\/www.adf.org.br\/home\/wp-json\/wp\/v2\/tags?post=55749"}],"curies":[{"name":"wp","href":"https:\/\/api.w.org\/{rel}","templated":true}]}}