{"id":55734,"date":"2021-02-14T00:30:26","date_gmt":"2021-02-14T03:30:26","guid":{"rendered":"http:\/\/www.adf.org.br\/home\/?p=55734"},"modified":"2021-02-11T13:23:43","modified_gmt":"2021-02-11T16:23:43","slug":"oracao-virgem-da-medalha-milagrosa","status":"publish","type":"post","link":"https:\/\/www.adf.org.br\/home\/oracao-virgem-da-medalha-milagrosa\/","title":{"rendered":"Ora\u00e7\u00e3o \u00e0 Virgem da Medalha Milagrosa"},"content":{"rendered":"<blockquote>\n<p style=\"text-align: center;\"><a href=\"https:\/\/adf.org.br\/exercitodamedalha\/?origem=17738#motivos\" target=\"_blank\" rel=\"noopener noreferrer\"><img loading=\"lazy\" class=\"alignnone wp-image-55736 size-full\" src=\"https:\/\/www.adf.org.br\/home\/wp-content\/uploads\/2019\/11\/Nossa-Senhora-das-Gra\u00e7as-1.jpg\" alt=\"Nossa Senhora das Gra\u00e7as 1\" width=\"320\" height=\"454\" \/><\/a><\/p>\n<p><span style=\"color: #ffffff;\">.<\/span><\/p>\n<h6 style=\"text-align: center;\"><span style=\"font-family: verdana, geneva, sans-serif; color: #003366; font-size: 14pt;\"><b>Ora\u00e7\u00e3o \u00e0 Virgem da Medalha Milagrosa<\/b><\/span><\/h6>\n<p style=\"text-align: center;\"><span style=\"font-family: verdana, geneva, sans-serif; font-size: 12pt; color: #ffffff;\">.<\/span><\/p>\n<p style=\"text-align: center;\"><em><span style=\"font-weight: 400; font-family: verdana, geneva, sans-serif; color: #000000; font-size: 12pt;\"><strong>\u00d3 Imaculada Virgem M\u00e3e de Deus e nossa M\u00e3e<\/strong>,<br \/>\n<\/span><\/em><em><span style=\"font-weight: 400; font-family: verdana, geneva, sans-serif; color: #000000; font-size: 12pt;\">ao contemplar-vos de bra\u00e7os abertos derramando gra\u00e7as sobre os que vo-las pedem, <\/span><\/em><em><span style=\"font-weight: 400; font-family: verdana, geneva, sans-serif; color: #000000; font-size: 12pt;\">cheios de confian\u00e7a na vossa poderosa intercess\u00e3o, in\u00fameras vezes manifestada pela <a href=\"https:\/\/adf.org.br\/exercitodamedalha\/?origem=17738#presentes\" target=\"_blank\" rel=\"noopener noreferrer\"><span style=\"color: #0000ff;\">Medalha Milagrosa<\/span><\/a>, embora reconhecendo a nossa indignidade por causa de nossas in\u00fameras culpas, acercamo-nos de vossos p\u00e9s para vos expor, durante esta ora\u00e7\u00e3o, as nossas mais prementes necessidades<br \/>\n<\/span><span style=\"text-decoration: underline; color: #000000;\"><span style=\"font-weight: 400; font-family: verdana, geneva, sans-serif; font-size: 12pt;\">(momento de sil\u00eancio e de pedir a gra\u00e7a desejada<\/span><\/span><span style=\"color: #000000;\"><span style=\"font-weight: 400; font-family: verdana, geneva, sans-serif; font-size: 12pt;\">)<\/span><\/span><span style=\"font-weight: 400; font-family: verdana, geneva, sans-serif; color: #000000; font-size: 12pt;\">.<\/span><\/em><\/p>\n<p style=\"text-align: center;\"><span style=\"color: #ffffff;\"><em><span style=\"font-family: verdana, geneva, sans-serif; font-size: 12pt;\">.<\/span><\/em><\/span><\/p>\n<p style=\"text-align: center;\"><em><span style=\"font-weight: 400; font-family: verdana, geneva, sans-serif; color: #000000; font-size: 12pt;\">Concedei, pois, \u00f3 <a href=\"https:\/\/adf.org.br\/exercitodamedalha\/?origem=17738#presentes\" target=\"_blank\" rel=\"noopener noreferrer\"><span style=\"color: #0000ff;\">Virgem da Medalha Milagrosa<\/span><\/a>, este favor que confiantes vos solicitamos, para maior gl\u00f3ria de Deus, engrandecimento do vosso nome, e o bem de nossas almas. E para melhor servirmos ao vosso Divino Filho, inspirai-nos profundo \u00f3dio ao pecado e dai-nos coragem de nos afirmar sempre como verdadeiros crist\u00e3os.<\/span><\/em><\/p>\n<p style=\"text-align: center;\"><span style=\"color: #000000;\"><em><span style=\"font-family: verdana, geneva, sans-serif; font-size: 12pt;\">Am\u00e9m.<\/span><\/em><\/span><\/p>\n<p style=\"text-align: center;\"><span style=\"color: #ffffff;\"><em><span style=\"font-family: verdana, geneva, sans-serif; font-size: 12pt;\">.<\/span><\/em><\/span><\/p>\n<p style=\"text-align: center;\"><strong><em><span style=\"font-family: verdana, geneva, sans-serif; color: #000000; font-size: 12pt;\">Rezar 3 Ave-Marias.<\/span><\/em><\/strong><\/p>\n<p style=\"text-align: center;\"><span style=\"color: #ffffff;\"><em><span style=\"font-family: verdana, geneva, sans-serif; font-size: 12pt;\">.<\/span><\/em><\/span><\/p>\n<p style=\"text-align: center;\"><strong><span style=\"color: #003366;\"><em><span style=\"font-family: verdana, geneva, sans-serif; font-size: 12pt;\">\u201c\u00d3 Maria concebida sem pecado, rogai por n\u00f3s que recorremos a V\u00f3s.\u201d\u00a0<\/span><\/em><\/span><\/strong><\/p>\n<p style=\"text-align: center;\"><span style=\"font-family: verdana, geneva, sans-serif; color: #ffffff; font-size: 12pt;\">.<\/span><\/p>\n<\/blockquote>\n<hr \/>\n<p><a href=\"https:\/\/adf.org.br\/exercitodamedalha\/?origem=17738\" target=\"_blank\" rel=\"noopener noreferrer\"><img loading=\"lazy\" class=\"aligncenter wp-image-55742 size-full\" src=\"https:\/\/www.adf.org.br\/home\/wp-content\/uploads\/2019\/11\/Bot\u00e3o-Medalha-Milagrosa-2.jpg\" alt=\"Bot\u00e3o Medalha Milagrosa 2\" width=\"600\" height=\"290\" \/><\/a><\/p>\n<p style=\"text-align: center;\"><span style=\"color: #ffffff;\">.<\/span><\/p>\n","protected":false},"excerpt":{"rendered":"<p>. Ora\u00e7\u00e3o \u00e0 Virgem da Medalha Milagrosa . \u00d3 Imaculada Virgem M\u00e3e de Deus e nossa M\u00e3e, ao contemplar-vos de bra\u00e7os abertos derramando gra\u00e7as sobre os que vo-las pedem, cheios de confian\u00e7a na vossa poderosa intercess\u00e3o, in\u00fameras vezes manifestada pela Medalha Milagrosa, embora reconhecendo a nossa indignidade por causa de nossas in\u00fameras culpas, acercamo-nos de [&hellip;]<\/p>\n","protected":false},"author":31,"featured_media":326,"comment_status":"open","ping_status":"open","sticky":false,"template":"","format":"standard","meta":[],"categories":[20,2311,50,2585,14],"tags":[34,2094,306,470],"yoast_head":"<!-- This site is optimized with the Yoast SEO plugin v17.4 - https:\/\/yoast.com\/wordpress\/plugins\/seo\/ -->\n<title>Ora\u00e7\u00e3o \u00e0 Virgem da Medalha Milagrosa<\/title>\n<meta name=\"description\" content=\"Fa\u00e7a esta Ora\u00e7\u00e3o \u00e0 Virgem da Medalha Milagrosa, pedindo que lhe conceda as gra\u00e7as que deseja alcan\u00e7ar e inscreva-se no Ex\u00e9rcito da Medalha Milagrosa.\" \/>\n<meta name=\"robots\" content=\"index, follow, max-snippet:-1, max-image-preview:large, max-video-preview:-1\" \/>\n<link rel=\"canonical\" href=\"https:\/\/www.adf.org.br\/home\/oracao-virgem-da-medalha-milagrosa\/\" \/>\n<meta property=\"og:locale\" content=\"pt_BR\" \/>\n<meta property=\"og:type\" content=\"article\" \/>\n<meta property=\"og:title\" content=\"Ora\u00e7\u00e3o \u00e0 Virgem da Medalha Milagrosa\" \/>\n<meta property=\"og:description\" content=\"Fa\u00e7a esta Ora\u00e7\u00e3o \u00e0 Virgem da Medalha Milagrosa, pedindo que lhe conceda as gra\u00e7as que deseja alcan\u00e7ar e inscreva-se no Ex\u00e9rcito da Medalha Milagrosa.\" \/>\n<meta property=\"og:url\" content=\"https:\/\/www.adf.org.br\/home\/oracao-virgem-da-medalha-milagrosa\/\" \/>\n<meta property=\"og:site_name\" content=\"Associa\u00e7\u00e3o Devotos de F\u00e1tima\" \/>\n<meta property=\"article:published_time\" content=\"2021-02-14T03:30:26+00:00\" \/>\n<meta property=\"article:modified_time\" content=\"2021-02-11T16:23:43+00:00\" \/>\n<meta property=\"og:image\" content=\"https:\/\/www.adf.org.br\/home\/wp-content\/uploads\/2020\/06\/3-Ex\u00e9rcitoMedalhaMilagrosa.jpg\" \/>\n\t<meta property=\"og:image:width\" content=\"950\" \/>\n\t<meta property=\"og:image:height\" content=\"600\" \/>\n<meta name=\"twitter:card\" content=\"summary_large_image\" \/>\n<meta name=\"twitter:label1\" content=\"Escrito por\" \/>\n\t<meta name=\"twitter:data1\" content=\"Gabriel Barbosa\" \/>\n\t<meta name=\"twitter:label2\" content=\"Est. tempo de leitura\" \/>\n\t<meta name=\"twitter:data2\" content=\"1 minuto\" \/>\n<script type=\"application\/ld+json\" class=\"yoast-schema-graph\">{\"@context\":\"https:\/\/schema.org\",\"@graph\":[{\"@type\":\"WebSite\",\"@id\":\"https:\/\/www.adf.org.br\/home\/#website\",\"url\":\"https:\/\/www.adf.org.br\/home\/\",\"name\":\"Associa\\u00e7\\u00e3o Devotos de F\\u00e1tima\",\"description\":\"Associa\\u00e7\\u00e3o Devotos de F\\u00e1tima\",\"potentialAction\":[{\"@type\":\"SearchAction\",\"target\":{\"@type\":\"EntryPoint\",\"urlTemplate\":\"https:\/\/www.adf.org.br\/home\/?s={search_term_string}\"},\"query-input\":\"required name=search_term_string\"}],\"inLanguage\":\"pt-BR\"},{\"@type\":\"ImageObject\",\"@id\":\"https:\/\/www.adf.org.br\/home\/oracao-virgem-da-medalha-milagrosa\/#primaryimage\",\"inLanguage\":\"pt-BR\",\"url\":\"https:\/\/www.adf.org.br\/home\/wp-content\/uploads\/2020\/06\/3-Ex\\u00e9rcitoMedalhaMilagrosa.jpg\",\"contentUrl\":\"https:\/\/www.adf.org.br\/home\/wp-content\/uploads\/2020\/06\/3-Ex\\u00e9rcitoMedalhaMilagrosa.jpg\",\"width\":950,\"height\":600},{\"@type\":\"WebPage\",\"@id\":\"https:\/\/www.adf.org.br\/home\/oracao-virgem-da-medalha-milagrosa\/#webpage\",\"url\":\"https:\/\/www.adf.org.br\/home\/oracao-virgem-da-medalha-milagrosa\/\",\"name\":\"Ora\\u00e7\\u00e3o \\u00e0 Virgem da Medalha Milagrosa\",\"isPartOf\":{\"@id\":\"https:\/\/www.adf.org.br\/home\/#website\"},\"primaryImageOfPage\":{\"@id\":\"https:\/\/www.adf.org.br\/home\/oracao-virgem-da-medalha-milagrosa\/#primaryimage\"},\"datePublished\":\"2021-02-14T03:30:26+00:00\",\"dateModified\":\"2021-02-11T16:23:43+00:00\",\"author\":{\"@id\":\"https:\/\/www.adf.org.br\/home\/#\/schema\/person\/f35a5c5aa7728a3dedf4ea9aa1fc2753\"},\"description\":\"Fa\\u00e7a esta Ora\\u00e7\\u00e3o \\u00e0 Virgem da Medalha Milagrosa, pedindo que lhe conceda as gra\\u00e7as que deseja alcan\\u00e7ar e inscreva-se no Ex\\u00e9rcito da Medalha Milagrosa.\",\"breadcrumb\":{\"@id\":\"https:\/\/www.adf.org.br\/home\/oracao-virgem-da-medalha-milagrosa\/#breadcrumb\"},\"inLanguage\":\"pt-BR\",\"potentialAction\":[{\"@type\":\"ReadAction\",\"target\":[\"https:\/\/www.adf.org.br\/home\/oracao-virgem-da-medalha-milagrosa\/\"]}]},{\"@type\":\"BreadcrumbList\",\"@id\":\"https:\/\/www.adf.org.br\/home\/oracao-virgem-da-medalha-milagrosa\/#breadcrumb\",\"itemListElement\":[{\"@type\":\"ListItem\",\"position\":1,\"name\":\"Home\",\"item\":\"https:\/\/www.adf.org.br\/home\/\"},{\"@type\":\"ListItem\",\"position\":2,\"name\":\"Ora\\u00e7\\u00e3o \\u00e0 Virgem da Medalha Milagrosa\"}]},{\"@type\":\"Person\",\"@id\":\"https:\/\/www.adf.org.br\/home\/#\/schema\/person\/f35a5c5aa7728a3dedf4ea9aa1fc2753\",\"name\":\"Gabriel Barbosa\",\"image\":{\"@type\":\"ImageObject\",\"@id\":\"https:\/\/www.adf.org.br\/home\/#personlogo\",\"inLanguage\":\"pt-BR\",\"url\":\"https:\/\/secure.gravatar.com\/avatar\/2b2cb2f4637682c5605e8d36818f51ef?s=96&d=mm&r=g\",\"contentUrl\":\"https:\/\/secure.gravatar.com\/avatar\/2b2cb2f4637682c5605e8d36818f51ef?s=96&d=mm&r=g\",\"caption\":\"Gabriel Barbosa\"},\"url\":\"https:\/\/www.adf.org.br\/home\/author\/gabrielpmk-com-br\/\"}]}<\/script>\n<!-- \/ Yoast SEO plugin. -->","yoast_head_json":{"title":"Ora\u00e7\u00e3o \u00e0 Virgem da Medalha Milagrosa","description":"Fa\u00e7a esta Ora\u00e7\u00e3o \u00e0 Virgem da Medalha Milagrosa, pedindo que lhe conceda as gra\u00e7as que deseja alcan\u00e7ar e inscreva-se no Ex\u00e9rcito da Medalha Milagrosa.","robots":{"index":"index","follow":"follow","max-snippet":"max-snippet:-1","max-image-preview":"max-image-preview:large","max-video-preview":"max-video-preview:-1"},"canonical":"https:\/\/www.adf.org.br\/home\/oracao-virgem-da-medalha-milagrosa\/","og_locale":"pt_BR","og_type":"article","og_title":"Ora\u00e7\u00e3o \u00e0 Virgem da Medalha Milagrosa","og_description":"Fa\u00e7a esta Ora\u00e7\u00e3o \u00e0 Virgem da Medalha Milagrosa, pedindo que lhe conceda as gra\u00e7as que deseja alcan\u00e7ar e inscreva-se no Ex\u00e9rcito da Medalha Milagrosa.","og_url":"https:\/\/www.adf.org.br\/home\/oracao-virgem-da-medalha-milagrosa\/","og_site_name":"Associa\u00e7\u00e3o Devotos de F\u00e1tima","article_published_time":"2021-02-14T03:30:26+00:00","article_modified_time":"2021-02-11T16:23:43+00:00","og_image":[{"width":950,"height":600,"url":"https:\/\/www.adf.org.br\/home\/wp-content\/uploads\/2020\/06\/3-Ex\u00e9rcitoMedalhaMilagrosa.jpg","type":"image\/jpeg"}],"twitter_card":"summary_large_image","twitter_misc":{"Escrito por":"Gabriel Barbosa","Est. tempo de leitura":"1 minuto"},"schema":{"@context":"https:\/\/schema.org","@graph":[{"@type":"WebSite","@id":"https:\/\/www.adf.org.br\/home\/#website","url":"https:\/\/www.adf.org.br\/home\/","name":"Associa\u00e7\u00e3o Devotos de F\u00e1tima","description":"Associa\u00e7\u00e3o Devotos de F\u00e1tima","potentialAction":[{"@type":"SearchAction","target":{"@type":"EntryPoint","urlTemplate":"https:\/\/www.adf.org.br\/home\/?s={search_term_string}"},"query-input":"required name=search_term_string"}],"inLanguage":"pt-BR"},{"@type":"ImageObject","@id":"https:\/\/www.adf.org.br\/home\/oracao-virgem-da-medalha-milagrosa\/#primaryimage","inLanguage":"pt-BR","url":"https:\/\/www.adf.org.br\/home\/wp-content\/uploads\/2020\/06\/3-Ex\u00e9rcitoMedalhaMilagrosa.jpg","contentUrl":"https:\/\/www.adf.org.br\/home\/wp-content\/uploads\/2020\/06\/3-Ex\u00e9rcitoMedalhaMilagrosa.jpg","width":950,"height":600},{"@type":"WebPage","@id":"https:\/\/www.adf.org.br\/home\/oracao-virgem-da-medalha-milagrosa\/#webpage","url":"https:\/\/www.adf.org.br\/home\/oracao-virgem-da-medalha-milagrosa\/","name":"Ora\u00e7\u00e3o \u00e0 Virgem da Medalha Milagrosa","isPartOf":{"@id":"https:\/\/www.adf.org.br\/home\/#website"},"primaryImageOfPage":{"@id":"https:\/\/www.adf.org.br\/home\/oracao-virgem-da-medalha-milagrosa\/#primaryimage"},"datePublished":"2021-02-14T03:30:26+00:00","dateModified":"2021-02-11T16:23:43+00:00","author":{"@id":"https:\/\/www.adf.org.br\/home\/#\/schema\/person\/f35a5c5aa7728a3dedf4ea9aa1fc2753"},"description":"Fa\u00e7a esta Ora\u00e7\u00e3o \u00e0 Virgem da Medalha Milagrosa, pedindo que lhe conceda as gra\u00e7as que deseja alcan\u00e7ar e inscreva-se no Ex\u00e9rcito da Medalha Milagrosa.","breadcrumb":{"@id":"https:\/\/www.adf.org.br\/home\/oracao-virgem-da-medalha-milagrosa\/#breadcrumb"},"inLanguage":"pt-BR","potentialAction":[{"@type":"ReadAction","target":["https:\/\/www.adf.org.br\/home\/oracao-virgem-da-medalha-milagrosa\/"]}]},{"@type":"BreadcrumbList","@id":"https:\/\/www.adf.org.br\/home\/oracao-virgem-da-medalha-milagrosa\/#breadcrumb","itemListElement":[{"@type":"ListItem","position":1,"name":"Home","item":"https:\/\/www.adf.org.br\/home\/"},{"@type":"ListItem","position":2,"name":"Ora\u00e7\u00e3o \u00e0 Virgem da Medalha Milagrosa"}]},{"@type":"Person","@id":"https:\/\/www.adf.org.br\/home\/#\/schema\/person\/f35a5c5aa7728a3dedf4ea9aa1fc2753","name":"Gabriel Barbosa","image":{"@type":"ImageObject","@id":"https:\/\/www.adf.org.br\/home\/#personlogo","inLanguage":"pt-BR","url":"https:\/\/secure.gravatar.com\/avatar\/2b2cb2f4637682c5605e8d36818f51ef?s=96&d=mm&r=g","contentUrl":"https:\/\/secure.gravatar.com\/avatar\/2b2cb2f4637682c5605e8d36818f51ef?s=96&d=mm&r=g","caption":"Gabriel Barbosa"},"url":"https:\/\/www.adf.org.br\/home\/author\/gabrielpmk-com-br\/"}]}},"_links":{"self":[{"href":"https:\/\/www.adf.org.br\/home\/wp-json\/wp\/v2\/posts\/55734"}],"collection":[{"href":"https:\/\/www.adf.org.br\/home\/wp-json\/wp\/v2\/posts"}],"about":[{"href":"https:\/\/www.adf.org.br\/home\/wp-json\/wp\/v2\/types\/post"}],"author":[{"embeddable":true,"href":"https:\/\/www.adf.org.br\/home\/wp-json\/wp\/v2\/users\/31"}],"replies":[{"embeddable":true,"href":"https:\/\/www.adf.org.br\/home\/wp-json\/wp\/v2\/comments?post=55734"}],"version-history":[{"count":3,"href":"https:\/\/www.adf.org.br\/home\/wp-json\/wp\/v2\/posts\/55734\/revisions"}],"predecessor-version":[{"id":63592,"href":"https:\/\/www.adf.org.br\/home\/wp-json\/wp\/v2\/posts\/55734\/revisions\/63592"}],"wp:featuredmedia":[{"embeddable":true,"href":"https:\/\/www.adf.org.br\/home\/wp-json\/wp\/v2\/media\/326"}],"wp:attachment":[{"href":"https:\/\/www.adf.org.br\/home\/wp-json\/wp\/v2\/media?parent=55734"}],"wp:term":[{"taxonomy":"category","embeddable":true,"href":"https:\/\/www.adf.org.br\/home\/wp-json\/wp\/v2\/categories?post=55734"},{"taxonomy":"post_tag","embeddable":true,"href":"https:\/\/www.adf.org.br\/home\/wp-json\/wp\/v2\/tags?post=55734"}],"curies":[{"name":"wp","href":"https:\/\/api.w.org\/{rel}","templated":true}]}}