{"id":55476,"date":"2021-01-23T00:30:54","date_gmt":"2021-01-23T03:30:54","guid":{"rendered":"http:\/\/www.adf.org.br\/home\/?p=55476"},"modified":"2021-01-19T18:12:56","modified_gmt":"2021-01-19T21:12:56","slug":"oracao-nossa-senhora-do-sagrado-coracao","status":"publish","type":"post","link":"https:\/\/www.adf.org.br\/home\/oracao-nossa-senhora-do-sagrado-coracao\/","title":{"rendered":"Ora\u00e7\u00e3o a Nossa Senhora do Sagrado Cora\u00e7\u00e3o!"},"content":{"rendered":"<p style=\"text-align: center;\"><a href=\"https:\/\/adf.org.br\/velario\/fatima?origem=17491\" target=\"_blank\" rel=\"noopener noreferrer\"><img loading=\"lazy\" class=\"alignnone wp-image-55488 size-full\" src=\"https:\/\/www.adf.org.br\/home\/wp-content\/uploads\/2019\/10\/Nossa-Senhora-do-Sagrado-Cora\u00e7\u00e3o.jpg\" alt=\"Nossa Senhora do Sagrado Cora\u00e7\u00e3o\" width=\"343\" height=\"454\" \/><\/a><\/p>\n<p style=\"text-align: center;\"><span style=\"color: #ffffff;\">.<\/span><\/p>\n<blockquote>\n<p style=\"text-align: center;\"><em><span style=\"font-family: verdana, geneva, sans-serif; font-size: 14pt; color: #800080;\"><b>Ora\u00e7\u00e3o a Nossa Senhora do Sagrado Cora\u00e7\u00e3o<\/b><\/span><\/em><\/p>\n<p style=\"text-align: center;\"><span style=\"color: #ffcc99;\">.<\/span><\/p>\n<p><em><span style=\"font-weight: 400; font-family: verdana, geneva, sans-serif; font-size: 12pt; color: #000000;\"><strong>Lembrai-vos, \u00f3 Senhora do Sagrado Cora\u00e7\u00e3o de Jesus<\/strong>, do poder sem limites que vosso divino Filho vos concedeu sobre o seu ador\u00e1vel Cora\u00e7\u00e3o.\u00a0<\/span><\/em><span style=\"color: #ffcc99;\">.<\/span><\/p>\n<p><em><span style=\"font-weight: 400; font-family: verdana, geneva, sans-serif; font-size: 12pt; color: #000000;\"><strong>Cheios de confian\u00e7a em vossos m\u00e9ritos, vimos implorar vossa prote\u00e7\u00e3o,<\/strong> \u00f3 soberana Senhora do Sagrado Cora\u00e7\u00e3o de Jesus, V\u00f3s podeis abrir, segundo o vosso desejo, esse Cora\u00e7\u00e3o, fonte inesgot\u00e1vel de todas as gra\u00e7as, para que des\u00e7am sobre os homens todos os tesouros de amor e miseric\u00f3rdia, de luz e de salva\u00e7\u00e3o, que encerra em Si.<\/span><\/em><span style=\"color: #ffcc99;\">.<\/span><\/p>\n<p><em><span style=\"font-weight: 400; font-family: verdana, geneva, sans-serif; font-size: 12pt; color: #000000;\"><strong>N\u00f3s Vos suplicamos<\/strong>, concedei-nos a gra\u00e7a que com fervor Vos pedimos.\u00a0<\/span><\/em><span style=\"color: #ffcc99;\">.<\/span><\/p>\n<p><em><span style=\"font-weight: 400; font-family: verdana, geneva, sans-serif; font-size: 12pt; color: #000000;\"><strong>N\u00e3o podemos deixar de contar conVosco,<\/strong> porque sois nossa M\u00e3e, \u00f3 Senhora do Sagrado Cora\u00e7\u00e3o de Jesus.<\/span><\/em><span style=\"color: #ffcc99;\">.<\/span><\/p>\n<p><em><span style=\"font-weight: 400; font-family: verdana, geneva, sans-serif; font-size: 12pt; color: #000000;\"><strong>Acolhei com bondade nossas s\u00faplicas<\/strong> e dignai-Vos ouvi-las.\u00a0<\/span><\/em><span style=\"color: #ffcc99;\">.<\/span><\/p>\n<p><strong><em><span style=\"font-family: verdana, geneva, sans-serif; font-size: 12pt; color: #000000;\">Am\u00e9m.<\/span><\/em><\/strong><span style=\"color: #ffffff;\">.<\/span><\/p><\/blockquote>\n<p style=\"text-align: right;\"><span style=\"font-family: verdana, geneva, sans-serif; font-size: 10pt; color: #000000;\"><b>Fonte: <\/b><em>O Poder da Ora\u00e7\u00e3o<\/em><\/span><span style=\"color: #ffffff;\">.<\/span><\/p>\n<hr \/>\n<p>&nbsp;<\/p>\n<p style=\"text-align: center;\"><span style=\"font-family: verdana, geneva, sans-serif; font-size: 14pt; color: #ff0000;\"><b>Sabe aquela gra\u00e7a que voc\u00ea tanto precisa em sua vida?<\/b><\/span><\/p>\n<p style=\"text-align: center;\"><span style=\"font-weight: 400; font-family: verdana, geneva, sans-serif; font-size: 14pt; color: #000000;\">Entregue nas m\u00e3os de Nossa Senhora!<\/span><\/p>\n<p style=\"text-align: center;\"><span style=\"color: #ffffff;\">.<\/span><\/p>\n<p style=\"text-align: center;\"><span style=\"font-family: verdana, geneva, sans-serif; font-size: 12pt; color: #000000;\"><a href=\"https:\/\/adf.org.br\/velario\/fatima?origem=17491\" target=\"_blank\" rel=\"noopener noreferrer\"><span style=\"font-weight: 400; color: #0000ff; font-size: 14pt;\"><strong>Clique aqui<\/strong><\/span><\/a> <span style=\"font-weight: 400;\">ou na <\/span><b>imagem abaixo<\/b><span style=\"font-weight: 400;\"> para acender a<\/span><span style=\"color: #003366; font-size: 14pt;\"><b> Vela das Gra\u00e7as <\/b><\/span><span style=\"font-weight: 400;\">e pedir a intercess\u00e3o da<span style=\"color: #800080;\"> <strong>M\u00e3e de Deus<\/strong> <\/span>para resolver o problema que aflige sua alma:<\/span><\/span><\/p>\n<p style=\"text-align: center;\"><a href=\"https:\/\/adf.org.br\/velario\/fatima?origem=17491\" target=\"_blank\" rel=\"noopener noreferrer\"><img loading=\"lazy\" class=\"alignnone wp-image-55436 size-full\" src=\"https:\/\/www.adf.org.br\/home\/wp-content\/uploads\/2019\/10\/Vela-3.png\" alt=\"Vela 3\" width=\"498\" height=\"374\" \/><\/a><\/p>\n<p style=\"text-align: center;\"><span style=\"font-weight: 400; font-family: verdana, geneva, sans-serif; font-size: 12pt; color: #000000;\">Quem confia em <span style=\"color: #0000ff;\"><a style=\"color: #0000ff;\" href=\"https:\/\/adf.org.br\/velario\/fatima?origem=17491\" target=\"_blank\" rel=\"noopener noreferrer\"><strong>Nossa Senhora<\/strong><\/a><\/span> jamais deixa de ser amparado pelo seu amor e por sua\u00a0miseric\u00f3rdia!<\/span><\/p>\n<p style=\"text-align: center;\"><span style=\"color: #ffffff;\">.<\/span><\/p>\n<p style=\"text-align: center;\"><span style=\"font-family: verdana, geneva, sans-serif; font-size: 12pt; color: #000000;\"><span style=\"color: #003366;\"><b><i>\u201c\u00d3 Maria concebida sem pecado, rogai por n\u00f3s que recorremos a v\u00f3s.\u201d\u00a0<\/i><\/b><\/span><\/span><\/p>\n","protected":false},"excerpt":{"rendered":"<p>. Ora\u00e7\u00e3o a Nossa Senhora do Sagrado Cora\u00e7\u00e3o . Lembrai-vos, \u00f3 Senhora do Sagrado Cora\u00e7\u00e3o de Jesus, do poder sem limites que vosso divino Filho vos concedeu sobre o seu ador\u00e1vel Cora\u00e7\u00e3o.\u00a0. Cheios de confian\u00e7a em vossos m\u00e9ritos, vimos implorar vossa prote\u00e7\u00e3o, \u00f3 soberana Senhora do Sagrado Cora\u00e7\u00e3o de Jesus, V\u00f3s podeis abrir, segundo o [&hellip;]<\/p>\n","protected":false},"author":31,"featured_media":61201,"comment_status":"open","ping_status":"open","sticky":false,"template":"","format":"standard","meta":[],"categories":[20,2323,56,14,2332],"tags":[2242,38,57,3336,4299,267,470,313],"yoast_head":"<!-- This site is optimized with the Yoast SEO plugin v17.4 - https:\/\/yoast.com\/wordpress\/plugins\/seo\/ -->\n<title>Ora\u00e7\u00e3o a Nossa Senhora do Sagrado Cora\u00e7\u00e3o<\/title>\n<meta name=\"description\" content=\"&quot;Lembrai-vos, \u00f3 Senhora do Sagrado Cora\u00e7\u00e3o de Jesus, do poder sem...&quot; Clique aqui para acender a Vela das Gra\u00e7as da Virgem Maria. \u00c9 Gr\u00e1tis.\" \/>\n<meta name=\"robots\" content=\"index, follow, max-snippet:-1, max-image-preview:large, max-video-preview:-1\" \/>\n<link rel=\"canonical\" href=\"https:\/\/www.adf.org.br\/home\/oracao-nossa-senhora-do-sagrado-coracao\/\" \/>\n<meta property=\"og:locale\" content=\"pt_BR\" \/>\n<meta property=\"og:type\" content=\"article\" \/>\n<meta property=\"og:title\" content=\"Ora\u00e7\u00e3o a Nossa Senhora do Sagrado Cora\u00e7\u00e3o\" \/>\n<meta property=\"og:description\" content=\"&quot;Lembrai-vos, \u00f3 Senhora do Sagrado Cora\u00e7\u00e3o de Jesus, do poder sem...&quot; Clique aqui para acender a Vela das Gra\u00e7as da Virgem Maria. \u00c9 Gr\u00e1tis.\" \/>\n<meta property=\"og:url\" content=\"https:\/\/www.adf.org.br\/home\/oracao-nossa-senhora-do-sagrado-coracao\/\" \/>\n<meta property=\"og:site_name\" content=\"Associa\u00e7\u00e3o Devotos de F\u00e1tima\" \/>\n<meta property=\"article:published_time\" content=\"2021-01-23T03:30:54+00:00\" \/>\n<meta property=\"article:modified_time\" content=\"2021-01-19T21:12:56+00:00\" \/>\n<meta property=\"og:image\" content=\"https:\/\/www.adf.org.br\/home\/wp-content\/uploads\/2020\/08\/Nossa-Senhora-do-Sagrado-Cora\u00e7\u00e3o-1.jpg\" \/>\n\t<meta property=\"og:image:width\" content=\"343\" \/>\n\t<meta property=\"og:image:height\" content=\"454\" \/>\n<meta name=\"twitter:card\" content=\"summary_large_image\" \/>\n<meta name=\"twitter:label1\" content=\"Escrito por\" \/>\n\t<meta name=\"twitter:data1\" content=\"Gabriel Barbosa\" \/>\n\t<meta name=\"twitter:label2\" content=\"Est. tempo de leitura\" \/>\n\t<meta name=\"twitter:data2\" content=\"1 minuto\" \/>\n<script type=\"application\/ld+json\" class=\"yoast-schema-graph\">{\"@context\":\"https:\/\/schema.org\",\"@graph\":[{\"@type\":\"WebSite\",\"@id\":\"https:\/\/www.adf.org.br\/home\/#website\",\"url\":\"https:\/\/www.adf.org.br\/home\/\",\"name\":\"Associa\\u00e7\\u00e3o Devotos de F\\u00e1tima\",\"description\":\"Associa\\u00e7\\u00e3o Devotos de F\\u00e1tima\",\"potentialAction\":[{\"@type\":\"SearchAction\",\"target\":{\"@type\":\"EntryPoint\",\"urlTemplate\":\"https:\/\/www.adf.org.br\/home\/?s={search_term_string}\"},\"query-input\":\"required name=search_term_string\"}],\"inLanguage\":\"pt-BR\"},{\"@type\":\"ImageObject\",\"@id\":\"https:\/\/www.adf.org.br\/home\/oracao-nossa-senhora-do-sagrado-coracao\/#primaryimage\",\"inLanguage\":\"pt-BR\",\"url\":\"https:\/\/www.adf.org.br\/home\/wp-content\/uploads\/2020\/08\/Nossa-Senhora-do-Sagrado-Cora\\u00e7\\u00e3o-1.jpg\",\"contentUrl\":\"https:\/\/www.adf.org.br\/home\/wp-content\/uploads\/2020\/08\/Nossa-Senhora-do-Sagrado-Cora\\u00e7\\u00e3o-1.jpg\",\"width\":343,\"height\":454},{\"@type\":\"WebPage\",\"@id\":\"https:\/\/www.adf.org.br\/home\/oracao-nossa-senhora-do-sagrado-coracao\/#webpage\",\"url\":\"https:\/\/www.adf.org.br\/home\/oracao-nossa-senhora-do-sagrado-coracao\/\",\"name\":\"Ora\\u00e7\\u00e3o a Nossa Senhora do Sagrado Cora\\u00e7\\u00e3o\",\"isPartOf\":{\"@id\":\"https:\/\/www.adf.org.br\/home\/#website\"},\"primaryImageOfPage\":{\"@id\":\"https:\/\/www.adf.org.br\/home\/oracao-nossa-senhora-do-sagrado-coracao\/#primaryimage\"},\"datePublished\":\"2021-01-23T03:30:54+00:00\",\"dateModified\":\"2021-01-19T21:12:56+00:00\",\"author\":{\"@id\":\"https:\/\/www.adf.org.br\/home\/#\/schema\/person\/f35a5c5aa7728a3dedf4ea9aa1fc2753\"},\"description\":\"\\\"Lembrai-vos, \\u00f3 Senhora do Sagrado Cora\\u00e7\\u00e3o de Jesus, do poder sem...\\\" Clique aqui para acender a Vela das Gra\\u00e7as da Virgem Maria. \\u00c9 Gr\\u00e1tis.\",\"breadcrumb\":{\"@id\":\"https:\/\/www.adf.org.br\/home\/oracao-nossa-senhora-do-sagrado-coracao\/#breadcrumb\"},\"inLanguage\":\"pt-BR\",\"potentialAction\":[{\"@type\":\"ReadAction\",\"target\":[\"https:\/\/www.adf.org.br\/home\/oracao-nossa-senhora-do-sagrado-coracao\/\"]}]},{\"@type\":\"BreadcrumbList\",\"@id\":\"https:\/\/www.adf.org.br\/home\/oracao-nossa-senhora-do-sagrado-coracao\/#breadcrumb\",\"itemListElement\":[{\"@type\":\"ListItem\",\"position\":1,\"name\":\"Home\",\"item\":\"https:\/\/www.adf.org.br\/home\/\"},{\"@type\":\"ListItem\",\"position\":2,\"name\":\"Ora\\u00e7\\u00e3o a Nossa Senhora do Sagrado Cora\\u00e7\\u00e3o!\"}]},{\"@type\":\"Person\",\"@id\":\"https:\/\/www.adf.org.br\/home\/#\/schema\/person\/f35a5c5aa7728a3dedf4ea9aa1fc2753\",\"name\":\"Gabriel Barbosa\",\"image\":{\"@type\":\"ImageObject\",\"@id\":\"https:\/\/www.adf.org.br\/home\/#personlogo\",\"inLanguage\":\"pt-BR\",\"url\":\"https:\/\/secure.gravatar.com\/avatar\/2b2cb2f4637682c5605e8d36818f51ef?s=96&d=mm&r=g\",\"contentUrl\":\"https:\/\/secure.gravatar.com\/avatar\/2b2cb2f4637682c5605e8d36818f51ef?s=96&d=mm&r=g\",\"caption\":\"Gabriel Barbosa\"},\"url\":\"https:\/\/www.adf.org.br\/home\/author\/gabrielpmk-com-br\/\"}]}<\/script>\n<!-- \/ Yoast SEO plugin. -->","yoast_head_json":{"title":"Ora\u00e7\u00e3o a Nossa Senhora do Sagrado Cora\u00e7\u00e3o","description":"\"Lembrai-vos, \u00f3 Senhora do Sagrado Cora\u00e7\u00e3o de Jesus, do poder sem...\" Clique aqui para acender a Vela das Gra\u00e7as da Virgem Maria. \u00c9 Gr\u00e1tis.","robots":{"index":"index","follow":"follow","max-snippet":"max-snippet:-1","max-image-preview":"max-image-preview:large","max-video-preview":"max-video-preview:-1"},"canonical":"https:\/\/www.adf.org.br\/home\/oracao-nossa-senhora-do-sagrado-coracao\/","og_locale":"pt_BR","og_type":"article","og_title":"Ora\u00e7\u00e3o a Nossa Senhora do Sagrado Cora\u00e7\u00e3o","og_description":"\"Lembrai-vos, \u00f3 Senhora do Sagrado Cora\u00e7\u00e3o de Jesus, do poder sem...\" Clique aqui para acender a Vela das Gra\u00e7as da Virgem Maria. \u00c9 Gr\u00e1tis.","og_url":"https:\/\/www.adf.org.br\/home\/oracao-nossa-senhora-do-sagrado-coracao\/","og_site_name":"Associa\u00e7\u00e3o Devotos de F\u00e1tima","article_published_time":"2021-01-23T03:30:54+00:00","article_modified_time":"2021-01-19T21:12:56+00:00","og_image":[{"width":343,"height":454,"url":"https:\/\/www.adf.org.br\/home\/wp-content\/uploads\/2020\/08\/Nossa-Senhora-do-Sagrado-Cora\u00e7\u00e3o-1.jpg","type":"image\/jpeg"}],"twitter_card":"summary_large_image","twitter_misc":{"Escrito por":"Gabriel Barbosa","Est. tempo de leitura":"1 minuto"},"schema":{"@context":"https:\/\/schema.org","@graph":[{"@type":"WebSite","@id":"https:\/\/www.adf.org.br\/home\/#website","url":"https:\/\/www.adf.org.br\/home\/","name":"Associa\u00e7\u00e3o Devotos de F\u00e1tima","description":"Associa\u00e7\u00e3o Devotos de F\u00e1tima","potentialAction":[{"@type":"SearchAction","target":{"@type":"EntryPoint","urlTemplate":"https:\/\/www.adf.org.br\/home\/?s={search_term_string}"},"query-input":"required name=search_term_string"}],"inLanguage":"pt-BR"},{"@type":"ImageObject","@id":"https:\/\/www.adf.org.br\/home\/oracao-nossa-senhora-do-sagrado-coracao\/#primaryimage","inLanguage":"pt-BR","url":"https:\/\/www.adf.org.br\/home\/wp-content\/uploads\/2020\/08\/Nossa-Senhora-do-Sagrado-Cora\u00e7\u00e3o-1.jpg","contentUrl":"https:\/\/www.adf.org.br\/home\/wp-content\/uploads\/2020\/08\/Nossa-Senhora-do-Sagrado-Cora\u00e7\u00e3o-1.jpg","width":343,"height":454},{"@type":"WebPage","@id":"https:\/\/www.adf.org.br\/home\/oracao-nossa-senhora-do-sagrado-coracao\/#webpage","url":"https:\/\/www.adf.org.br\/home\/oracao-nossa-senhora-do-sagrado-coracao\/","name":"Ora\u00e7\u00e3o a Nossa Senhora do Sagrado Cora\u00e7\u00e3o","isPartOf":{"@id":"https:\/\/www.adf.org.br\/home\/#website"},"primaryImageOfPage":{"@id":"https:\/\/www.adf.org.br\/home\/oracao-nossa-senhora-do-sagrado-coracao\/#primaryimage"},"datePublished":"2021-01-23T03:30:54+00:00","dateModified":"2021-01-19T21:12:56+00:00","author":{"@id":"https:\/\/www.adf.org.br\/home\/#\/schema\/person\/f35a5c5aa7728a3dedf4ea9aa1fc2753"},"description":"\"Lembrai-vos, \u00f3 Senhora do Sagrado Cora\u00e7\u00e3o de Jesus, do poder sem...\" Clique aqui para acender a Vela das Gra\u00e7as da Virgem Maria. \u00c9 Gr\u00e1tis.","breadcrumb":{"@id":"https:\/\/www.adf.org.br\/home\/oracao-nossa-senhora-do-sagrado-coracao\/#breadcrumb"},"inLanguage":"pt-BR","potentialAction":[{"@type":"ReadAction","target":["https:\/\/www.adf.org.br\/home\/oracao-nossa-senhora-do-sagrado-coracao\/"]}]},{"@type":"BreadcrumbList","@id":"https:\/\/www.adf.org.br\/home\/oracao-nossa-senhora-do-sagrado-coracao\/#breadcrumb","itemListElement":[{"@type":"ListItem","position":1,"name":"Home","item":"https:\/\/www.adf.org.br\/home\/"},{"@type":"ListItem","position":2,"name":"Ora\u00e7\u00e3o a Nossa Senhora do Sagrado Cora\u00e7\u00e3o!"}]},{"@type":"Person","@id":"https:\/\/www.adf.org.br\/home\/#\/schema\/person\/f35a5c5aa7728a3dedf4ea9aa1fc2753","name":"Gabriel Barbosa","image":{"@type":"ImageObject","@id":"https:\/\/www.adf.org.br\/home\/#personlogo","inLanguage":"pt-BR","url":"https:\/\/secure.gravatar.com\/avatar\/2b2cb2f4637682c5605e8d36818f51ef?s=96&d=mm&r=g","contentUrl":"https:\/\/secure.gravatar.com\/avatar\/2b2cb2f4637682c5605e8d36818f51ef?s=96&d=mm&r=g","caption":"Gabriel Barbosa"},"url":"https:\/\/www.adf.org.br\/home\/author\/gabrielpmk-com-br\/"}]}},"_links":{"self":[{"href":"https:\/\/www.adf.org.br\/home\/wp-json\/wp\/v2\/posts\/55476"}],"collection":[{"href":"https:\/\/www.adf.org.br\/home\/wp-json\/wp\/v2\/posts"}],"about":[{"href":"https:\/\/www.adf.org.br\/home\/wp-json\/wp\/v2\/types\/post"}],"author":[{"embeddable":true,"href":"https:\/\/www.adf.org.br\/home\/wp-json\/wp\/v2\/users\/31"}],"replies":[{"embeddable":true,"href":"https:\/\/www.adf.org.br\/home\/wp-json\/wp\/v2\/comments?post=55476"}],"version-history":[{"count":10,"href":"https:\/\/www.adf.org.br\/home\/wp-json\/wp\/v2\/posts\/55476\/revisions"}],"predecessor-version":[{"id":63303,"href":"https:\/\/www.adf.org.br\/home\/wp-json\/wp\/v2\/posts\/55476\/revisions\/63303"}],"wp:featuredmedia":[{"embeddable":true,"href":"https:\/\/www.adf.org.br\/home\/wp-json\/wp\/v2\/media\/61201"}],"wp:attachment":[{"href":"https:\/\/www.adf.org.br\/home\/wp-json\/wp\/v2\/media?parent=55476"}],"wp:term":[{"taxonomy":"category","embeddable":true,"href":"https:\/\/www.adf.org.br\/home\/wp-json\/wp\/v2\/categories?post=55476"},{"taxonomy":"post_tag","embeddable":true,"href":"https:\/\/www.adf.org.br\/home\/wp-json\/wp\/v2\/tags?post=55476"}],"curies":[{"name":"wp","href":"https:\/\/api.w.org\/{rel}","templated":true}]}}