{"id":55135,"date":"2020-10-06T00:30:37","date_gmt":"2020-10-06T03:30:37","guid":{"rendered":"http:\/\/www.adf.org.br\/home\/?p=55135"},"modified":"2020-10-05T14:44:15","modified_gmt":"2020-10-05T17:44:15","slug":"novena-de-nossa-senhora-aparecida-4o-dia","status":"publish","type":"post","link":"https:\/\/www.adf.org.br\/home\/novena-de-nossa-senhora-aparecida-4o-dia\/","title":{"rendered":"Novena de Nossa Senhora Aparecida &#8211; 4\u00ba Dia"},"content":{"rendered":"<p><span style=\"color: #ffffff;\">.<a href=\"http:\/\/www.adf.org.br\/veladeaparecida?origem=16251\" target=\"_blank\" rel=\"noopener noreferrer\"><img loading=\"lazy\" class=\"aligncenter wp-image-61768\" src=\"https:\/\/www.adf.org.br\/home\/wp-content\/uploads\/2020\/10\/template-sra-aparecida3.png\" sizes=\"(max-width: 631px) 100vw, 631px\" srcset=\"https:\/\/www.adf.org.br\/home\/wp-content\/uploads\/2020\/10\/template-sra-aparecida3.png 1000w, https:\/\/www.adf.org.br\/home\/wp-content\/uploads\/2020\/10\/template-sra-aparecida3-300x180.png 300w, https:\/\/www.adf.org.br\/home\/wp-content\/uploads\/2020\/10\/template-sra-aparecida3-768x461.png 768w\" alt=\"\" width=\"631\" height=\"379\" \/><\/a><\/span><\/p>\n<p><span style=\"font-family: verdana, geneva, sans-serif; color: #000000; font-size: 12pt;\"><span style=\"font-size: 14pt;\"><b>Ora\u00e7\u00e3o inicial para todos os dias da Novena<\/b><\/span><span style=\"font-weight: 400; color: #0000ff;\"> (<a style=\"color: #0000ff;\" href=\"https:\/\/www.adf.org.br\/home\/novena-de-nossa-senhora-aparecida-1o-dia\/\" target=\"_blank\" rel=\"noopener noreferrer\">Clique aqui para acessar<\/a>)<\/span><\/span><\/p>\n<p><span style=\"color: #ffffff;\">.<\/span><\/p>\n<p><span style=\"font-family: verdana, geneva, sans-serif; color: #000000; font-size: 14pt;\"><b><span style=\"color: #003366;\">Novena de Nossa Senhora Aparecida \u2013<\/span> 4\u00ba Dia<\/b><\/span><\/p>\n<p><span style=\"color: #ffffff;\">.<\/span><\/p>\n<p><span style=\"font-weight: 400; font-family: verdana, geneva, sans-serif; color: #000000; font-size: 12pt;\">\u00d3 espelho de pureza, Imaculada Virgem Maria, eu me encho de sumo gozo ao ver que desde a vossa Concei\u00e7\u00e3o, foram em v\u00f3s infundidas as mais sublimes virtudes e, ao mesmo tempo, todos os dons do Esp\u00edrito Santo.<\/span><span style=\"color: #ffffff;\">.<\/span><\/p>\n<p><span style=\"font-weight: 400; font-family: verdana, geneva, sans-serif; color: #000000; font-size: 12pt;\">Dou gra\u00e7as e louvo a Sant\u00edssima Trindade que com estes privil\u00e9gios vos favoreceu; e suplico-vos, \u00f3 benigna M\u00e3e, que me alcanceis a pr\u00e1tica das virtudes, e me fa\u00e7ais tamb\u00e9m digno e receber os dons e a gra\u00e7a do Esp\u00edrito Santo.<\/span><span style=\"color: #ffffff;\">.<\/span><\/p>\n<p><span style=\"font-family: verdana, geneva, sans-serif; color: #000000; font-size: 12pt;\"><b>Rezar um Pai-nosso, uma Ave-Maria e um Gl\u00f3ria.<\/b><\/span><span style=\"color: #ffffff;\">.<\/span><\/p>\n<p><span style=\"font-family: verdana, geneva, sans-serif; color: #000000; font-size: 12pt;\"><b>Jaculat\u00f3ria Final:\u00a0<\/b><\/span><\/p>\n<p><span style=\"font-size: 12pt;\"><em><span style=\"font-family: verdana, geneva, sans-serif; color: #003366;\">&#8220;Senhora Aparecida, milagrosa Padroeira, sede nossa guia nesta mortal carreira!&#8221;<\/span><\/em><\/span><span style=\"color: #ffffff;\">.<\/span><\/p>\n<p style=\"text-align: right;\"><span style=\"font-family: verdana, geneva, sans-serif; color: #000000; font-size: 10pt;\"><b>Fonte: <\/b><span style=\"font-weight: 400;\">Livro das Novenas<\/span><\/span><\/p>\n<p><a href=\"https:\/\/www.adf.org.br\/home\/novena-de-nossa-senhora-aparecida-1o-dia\/\" target=\"_blank\" rel=\"noopener noreferrer\"><span style=\"font-family: verdana, geneva, sans-serif; color: #0000ff; font-size: 12pt;\"><b>1\u00ba Dia<\/b><span style=\"font-weight: 400;\"> &#8211; <\/span><b>Novena de Nossa Senhora Aparecida<\/b><\/span><\/a><\/p>\n<p><a href=\"https:\/\/www.adf.org.br\/home\/novena-de-nossa-senhora-aparecida-2o-dia\/\" target=\"_blank\" rel=\"noopener noreferrer\"><span style=\"font-family: verdana, geneva, sans-serif; color: #0000ff; font-size: 12pt;\"><b>2\u00ba Dia<\/b><span style=\"font-weight: 400;\"> &#8211; <\/span><b>Novena de Nossa Senhora Aparecida<\/b><\/span><\/a><\/p>\n<p><a href=\"https:\/\/www.adf.org.br\/home\/novena-de-nossa-senhora-aparecida-3o-dia\/\" target=\"_blank\" rel=\"noopener noreferrer\"><span style=\"font-family: verdana, geneva, sans-serif; color: #0000ff; font-size: 12pt;\"><b>3\u00ba Dia<\/b><span style=\"font-weight: 400;\"> &#8211; <\/span><b>Novena de Nossa Senhora Aparecida<\/b><\/span><\/a><span style=\"font-weight: 400;\"><span style=\"color: #0000ff;\">\u00a0<\/span>\u00a0<\/span><\/p>\n<p><span style=\"color: #ffffff;\">.<\/span><\/p>\n<hr \/>\n<h6 style=\"text-align: center;\"><span style=\"font-family: verdana, geneva, sans-serif; color: #003366; font-size: 14pt;\"><b><span style=\"color: #ffffff;\">.<\/span><br \/>\nVELA DE NOSSA SENHORA APARECIDA<\/b><\/span><span style=\"color: #ffffff;\">.<\/span><\/h6>\n<p style=\"text-align: center;\"><span style=\"font-weight: 400; font-family: verdana, geneva, sans-serif; color: #000000; font-size: 12pt;\"><strong>Clique na imagem abaixo<\/strong> para acender uma vela para a Santa Protetora de nosso pa\u00eds:<\/span><span style=\"color: #ffffff;\">.<\/span><\/p>\n<p><a href=\"http:\/\/www.adf.org.br\/veladeaparecida\/?origem=16251\" target=\"_blank\" rel=\"noopener noreferrer\"><img loading=\"lazy\" class=\"aligncenter wp-image-61771\" src=\"https:\/\/www.adf.org.br\/home\/wp-content\/uploads\/2020\/10\/template-sra-aparecida1-1-300x180.png\" sizes=\"(max-width: 447px) 100vw, 447px\" srcset=\"https:\/\/www.adf.org.br\/home\/wp-content\/uploads\/2020\/10\/template-sra-aparecida1-1-300x180.png 300w, https:\/\/www.adf.org.br\/home\/wp-content\/uploads\/2020\/10\/template-sra-aparecida1-1-768x461.png 768w, https:\/\/www.adf.org.br\/home\/wp-content\/uploads\/2020\/10\/template-sra-aparecida1-1.png 1000w\" alt=\"\" width=\"447\" height=\"269\" \/><\/a><\/p>\n<p style=\"text-align: center;\"><span style=\"color: #ffffff;\">.<\/span><\/p>\n<p style=\"text-align: center;\"><span style=\"font-family: verdana, geneva, sans-serif; color: #000000; font-size: 12pt;\"><i><span style=\"font-weight: 400;\"><span style=\"color: #003366;\">\u201cNossa Senhora Aparecida, rogai por n\u00f3s.\u201d<\/span>\u00a0<\/span><\/i><\/span><span style=\"color: #ffffff;\">.<\/span><span style=\"color: #ffffff;\">.<\/span><\/p>\n","protected":false},"excerpt":{"rendered":"<p>. Ora\u00e7\u00e3o inicial para todos os dias da Novena (Clique aqui para acessar) . Novena de Nossa Senhora Aparecida \u2013 4\u00ba Dia . \u00d3 espelho de pureza, Imaculada Virgem Maria, eu me encho de sumo gozo ao ver que desde a vossa Concei\u00e7\u00e3o, foram em v\u00f3s infundidas as mais sublimes virtudes e, ao mesmo tempo, [&hellip;]<\/p>\n","protected":false},"author":31,"featured_media":61769,"comment_status":"open","ping_status":"open","sticky":false,"template":"","format":"standard","meta":[],"categories":[20,1954,14,2332],"tags":[3288,799,92,3283,142,2177,1462],"yoast_head":"<!-- This site is optimized with the Yoast SEO plugin v17.4 - https:\/\/yoast.com\/wordpress\/plugins\/seo\/ -->\n<title>Novena de Nossa Senhora Aparecida - 4\u00ba Dia<\/title>\n<meta name=\"description\" content=\"Ora\u00e7\u00e3o do 4\u00ba Dia da Novena de Nossa Senhora Aparecida. Acenda uma vela e inscreva suas s\u00faplicas \u00e0 Padroeira do Brasil. \u00c9 GR\u00c1TIS.\" \/>\n<meta name=\"robots\" content=\"index, follow, max-snippet:-1, max-image-preview:large, max-video-preview:-1\" \/>\n<link rel=\"canonical\" href=\"https:\/\/www.adf.org.br\/home\/novena-de-nossa-senhora-aparecida-4o-dia\/\" \/>\n<meta property=\"og:locale\" content=\"pt_BR\" \/>\n<meta property=\"og:type\" content=\"article\" \/>\n<meta property=\"og:title\" content=\"Novena de Nossa Senhora Aparecida - 4\u00ba Dia\" \/>\n<meta property=\"og:description\" content=\"Ora\u00e7\u00e3o do 4\u00ba Dia da Novena de Nossa Senhora Aparecida. Acenda uma vela e inscreva suas s\u00faplicas \u00e0 Padroeira do Brasil. \u00c9 GR\u00c1TIS.\" \/>\n<meta property=\"og:url\" content=\"https:\/\/www.adf.org.br\/home\/novena-de-nossa-senhora-aparecida-4o-dia\/\" \/>\n<meta property=\"og:site_name\" content=\"Associa\u00e7\u00e3o Devotos de F\u00e1tima\" \/>\n<meta property=\"article:published_time\" content=\"2020-10-06T03:30:37+00:00\" \/>\n<meta property=\"article:modified_time\" content=\"2020-10-05T17:44:15+00:00\" \/>\n<meta property=\"og:image\" content=\"https:\/\/www.adf.org.br\/home\/wp-content\/uploads\/2020\/10\/template-sra-aparecida3-1-1.png\" \/>\n\t<meta property=\"og:image:width\" content=\"1000\" \/>\n\t<meta property=\"og:image:height\" content=\"600\" \/>\n<meta name=\"twitter:card\" content=\"summary_large_image\" \/>\n<meta name=\"twitter:label1\" content=\"Escrito por\" \/>\n\t<meta name=\"twitter:data1\" content=\"Gabriel Barbosa\" \/>\n\t<meta name=\"twitter:label2\" content=\"Est. tempo de leitura\" \/>\n\t<meta name=\"twitter:data2\" content=\"1 minuto\" \/>\n<script type=\"application\/ld+json\" class=\"yoast-schema-graph\">{\"@context\":\"https:\/\/schema.org\",\"@graph\":[{\"@type\":\"WebSite\",\"@id\":\"https:\/\/www.adf.org.br\/home\/#website\",\"url\":\"https:\/\/www.adf.org.br\/home\/\",\"name\":\"Associa\\u00e7\\u00e3o Devotos de F\\u00e1tima\",\"description\":\"Associa\\u00e7\\u00e3o Devotos de F\\u00e1tima\",\"potentialAction\":[{\"@type\":\"SearchAction\",\"target\":{\"@type\":\"EntryPoint\",\"urlTemplate\":\"https:\/\/www.adf.org.br\/home\/?s={search_term_string}\"},\"query-input\":\"required name=search_term_string\"}],\"inLanguage\":\"pt-BR\"},{\"@type\":\"ImageObject\",\"@id\":\"https:\/\/www.adf.org.br\/home\/novena-de-nossa-senhora-aparecida-4o-dia\/#primaryimage\",\"inLanguage\":\"pt-BR\",\"url\":\"https:\/\/www.adf.org.br\/home\/wp-content\/uploads\/2020\/10\/template-sra-aparecida3-1-1.png\",\"contentUrl\":\"https:\/\/www.adf.org.br\/home\/wp-content\/uploads\/2020\/10\/template-sra-aparecida3-1-1.png\",\"width\":1000,\"height\":600},{\"@type\":\"WebPage\",\"@id\":\"https:\/\/www.adf.org.br\/home\/novena-de-nossa-senhora-aparecida-4o-dia\/#webpage\",\"url\":\"https:\/\/www.adf.org.br\/home\/novena-de-nossa-senhora-aparecida-4o-dia\/\",\"name\":\"Novena de Nossa Senhora Aparecida - 4\\u00ba Dia\",\"isPartOf\":{\"@id\":\"https:\/\/www.adf.org.br\/home\/#website\"},\"primaryImageOfPage\":{\"@id\":\"https:\/\/www.adf.org.br\/home\/novena-de-nossa-senhora-aparecida-4o-dia\/#primaryimage\"},\"datePublished\":\"2020-10-06T03:30:37+00:00\",\"dateModified\":\"2020-10-05T17:44:15+00:00\",\"author\":{\"@id\":\"https:\/\/www.adf.org.br\/home\/#\/schema\/person\/f35a5c5aa7728a3dedf4ea9aa1fc2753\"},\"description\":\"Ora\\u00e7\\u00e3o do 4\\u00ba Dia da Novena de Nossa Senhora Aparecida. Acenda uma vela e inscreva suas s\\u00faplicas \\u00e0 Padroeira do Brasil. \\u00c9 GR\\u00c1TIS.\",\"breadcrumb\":{\"@id\":\"https:\/\/www.adf.org.br\/home\/novena-de-nossa-senhora-aparecida-4o-dia\/#breadcrumb\"},\"inLanguage\":\"pt-BR\",\"potentialAction\":[{\"@type\":\"ReadAction\",\"target\":[\"https:\/\/www.adf.org.br\/home\/novena-de-nossa-senhora-aparecida-4o-dia\/\"]}]},{\"@type\":\"BreadcrumbList\",\"@id\":\"https:\/\/www.adf.org.br\/home\/novena-de-nossa-senhora-aparecida-4o-dia\/#breadcrumb\",\"itemListElement\":[{\"@type\":\"ListItem\",\"position\":1,\"name\":\"Home\",\"item\":\"https:\/\/www.adf.org.br\/home\/\"},{\"@type\":\"ListItem\",\"position\":2,\"name\":\"Novena de Nossa Senhora Aparecida &#8211; 4\\u00ba Dia\"}]},{\"@type\":\"Person\",\"@id\":\"https:\/\/www.adf.org.br\/home\/#\/schema\/person\/f35a5c5aa7728a3dedf4ea9aa1fc2753\",\"name\":\"Gabriel Barbosa\",\"image\":{\"@type\":\"ImageObject\",\"@id\":\"https:\/\/www.adf.org.br\/home\/#personlogo\",\"inLanguage\":\"pt-BR\",\"url\":\"https:\/\/secure.gravatar.com\/avatar\/2b2cb2f4637682c5605e8d36818f51ef?s=96&d=mm&r=g\",\"contentUrl\":\"https:\/\/secure.gravatar.com\/avatar\/2b2cb2f4637682c5605e8d36818f51ef?s=96&d=mm&r=g\",\"caption\":\"Gabriel Barbosa\"},\"url\":\"https:\/\/www.adf.org.br\/home\/author\/gabrielpmk-com-br\/\"}]}<\/script>\n<!-- \/ Yoast SEO plugin. -->","yoast_head_json":{"title":"Novena de Nossa Senhora Aparecida - 4\u00ba Dia","description":"Ora\u00e7\u00e3o do 4\u00ba Dia da Novena de Nossa Senhora Aparecida. Acenda uma vela e inscreva suas s\u00faplicas \u00e0 Padroeira do Brasil. \u00c9 GR\u00c1TIS.","robots":{"index":"index","follow":"follow","max-snippet":"max-snippet:-1","max-image-preview":"max-image-preview:large","max-video-preview":"max-video-preview:-1"},"canonical":"https:\/\/www.adf.org.br\/home\/novena-de-nossa-senhora-aparecida-4o-dia\/","og_locale":"pt_BR","og_type":"article","og_title":"Novena de Nossa Senhora Aparecida - 4\u00ba Dia","og_description":"Ora\u00e7\u00e3o do 4\u00ba Dia da Novena de Nossa Senhora Aparecida. Acenda uma vela e inscreva suas s\u00faplicas \u00e0 Padroeira do Brasil. \u00c9 GR\u00c1TIS.","og_url":"https:\/\/www.adf.org.br\/home\/novena-de-nossa-senhora-aparecida-4o-dia\/","og_site_name":"Associa\u00e7\u00e3o Devotos de F\u00e1tima","article_published_time":"2020-10-06T03:30:37+00:00","article_modified_time":"2020-10-05T17:44:15+00:00","og_image":[{"width":1000,"height":600,"url":"https:\/\/www.adf.org.br\/home\/wp-content\/uploads\/2020\/10\/template-sra-aparecida3-1-1.png","type":"image\/png"}],"twitter_card":"summary_large_image","twitter_misc":{"Escrito por":"Gabriel Barbosa","Est. tempo de leitura":"1 minuto"},"schema":{"@context":"https:\/\/schema.org","@graph":[{"@type":"WebSite","@id":"https:\/\/www.adf.org.br\/home\/#website","url":"https:\/\/www.adf.org.br\/home\/","name":"Associa\u00e7\u00e3o Devotos de F\u00e1tima","description":"Associa\u00e7\u00e3o Devotos de F\u00e1tima","potentialAction":[{"@type":"SearchAction","target":{"@type":"EntryPoint","urlTemplate":"https:\/\/www.adf.org.br\/home\/?s={search_term_string}"},"query-input":"required name=search_term_string"}],"inLanguage":"pt-BR"},{"@type":"ImageObject","@id":"https:\/\/www.adf.org.br\/home\/novena-de-nossa-senhora-aparecida-4o-dia\/#primaryimage","inLanguage":"pt-BR","url":"https:\/\/www.adf.org.br\/home\/wp-content\/uploads\/2020\/10\/template-sra-aparecida3-1-1.png","contentUrl":"https:\/\/www.adf.org.br\/home\/wp-content\/uploads\/2020\/10\/template-sra-aparecida3-1-1.png","width":1000,"height":600},{"@type":"WebPage","@id":"https:\/\/www.adf.org.br\/home\/novena-de-nossa-senhora-aparecida-4o-dia\/#webpage","url":"https:\/\/www.adf.org.br\/home\/novena-de-nossa-senhora-aparecida-4o-dia\/","name":"Novena de Nossa Senhora Aparecida - 4\u00ba Dia","isPartOf":{"@id":"https:\/\/www.adf.org.br\/home\/#website"},"primaryImageOfPage":{"@id":"https:\/\/www.adf.org.br\/home\/novena-de-nossa-senhora-aparecida-4o-dia\/#primaryimage"},"datePublished":"2020-10-06T03:30:37+00:00","dateModified":"2020-10-05T17:44:15+00:00","author":{"@id":"https:\/\/www.adf.org.br\/home\/#\/schema\/person\/f35a5c5aa7728a3dedf4ea9aa1fc2753"},"description":"Ora\u00e7\u00e3o do 4\u00ba Dia da Novena de Nossa Senhora Aparecida. Acenda uma vela e inscreva suas s\u00faplicas \u00e0 Padroeira do Brasil. \u00c9 GR\u00c1TIS.","breadcrumb":{"@id":"https:\/\/www.adf.org.br\/home\/novena-de-nossa-senhora-aparecida-4o-dia\/#breadcrumb"},"inLanguage":"pt-BR","potentialAction":[{"@type":"ReadAction","target":["https:\/\/www.adf.org.br\/home\/novena-de-nossa-senhora-aparecida-4o-dia\/"]}]},{"@type":"BreadcrumbList","@id":"https:\/\/www.adf.org.br\/home\/novena-de-nossa-senhora-aparecida-4o-dia\/#breadcrumb","itemListElement":[{"@type":"ListItem","position":1,"name":"Home","item":"https:\/\/www.adf.org.br\/home\/"},{"@type":"ListItem","position":2,"name":"Novena de Nossa Senhora Aparecida &#8211; 4\u00ba Dia"}]},{"@type":"Person","@id":"https:\/\/www.adf.org.br\/home\/#\/schema\/person\/f35a5c5aa7728a3dedf4ea9aa1fc2753","name":"Gabriel Barbosa","image":{"@type":"ImageObject","@id":"https:\/\/www.adf.org.br\/home\/#personlogo","inLanguage":"pt-BR","url":"https:\/\/secure.gravatar.com\/avatar\/2b2cb2f4637682c5605e8d36818f51ef?s=96&d=mm&r=g","contentUrl":"https:\/\/secure.gravatar.com\/avatar\/2b2cb2f4637682c5605e8d36818f51ef?s=96&d=mm&r=g","caption":"Gabriel Barbosa"},"url":"https:\/\/www.adf.org.br\/home\/author\/gabrielpmk-com-br\/"}]}},"_links":{"self":[{"href":"https:\/\/www.adf.org.br\/home\/wp-json\/wp\/v2\/posts\/55135"}],"collection":[{"href":"https:\/\/www.adf.org.br\/home\/wp-json\/wp\/v2\/posts"}],"about":[{"href":"https:\/\/www.adf.org.br\/home\/wp-json\/wp\/v2\/types\/post"}],"author":[{"embeddable":true,"href":"https:\/\/www.adf.org.br\/home\/wp-json\/wp\/v2\/users\/31"}],"replies":[{"embeddable":true,"href":"https:\/\/www.adf.org.br\/home\/wp-json\/wp\/v2\/comments?post=55135"}],"version-history":[{"count":3,"href":"https:\/\/www.adf.org.br\/home\/wp-json\/wp\/v2\/posts\/55135\/revisions"}],"predecessor-version":[{"id":61822,"href":"https:\/\/www.adf.org.br\/home\/wp-json\/wp\/v2\/posts\/55135\/revisions\/61822"}],"wp:featuredmedia":[{"embeddable":true,"href":"https:\/\/www.adf.org.br\/home\/wp-json\/wp\/v2\/media\/61769"}],"wp:attachment":[{"href":"https:\/\/www.adf.org.br\/home\/wp-json\/wp\/v2\/media?parent=55135"}],"wp:term":[{"taxonomy":"category","embeddable":true,"href":"https:\/\/www.adf.org.br\/home\/wp-json\/wp\/v2\/categories?post=55135"},{"taxonomy":"post_tag","embeddable":true,"href":"https:\/\/www.adf.org.br\/home\/wp-json\/wp\/v2\/tags?post=55135"}],"curies":[{"name":"wp","href":"https:\/\/api.w.org\/{rel}","templated":true}]}}