{"id":54978,"date":"2020-09-29T08:00:49","date_gmt":"2020-09-29T11:00:49","guid":{"rendered":"http:\/\/www.adf.org.br\/home\/?p=54978"},"modified":"2020-09-29T08:23:00","modified_gmt":"2020-09-29T11:23:00","slug":"hoje-e-dia-dos-santos-arcanjos-sao-gabriel-sao-miguel-e-sao-rafael","status":"publish","type":"post","link":"https:\/\/www.adf.org.br\/home\/hoje-e-dia-dos-santos-arcanjos-sao-gabriel-sao-miguel-e-sao-rafael\/","title":{"rendered":"Hoje \u00e9 Dia dos Santos Arcanjos: S\u00e3o Gabriel, S\u00e3o Miguel e S\u00e3o Rafael\u00a0"},"content":{"rendered":"<p style=\"text-align: center;\"><a href=\"https:\/\/adf.org.br\/velario\/santosarcanjos?origem=16159\" target=\"_blank\" rel=\"noopener noreferrer\"><img loading=\"lazy\" class=\"alignnone wp-image-54983 size-full\" src=\"https:\/\/www.adf.org.br\/home\/wp-content\/uploads\/2019\/09\/Gabriel-Miguel-e-Rafael-3.jpg\" alt=\"Gabriel, Miguel e Rafael\" width=\"578\" height=\"329\" \/><\/a><\/p>\n<p>&nbsp;<\/p>\n<p style=\"text-align: left;\"><span style=\"font-weight: 400; font-family: verdana, geneva, sans-serif; color: #000000; font-size: 12pt;\"><strong>29 de Setembro &#8211;<\/strong> No dia que comemoramos a <strong><span style=\"color: #003366;\">Festa de S\u00e3o Gabriel<\/span><\/strong><span style=\"color: #003366;\"><span style=\"color: #000000;\">,<\/span><\/span><strong><span style=\"color: #003366;\"> S\u00e3o Miguel <\/span><\/strong><span style=\"color: #003366;\"><span style=\"color: #000000;\">e<\/span><\/span><strong><span style=\"color: #003366;\"> S\u00e3o Rafael<\/span><\/strong>, reze a prece abaixo e pe\u00e7a prote\u00e7\u00e3o aos Grandes Mensageiros de Deus:<\/span><span style=\"color: #ffffff; text-align: center;\">.<\/span><\/p>\n<blockquote>\n<h6 style=\"text-align: center;\"><span style=\"font-family: verdana, geneva, sans-serif; color: #003366; font-size: 14pt;\"><b>Ora\u00e7\u00e3o aos Arcanjos Gabriel, Miguel e Rafael<\/b><\/span><\/h6>\n<h6 style=\"text-align: center;\"><span style=\"color: #ffffff;\">.<\/span><\/h6>\n<p><em><span style=\"font-family: verdana, geneva, sans-serif; font-size: 12pt; color: #000000;\"><strong>Arcanjo Gabriel<\/strong>,<\/span><\/em><\/p>\n<p><em><span style=\"font-family: verdana, geneva, sans-serif; font-size: 12pt; color: #000000;\">Portador das boas novas,<\/span><\/em><\/p>\n<p><em><span style=\"font-family: verdana, geneva, sans-serif; font-size: 12pt; color: #000000;\">das mudan\u00e7as, da sabedoria e da intelig\u00eancia,<\/span><\/em><\/p>\n<p><em><span style=\"font-family: verdana, geneva, sans-serif; font-size: 12pt; color: #000000;\">Arcanjo da Anuncia\u00e7\u00e3o trazei todos os dias mensagens boas e otimistas.<\/span><\/em><\/p>\n<p><em><span style=\"font-family: verdana, geneva, sans-serif; font-size: 12pt; color: #000000;\">Fazei com que eu tamb\u00e9m seja um mensageiro,<\/span><\/em><\/p>\n<p><em><span style=\"font-family: verdana, geneva, sans-serif; font-size: 12pt; color: #000000;\">proferindo somente palavras e atos de bondade e positivismo.<\/span><\/em><\/p>\n<p><em><span style=\"font-family: verdana, geneva, sans-serif; font-size: 12pt; color: #000000;\">Concedei-me o alcance de meus objetivos.<\/span><\/em><\/p>\n<p><span style=\"color: #ffffff;\">.<\/span><\/p>\n<p><em><span style=\"font-family: verdana, geneva, sans-serif; font-size: 12pt; color: #000000;\"><strong>Arcanjo Miguel<\/strong>,<\/span><\/em><\/p>\n<p><em><span style=\"font-family: verdana, geneva, sans-serif; font-size: 12pt; color: #000000;\">Pr\u00edncipe Guardi\u00e3o e Guerreiro<\/span><\/em><\/p>\n<p><em><span style=\"font-family: verdana, geneva, sans-serif; font-size: 12pt; color: #000000;\">defendei-me e protegei-me com Vossa espada,<\/span><\/em><\/p>\n<p><em><span style=\"font-family: verdana, geneva, sans-serif; font-size: 12pt; color: #000000;\">n\u00e3o permiti que nenhum mal me atinja.<\/span><\/em><\/p>\n<p><em><span style=\"font-family: verdana, geneva, sans-serif; font-size: 12pt; color: #000000;\">Protegei-me contra assaltos, roubos, acidentes,<\/span><\/em><\/p>\n<p><em><span style=\"font-family: verdana, geneva, sans-serif; font-size: 12pt; color: #000000;\">contra quaisquer ato de viol\u00eancia.<\/span><\/em><\/p>\n<p><em><span style=\"font-family: verdana, geneva, sans-serif; font-size: 12pt; color: #000000;\">Livrai-me de pessoas negativas.<\/span><\/em><\/p>\n<p><em><span style=\"font-family: verdana, geneva, sans-serif; font-size: 12pt; color: #000000;\">Espalhai Vosso manto e vosso escudo de prote\u00e7\u00e3o<\/span><\/em><\/p>\n<p><em><span style=\"font-family: verdana, geneva, sans-serif; font-size: 12pt; color: #000000;\">em meu lar, meus filhos e familiares.<\/span><\/em><\/p>\n<p><em><span style=\"font-family: verdana, geneva, sans-serif; font-size: 12pt; color: #000000;\">Guardai meu trabalho, meus neg\u00f3cios e meus bens.<\/span><\/em><\/p>\n<p><em><span style=\"font-family: verdana, geneva, sans-serif; font-size: 12pt; color: #000000;\">Trazei a paz e a harmonia.<\/span><\/em><\/p>\n<p><span style=\"color: #ffffff;\">.<\/span><\/p>\n<p><em><span style=\"font-family: verdana, geneva, sans-serif; font-size: 12pt; color: #000000;\"><strong>Arcanjo Rafael<\/strong>,<\/span><\/em><\/p>\n<p><em><span style=\"font-family: verdana, geneva, sans-serif; font-size: 12pt; color: #000000;\">Guardi\u00e3o da sa\u00fade e da cura<\/span><\/em><\/p>\n<p><em><span style=\"font-family: verdana, geneva, sans-serif; font-size: 12pt; color: #000000;\">pe\u00e7o que Vossos raios curativos des\u00e7am sobre mim,<\/span><\/em><\/p>\n<p><em><span style=\"font-family: verdana, geneva, sans-serif; font-size: 12pt; color: #000000;\">dando-me sa\u00fade e cura.<\/span><\/em><\/p>\n<p><em><span style=\"font-family: verdana, geneva, sans-serif; font-size: 12pt; color: #000000;\">Guardai meus corpos f\u00edsico e mental,<\/span><\/em><\/p>\n<p><em><span style=\"font-family: verdana, geneva, sans-serif; font-size: 12pt; color: #000000;\">livrando-me de todas as doen\u00e7as.<\/span><\/em><\/p>\n<p><em><span style=\"font-family: verdana, geneva, sans-serif; font-size: 12pt; color: #000000;\">Expandi Vossa beleza curativa em meu lar,<\/span><\/em><\/p>\n<p><em><span style=\"font-family: verdana, geneva, sans-serif; font-size: 12pt; color: #000000;\">meus filhos e familiares, no trabalho que executo,<\/span><\/em><\/p>\n<p><em><span style=\"font-family: verdana, geneva, sans-serif; font-size: 12pt; color: #000000;\">para as pessoas com quem convivo diariamente.<\/span><\/em><\/p>\n<p><em><span style=\"font-family: verdana, geneva, sans-serif; font-size: 12pt; color: #000000;\">Afastai a disc\u00f3rdia e ajuda-me a superar conflitos.<\/span><\/em><\/p>\n<p><em><span style=\"font-family: verdana, geneva, sans-serif; font-size: 12pt; color: #000000;\">Arcanjo Rafael, transformai a minha alma e o meu ser,<\/span><\/em><\/p>\n<p><em><span style=\"font-family: verdana, geneva, sans-serif; font-size: 12pt; color: #000000;\">para que eu possa sempre refletir a Vossa Luz.<\/span><\/em><\/p>\n<p><span style=\"color: #ffffff;\">.<\/span><br \/>\n<strong><em><span style=\"font-family: verdana, geneva, sans-serif; font-size: 12pt; color: #000000;\">Arcanjos,<\/span><\/em><\/strong><\/p>\n<p><em><span style=\"font-family: verdana, geneva, sans-serif; font-size: 12pt; color: #000000;\">Que o C\u00edrculo de Luz e Prote\u00e7\u00e3o que emanam de V\u00f3s me cubram,<\/span><\/em><\/p>\n<p><em><span style=\"font-family: verdana, geneva, sans-serif; font-size: 12pt; color: #000000;\">\u00e0 minha fam\u00edlia, aos meus amigos, e toda a humanidade.<\/span><\/em><\/p>\n<p><strong><em><span style=\"font-family: verdana, geneva, sans-serif; font-size: 12pt; color: #000000;\">Am\u00e9m.<\/span><\/em><\/strong><\/p><\/blockquote>\n<p style=\"text-align: right;\"><span style=\"font-family: verdana, geneva, sans-serif; color: #000000; font-size: 10pt;\"><b>Fonte: <\/b><span style=\"font-weight: 400;\">Associa\u00e7\u00e3o Apostolado do Sagrado Cora\u00e7\u00e3o de Jesus\u00a0<\/span><\/span><\/p>\n<p style=\"text-align: center;\"><span style=\"color: #ffffff;\">.<\/span><\/p>\n<hr \/>\n<h6><span style=\"color: #ffffff;\">.<\/span><\/h6>\n<h3 style=\"text-align: center;\"><span style=\"color: #ff0000;\"><b>Missa dos Arcanjos:\u00a0<\/b><\/span><\/h3>\n<h3 style=\"text-align: center;\"><span style=\"color: #000080;\"><strong>S\u00e3o Gabriel, S\u00e3o Miguel e S\u00e3o Rafael<\/strong><\/span><\/h3>\n<p style=\"text-align: center;\"><span style=\"color: #000000;\"><strong>Inscreva suas preces na Missa que faremos celebrar em louvor aos Arcanjos, no pr\u00f3ximo s\u00e1bado.\u00a0<\/strong><\/span><\/p>\n<p style=\"text-align: center;\"><span style=\"color: #000000;\">Entre em contato com o n\u00famero:<\/span><\/p>\n<h1 style=\"text-align: center;\"><span style=\"color: #800080;\"><a style=\"color: #800080;\" href=\"tel:08006082128\" target=\"_blank\" rel=\"noopener noreferrer\"><strong><span style=\"color: #0000ff;\">0800 608 2128<\/span><\/strong><\/a><\/span><\/h1>\n<p style=\"text-align: center;\"><span style=\"color: #000000;\"><i><strong>Dica:<\/strong> Se estiver no celular, somente tecle no n\u00famero para discar automaticamente.<\/i><\/span><\/p>\n<blockquote><p><span style=\"color: #000080;\">A liga\u00e7\u00e3o \u00e9 <strong>GRATUITA<\/strong> para qualquer regi\u00e3o do pa\u00eds, assim como a<strong> inscri\u00e7\u00e3o das s\u00faplicas que ser\u00e3o encaminhadas para o altar da Santa Missa.<\/strong><\/span><\/p><\/blockquote>\n<p>&nbsp;<\/p>\n<p><span style=\"color: #000000;\">Se n\u00e3o conseguir falar conosco pelo telefone, c<\/span><span style=\"font-family: verdana, geneva, sans-serif; color: #000000; font-size: 12pt;\"><span style=\"font-weight: 400;\">lique na imagem abaixo ou<\/span> <span style=\"color: #0000ff;\"><a style=\"color: #0000ff;\" href=\"https:\/\/adf.org.br\/velario\/santosarcanjos=16159\" target=\"_blank\" rel=\"noopener noreferrer\"><b><span style=\"text-decoration: underline;\">acesse aqui<\/span> <\/b><\/a><\/span><span style=\"font-weight: 400;\">para acender a<\/span><b> Vela de S\u00e3o Miguel, S\u00e3o Rafael e S\u00e3o Gabriel.<\/b><\/span><\/p>\n<p style=\"text-align: center;\"><a href=\"https:\/\/adf.org.br\/velario\/santosarcanjos=16159\" target=\"_blank\" rel=\"noopener noreferrer\"><img loading=\"lazy\" class=\"alignnone wp-image-54981\" src=\"https:\/\/www.adf.org.br\/home\/wp-content\/uploads\/2019\/09\/Vela-4.png\" alt=\"Vela\" width=\"362\" height=\"275\" \/><\/a><\/p>\n<p style=\"text-align: center;\"><span style=\"font-family: verdana, geneva, sans-serif; color: #000000; font-size: 12pt;\"><i><span style=\"font-weight: 400;\"><strong><span style=\"color: #003366;\">Que Maria Sant\u00edssima e os Santos Arcanjos de Deus sempre protejam seus caminhos.<\/span><\/strong>\u00a0<\/span><\/i><\/span><span style=\"color: #ffffff;\">.<\/span><\/p>\n","protected":false},"excerpt":{"rendered":"<p>&nbsp; 29 de Setembro &#8211; No dia que comemoramos a Festa de S\u00e3o Gabriel, S\u00e3o Miguel e S\u00e3o Rafael, reze a prece abaixo e pe\u00e7a prote\u00e7\u00e3o aos Grandes Mensageiros de Deus:. Ora\u00e7\u00e3o aos Arcanjos Gabriel, Miguel e Rafael . Arcanjo Gabriel, Portador das boas novas, das mudan\u00e7as, da sabedoria e da intelig\u00eancia, Arcanjo da Anuncia\u00e7\u00e3o [&hellip;]<\/p>\n","protected":false},"author":31,"featured_media":61657,"comment_status":"open","ping_status":"open","sticky":false,"template":"","format":"standard","meta":[],"categories":[20,2473,60,2621,56,14,2547,2332],"tags":[3264,3265,38,57,3266,470],"yoast_head":"<!-- This site is optimized with the Yoast SEO plugin v17.4 - https:\/\/yoast.com\/wordpress\/plugins\/seo\/ -->\n<title>Hoje \u00e9 Dia dos Santos Arcanjos: S\u00e3o Gabriel, S\u00e3o Miguel e S\u00e3o Rafael\u00a0<\/title>\n<meta name=\"description\" content=\"29 de Setembro - Hoje \u00e9 Dia dos Santos Arcanjos: S\u00e3o Gabriel, S\u00e3o Miguel e S\u00e3o Rafael. Reze esta ora\u00e7\u00e3o aos grandes mensageiros de Deus e...\" \/>\n<meta name=\"robots\" content=\"index, follow, max-snippet:-1, max-image-preview:large, max-video-preview:-1\" \/>\n<link rel=\"canonical\" href=\"https:\/\/www.adf.org.br\/home\/hoje-e-dia-dos-santos-arcanjos-sao-gabriel-sao-miguel-e-sao-rafael\/\" \/>\n<meta property=\"og:locale\" content=\"pt_BR\" \/>\n<meta property=\"og:type\" content=\"article\" \/>\n<meta property=\"og:title\" content=\"Hoje \u00e9 Dia dos Santos Arcanjos: S\u00e3o Gabriel, S\u00e3o Miguel e S\u00e3o Rafael\u00a0\" \/>\n<meta property=\"og:description\" content=\"29 de Setembro - Hoje \u00e9 Dia dos Santos Arcanjos: S\u00e3o Gabriel, S\u00e3o Miguel e S\u00e3o Rafael. Reze esta ora\u00e7\u00e3o aos grandes mensageiros de Deus e...\" \/>\n<meta property=\"og:url\" content=\"https:\/\/www.adf.org.br\/home\/hoje-e-dia-dos-santos-arcanjos-sao-gabriel-sao-miguel-e-sao-rafael\/\" \/>\n<meta property=\"og:site_name\" content=\"Associa\u00e7\u00e3o Devotos de F\u00e1tima\" \/>\n<meta property=\"article:published_time\" content=\"2020-09-29T11:00:49+00:00\" \/>\n<meta property=\"article:modified_time\" content=\"2020-09-29T11:23:00+00:00\" \/>\n<meta property=\"og:image\" content=\"https:\/\/www.adf.org.br\/home\/wp-content\/uploads\/2020\/09\/arcanjos.jpg\" \/>\n\t<meta property=\"og:image:width\" content=\"578\" \/>\n\t<meta property=\"og:image:height\" content=\"329\" \/>\n<meta name=\"twitter:card\" content=\"summary_large_image\" \/>\n<meta name=\"twitter:label1\" content=\"Escrito por\" \/>\n\t<meta name=\"twitter:data1\" content=\"Gabriel Barbosa\" \/>\n\t<meta name=\"twitter:label2\" content=\"Est. tempo de leitura\" \/>\n\t<meta name=\"twitter:data2\" content=\"2 minutos\" \/>\n<script type=\"application\/ld+json\" class=\"yoast-schema-graph\">{\"@context\":\"https:\/\/schema.org\",\"@graph\":[{\"@type\":\"WebSite\",\"@id\":\"https:\/\/www.adf.org.br\/home\/#website\",\"url\":\"https:\/\/www.adf.org.br\/home\/\",\"name\":\"Associa\\u00e7\\u00e3o Devotos de F\\u00e1tima\",\"description\":\"Associa\\u00e7\\u00e3o Devotos de F\\u00e1tima\",\"potentialAction\":[{\"@type\":\"SearchAction\",\"target\":{\"@type\":\"EntryPoint\",\"urlTemplate\":\"https:\/\/www.adf.org.br\/home\/?s={search_term_string}\"},\"query-input\":\"required name=search_term_string\"}],\"inLanguage\":\"pt-BR\"},{\"@type\":\"ImageObject\",\"@id\":\"https:\/\/www.adf.org.br\/home\/hoje-e-dia-dos-santos-arcanjos-sao-gabriel-sao-miguel-e-sao-rafael\/#primaryimage\",\"inLanguage\":\"pt-BR\",\"url\":\"https:\/\/www.adf.org.br\/home\/wp-content\/uploads\/2020\/09\/arcanjos.jpg\",\"contentUrl\":\"https:\/\/www.adf.org.br\/home\/wp-content\/uploads\/2020\/09\/arcanjos.jpg\",\"width\":578,\"height\":329},{\"@type\":\"WebPage\",\"@id\":\"https:\/\/www.adf.org.br\/home\/hoje-e-dia-dos-santos-arcanjos-sao-gabriel-sao-miguel-e-sao-rafael\/#webpage\",\"url\":\"https:\/\/www.adf.org.br\/home\/hoje-e-dia-dos-santos-arcanjos-sao-gabriel-sao-miguel-e-sao-rafael\/\",\"name\":\"Hoje \\u00e9 Dia dos Santos Arcanjos: S\\u00e3o Gabriel, S\\u00e3o Miguel e S\\u00e3o Rafael\\u00a0\",\"isPartOf\":{\"@id\":\"https:\/\/www.adf.org.br\/home\/#website\"},\"primaryImageOfPage\":{\"@id\":\"https:\/\/www.adf.org.br\/home\/hoje-e-dia-dos-santos-arcanjos-sao-gabriel-sao-miguel-e-sao-rafael\/#primaryimage\"},\"datePublished\":\"2020-09-29T11:00:49+00:00\",\"dateModified\":\"2020-09-29T11:23:00+00:00\",\"author\":{\"@id\":\"https:\/\/www.adf.org.br\/home\/#\/schema\/person\/f35a5c5aa7728a3dedf4ea9aa1fc2753\"},\"description\":\"29 de Setembro - Hoje \\u00e9 Dia dos Santos Arcanjos: S\\u00e3o Gabriel, S\\u00e3o Miguel e S\\u00e3o Rafael. Reze esta ora\\u00e7\\u00e3o aos grandes mensageiros de Deus e...\",\"breadcrumb\":{\"@id\":\"https:\/\/www.adf.org.br\/home\/hoje-e-dia-dos-santos-arcanjos-sao-gabriel-sao-miguel-e-sao-rafael\/#breadcrumb\"},\"inLanguage\":\"pt-BR\",\"potentialAction\":[{\"@type\":\"ReadAction\",\"target\":[\"https:\/\/www.adf.org.br\/home\/hoje-e-dia-dos-santos-arcanjos-sao-gabriel-sao-miguel-e-sao-rafael\/\"]}]},{\"@type\":\"BreadcrumbList\",\"@id\":\"https:\/\/www.adf.org.br\/home\/hoje-e-dia-dos-santos-arcanjos-sao-gabriel-sao-miguel-e-sao-rafael\/#breadcrumb\",\"itemListElement\":[{\"@type\":\"ListItem\",\"position\":1,\"name\":\"Home\",\"item\":\"https:\/\/www.adf.org.br\/home\/\"},{\"@type\":\"ListItem\",\"position\":2,\"name\":\"Hoje \\u00e9 Dia dos Santos Arcanjos: S\\u00e3o Gabriel, S\\u00e3o Miguel e S\\u00e3o Rafael\\u00a0\"}]},{\"@type\":\"Person\",\"@id\":\"https:\/\/www.adf.org.br\/home\/#\/schema\/person\/f35a5c5aa7728a3dedf4ea9aa1fc2753\",\"name\":\"Gabriel Barbosa\",\"image\":{\"@type\":\"ImageObject\",\"@id\":\"https:\/\/www.adf.org.br\/home\/#personlogo\",\"inLanguage\":\"pt-BR\",\"url\":\"https:\/\/secure.gravatar.com\/avatar\/2b2cb2f4637682c5605e8d36818f51ef?s=96&d=mm&r=g\",\"contentUrl\":\"https:\/\/secure.gravatar.com\/avatar\/2b2cb2f4637682c5605e8d36818f51ef?s=96&d=mm&r=g\",\"caption\":\"Gabriel Barbosa\"},\"url\":\"https:\/\/www.adf.org.br\/home\/author\/gabrielpmk-com-br\/\"}]}<\/script>\n<!-- \/ Yoast SEO plugin. -->","yoast_head_json":{"title":"Hoje \u00e9 Dia dos Santos Arcanjos: S\u00e3o Gabriel, S\u00e3o Miguel e S\u00e3o Rafael\u00a0","description":"29 de Setembro - Hoje \u00e9 Dia dos Santos Arcanjos: S\u00e3o Gabriel, S\u00e3o Miguel e S\u00e3o Rafael. Reze esta ora\u00e7\u00e3o aos grandes mensageiros de Deus e...","robots":{"index":"index","follow":"follow","max-snippet":"max-snippet:-1","max-image-preview":"max-image-preview:large","max-video-preview":"max-video-preview:-1"},"canonical":"https:\/\/www.adf.org.br\/home\/hoje-e-dia-dos-santos-arcanjos-sao-gabriel-sao-miguel-e-sao-rafael\/","og_locale":"pt_BR","og_type":"article","og_title":"Hoje \u00e9 Dia dos Santos Arcanjos: S\u00e3o Gabriel, S\u00e3o Miguel e S\u00e3o Rafael\u00a0","og_description":"29 de Setembro - Hoje \u00e9 Dia dos Santos Arcanjos: S\u00e3o Gabriel, S\u00e3o Miguel e S\u00e3o Rafael. Reze esta ora\u00e7\u00e3o aos grandes mensageiros de Deus e...","og_url":"https:\/\/www.adf.org.br\/home\/hoje-e-dia-dos-santos-arcanjos-sao-gabriel-sao-miguel-e-sao-rafael\/","og_site_name":"Associa\u00e7\u00e3o Devotos de F\u00e1tima","article_published_time":"2020-09-29T11:00:49+00:00","article_modified_time":"2020-09-29T11:23:00+00:00","og_image":[{"width":578,"height":329,"url":"https:\/\/www.adf.org.br\/home\/wp-content\/uploads\/2020\/09\/arcanjos.jpg","type":"image\/jpeg"}],"twitter_card":"summary_large_image","twitter_misc":{"Escrito por":"Gabriel Barbosa","Est. tempo de leitura":"2 minutos"},"schema":{"@context":"https:\/\/schema.org","@graph":[{"@type":"WebSite","@id":"https:\/\/www.adf.org.br\/home\/#website","url":"https:\/\/www.adf.org.br\/home\/","name":"Associa\u00e7\u00e3o Devotos de F\u00e1tima","description":"Associa\u00e7\u00e3o Devotos de F\u00e1tima","potentialAction":[{"@type":"SearchAction","target":{"@type":"EntryPoint","urlTemplate":"https:\/\/www.adf.org.br\/home\/?s={search_term_string}"},"query-input":"required name=search_term_string"}],"inLanguage":"pt-BR"},{"@type":"ImageObject","@id":"https:\/\/www.adf.org.br\/home\/hoje-e-dia-dos-santos-arcanjos-sao-gabriel-sao-miguel-e-sao-rafael\/#primaryimage","inLanguage":"pt-BR","url":"https:\/\/www.adf.org.br\/home\/wp-content\/uploads\/2020\/09\/arcanjos.jpg","contentUrl":"https:\/\/www.adf.org.br\/home\/wp-content\/uploads\/2020\/09\/arcanjos.jpg","width":578,"height":329},{"@type":"WebPage","@id":"https:\/\/www.adf.org.br\/home\/hoje-e-dia-dos-santos-arcanjos-sao-gabriel-sao-miguel-e-sao-rafael\/#webpage","url":"https:\/\/www.adf.org.br\/home\/hoje-e-dia-dos-santos-arcanjos-sao-gabriel-sao-miguel-e-sao-rafael\/","name":"Hoje \u00e9 Dia dos Santos Arcanjos: S\u00e3o Gabriel, S\u00e3o Miguel e S\u00e3o Rafael\u00a0","isPartOf":{"@id":"https:\/\/www.adf.org.br\/home\/#website"},"primaryImageOfPage":{"@id":"https:\/\/www.adf.org.br\/home\/hoje-e-dia-dos-santos-arcanjos-sao-gabriel-sao-miguel-e-sao-rafael\/#primaryimage"},"datePublished":"2020-09-29T11:00:49+00:00","dateModified":"2020-09-29T11:23:00+00:00","author":{"@id":"https:\/\/www.adf.org.br\/home\/#\/schema\/person\/f35a5c5aa7728a3dedf4ea9aa1fc2753"},"description":"29 de Setembro - Hoje \u00e9 Dia dos Santos Arcanjos: S\u00e3o Gabriel, S\u00e3o Miguel e S\u00e3o Rafael. Reze esta ora\u00e7\u00e3o aos grandes mensageiros de Deus e...","breadcrumb":{"@id":"https:\/\/www.adf.org.br\/home\/hoje-e-dia-dos-santos-arcanjos-sao-gabriel-sao-miguel-e-sao-rafael\/#breadcrumb"},"inLanguage":"pt-BR","potentialAction":[{"@type":"ReadAction","target":["https:\/\/www.adf.org.br\/home\/hoje-e-dia-dos-santos-arcanjos-sao-gabriel-sao-miguel-e-sao-rafael\/"]}]},{"@type":"BreadcrumbList","@id":"https:\/\/www.adf.org.br\/home\/hoje-e-dia-dos-santos-arcanjos-sao-gabriel-sao-miguel-e-sao-rafael\/#breadcrumb","itemListElement":[{"@type":"ListItem","position":1,"name":"Home","item":"https:\/\/www.adf.org.br\/home\/"},{"@type":"ListItem","position":2,"name":"Hoje \u00e9 Dia dos Santos Arcanjos: S\u00e3o Gabriel, S\u00e3o Miguel e S\u00e3o Rafael\u00a0"}]},{"@type":"Person","@id":"https:\/\/www.adf.org.br\/home\/#\/schema\/person\/f35a5c5aa7728a3dedf4ea9aa1fc2753","name":"Gabriel Barbosa","image":{"@type":"ImageObject","@id":"https:\/\/www.adf.org.br\/home\/#personlogo","inLanguage":"pt-BR","url":"https:\/\/secure.gravatar.com\/avatar\/2b2cb2f4637682c5605e8d36818f51ef?s=96&d=mm&r=g","contentUrl":"https:\/\/secure.gravatar.com\/avatar\/2b2cb2f4637682c5605e8d36818f51ef?s=96&d=mm&r=g","caption":"Gabriel Barbosa"},"url":"https:\/\/www.adf.org.br\/home\/author\/gabrielpmk-com-br\/"}]}},"_links":{"self":[{"href":"https:\/\/www.adf.org.br\/home\/wp-json\/wp\/v2\/posts\/54978"}],"collection":[{"href":"https:\/\/www.adf.org.br\/home\/wp-json\/wp\/v2\/posts"}],"about":[{"href":"https:\/\/www.adf.org.br\/home\/wp-json\/wp\/v2\/types\/post"}],"author":[{"embeddable":true,"href":"https:\/\/www.adf.org.br\/home\/wp-json\/wp\/v2\/users\/31"}],"replies":[{"embeddable":true,"href":"https:\/\/www.adf.org.br\/home\/wp-json\/wp\/v2\/comments?post=54978"}],"version-history":[{"count":9,"href":"https:\/\/www.adf.org.br\/home\/wp-json\/wp\/v2\/posts\/54978\/revisions"}],"predecessor-version":[{"id":61663,"href":"https:\/\/www.adf.org.br\/home\/wp-json\/wp\/v2\/posts\/54978\/revisions\/61663"}],"wp:featuredmedia":[{"embeddable":true,"href":"https:\/\/www.adf.org.br\/home\/wp-json\/wp\/v2\/media\/61657"}],"wp:attachment":[{"href":"https:\/\/www.adf.org.br\/home\/wp-json\/wp\/v2\/media?parent=54978"}],"wp:term":[{"taxonomy":"category","embeddable":true,"href":"https:\/\/www.adf.org.br\/home\/wp-json\/wp\/v2\/categories?post=54978"},{"taxonomy":"post_tag","embeddable":true,"href":"https:\/\/www.adf.org.br\/home\/wp-json\/wp\/v2\/tags?post=54978"}],"curies":[{"name":"wp","href":"https:\/\/api.w.org\/{rel}","templated":true}]}}