{"id":54948,"date":"2021-02-06T07:00:07","date_gmt":"2021-02-06T10:00:07","guid":{"rendered":"http:\/\/www.adf.org.br\/home\/?p=54948"},"modified":"2021-02-04T17:20:38","modified_gmt":"2021-02-04T20:20:38","slug":"7-motivos-para-ser-um-apostolo-da-cura-de-nossa-senhora-de-lourdes","status":"publish","type":"post","link":"https:\/\/www.adf.org.br\/home\/7-motivos-para-ser-um-apostolo-da-cura-de-nossa-senhora-de-lourdes\/","title":{"rendered":"7 motivos para ser um Ap\u00f3stolo da Cura de Nossa Senhora de Lourdes"},"content":{"rendered":"<blockquote>\n<p style=\"text-align: center;\"><a href=\"https:\/\/adf.org.br\/apostolosdacura?origem=17659#presentes\" target=\"_blank\" rel=\"noopener noreferrer\"><img loading=\"lazy\" class=\"alignnone wp-image-54950 size-full\" src=\"https:\/\/www.adf.org.br\/home\/wp-content\/uploads\/2019\/09\/Nossa-Senhora-de-Lourdes-1-1.jpg\" alt=\"\" width=\"332\" height=\"470\" \/><\/a><\/p>\n<p style=\"text-align: center;\"><span style=\"color: #ffffff;\">.<\/span><\/p>\n<p style=\"text-align: center;\"><span style=\"color: #003366;\"><strong><span style=\"font-family: verdana, geneva, sans-serif; font-size: 14pt;\"><a href=\"https:\/\/adf.org.br\/apostolosdacura?origem=17659\" target=\"_blank\" rel=\"noopener noreferrer\"><span style=\"color: #0000ff;\">7 motivos para ser um Ap\u00f3stolo de Nossa Senhora de Lourdes<\/span><\/a><span style=\"color: #0000ff;\">\u00a0<\/span><\/span><\/strong><\/span><\/p>\n<p style=\"text-align: left;\"><span style=\"color: #ffffff;\">.<\/span><\/p>\n<p style=\"text-align: left;\"><span style=\"color: #000000; font-family: verdana, geneva, sans-serif; font-size: 12pt;\"><span style=\"font-size: 14pt;\"><strong>1.<\/strong> <\/span>Estamos afundando num oceano profundo de epidemias, doen\u00e7as cr\u00f4nicas, viroses e bact\u00e9rias que surgem repentinamente, adoecem e debilitam at\u00e9 os mais saud\u00e1veis.\u00a0<\/span><\/p>\n<p style=\"text-align: left;\"><span style=\"color: #ffcc00;\">.<\/span><\/p>\n<p style=\"text-align: left;\"><span style=\"font-family: verdana, geneva, sans-serif; font-size: 12pt; color: #000000;\"><span style=\"font-weight: 400;\"><strong><span style=\"font-size: 14pt;\">2.<\/span><\/strong> Quando n\u00e3o s\u00e3o as doen\u00e7as f\u00edsicas somos acometidos pelas enfermidades espirituais que inesperadamente provocam tristeza, des\u00e2nimo, depress\u00e3o, p\u00e2nico, pensamentos ruins e at\u00e9 a vontade de morrer.\u00a0<\/span><\/span><\/p>\n<p style=\"text-align: left;\"><span style=\"color: #ffcc99;\">.<\/span><\/p>\n<p style=\"text-align: left;\"><span style=\"font-family: verdana, geneva, sans-serif; font-size: 12pt; color: #000000;\"><span style=\"font-weight: 400;\"><span style=\"font-size: 14pt;\"><strong><span style=\"color: #000000;\">3.<\/span> <\/strong><\/span>Voc\u00ea conhece pessoas que est\u00e3o debilitadas e j\u00e1 tentaram de tudo, mas nada \u00e9 capaz de cur\u00e1-las. Nem os especialistas.\u00a0<\/span><\/span><\/p>\n<p style=\"text-align: left;\"><span style=\"color: #ffcc99;\">.<\/span><\/p>\n<p style=\"text-align: left;\"><span style=\"font-family: verdana, geneva, sans-serif; font-size: 12pt; color: #000000;\"><span style=\"font-weight: 400;\"><span style=\"font-size: 14pt;\"><strong><span style=\"color: #000000;\">4.<\/span> <\/strong><\/span>As estat\u00edsticas s\u00e3o alarmantes.<\/span><b> Quer dois exemplos? <\/b><span style=\"font-weight: 400;\">A depress\u00e3o \u00e9 a maior causa de incapacita\u00e7\u00e3o no mundo. Al\u00e9m dela, 300.000 pessoas sofrem infartos todos os anos no Brasil. Uma doen\u00e7a que n\u00e3o costuma dar avisos.\u00a0<\/span><\/span><\/p>\n<p style=\"text-align: left;\"><span style=\"color: #ffcc99;\">.<\/span><\/p>\n<p style=\"text-align: left;\"><span style=\"font-family: verdana, geneva, sans-serif; font-size: 12pt; color: #000000;\"><span style=\"font-weight: 400;\"><strong><span style=\"font-size: 14pt;\">5.<\/span> <\/strong>Diversas doen\u00e7as f\u00edsicas podem ser ocasionadas por problemas de ordem espiritual. Quem tem poder para cur\u00e1-las \u00e9 Nossa Senhora de Lourdes, Padroeira da Sa\u00fade.<\/span><\/span><\/p>\n<p style=\"text-align: left;\"><span style=\"color: #ffcc99;\">.<\/span><\/p>\n<p style=\"text-align: left;\"><span style=\"font-family: verdana, geneva, sans-serif; font-size: 12pt; color: #000000;\"><span style=\"font-weight: 400;\"><strong><span style=\"font-size: 14pt;\">6.<\/span> <\/strong>Voc\u00ea pode se tornar um Ap\u00f3stolo da Cura de Nossa Senhora de Lourdes, <\/span><b>sem sair de casa<\/b><span style=\"font-weight: 400;\">. <a href=\"https:\/\/adf.org.br\/apostolosdacura?origem=17659#presentes\" target=\"_blank\" rel=\"noopener noreferrer\"><span style=\"color: #0000ff;\">(Veja como aqui)<\/span><\/a><\/span><\/span><\/p>\n<p style=\"text-align: left;\"><span style=\"color: #ffcc99;\">.<\/span><\/p>\n<p style=\"text-align: left;\"><span style=\"font-family: verdana, geneva, sans-serif; font-size: 12pt; color: #000000;\"><span style=\"font-weight: 400;\"><span style=\"font-size: 14pt;\"><strong>7.<\/strong><\/span> A sua ajuda contribuir\u00e1 para manter o apostolado que tem como miss\u00e3o levar a f\u00e9 e a devo\u00e7\u00e3o na Sant\u00edssima Virgem de Lourdes para pessoas que necessitam de uma cura, seja f\u00edsica ou espiritual.<\/span><\/span><span style=\"color: #ffffff; text-align: center;\">.<\/span><\/p>\n<\/blockquote>\n<h6 style=\"text-align: center;\"><span style=\"font-weight: 400; font-family: verdana, geneva, sans-serif; font-size: 14pt; color: #000000;\">Ent\u00e3o&#8230;<\/span><span style=\"color: #ffffff;\">.<\/span><\/h6>\n<p style=\"text-align: center;\"><span style=\"font-family: verdana, geneva, sans-serif; font-size: 14pt; color: #000000;\"><b>Qual \u00e9 a sua resposta para Nossa Senhora?<\/b><\/span><\/p>\n<p style=\"text-align: center;\"><span style=\"color: #ffffff;\">.<\/span><\/p>\n<p style=\"text-align: center;\"><span style=\"font-size: 14pt;\"><a href=\"https:\/\/adf.org.br\/apostolosdacura\/inscrever\/?origem=17659\" target=\"_blank\" rel=\"noopener noreferrer\"><span style=\"font-family: verdana, geneva, sans-serif; color: #0000ff;\"><b>Sim, eu quero ser um Ap\u00f3stolo da Cura de Nossa Senhora de Lourdes.<\/b><\/span><\/a><\/span><\/p>\n<p style=\"text-align: center;\"><span style=\"color: #ffffff;\">.<\/span><\/p>\n<p style=\"text-align: center;\"><span style=\"font-weight: 400; font-family: verdana, geneva, sans-serif; font-size: 12pt; color: #000000;\">Al\u00e9m das muitas gra\u00e7as que a Virgem Maria certamente derramar\u00e1 em sua vida, como agradecimento,<strong> voc\u00ea poder\u00e1 receber<\/strong>\u2026<\/span><span style=\"color: #ffffff;\">.<\/span><\/p>\n<p style=\"text-align: center;\"><a href=\"https:\/\/adf.org.br\/apostolosdacura\/?origem=17659#presentes\" target=\"_blank\" rel=\"noopener noreferrer\"><img loading=\"lazy\" class=\"alignnone wp-image-54956 size-full\" src=\"https:\/\/www.adf.org.br\/home\/wp-content\/uploads\/2019\/09\/Medalha-Nossa-Senhora-de-Lourdes-1.png\" alt=\"Medalha Nossa Senhora de Lourdes\" width=\"123\" height=\"181\" \/><\/a><\/p>\n<p style=\"text-align: center;\"><span style=\"font-family: verdana, geneva, sans-serif; font-size: 12pt; color: #800080;\"><b>Uma medalha benta de Nossa Senhora de Lourdes, a Protetora da Sa\u00fade<\/b><\/span><span style=\"color: #ffffff;\">.<\/span><\/p>\n<p style=\"text-align: center;\"><span style=\"font-weight: 400; font-family: verdana, geneva, sans-serif; font-size: 12pt; color: #000000;\">Al\u00e9m de outros incr\u00edveis presentes espirituais.\u00a0<\/span><\/p>\n<p style=\"text-align: center;\"><span style=\"color: #ffffff;\">.<\/span><\/p>\n<p style=\"text-align: center;\"><span style=\"font-size: 14pt;\"><strong><a href=\"https:\/\/adf.org.br\/apostolosdacura\/inscrever\/?origem=17659\" target=\"_blank\" rel=\"noopener noreferrer\"><span style=\"font-family: verdana, geneva, sans-serif; color: #0000ff;\">Clique aqui para fazer sua inscri\u00e7\u00e3o.<\/span><\/a><\/strong><\/span><\/p>\n<p style=\"text-align: center;\"><span style=\"color: #ffffff;\">.<\/span><\/p>\n<p style=\"text-align: center;\"><span style=\"font-weight: 400; font-family: verdana, geneva, sans-serif; font-size: 12pt; color: #000000;\"><span style=\"color: #800080;\">Confie na Sant\u00edssima Virgem e pe\u00e7a para que ela guarde e proteja voc\u00ea contra todos os males que rondam nosso mundo.<\/span>\u00a0<\/span><\/p>\n<p style=\"text-align: center;\"><span style=\"color: #ffffff;\">.<\/span><\/p>\n<p style=\"text-align: center;\"><strong><span style=\"font-family: verdana, geneva, sans-serif; font-size: 12pt; color: #000000;\"><i>\u201cNossa Senhora de Lourdes, rogai por n\u00f3s.\u201d\u00a0<\/i><\/span><\/strong><\/p>\n<p style=\"text-align: center;\"><span style=\"color: #ffffff;\"><strong>.<\/strong><\/span><\/p>\n<hr \/>\n<p><a href=\"https:\/\/www.adf.org.br\/home\/pagina-de-cadastro\/?origem=17659\" target=\"_blank\" rel=\"noopener noreferrer\"><img loading=\"lazy\" class=\"aligncenter wp-image-58087 size-full\" src=\"https:\/\/www.adf.org.br\/home\/wp-content\/uploads\/2020\/03\/ADF-Bot\u00e3o-Feedburner-1-3.png\" alt=\"\" width=\"600\" height=\"200\" \/><\/a><\/p>\n<p><span style=\"color: #ffffff;\">.<\/span><\/p>\n","protected":false},"excerpt":{"rendered":"<p>. 7 motivos para ser um Ap\u00f3stolo de Nossa Senhora de Lourdes\u00a0 . 1. Estamos afundando num oceano profundo de epidemias, doen\u00e7as cr\u00f4nicas, viroses e bact\u00e9rias que surgem repentinamente, adoecem e debilitam at\u00e9 os mais saud\u00e1veis.\u00a0 . 2. Quando n\u00e3o s\u00e3o as doen\u00e7as f\u00edsicas somos acometidos pelas enfermidades espirituais que inesperadamente provocam tristeza, des\u00e2nimo, depress\u00e3o, [&hellip;]<\/p>\n","protected":false},"author":31,"featured_media":59733,"comment_status":"open","ping_status":"open","sticky":false,"template":"","format":"standard","meta":[],"categories":[20,2387,2460],"tags":[2562,2598,54,2317,2828],"yoast_head":"<!-- This site is optimized with the Yoast SEO plugin v17.4 - https:\/\/yoast.com\/wordpress\/plugins\/seo\/ -->\n<title>7 motivos para ser um Ap\u00f3stolo da Cura de Nossa Senhora de Lourdes<\/title>\n<meta name=\"description\" content=\"Descubra 7 raz\u00f5es para ser um Ap\u00f3stolo de Nossa Senhora de Lourdes, a Padroeira da Sa\u00fade. E ainda, saiba como obter uma medalha, j\u00e1 benta...\" \/>\n<meta name=\"robots\" content=\"index, follow, max-snippet:-1, max-image-preview:large, max-video-preview:-1\" \/>\n<link rel=\"canonical\" href=\"https:\/\/www.adf.org.br\/home\/7-motivos-para-ser-um-apostolo-da-cura-de-nossa-senhora-de-lourdes\/\" \/>\n<meta property=\"og:locale\" content=\"pt_BR\" \/>\n<meta property=\"og:type\" content=\"article\" \/>\n<meta property=\"og:title\" content=\"7 motivos para ser um Ap\u00f3stolo da Cura de Nossa Senhora de Lourdes\" \/>\n<meta property=\"og:description\" content=\"Descubra 7 raz\u00f5es para ser um Ap\u00f3stolo de Nossa Senhora de Lourdes, a Padroeira da Sa\u00fade. E ainda, saiba como obter uma medalha, j\u00e1 benta...\" \/>\n<meta property=\"og:url\" content=\"https:\/\/www.adf.org.br\/home\/7-motivos-para-ser-um-apostolo-da-cura-de-nossa-senhora-de-lourdes\/\" \/>\n<meta property=\"og:site_name\" content=\"Associa\u00e7\u00e3o Devotos de F\u00e1tima\" \/>\n<meta property=\"article:published_time\" content=\"2021-02-06T10:00:07+00:00\" \/>\n<meta property=\"article:modified_time\" content=\"2021-02-04T20:20:38+00:00\" \/>\n<meta property=\"og:image\" content=\"https:\/\/www.adf.org.br\/home\/wp-content\/uploads\/2020\/05\/nossa-senhora-de-lourdes.jpg\" \/>\n\t<meta property=\"og:image:width\" content=\"530\" \/>\n\t<meta property=\"og:image:height\" content=\"335\" \/>\n<meta name=\"twitter:card\" content=\"summary_large_image\" \/>\n<meta name=\"twitter:label1\" content=\"Escrito por\" \/>\n\t<meta name=\"twitter:data1\" content=\"Gabriel Barbosa\" \/>\n\t<meta name=\"twitter:label2\" content=\"Est. tempo de leitura\" \/>\n\t<meta name=\"twitter:data2\" content=\"2 minutos\" \/>\n<script type=\"application\/ld+json\" class=\"yoast-schema-graph\">{\"@context\":\"https:\/\/schema.org\",\"@graph\":[{\"@type\":\"WebSite\",\"@id\":\"https:\/\/www.adf.org.br\/home\/#website\",\"url\":\"https:\/\/www.adf.org.br\/home\/\",\"name\":\"Associa\\u00e7\\u00e3o Devotos de F\\u00e1tima\",\"description\":\"Associa\\u00e7\\u00e3o Devotos de F\\u00e1tima\",\"potentialAction\":[{\"@type\":\"SearchAction\",\"target\":{\"@type\":\"EntryPoint\",\"urlTemplate\":\"https:\/\/www.adf.org.br\/home\/?s={search_term_string}\"},\"query-input\":\"required name=search_term_string\"}],\"inLanguage\":\"pt-BR\"},{\"@type\":\"ImageObject\",\"@id\":\"https:\/\/www.adf.org.br\/home\/7-motivos-para-ser-um-apostolo-da-cura-de-nossa-senhora-de-lourdes\/#primaryimage\",\"inLanguage\":\"pt-BR\",\"url\":\"https:\/\/www.adf.org.br\/home\/wp-content\/uploads\/2020\/05\/nossa-senhora-de-lourdes.jpg\",\"contentUrl\":\"https:\/\/www.adf.org.br\/home\/wp-content\/uploads\/2020\/05\/nossa-senhora-de-lourdes.jpg\",\"width\":530,\"height\":335},{\"@type\":\"WebPage\",\"@id\":\"https:\/\/www.adf.org.br\/home\/7-motivos-para-ser-um-apostolo-da-cura-de-nossa-senhora-de-lourdes\/#webpage\",\"url\":\"https:\/\/www.adf.org.br\/home\/7-motivos-para-ser-um-apostolo-da-cura-de-nossa-senhora-de-lourdes\/\",\"name\":\"7 motivos para ser um Ap\\u00f3stolo da Cura de Nossa Senhora de Lourdes\",\"isPartOf\":{\"@id\":\"https:\/\/www.adf.org.br\/home\/#website\"},\"primaryImageOfPage\":{\"@id\":\"https:\/\/www.adf.org.br\/home\/7-motivos-para-ser-um-apostolo-da-cura-de-nossa-senhora-de-lourdes\/#primaryimage\"},\"datePublished\":\"2021-02-06T10:00:07+00:00\",\"dateModified\":\"2021-02-04T20:20:38+00:00\",\"author\":{\"@id\":\"https:\/\/www.adf.org.br\/home\/#\/schema\/person\/f35a5c5aa7728a3dedf4ea9aa1fc2753\"},\"description\":\"Descubra 7 raz\\u00f5es para ser um Ap\\u00f3stolo de Nossa Senhora de Lourdes, a Padroeira da Sa\\u00fade. E ainda, saiba como obter uma medalha, j\\u00e1 benta...\",\"breadcrumb\":{\"@id\":\"https:\/\/www.adf.org.br\/home\/7-motivos-para-ser-um-apostolo-da-cura-de-nossa-senhora-de-lourdes\/#breadcrumb\"},\"inLanguage\":\"pt-BR\",\"potentialAction\":[{\"@type\":\"ReadAction\",\"target\":[\"https:\/\/www.adf.org.br\/home\/7-motivos-para-ser-um-apostolo-da-cura-de-nossa-senhora-de-lourdes\/\"]}]},{\"@type\":\"BreadcrumbList\",\"@id\":\"https:\/\/www.adf.org.br\/home\/7-motivos-para-ser-um-apostolo-da-cura-de-nossa-senhora-de-lourdes\/#breadcrumb\",\"itemListElement\":[{\"@type\":\"ListItem\",\"position\":1,\"name\":\"Home\",\"item\":\"https:\/\/www.adf.org.br\/home\/\"},{\"@type\":\"ListItem\",\"position\":2,\"name\":\"7 motivos para ser um Ap\\u00f3stolo da Cura de Nossa Senhora de Lourdes\"}]},{\"@type\":\"Person\",\"@id\":\"https:\/\/www.adf.org.br\/home\/#\/schema\/person\/f35a5c5aa7728a3dedf4ea9aa1fc2753\",\"name\":\"Gabriel Barbosa\",\"image\":{\"@type\":\"ImageObject\",\"@id\":\"https:\/\/www.adf.org.br\/home\/#personlogo\",\"inLanguage\":\"pt-BR\",\"url\":\"https:\/\/secure.gravatar.com\/avatar\/2b2cb2f4637682c5605e8d36818f51ef?s=96&d=mm&r=g\",\"contentUrl\":\"https:\/\/secure.gravatar.com\/avatar\/2b2cb2f4637682c5605e8d36818f51ef?s=96&d=mm&r=g\",\"caption\":\"Gabriel Barbosa\"},\"url\":\"https:\/\/www.adf.org.br\/home\/author\/gabrielpmk-com-br\/\"}]}<\/script>\n<!-- \/ Yoast SEO plugin. -->","yoast_head_json":{"title":"7 motivos para ser um Ap\u00f3stolo da Cura de Nossa Senhora de Lourdes","description":"Descubra 7 raz\u00f5es para ser um Ap\u00f3stolo de Nossa Senhora de Lourdes, a Padroeira da Sa\u00fade. E ainda, saiba como obter uma medalha, j\u00e1 benta...","robots":{"index":"index","follow":"follow","max-snippet":"max-snippet:-1","max-image-preview":"max-image-preview:large","max-video-preview":"max-video-preview:-1"},"canonical":"https:\/\/www.adf.org.br\/home\/7-motivos-para-ser-um-apostolo-da-cura-de-nossa-senhora-de-lourdes\/","og_locale":"pt_BR","og_type":"article","og_title":"7 motivos para ser um Ap\u00f3stolo da Cura de Nossa Senhora de Lourdes","og_description":"Descubra 7 raz\u00f5es para ser um Ap\u00f3stolo de Nossa Senhora de Lourdes, a Padroeira da Sa\u00fade. E ainda, saiba como obter uma medalha, j\u00e1 benta...","og_url":"https:\/\/www.adf.org.br\/home\/7-motivos-para-ser-um-apostolo-da-cura-de-nossa-senhora-de-lourdes\/","og_site_name":"Associa\u00e7\u00e3o Devotos de F\u00e1tima","article_published_time":"2021-02-06T10:00:07+00:00","article_modified_time":"2021-02-04T20:20:38+00:00","og_image":[{"width":530,"height":335,"url":"https:\/\/www.adf.org.br\/home\/wp-content\/uploads\/2020\/05\/nossa-senhora-de-lourdes.jpg","type":"image\/jpeg"}],"twitter_card":"summary_large_image","twitter_misc":{"Escrito por":"Gabriel Barbosa","Est. tempo de leitura":"2 minutos"},"schema":{"@context":"https:\/\/schema.org","@graph":[{"@type":"WebSite","@id":"https:\/\/www.adf.org.br\/home\/#website","url":"https:\/\/www.adf.org.br\/home\/","name":"Associa\u00e7\u00e3o Devotos de F\u00e1tima","description":"Associa\u00e7\u00e3o Devotos de F\u00e1tima","potentialAction":[{"@type":"SearchAction","target":{"@type":"EntryPoint","urlTemplate":"https:\/\/www.adf.org.br\/home\/?s={search_term_string}"},"query-input":"required name=search_term_string"}],"inLanguage":"pt-BR"},{"@type":"ImageObject","@id":"https:\/\/www.adf.org.br\/home\/7-motivos-para-ser-um-apostolo-da-cura-de-nossa-senhora-de-lourdes\/#primaryimage","inLanguage":"pt-BR","url":"https:\/\/www.adf.org.br\/home\/wp-content\/uploads\/2020\/05\/nossa-senhora-de-lourdes.jpg","contentUrl":"https:\/\/www.adf.org.br\/home\/wp-content\/uploads\/2020\/05\/nossa-senhora-de-lourdes.jpg","width":530,"height":335},{"@type":"WebPage","@id":"https:\/\/www.adf.org.br\/home\/7-motivos-para-ser-um-apostolo-da-cura-de-nossa-senhora-de-lourdes\/#webpage","url":"https:\/\/www.adf.org.br\/home\/7-motivos-para-ser-um-apostolo-da-cura-de-nossa-senhora-de-lourdes\/","name":"7 motivos para ser um Ap\u00f3stolo da Cura de Nossa Senhora de Lourdes","isPartOf":{"@id":"https:\/\/www.adf.org.br\/home\/#website"},"primaryImageOfPage":{"@id":"https:\/\/www.adf.org.br\/home\/7-motivos-para-ser-um-apostolo-da-cura-de-nossa-senhora-de-lourdes\/#primaryimage"},"datePublished":"2021-02-06T10:00:07+00:00","dateModified":"2021-02-04T20:20:38+00:00","author":{"@id":"https:\/\/www.adf.org.br\/home\/#\/schema\/person\/f35a5c5aa7728a3dedf4ea9aa1fc2753"},"description":"Descubra 7 raz\u00f5es para ser um Ap\u00f3stolo de Nossa Senhora de Lourdes, a Padroeira da Sa\u00fade. E ainda, saiba como obter uma medalha, j\u00e1 benta...","breadcrumb":{"@id":"https:\/\/www.adf.org.br\/home\/7-motivos-para-ser-um-apostolo-da-cura-de-nossa-senhora-de-lourdes\/#breadcrumb"},"inLanguage":"pt-BR","potentialAction":[{"@type":"ReadAction","target":["https:\/\/www.adf.org.br\/home\/7-motivos-para-ser-um-apostolo-da-cura-de-nossa-senhora-de-lourdes\/"]}]},{"@type":"BreadcrumbList","@id":"https:\/\/www.adf.org.br\/home\/7-motivos-para-ser-um-apostolo-da-cura-de-nossa-senhora-de-lourdes\/#breadcrumb","itemListElement":[{"@type":"ListItem","position":1,"name":"Home","item":"https:\/\/www.adf.org.br\/home\/"},{"@type":"ListItem","position":2,"name":"7 motivos para ser um Ap\u00f3stolo da Cura de Nossa Senhora de Lourdes"}]},{"@type":"Person","@id":"https:\/\/www.adf.org.br\/home\/#\/schema\/person\/f35a5c5aa7728a3dedf4ea9aa1fc2753","name":"Gabriel Barbosa","image":{"@type":"ImageObject","@id":"https:\/\/www.adf.org.br\/home\/#personlogo","inLanguage":"pt-BR","url":"https:\/\/secure.gravatar.com\/avatar\/2b2cb2f4637682c5605e8d36818f51ef?s=96&d=mm&r=g","contentUrl":"https:\/\/secure.gravatar.com\/avatar\/2b2cb2f4637682c5605e8d36818f51ef?s=96&d=mm&r=g","caption":"Gabriel Barbosa"},"url":"https:\/\/www.adf.org.br\/home\/author\/gabrielpmk-com-br\/"}]}},"_links":{"self":[{"href":"https:\/\/www.adf.org.br\/home\/wp-json\/wp\/v2\/posts\/54948"}],"collection":[{"href":"https:\/\/www.adf.org.br\/home\/wp-json\/wp\/v2\/posts"}],"about":[{"href":"https:\/\/www.adf.org.br\/home\/wp-json\/wp\/v2\/types\/post"}],"author":[{"embeddable":true,"href":"https:\/\/www.adf.org.br\/home\/wp-json\/wp\/v2\/users\/31"}],"replies":[{"embeddable":true,"href":"https:\/\/www.adf.org.br\/home\/wp-json\/wp\/v2\/comments?post=54948"}],"version-history":[{"count":4,"href":"https:\/\/www.adf.org.br\/home\/wp-json\/wp\/v2\/posts\/54948\/revisions"}],"predecessor-version":[{"id":63519,"href":"https:\/\/www.adf.org.br\/home\/wp-json\/wp\/v2\/posts\/54948\/revisions\/63519"}],"wp:featuredmedia":[{"embeddable":true,"href":"https:\/\/www.adf.org.br\/home\/wp-json\/wp\/v2\/media\/59733"}],"wp:attachment":[{"href":"https:\/\/www.adf.org.br\/home\/wp-json\/wp\/v2\/media?parent=54948"}],"wp:term":[{"taxonomy":"category","embeddable":true,"href":"https:\/\/www.adf.org.br\/home\/wp-json\/wp\/v2\/categories?post=54948"},{"taxonomy":"post_tag","embeddable":true,"href":"https:\/\/www.adf.org.br\/home\/wp-json\/wp\/v2\/tags?post=54948"}],"curies":[{"name":"wp","href":"https:\/\/api.w.org\/{rel}","templated":true}]}}