{"id":54861,"date":"2019-09-22T00:30:16","date_gmt":"2019-09-22T03:30:16","guid":{"rendered":"http:\/\/www.adf.org.br\/home\/?p=54861"},"modified":"2019-09-22T00:30:16","modified_gmt":"2019-09-22T03:30:16","slug":"missa-da-festa-de-sao-pio-de-pietrelcina-assista-aqui-ao-vivo","status":"publish","type":"post","link":"https:\/\/www.adf.org.br\/home\/missa-da-festa-de-sao-pio-de-pietrelcina-assista-aqui-ao-vivo\/","title":{"rendered":"Missa da Festa de S\u00e3o Pio de Pietrelcina: Assista aqui &#8211; AO VIVO"},"content":{"rendered":"<p style=\"text-align: center;\"><span style=\"font-family: verdana, geneva, sans-serif; color: #000000; font-size: 12pt;\">Se voc\u00ea n\u00e3o pode estar presente neste momento t\u00e3o especial esteja espiritualmente. ?<\/span><\/p>\n<p style=\"text-align: center;\"><span style=\"color: #ffffff;\">.<\/span><\/p>\n<p style=\"text-align: center;\"><span style=\"font-family: verdana, geneva, sans-serif; color: #000000; font-size: 12pt;\"><strong>A partir das 17h, <span style=\"text-decoration: underline;\">clique no v\u00eddeo<\/span> abaixo e assista a<\/strong> <span style=\"color: #003366;\"><strong>Missa em louvor ao Santo Padre Pio<\/strong><\/span>, em comemora\u00e7\u00e3o aos 51 Anos de seu encontro com Deus.<\/span><\/p>\n<p style=\"text-align: center;\"><span style=\"color: #ffffff;\">.<\/span><\/p>\n<p style=\"text-align: center;\"><iframe loading=\"lazy\" src=\"\/\/www.youtube.com\/embed\/oLRZZCKomVQ\" width=\"560\" height=\"315\" frameborder=\"0\" allowfullscreen=\"allowfullscreen\"><\/iframe><\/p>\n<h6 style=\"text-align: center;\"><span style=\"color: #ffffff;\">.<\/span><\/h6>\n<p style=\"text-align: center;\"><span style=\"font-family: verdana, geneva, sans-serif; font-size: 12pt; color: #000000;\">Se o v\u00eddeo n\u00e3o funcionar, <a href=\"https:\/\/www.youtube.com\/watch?v=oLRZZCKomVQ&amp;feature=youtu.be\" target=\"_blank\" rel=\"noopener noreferrer\"><span style=\"color: #0000ff;\">clique aqui<\/span><\/a>.<\/span><\/p>\n<p style=\"text-align: center;\"><span style=\"color: #ffffff;\">.\u00a0<\/span><\/p>\n<h6 style=\"text-align: center;\"><span style=\"color: #000000;\"><strong><span style=\"font-family: verdana, geneva, sans-serif; font-size: 14pt;\">Gostaria de ir \u00e0 Santa Missa do Padre Pio?<\/span><\/strong><\/span><\/h6>\n<p><span style=\"color: #ffffff;\">.<\/span><\/p>\n<p style=\"text-align: center;\"><span style=\"font-family: verdana, geneva, sans-serif; color: #000000; font-size: 12pt;\">Se voc\u00ea mora na cidade de S\u00e3o Paulo ou regi\u00e3o, n\u00e3o perca a chance de participar. <strong>Anote o endere\u00e7o<\/strong>:<\/span><\/p>\n<p style=\"text-align: center;\"><span style=\"color: #ffffff;\">.<\/span><\/p>\n<blockquote>\n<p style=\"text-align: left;\"><span style=\"font-family: verdana, geneva, sans-serif; color: #000000; font-size: 12pt;\"><strong>Missa da Festa de S\u00e3o Pio de Pietrelcina<\/strong> &#8211;\u00a0<strong><span style=\"color: #800080;\">51 Anos de C\u00e9u<\/span><\/strong><br \/>\n<span style=\"color: #ffffff;\">.<\/span><\/span><\/p>\n<p style=\"text-align: left;\"><span style=\"font-family: verdana, geneva, sans-serif; color: #000000; font-size: 12pt;\"><strong>Data:<\/strong> 22 de Setembro (Domingo)<\/span><br \/>\n<span style=\"font-family: verdana, geneva, sans-serif; color: #000000; font-size: 12pt;\"><strong> Hor\u00e1rio:<\/strong> 17h<\/span><br \/>\n<span style=\"font-family: verdana, geneva, sans-serif; color: #000000; font-size: 12pt;\"><strong> Local:<\/strong> Catedral de Santo Amaro<\/span><br \/>\n<span style=\"font-family: verdana, geneva, sans-serif; color: #000000; font-size: 12pt;\"><strong> Endere\u00e7o:<\/strong> Largo 13 de Maio S\/N \u00b7 S\u00e3o Paulo \/ SP <em>(pr\u00f3ximo a esta\u00e7\u00e3o do metr\u00f4 Largo Treze)<\/em><\/span><\/p>\n<\/blockquote>\n<p style=\"text-align: center;\"><span style=\"color: #ffffff;\">.<\/span><\/p>\n<p style=\"text-align: center;\"><span style=\"font-family: verdana, geneva, sans-serif; color: #000000; font-size: 12pt;\">Convide sua fam\u00edlia e seus amigos para esta linda celebra\u00e7\u00e3o de um dos santos mais milagrosos da Igreja Cat\u00f3lica.<\/span><\/p>\n<p style=\"text-align: center;\"><span style=\"color: #ffffff;\">.<\/span><\/p>\n<p style=\"text-align: left;\"><span style=\"font-family: verdana, geneva, sans-serif; color: #000000; font-size: 12pt;\"><strong><span style=\"color: #800080;\">OPORTUNIDADE:<\/span> <\/strong><em>Todos os presentes poder\u00e3o receber uma b\u00ean\u00e7\u00e3o individual com a rel\u00edquia do sangue do Padre Pio.<\/em><\/span><\/p>\n<p style=\"text-align: left;\"><span style=\"color: #ffffff;\">.<\/span><\/p>\n<hr \/>\n<h6 style=\"text-align: center;\"><span style=\"color: #003366; font-size: 14pt;\"><strong><span style=\"font-family: verdana, geneva, sans-serif;\">*** VELA DO SANTO PADRE PIO ***<\/span><\/strong><\/span><\/h6>\n<p style=\"text-align: center;\"><span style=\"color: #ffffff;\">.<\/span><\/p>\n<p style=\"text-align: center;\"><span style=\"font-size: 14pt;\"><span style=\"font-family: verdana, geneva, sans-serif; color: #000000;\">Clique na imagem abaixo para acender sua vela e fazer seus pedidos de gra\u00e7as ao Santo Padre Pio:<\/span><\/span><\/p>\n<p style=\"text-align: center;\"><span style=\"color: #ffffff;\">.<\/span><\/p>\n<p style=\"text-align: center;\"><a href=\"https:\/\/adf.org.br\/velario\/padrepio?origem=11770\" target=\"_blank\" rel=\"noopener noreferrer\"><img loading=\"lazy\" class=\"alignnone wp-image-54826 size-full\" src=\"https:\/\/www.adf.org.br\/home\/wp-content\/uploads\/2019\/09\/Vela-3.png\" alt=\"Vela\" width=\"472\" height=\"359\" \/><\/a><\/p>\n<p style=\"text-align: center;\"><span style=\"color: #ffffff;\">.<\/span><\/p>\n<p style=\"text-align: center;\"><strong><span style=\"color: #003366;\"><em><span style=\"font-family: verdana, geneva, sans-serif; font-size: 12pt;\">&#8220;Cada Missa bem assistida produz em nossa alma efeitos maravilhosos.&#8221;\u00a0<\/span><\/em><span style=\"font-family: verdana, geneva, sans-serif; font-size: 12pt;\">?\u2764\ufe0f<\/span><\/span><\/strong><br \/>\n<span style=\"font-family: verdana, geneva, sans-serif; color: #003366; font-size: 12pt;\"> (S\u00e3o Pio de Pietrelcina)<\/span><\/p>\n<p style=\"text-align: center;\"><span style=\"color: #ffffff;\">.<\/span><\/p>\n<hr \/>\n<p style=\"text-align: center;\"><a href=\"http:\/\/feedburner.google.com\/fb\/a\/mailverify?uri=devotosdefatima&amp;loc=pt_BR\" target=\"_blank\" rel=\"noopener noreferrer\"><img loading=\"lazy\" class=\"alignnone wp-image-53973 size-full\" src=\"https:\/\/www.adf.org.br\/home\/wp-content\/uploads\/2019\/08\/ADF-Bot\u00e3o-Feedburner.png\" alt=\"ADF - Bot\u00e3o Feedburner\" width=\"362\" height=\"192\" \/><\/a><\/p>\n<p style=\"text-align: center;\"><span style=\"color: #ffffff;\">.<\/span><\/p>\n","protected":false},"excerpt":{"rendered":"<p>Se voc\u00ea n\u00e3o pode estar presente neste momento t\u00e3o especial esteja espiritualmente. ? . A partir das 17h, clique no v\u00eddeo abaixo e assista a Missa em louvor ao Santo Padre Pio, em comemora\u00e7\u00e3o aos 51 Anos de seu encontro com Deus. . . Se o v\u00eddeo n\u00e3o funcionar, clique aqui. .\u00a0 Gostaria de ir [&hellip;]<\/p>\n","protected":false},"author":31,"featured_media":54865,"comment_status":"open","ping_status":"open","sticky":false,"template":"","format":"standard","meta":[],"categories":[20,23,2332,101],"tags":[2151,3254,22,2939],"yoast_head":"<!-- This site is optimized with the Yoast SEO plugin v17.4 - https:\/\/yoast.com\/wordpress\/plugins\/seo\/ -->\n<title>Missa da Festa de S\u00e3o Pio de Pietrelcina: Assista aqui - AO VIVO - Associa\u00e7\u00e3o Devotos de F\u00e1tima<\/title>\n<meta name=\"description\" content=\"Clique no v\u00eddeo para assistir a Missa em homenagem ao Santo Padre Pio, que ser\u00e1 realizada na Catedral de Santo Amaro, em S\u00e3o Paulo, \u00e0s 17h.\" \/>\n<meta name=\"robots\" content=\"index, follow, max-snippet:-1, max-image-preview:large, max-video-preview:-1\" \/>\n<link rel=\"canonical\" href=\"https:\/\/www.adf.org.br\/home\/missa-da-festa-de-sao-pio-de-pietrelcina-assista-aqui-ao-vivo\/\" \/>\n<meta property=\"og:locale\" content=\"pt_BR\" \/>\n<meta property=\"og:type\" content=\"article\" \/>\n<meta property=\"og:title\" content=\"Missa da Festa de S\u00e3o Pio de Pietrelcina: Assista aqui - AO VIVO - Associa\u00e7\u00e3o Devotos de F\u00e1tima\" \/>\n<meta property=\"og:description\" content=\"Clique no v\u00eddeo para assistir a Missa em homenagem ao Santo Padre Pio, que ser\u00e1 realizada na Catedral de Santo Amaro, em S\u00e3o Paulo, \u00e0s 17h.\" \/>\n<meta property=\"og:url\" content=\"https:\/\/www.adf.org.br\/home\/missa-da-festa-de-sao-pio-de-pietrelcina-assista-aqui-ao-vivo\/\" \/>\n<meta property=\"og:site_name\" content=\"Associa\u00e7\u00e3o Devotos de F\u00e1tima\" \/>\n<meta property=\"article:published_time\" content=\"2019-09-22T03:30:16+00:00\" \/>\n<meta name=\"twitter:card\" content=\"summary_large_image\" \/>\n<meta name=\"twitter:label1\" content=\"Escrito por\" \/>\n\t<meta name=\"twitter:data1\" content=\"Gabriel Barbosa\" \/>\n\t<meta name=\"twitter:label2\" content=\"Est. tempo de leitura\" \/>\n\t<meta name=\"twitter:data2\" content=\"1 minuto\" \/>\n<script type=\"application\/ld+json\" class=\"yoast-schema-graph\">{\"@context\":\"https:\/\/schema.org\",\"@graph\":[{\"@type\":\"WebSite\",\"@id\":\"https:\/\/www.adf.org.br\/home\/#website\",\"url\":\"https:\/\/www.adf.org.br\/home\/\",\"name\":\"Associa\\u00e7\\u00e3o Devotos de F\\u00e1tima\",\"description\":\"Associa\\u00e7\\u00e3o Devotos de F\\u00e1tima\",\"potentialAction\":[{\"@type\":\"SearchAction\",\"target\":{\"@type\":\"EntryPoint\",\"urlTemplate\":\"https:\/\/www.adf.org.br\/home\/?s={search_term_string}\"},\"query-input\":\"required name=search_term_string\"}],\"inLanguage\":\"pt-BR\"},{\"@type\":\"ImageObject\",\"@id\":\"https:\/\/www.adf.org.br\/home\/missa-da-festa-de-sao-pio-de-pietrelcina-assista-aqui-ao-vivo\/#primaryimage\",\"inLanguage\":\"pt-BR\",\"url\":\"\",\"contentUrl\":\"\"},{\"@type\":\"WebPage\",\"@id\":\"https:\/\/www.adf.org.br\/home\/missa-da-festa-de-sao-pio-de-pietrelcina-assista-aqui-ao-vivo\/#webpage\",\"url\":\"https:\/\/www.adf.org.br\/home\/missa-da-festa-de-sao-pio-de-pietrelcina-assista-aqui-ao-vivo\/\",\"name\":\"Missa da Festa de S\\u00e3o Pio de Pietrelcina: Assista aqui - AO VIVO - Associa\\u00e7\\u00e3o Devotos de F\\u00e1tima\",\"isPartOf\":{\"@id\":\"https:\/\/www.adf.org.br\/home\/#website\"},\"primaryImageOfPage\":{\"@id\":\"https:\/\/www.adf.org.br\/home\/missa-da-festa-de-sao-pio-de-pietrelcina-assista-aqui-ao-vivo\/#primaryimage\"},\"datePublished\":\"2019-09-22T03:30:16+00:00\",\"dateModified\":\"2019-09-22T03:30:16+00:00\",\"author\":{\"@id\":\"https:\/\/www.adf.org.br\/home\/#\/schema\/person\/f35a5c5aa7728a3dedf4ea9aa1fc2753\"},\"description\":\"Clique no v\\u00eddeo para assistir a Missa em homenagem ao Santo Padre Pio, que ser\\u00e1 realizada na Catedral de Santo Amaro, em S\\u00e3o Paulo, \\u00e0s 17h.\",\"breadcrumb\":{\"@id\":\"https:\/\/www.adf.org.br\/home\/missa-da-festa-de-sao-pio-de-pietrelcina-assista-aqui-ao-vivo\/#breadcrumb\"},\"inLanguage\":\"pt-BR\",\"potentialAction\":[{\"@type\":\"ReadAction\",\"target\":[\"https:\/\/www.adf.org.br\/home\/missa-da-festa-de-sao-pio-de-pietrelcina-assista-aqui-ao-vivo\/\"]}]},{\"@type\":\"BreadcrumbList\",\"@id\":\"https:\/\/www.adf.org.br\/home\/missa-da-festa-de-sao-pio-de-pietrelcina-assista-aqui-ao-vivo\/#breadcrumb\",\"itemListElement\":[{\"@type\":\"ListItem\",\"position\":1,\"name\":\"Home\",\"item\":\"https:\/\/www.adf.org.br\/home\/\"},{\"@type\":\"ListItem\",\"position\":2,\"name\":\"Missa da Festa de S\\u00e3o Pio de Pietrelcina: Assista aqui &#8211; AO VIVO\"}]},{\"@type\":\"Person\",\"@id\":\"https:\/\/www.adf.org.br\/home\/#\/schema\/person\/f35a5c5aa7728a3dedf4ea9aa1fc2753\",\"name\":\"Gabriel Barbosa\",\"image\":{\"@type\":\"ImageObject\",\"@id\":\"https:\/\/www.adf.org.br\/home\/#personlogo\",\"inLanguage\":\"pt-BR\",\"url\":\"https:\/\/secure.gravatar.com\/avatar\/2b2cb2f4637682c5605e8d36818f51ef?s=96&d=mm&r=g\",\"contentUrl\":\"https:\/\/secure.gravatar.com\/avatar\/2b2cb2f4637682c5605e8d36818f51ef?s=96&d=mm&r=g\",\"caption\":\"Gabriel Barbosa\"},\"url\":\"https:\/\/www.adf.org.br\/home\/author\/gabrielpmk-com-br\/\"}]}<\/script>\n<!-- \/ Yoast SEO plugin. -->","yoast_head_json":{"title":"Missa da Festa de S\u00e3o Pio de Pietrelcina: Assista aqui - AO VIVO - Associa\u00e7\u00e3o Devotos de F\u00e1tima","description":"Clique no v\u00eddeo para assistir a Missa em homenagem ao Santo Padre Pio, que ser\u00e1 realizada na Catedral de Santo Amaro, em S\u00e3o Paulo, \u00e0s 17h.","robots":{"index":"index","follow":"follow","max-snippet":"max-snippet:-1","max-image-preview":"max-image-preview:large","max-video-preview":"max-video-preview:-1"},"canonical":"https:\/\/www.adf.org.br\/home\/missa-da-festa-de-sao-pio-de-pietrelcina-assista-aqui-ao-vivo\/","og_locale":"pt_BR","og_type":"article","og_title":"Missa da Festa de S\u00e3o Pio de Pietrelcina: Assista aqui - AO VIVO - Associa\u00e7\u00e3o Devotos de F\u00e1tima","og_description":"Clique no v\u00eddeo para assistir a Missa em homenagem ao Santo Padre Pio, que ser\u00e1 realizada na Catedral de Santo Amaro, em S\u00e3o Paulo, \u00e0s 17h.","og_url":"https:\/\/www.adf.org.br\/home\/missa-da-festa-de-sao-pio-de-pietrelcina-assista-aqui-ao-vivo\/","og_site_name":"Associa\u00e7\u00e3o Devotos de F\u00e1tima","article_published_time":"2019-09-22T03:30:16+00:00","twitter_card":"summary_large_image","twitter_misc":{"Escrito por":"Gabriel Barbosa","Est. tempo de leitura":"1 minuto"},"schema":{"@context":"https:\/\/schema.org","@graph":[{"@type":"WebSite","@id":"https:\/\/www.adf.org.br\/home\/#website","url":"https:\/\/www.adf.org.br\/home\/","name":"Associa\u00e7\u00e3o Devotos de F\u00e1tima","description":"Associa\u00e7\u00e3o Devotos de F\u00e1tima","potentialAction":[{"@type":"SearchAction","target":{"@type":"EntryPoint","urlTemplate":"https:\/\/www.adf.org.br\/home\/?s={search_term_string}"},"query-input":"required name=search_term_string"}],"inLanguage":"pt-BR"},{"@type":"ImageObject","@id":"https:\/\/www.adf.org.br\/home\/missa-da-festa-de-sao-pio-de-pietrelcina-assista-aqui-ao-vivo\/#primaryimage","inLanguage":"pt-BR","url":"","contentUrl":""},{"@type":"WebPage","@id":"https:\/\/www.adf.org.br\/home\/missa-da-festa-de-sao-pio-de-pietrelcina-assista-aqui-ao-vivo\/#webpage","url":"https:\/\/www.adf.org.br\/home\/missa-da-festa-de-sao-pio-de-pietrelcina-assista-aqui-ao-vivo\/","name":"Missa da Festa de S\u00e3o Pio de Pietrelcina: Assista aqui - AO VIVO - Associa\u00e7\u00e3o Devotos de F\u00e1tima","isPartOf":{"@id":"https:\/\/www.adf.org.br\/home\/#website"},"primaryImageOfPage":{"@id":"https:\/\/www.adf.org.br\/home\/missa-da-festa-de-sao-pio-de-pietrelcina-assista-aqui-ao-vivo\/#primaryimage"},"datePublished":"2019-09-22T03:30:16+00:00","dateModified":"2019-09-22T03:30:16+00:00","author":{"@id":"https:\/\/www.adf.org.br\/home\/#\/schema\/person\/f35a5c5aa7728a3dedf4ea9aa1fc2753"},"description":"Clique no v\u00eddeo para assistir a Missa em homenagem ao Santo Padre Pio, que ser\u00e1 realizada na Catedral de Santo Amaro, em S\u00e3o Paulo, \u00e0s 17h.","breadcrumb":{"@id":"https:\/\/www.adf.org.br\/home\/missa-da-festa-de-sao-pio-de-pietrelcina-assista-aqui-ao-vivo\/#breadcrumb"},"inLanguage":"pt-BR","potentialAction":[{"@type":"ReadAction","target":["https:\/\/www.adf.org.br\/home\/missa-da-festa-de-sao-pio-de-pietrelcina-assista-aqui-ao-vivo\/"]}]},{"@type":"BreadcrumbList","@id":"https:\/\/www.adf.org.br\/home\/missa-da-festa-de-sao-pio-de-pietrelcina-assista-aqui-ao-vivo\/#breadcrumb","itemListElement":[{"@type":"ListItem","position":1,"name":"Home","item":"https:\/\/www.adf.org.br\/home\/"},{"@type":"ListItem","position":2,"name":"Missa da Festa de S\u00e3o Pio de Pietrelcina: Assista aqui &#8211; AO VIVO"}]},{"@type":"Person","@id":"https:\/\/www.adf.org.br\/home\/#\/schema\/person\/f35a5c5aa7728a3dedf4ea9aa1fc2753","name":"Gabriel Barbosa","image":{"@type":"ImageObject","@id":"https:\/\/www.adf.org.br\/home\/#personlogo","inLanguage":"pt-BR","url":"https:\/\/secure.gravatar.com\/avatar\/2b2cb2f4637682c5605e8d36818f51ef?s=96&d=mm&r=g","contentUrl":"https:\/\/secure.gravatar.com\/avatar\/2b2cb2f4637682c5605e8d36818f51ef?s=96&d=mm&r=g","caption":"Gabriel Barbosa"},"url":"https:\/\/www.adf.org.br\/home\/author\/gabrielpmk-com-br\/"}]}},"_links":{"self":[{"href":"https:\/\/www.adf.org.br\/home\/wp-json\/wp\/v2\/posts\/54861"}],"collection":[{"href":"https:\/\/www.adf.org.br\/home\/wp-json\/wp\/v2\/posts"}],"about":[{"href":"https:\/\/www.adf.org.br\/home\/wp-json\/wp\/v2\/types\/post"}],"author":[{"embeddable":true,"href":"https:\/\/www.adf.org.br\/home\/wp-json\/wp\/v2\/users\/31"}],"replies":[{"embeddable":true,"href":"https:\/\/www.adf.org.br\/home\/wp-json\/wp\/v2\/comments?post=54861"}],"version-history":[{"count":0,"href":"https:\/\/www.adf.org.br\/home\/wp-json\/wp\/v2\/posts\/54861\/revisions"}],"wp:featuredmedia":[{"embeddable":true,"href":"https:\/\/www.adf.org.br\/home\/wp-json\/wp\/v2\/media\/54865"}],"wp:attachment":[{"href":"https:\/\/www.adf.org.br\/home\/wp-json\/wp\/v2\/media?parent=54861"}],"wp:term":[{"taxonomy":"category","embeddable":true,"href":"https:\/\/www.adf.org.br\/home\/wp-json\/wp\/v2\/categories?post=54861"},{"taxonomy":"post_tag","embeddable":true,"href":"https:\/\/www.adf.org.br\/home\/wp-json\/wp\/v2\/tags?post=54861"}],"curies":[{"name":"wp","href":"https:\/\/api.w.org\/{rel}","templated":true}]}}