{"id":54817,"date":"2021-04-25T00:30:34","date_gmt":"2021-04-25T03:30:34","guid":{"rendered":"http:\/\/www.adf.org.br\/home\/?p=54817"},"modified":"2021-04-23T16:44:03","modified_gmt":"2021-04-23T19:44:03","slug":"pastorinha-jacinta-o-que-nossa-senhora-revelou-sobre-os-pecados","status":"publish","type":"post","link":"https:\/\/www.adf.org.br\/home\/pastorinha-jacinta-o-que-nossa-senhora-revelou-sobre-os-pecados\/","title":{"rendered":"Pastorinha Jacinta: O que Nossa Senhora revelou sobre os pecados"},"content":{"rendered":"<p><a href=\"https:\/\/adf.org.br\/apostolosdefatima?origem=18596#Participar\" target=\"_blank\" rel=\"noopener noreferrer\"><img loading=\"lazy\" class=\"aligncenter wp-image-54835\" src=\"https:\/\/www.adf.org.br\/home\/wp-content\/uploads\/2019\/09\/Nossa-Senhora-e-Jacinta-1.jpg\" alt=\"Nossa Senhora e Jacinta\" width=\"558\" height=\"354\" \/><\/a><\/p>\n<p><span style=\"color: #ffffff;\">.<\/span><\/p>\n<p><span style=\"font-family: verdana, geneva, sans-serif; color: #000000; font-size: 12pt;\"><span style=\"font-size: 18pt; color: #003366;\">E<\/span>m <strong>21 de janeiro de 1920<\/strong>, a pastorinha Jacinta partiu junto de sua m\u00e3e da cidade de F\u00e1tima para Lisboa, em Portugal.<\/span><span style=\"color: #ffffff;\">.<\/span><\/p>\n<p><span style=\"font-family: verdana, geneva, sans-serif; color: #000000; font-size: 12pt;\">L\u00e1, ela ficou no orfanato Nossa Senhora dos Milagres, fundado e dirigido pela Madre Godinho, que era chamada de<strong> <em>\u201cMadrinha\u201d<\/em> <\/strong>por todas as \u00f3rf\u00e3s da institui\u00e7\u00e3o.<\/span><\/p>\n<p style=\"padding-left: 90px;\"><strong><span style=\"font-family: verdana, geneva, sans-serif; color: #003366; font-size: 12pt;\">Durante sua estada, a Sant\u00edssima Virgem veio v\u00ea-la v\u00e1rias vezes e a ensinou sobre muitas coisas.<\/span><\/strong><span style=\"color: #ffffff;\">.<\/span><\/p>\n<p><span style=\"font-family: verdana, geneva, sans-serif; color: #000000; font-size: 12pt;\">Madre Godinho recolheu com cuidado algumas das observa\u00e7\u00f5es feitas por Jacinta. Confira a seguir,<strong> o que Nossa Senhora revelou para a pequena pastorinha sobre os pecados:<\/strong><\/span><span style=\"color: #ffcc99; text-align: center;\">.<\/span><\/p>\n<p>&nbsp;<\/p>\n<blockquote>\n<p style=\"text-align: center;\"><span style=\"font-family: verdana, geneva, sans-serif; font-size: 14pt; color: #000000;\"><strong>Anota\u00e7\u00f5es da Pastorinha Jacinta:<span style=\"color: #003366;\"> O Pecado<\/span><\/strong><\/span><\/p>\n<p style=\"text-align: center;\"><span style=\"color: #ffffff;\">.<\/span><\/p>\n<p style=\"text-align: center;\"><span style=\"color: #003366;\"><em><span style=\"font-family: verdana, geneva, sans-serif; font-size: 12pt;\">\u201cOs pecados que levam mais almas para o inferno s\u00e3o os pecados da carne.\u201d<\/span><\/em><\/span><span style=\"color: #ffcc99;\">.<\/span><\/p>\n<p style=\"padding-left: 90px;\"><em><span style=\"font-family: verdana, geneva, sans-serif; color: #000000; font-size: 12pt;\">\u201cAparecer\u00e3o modas que ofender\u00e3o muito Nosso Senhor. As pessoas que servem a Deus n\u00e3o devem seguir a moda. <strong>A Igreja n\u00e3o tem modas. Nosso Senhor \u00e9 sempre o mesmo.\u201d<\/strong><\/span><\/em><span style=\"color: #ffcc99;\">.<\/span><\/p>\n<p><span style=\"color: #003366;\"><em><span style=\"font-family: verdana, geneva, sans-serif; font-size: 12pt;\">\u201cOs pecados do mundo s\u00e3o muito grandes. <strong>Se os homens soubessem o que \u00e9 a eternidade fariam tudo para mudar de vida.\u201d<\/strong><\/span><\/em><\/span><span style=\"color: #ffcc99;\">.<\/span><\/p>\n<p style=\"padding-left: 90px;\"><strong><em><span style=\"font-family: verdana, geneva, sans-serif; color: #000000; font-size: 12pt;\">\u201cOs homens se perdem porque n\u00e3o pensam na morte de Nosso Senhor e n\u00e3o fazem penit\u00eancia.\u201d<\/span><\/em><\/strong><span style=\"color: #ffcc99;\">.<\/span><\/p>\n<p><span style=\"color: #003366;\"><em><span style=\"font-family: verdana, geneva, sans-serif; font-size: 12pt;\">\u201cMuitos casamentos n\u00e3o s\u00e3o bons, n\u00e3o agradam a Nosso Senhor e n\u00e3o s\u00e3o de Deus.\u201c<\/span><\/em><\/span><\/p>\n<p><span style=\"color: #ffffff; text-align: right;\">.<\/span><\/p><\/blockquote>\n<p style=\"text-align: right;\"><span style=\"font-family: verdana, geneva, sans-serif; color: #000000; font-size: 10pt;\"><strong>Fonte:<\/strong> <em>Jacinta de F\u00e1tima &#8211;<\/em> Sofrer para salvar os pecadores, 2010<\/span><\/p>\n<p><span style=\"color: #ffffff;\">.<\/span><\/p>\n<hr \/>\n<p>&nbsp;<\/p>\n<p style=\"text-align: center;\"><span style=\"color: #800080;\"><strong><span style=\"font-size: 12pt;\"><span style=\"font-family: verdana, geneva, sans-serif;\">Percebeu o alerta que a Sant\u00edssima Virgem nos deixou atrav\u00e9s da pequena pastorinha?<\/span><\/span><\/strong><\/span><span style=\"color: #ffffff;\">.<\/span><\/p>\n<p style=\"text-align: center;\"><span style=\"font-family: verdana, geneva, sans-serif; color: #000000; font-size: 12pt;\">Escute os apelos de Maria e fique mais pr\u00f3ximo de obter a vida eterna.<\/span><\/p>\n<p><a href=\"https:\/\/adf.org.br\/apostolosdefatima?origem=18596#Participar\" target=\"_blank\" rel=\"noopener noreferrer\"><img loading=\"lazy\" class=\"aligncenter wp-image-53731 \" src=\"https:\/\/i3.wp.com\/www.adf.org.br\/home\/wp-content\/uploads\/2019\/08\/Nossa-Senhora-Fundo-Transparente-210x300.png\" alt=\"Nossa Senhora - Fundo Transparente\" width=\"190\" height=\"271\" \/><\/a><\/p>\n<p style=\"text-align: center;\"><span style=\"font-size: 14pt;\"><strong><span style=\"font-family: verdana, geneva, sans-serif; color: #000000;\">Quer saber como seguir sempre ao lado de Nossa Senhora?<\/span><\/strong><\/span><\/p>\n<p>&nbsp;<\/p>\n<h6 style=\"text-align: center;\"><a href=\"https:\/\/adf.org.br\/apostolosdefatima?origem=18596#Participar\" target=\"_blank\" rel=\"noopener noreferrer\"><span style=\"font-size: 14pt;\"><strong><span style=\"font-family: verdana, geneva, sans-serif; color: #0000ff;\">Clique aqui e fa\u00e7a sua inscri\u00e7\u00e3o no Apostolado de F\u00e1tima.<\/span><\/strong><\/span><\/a><\/h6>\n<p>&nbsp;<\/p>\n<p><span style=\"color: #000000;\">Ao participar<\/span>\u00a0<span style=\"color: #0000ff;\"><a style=\"color: #0000ff;\" href=\"https:\/\/adf.org.br\/apostolosdefatima?origem=18596#Participar\" target=\"_blank\" rel=\"noopener noreferrer\"><strong>deste aben\u00e7oado grupo<\/strong><\/a>,\u00a0<\/span><span style=\"color: #000000;\">voc\u00ea sentir\u00e1 que a Virgem Sant\u00edssima, certamente estar\u00e1 do seu lado em todos os momentos.<\/span><\/p>\n<p style=\"text-align: center;\"><span style=\"color: #000080;\"><strong>Responda o chamado de Nossa Senhora.\u00a0<\/strong><\/span><\/p>\n<h4 style=\"text-align: center;\"><span style=\"color: #ff0000;\"><strong>Ela aguarda por VOC\u00ca!<\/strong><\/span><\/h4>\n<p>&nbsp;<\/p>\n<h4><a href=\"http:\/\/https\/\/adf.org.br\/apostolosdefatima\/2\/?origem=18596\" target=\"_blank\" rel=\"noopener noreferrer\"><img loading=\"lazy\" class=\"aligncenter wp-image-58568\" src=\"https:\/\/www.adf.org.br\/home\/wp-content\/uploads\/2020\/04\/Bot%C3%A3o-Ap%C3%B3stolos-de-F%C3%A1tima-2.png\" alt=\"Bot\u00e3o Ap\u00f3stolos de F\u00e1tima no texto Hino de Nossa Senhora de F\u00e1tima - Ave de F\u00e1tima (Treze de Maio)\" width=\"527\" height=\"260\" \/><\/a><\/h4>\n<p>&nbsp;<\/p>\n<p style=\"text-align: center;\"><span style=\"color: #800080;\"><em><strong>\u201cNossa Senhora de F\u00e1tima, rogai por n\u00f3s.\u201d<\/strong><\/em><\/span><\/p>\n","protected":false},"excerpt":{"rendered":"<p>. Em 21 de janeiro de 1920, a pastorinha Jacinta partiu junto de sua m\u00e3e da cidade de F\u00e1tima para Lisboa, em Portugal.. L\u00e1, ela ficou no orfanato Nossa Senhora dos Milagres, fundado e dirigido pela Madre Godinho, que era chamada de \u201cMadrinha\u201d por todas as \u00f3rf\u00e3s da institui\u00e7\u00e3o. Durante sua estada, a Sant\u00edssima Virgem [&hellip;]<\/p>\n","protected":false},"author":31,"featured_media":61301,"comment_status":"open","ping_status":"open","sticky":false,"template":"","format":"standard","meta":[],"categories":[9,2323,118,56],"tags":[2242,79,57,2735,1000,2370,299,470],"yoast_head":"<!-- This site is optimized with the Yoast SEO plugin v17.4 - https:\/\/yoast.com\/wordpress\/plugins\/seo\/ -->\n<title>Pastorinha Jacinta: O que Nossa Senhora revelou sobre os pecados<\/title>\n<meta name=\"description\" content=\"Em suas apari\u00e7\u00f5es para a pequena Jacinta, a Sant\u00edssima Virgem revelou muitas coisas, inclusive sobre os pecados. Veja abaixo as observa\u00e7\u00f5es..\" \/>\n<meta name=\"robots\" content=\"index, follow, max-snippet:-1, max-image-preview:large, max-video-preview:-1\" \/>\n<link rel=\"canonical\" href=\"https:\/\/www.adf.org.br\/home\/pastorinha-jacinta-o-que-nossa-senhora-revelou-sobre-os-pecados\/\" \/>\n<meta property=\"og:locale\" content=\"pt_BR\" \/>\n<meta property=\"og:type\" content=\"article\" \/>\n<meta property=\"og:title\" content=\"Pastorinha Jacinta: O que Nossa Senhora revelou sobre os pecados\" \/>\n<meta property=\"og:description\" content=\"Em suas apari\u00e7\u00f5es para a pequena Jacinta, a Sant\u00edssima Virgem revelou muitas coisas, inclusive sobre os pecados. Veja abaixo as observa\u00e7\u00f5es..\" \/>\n<meta property=\"og:url\" content=\"https:\/\/www.adf.org.br\/home\/pastorinha-jacinta-o-que-nossa-senhora-revelou-sobre-os-pecados\/\" \/>\n<meta property=\"og:site_name\" content=\"Associa\u00e7\u00e3o Devotos de F\u00e1tima\" \/>\n<meta property=\"article:published_time\" content=\"2021-04-25T03:30:34+00:00\" \/>\n<meta property=\"article:modified_time\" content=\"2021-04-23T19:44:03+00:00\" \/>\n<meta property=\"og:image\" content=\"https:\/\/www.adf.org.br\/home\/wp-content\/uploads\/2020\/08\/pastorinha.jpg\" \/>\n\t<meta property=\"og:image:width\" content=\"620\" \/>\n\t<meta property=\"og:image:height\" content=\"393\" \/>\n<meta name=\"twitter:card\" content=\"summary_large_image\" \/>\n<meta name=\"twitter:label1\" content=\"Escrito por\" \/>\n\t<meta name=\"twitter:data1\" content=\"Gabriel Barbosa\" \/>\n\t<meta name=\"twitter:label2\" content=\"Est. tempo de leitura\" \/>\n\t<meta name=\"twitter:data2\" content=\"2 minutos\" \/>\n<script type=\"application\/ld+json\" class=\"yoast-schema-graph\">{\"@context\":\"https:\/\/schema.org\",\"@graph\":[{\"@type\":\"WebSite\",\"@id\":\"https:\/\/www.adf.org.br\/home\/#website\",\"url\":\"https:\/\/www.adf.org.br\/home\/\",\"name\":\"Associa\\u00e7\\u00e3o Devotos de F\\u00e1tima\",\"description\":\"Associa\\u00e7\\u00e3o Devotos de F\\u00e1tima\",\"potentialAction\":[{\"@type\":\"SearchAction\",\"target\":{\"@type\":\"EntryPoint\",\"urlTemplate\":\"https:\/\/www.adf.org.br\/home\/?s={search_term_string}\"},\"query-input\":\"required name=search_term_string\"}],\"inLanguage\":\"pt-BR\"},{\"@type\":\"ImageObject\",\"@id\":\"https:\/\/www.adf.org.br\/home\/pastorinha-jacinta-o-que-nossa-senhora-revelou-sobre-os-pecados\/#primaryimage\",\"inLanguage\":\"pt-BR\",\"url\":\"https:\/\/www.adf.org.br\/home\/wp-content\/uploads\/2020\/08\/pastorinha.jpg\",\"contentUrl\":\"https:\/\/www.adf.org.br\/home\/wp-content\/uploads\/2020\/08\/pastorinha.jpg\",\"width\":620,\"height\":393},{\"@type\":\"WebPage\",\"@id\":\"https:\/\/www.adf.org.br\/home\/pastorinha-jacinta-o-que-nossa-senhora-revelou-sobre-os-pecados\/#webpage\",\"url\":\"https:\/\/www.adf.org.br\/home\/pastorinha-jacinta-o-que-nossa-senhora-revelou-sobre-os-pecados\/\",\"name\":\"Pastorinha Jacinta: O que Nossa Senhora revelou sobre os pecados\",\"isPartOf\":{\"@id\":\"https:\/\/www.adf.org.br\/home\/#website\"},\"primaryImageOfPage\":{\"@id\":\"https:\/\/www.adf.org.br\/home\/pastorinha-jacinta-o-que-nossa-senhora-revelou-sobre-os-pecados\/#primaryimage\"},\"datePublished\":\"2021-04-25T03:30:34+00:00\",\"dateModified\":\"2021-04-23T19:44:03+00:00\",\"author\":{\"@id\":\"https:\/\/www.adf.org.br\/home\/#\/schema\/person\/f35a5c5aa7728a3dedf4ea9aa1fc2753\"},\"description\":\"Em suas apari\\u00e7\\u00f5es para a pequena Jacinta, a Sant\\u00edssima Virgem revelou muitas coisas, inclusive sobre os pecados. Veja abaixo as observa\\u00e7\\u00f5es..\",\"breadcrumb\":{\"@id\":\"https:\/\/www.adf.org.br\/home\/pastorinha-jacinta-o-que-nossa-senhora-revelou-sobre-os-pecados\/#breadcrumb\"},\"inLanguage\":\"pt-BR\",\"potentialAction\":[{\"@type\":\"ReadAction\",\"target\":[\"https:\/\/www.adf.org.br\/home\/pastorinha-jacinta-o-que-nossa-senhora-revelou-sobre-os-pecados\/\"]}]},{\"@type\":\"BreadcrumbList\",\"@id\":\"https:\/\/www.adf.org.br\/home\/pastorinha-jacinta-o-que-nossa-senhora-revelou-sobre-os-pecados\/#breadcrumb\",\"itemListElement\":[{\"@type\":\"ListItem\",\"position\":1,\"name\":\"Home\",\"item\":\"https:\/\/www.adf.org.br\/home\/\"},{\"@type\":\"ListItem\",\"position\":2,\"name\":\"Pastorinha Jacinta: O que Nossa Senhora revelou sobre os pecados\"}]},{\"@type\":\"Person\",\"@id\":\"https:\/\/www.adf.org.br\/home\/#\/schema\/person\/f35a5c5aa7728a3dedf4ea9aa1fc2753\",\"name\":\"Gabriel Barbosa\",\"image\":{\"@type\":\"ImageObject\",\"@id\":\"https:\/\/www.adf.org.br\/home\/#personlogo\",\"inLanguage\":\"pt-BR\",\"url\":\"https:\/\/secure.gravatar.com\/avatar\/2b2cb2f4637682c5605e8d36818f51ef?s=96&d=mm&r=g\",\"contentUrl\":\"https:\/\/secure.gravatar.com\/avatar\/2b2cb2f4637682c5605e8d36818f51ef?s=96&d=mm&r=g\",\"caption\":\"Gabriel Barbosa\"},\"url\":\"https:\/\/www.adf.org.br\/home\/author\/gabrielpmk-com-br\/\"}]}<\/script>\n<!-- \/ Yoast SEO plugin. -->","yoast_head_json":{"title":"Pastorinha Jacinta: O que Nossa Senhora revelou sobre os pecados","description":"Em suas apari\u00e7\u00f5es para a pequena Jacinta, a Sant\u00edssima Virgem revelou muitas coisas, inclusive sobre os pecados. Veja abaixo as observa\u00e7\u00f5es..","robots":{"index":"index","follow":"follow","max-snippet":"max-snippet:-1","max-image-preview":"max-image-preview:large","max-video-preview":"max-video-preview:-1"},"canonical":"https:\/\/www.adf.org.br\/home\/pastorinha-jacinta-o-que-nossa-senhora-revelou-sobre-os-pecados\/","og_locale":"pt_BR","og_type":"article","og_title":"Pastorinha Jacinta: O que Nossa Senhora revelou sobre os pecados","og_description":"Em suas apari\u00e7\u00f5es para a pequena Jacinta, a Sant\u00edssima Virgem revelou muitas coisas, inclusive sobre os pecados. Veja abaixo as observa\u00e7\u00f5es..","og_url":"https:\/\/www.adf.org.br\/home\/pastorinha-jacinta-o-que-nossa-senhora-revelou-sobre-os-pecados\/","og_site_name":"Associa\u00e7\u00e3o Devotos de F\u00e1tima","article_published_time":"2021-04-25T03:30:34+00:00","article_modified_time":"2021-04-23T19:44:03+00:00","og_image":[{"width":620,"height":393,"url":"https:\/\/www.adf.org.br\/home\/wp-content\/uploads\/2020\/08\/pastorinha.jpg","type":"image\/jpeg"}],"twitter_card":"summary_large_image","twitter_misc":{"Escrito por":"Gabriel Barbosa","Est. tempo de leitura":"2 minutos"},"schema":{"@context":"https:\/\/schema.org","@graph":[{"@type":"WebSite","@id":"https:\/\/www.adf.org.br\/home\/#website","url":"https:\/\/www.adf.org.br\/home\/","name":"Associa\u00e7\u00e3o Devotos de F\u00e1tima","description":"Associa\u00e7\u00e3o Devotos de F\u00e1tima","potentialAction":[{"@type":"SearchAction","target":{"@type":"EntryPoint","urlTemplate":"https:\/\/www.adf.org.br\/home\/?s={search_term_string}"},"query-input":"required name=search_term_string"}],"inLanguage":"pt-BR"},{"@type":"ImageObject","@id":"https:\/\/www.adf.org.br\/home\/pastorinha-jacinta-o-que-nossa-senhora-revelou-sobre-os-pecados\/#primaryimage","inLanguage":"pt-BR","url":"https:\/\/www.adf.org.br\/home\/wp-content\/uploads\/2020\/08\/pastorinha.jpg","contentUrl":"https:\/\/www.adf.org.br\/home\/wp-content\/uploads\/2020\/08\/pastorinha.jpg","width":620,"height":393},{"@type":"WebPage","@id":"https:\/\/www.adf.org.br\/home\/pastorinha-jacinta-o-que-nossa-senhora-revelou-sobre-os-pecados\/#webpage","url":"https:\/\/www.adf.org.br\/home\/pastorinha-jacinta-o-que-nossa-senhora-revelou-sobre-os-pecados\/","name":"Pastorinha Jacinta: O que Nossa Senhora revelou sobre os pecados","isPartOf":{"@id":"https:\/\/www.adf.org.br\/home\/#website"},"primaryImageOfPage":{"@id":"https:\/\/www.adf.org.br\/home\/pastorinha-jacinta-o-que-nossa-senhora-revelou-sobre-os-pecados\/#primaryimage"},"datePublished":"2021-04-25T03:30:34+00:00","dateModified":"2021-04-23T19:44:03+00:00","author":{"@id":"https:\/\/www.adf.org.br\/home\/#\/schema\/person\/f35a5c5aa7728a3dedf4ea9aa1fc2753"},"description":"Em suas apari\u00e7\u00f5es para a pequena Jacinta, a Sant\u00edssima Virgem revelou muitas coisas, inclusive sobre os pecados. Veja abaixo as observa\u00e7\u00f5es..","breadcrumb":{"@id":"https:\/\/www.adf.org.br\/home\/pastorinha-jacinta-o-que-nossa-senhora-revelou-sobre-os-pecados\/#breadcrumb"},"inLanguage":"pt-BR","potentialAction":[{"@type":"ReadAction","target":["https:\/\/www.adf.org.br\/home\/pastorinha-jacinta-o-que-nossa-senhora-revelou-sobre-os-pecados\/"]}]},{"@type":"BreadcrumbList","@id":"https:\/\/www.adf.org.br\/home\/pastorinha-jacinta-o-que-nossa-senhora-revelou-sobre-os-pecados\/#breadcrumb","itemListElement":[{"@type":"ListItem","position":1,"name":"Home","item":"https:\/\/www.adf.org.br\/home\/"},{"@type":"ListItem","position":2,"name":"Pastorinha Jacinta: O que Nossa Senhora revelou sobre os pecados"}]},{"@type":"Person","@id":"https:\/\/www.adf.org.br\/home\/#\/schema\/person\/f35a5c5aa7728a3dedf4ea9aa1fc2753","name":"Gabriel Barbosa","image":{"@type":"ImageObject","@id":"https:\/\/www.adf.org.br\/home\/#personlogo","inLanguage":"pt-BR","url":"https:\/\/secure.gravatar.com\/avatar\/2b2cb2f4637682c5605e8d36818f51ef?s=96&d=mm&r=g","contentUrl":"https:\/\/secure.gravatar.com\/avatar\/2b2cb2f4637682c5605e8d36818f51ef?s=96&d=mm&r=g","caption":"Gabriel Barbosa"},"url":"https:\/\/www.adf.org.br\/home\/author\/gabrielpmk-com-br\/"}]}},"_links":{"self":[{"href":"https:\/\/www.adf.org.br\/home\/wp-json\/wp\/v2\/posts\/54817"}],"collection":[{"href":"https:\/\/www.adf.org.br\/home\/wp-json\/wp\/v2\/posts"}],"about":[{"href":"https:\/\/www.adf.org.br\/home\/wp-json\/wp\/v2\/types\/post"}],"author":[{"embeddable":true,"href":"https:\/\/www.adf.org.br\/home\/wp-json\/wp\/v2\/users\/31"}],"replies":[{"embeddable":true,"href":"https:\/\/www.adf.org.br\/home\/wp-json\/wp\/v2\/comments?post=54817"}],"version-history":[{"count":20,"href":"https:\/\/www.adf.org.br\/home\/wp-json\/wp\/v2\/posts\/54817\/revisions"}],"predecessor-version":[{"id":64211,"href":"https:\/\/www.adf.org.br\/home\/wp-json\/wp\/v2\/posts\/54817\/revisions\/64211"}],"wp:featuredmedia":[{"embeddable":true,"href":"https:\/\/www.adf.org.br\/home\/wp-json\/wp\/v2\/media\/61301"}],"wp:attachment":[{"href":"https:\/\/www.adf.org.br\/home\/wp-json\/wp\/v2\/media?parent=54817"}],"wp:term":[{"taxonomy":"category","embeddable":true,"href":"https:\/\/www.adf.org.br\/home\/wp-json\/wp\/v2\/categories?post=54817"},{"taxonomy":"post_tag","embeddable":true,"href":"https:\/\/www.adf.org.br\/home\/wp-json\/wp\/v2\/tags?post=54817"}],"curies":[{"name":"wp","href":"https:\/\/api.w.org\/{rel}","templated":true}]}}