{"id":54628,"date":"2019-09-12T07:30:03","date_gmt":"2019-09-12T10:30:03","guid":{"rendered":"http:\/\/www.adf.org.br\/home\/?p=54628"},"modified":"2019-09-12T07:30:03","modified_gmt":"2019-09-12T10:30:03","slug":"e-hoje-festa-do-santissimo-nome-de-maria","status":"publish","type":"post","link":"https:\/\/www.adf.org.br\/home\/e-hoje-festa-do-santissimo-nome-de-maria\/","title":{"rendered":"\u00c9 HOJE! Festa do Sant\u00edssimo Nome de Maria"},"content":{"rendered":"<p style=\"text-align: center;\"><a href=\"https:\/\/adf.org.br\/apostolosdefatima?origem=11688#Participar\" target=\"_blank\" rel=\"noopener noreferrer\"><img loading=\"lazy\" class=\"alignnone wp-image-54630 size-full\" src=\"https:\/\/www.adf.org.br\/home\/wp-content\/uploads\/2019\/09\/Sant\u00edssimo-Nome-de-Maria.jpg\" alt=\"Sant\u00edssimo Nome de Maria\" width=\"354\" height=\"467\" \/><\/a><\/p>\n<p><span style=\"color: #ffffff;\">.<\/span><\/p>\n<p><span style=\"color: #000000; font-family: verdana, geneva, sans-serif; font-size: 12pt;\"><span style=\"font-size: 18pt;\">H<\/span>oje, <strong>12 de setembro<\/strong>, a Igreja Cat\u00f3lica comemora a mem\u00f3ria do<strong> Sant\u00edssimo Nome de Maria<\/strong>. Conhe\u00e7a abaixo a hist\u00f3ria da celebra\u00e7\u00e3o:<\/span><\/p>\n<p><span style=\"color: #ffffff;\">.<\/span><\/p>\n<h6><strong><span style=\"font-family: verdana, geneva, sans-serif; color: #003366; font-size: 12pt;\">Origem da Festa do Santo Nome de Maria<\/span><\/strong><\/h6>\n<p><span style=\"color: #ffffff;\">.<\/span><\/p>\n<p><span style=\"font-family: verdana, geneva, sans-serif; color: #000000; font-size: 12pt;\"><span style=\"font-size: 18pt;\">A<\/span> festa foi institu\u00edda pelo Papa Inoc\u00eancio XI para celebrar a liberta\u00e7\u00e3o de Viena \u2014 sitiada pelos turcos, em 1683 \u2014 efetuada por Jo\u00e3o Sobieski, rei da Pol\u00f4nia.<\/span><\/p>\n<p><span style=\"font-family: verdana, geneva, sans-serif; color: #000000; font-size: 12pt;\">Na manh\u00e3 da batalha,<strong> o rei polon\u00eas se colocou, bem como a todo seu ex\u00e9rcito, sob a prote\u00e7\u00e3o de Maria Sant\u00edssima<\/strong>.<\/span><\/p>\n<p><span style=\"font-family: verdana, geneva, sans-serif; color: #000000; font-size: 12pt;\"><strong>Assistiu \u00e0 Santa Missa<\/strong>, durante a qual permaneceu rezando com os bra\u00e7os em cruz.<\/span><\/p>\n<p><span style=\"color: #ffffff;\">.<\/span><\/p>\n<p><strong><span style=\"font-family: verdana, geneva, sans-serif; color: #000000; font-size: 12pt;\">Ao sair da igreja, Sobieski ordenou o ataque.<\/span><\/strong><\/p>\n<p><span style=\"color: #ffffff;\">.<\/span><\/p>\n<p style=\"padding-left: 90px;\"><strong><span style=\"font-family: verdana, geneva, sans-serif; color: #003366; font-size: 12pt;\">Os turcos fugiram cheios de terror e abandonaram tudo, inclusive o grande estandarte de Maom\u00e9, que o vitorioso rei cat\u00f3lico enviou depois ao Soberano Pont\u00edfice como homenagem a Maria.<\/span><\/strong><\/p>\n<p style=\"padding-left: 90px;\"><span style=\"color: #ffffff;\">.<\/span><\/p>\n<p><span style=\"font-family: verdana, geneva, sans-serif; color: #000000; font-size: 12pt;\">A Igreja, que instituiu a festa do santo Nome de Jesus alguns dias depois do Natal, quis instituir tamb\u00e9m a festa do santo nome de Maria pouco depois de sua natividade.<\/span><\/p>\n<p><span style=\"color: #ffffff;\">.<\/span><\/p>\n<p><span style=\"color: #000000;\"><strong><span style=\"font-family: verdana, geneva, sans-serif; font-size: 12pt;\">A coleta de sua Missa suplica:<\/span><\/strong><\/span><\/p>\n<p><span style=\"color: #003366;\"><em><span style=\"font-family: verdana, geneva, sans-serif; font-size: 12pt;\">\u201cConcedei-nos Senhor onipotente que, alegrando-nos com a prote\u00e7\u00e3o e o nome da Sant\u00edssima Virgem, mere\u00e7amos, por sua intercess\u00e3o maternal, ser livres de todos os males da terra, e alcan\u00e7ar a gl\u00f3ria eterna no C\u00e9u\u201d.<\/span><\/em><\/span><\/p>\n<p style=\"text-align: center;\"><span style=\"color: #ffffff;\">.<\/span><\/p>\n<p style=\"text-align: right;\"><span style=\"font-family: verdana, geneva, sans-serif; color: #000000; font-size: 10pt;\"><strong>Fontes:<\/strong> IPCO\u00a0<\/span><\/p>\n<p style=\"text-align: right;\"><span style=\"color: #ffffff;\">.<\/span><\/p>\n<hr \/>\n<p style=\"text-align: center;\"><span style=\"font-family: verdana, geneva, sans-serif; color: #800080; font-size: 14pt;\"><strong>MISSA DA SEMANA<\/strong> <\/span><\/p>\n<p style=\"text-align: center;\"><span style=\"font-size: 18pt; color: #003366;\"><strong><span style=\"font-family: verdana, geneva, sans-serif;\">Nossa Senhora das Dores<\/span><\/strong><\/span><br \/>\n<span style=\"color: #000000;\"><strong><span style=\"font-size: 12pt;\"><em><span style=\"font-family: verdana, geneva, sans-serif;\"> Por todos os que sofrem e precisam tirar a ang\u00fastia do cora\u00e7\u00e3o<\/span><\/em><\/span><\/strong><\/span><\/p>\n<p style=\"text-align: center;\"><span style=\"color: #ffffff;\">.<\/span><\/p>\n<p style=\"text-align: center;\"><a href=\"https:\/\/adf.org.br\/apostolosdefatima?origem=11688#Participar\" target=\"_blank\" rel=\"noopener noreferrer\"><img loading=\"lazy\" class=\"alignnone wp-image-54637 size-medium\" src=\"https:\/\/www.adf.org.br\/home\/wp-content\/uploads\/2019\/09\/Nossa-Senhora-das-Dores-v\u00eddeo-246x300.jpg\" alt=\"Nossa Senhora das Dores v\u00eddeo\" width=\"246\" height=\"300\" \/><\/a><\/p>\n<p style=\"text-align: center;\"><span style=\"color: #ffffff;\">.<\/span><\/p>\n<p style=\"text-align: center;\"><span style=\"color: #000000;\"><strong><span style=\"font-family: verdana, geneva, sans-serif; font-size: 12pt;\">Conhece algu\u00e9m que necessita da ajuda de Nossa Senhora em sua vida?<\/span><\/strong><\/span><\/p>\n<p style=\"text-align: center;\"><span style=\"color: #ffffff;\">.<\/span><\/p>\n<p style=\"text-align: center;\"><span style=\"font-family: verdana, geneva, sans-serif; color: #000000; font-size: 12pt;\">Pe\u00e7a a intercess\u00e3o da M\u00e3e de Deus por ela.\u00a0?<\/span><\/p>\n<p style=\"text-align: center;\"><span style=\"color: #ffffff;\">.<\/span><\/p>\n<p style=\"text-align: center;\"><span style=\"font-family: verdana, geneva, sans-serif; color: #000000; font-size: 14pt;\">Ligue, <strong>sem custo<\/strong>, para:<\/span><br \/>\n<a href=\"tel:08006082128\" target=\"_blank\" rel=\"noopener noreferrer\"><strong><span style=\"font-family: verdana, geneva, sans-serif; color: #0000ff; font-size: 24pt;\"> 0800 608 2128<\/span><\/strong><\/a><br \/>\n<span style=\"font-family: verdana, geneva, sans-serif; color: #000000; font-size: 12pt;\"><strong> Dica:<\/strong> Se estiver no celular, somente tecle no n\u00famero para discar automaticamente.<\/span><\/p>\n<p style=\"text-align: center;\"><span style=\"color: #ffffff;\">.<\/span><\/p>\n<p style=\"text-align: center;\"><span style=\"color: #800080; font-size: 12pt;\"><strong><span style=\"font-family: verdana, geneva, sans-serif;\">E coloque seus pedidos de ora\u00e7\u00e3o na Missa em louvor a Nossa Senhora das Dores.<\/span><\/strong><\/span><\/p>\n<p style=\"text-align: center;\"><span style=\"color: #ffffff;\">.<\/span><\/p>\n<blockquote>\n<p style=\"text-align: center;\"><span style=\"font-family: verdana, geneva, sans-serif; color: #000000; font-size: 12pt;\">O <strong>Hor\u00e1rio de Atendimento<\/strong> \u00e9 de segunda a sexta-feira, das 08h \u00e0s 18h. <\/span><br \/>\n<span style=\"font-family: verdana, geneva, sans-serif; color: #000000; font-size: 12pt;\"> Recordando que a <strong>liga\u00e7\u00e3o \u00e9 gratuita<\/strong> para qualquer regi\u00e3o do Brasil.<\/span><\/p>\n<\/blockquote>\n<p style=\"text-align: center;\"><span style=\"color: #ffffff;\">.<\/span><\/p>\n<p style=\"text-align: center;\"><span style=\"font-family: verdana, geneva, sans-serif; color: #000000; font-size: 12pt;\">Se desejar, <a href=\"https:\/\/adf.org.br\/velario?origem=11688\" target=\"_blank\" rel=\"noopener noreferrer\"><strong><span style=\"color: #0000ff;\">CLIQUE AQUI<\/span><\/strong><\/a> para registrar diretamente suas preces na Missa que ser\u00e1 realizada no pr\u00f3ximo s\u00e1bado.<\/span><\/p>\n<p style=\"text-align: center;\"><span style=\"color: #ffffff;\">.<\/span><\/p>\n<p style=\"text-align: center;\"><span style=\"color: #800080;\"><em><span style=\"font-family: verdana, geneva, sans-serif; font-size: 12pt;\"><span style=\"color: #000000;\">Que Maria Sant\u00edssima interceda sempre por voc\u00ea e sua fam\u00edlia.<\/span>\u00a0<\/span><\/em><span style=\"font-family: verdana, geneva, sans-serif; font-size: 12pt;\">?\u2764\ufe0f<\/span><\/span><\/p>\n<p style=\"text-align: center;\"><span style=\"color: #ffffff;\">.<\/span><\/p>\n<hr \/>\n<p style=\"text-align: center;\"><a href=\"http:\/\/feedburner.google.com\/fb\/a\/mailverify?uri=devotosdefatima&amp;loc=pt_BR\" target=\"_blank\" rel=\"noopener noreferrer\"><img loading=\"lazy\" class=\"alignnone wp-image-53973 size-full\" src=\"https:\/\/www.adf.org.br\/home\/wp-content\/uploads\/2019\/08\/ADF-Bot\u00e3o-Feedburner.png\" alt=\"ADF - Bot\u00e3o Feedburner\" width=\"362\" height=\"192\" \/><\/a><\/p>\n<p style=\"text-align: center;\"><span style=\"color: #ffffff;\">.<\/span><\/p>\n","protected":false},"excerpt":{"rendered":"<p>. Hoje, 12 de setembro, a Igreja Cat\u00f3lica comemora a mem\u00f3ria do Sant\u00edssimo Nome de Maria. Conhe\u00e7a abaixo a hist\u00f3ria da celebra\u00e7\u00e3o: . Origem da Festa do Santo Nome de Maria . A festa foi institu\u00edda pelo Papa Inoc\u00eancio XI para celebrar a liberta\u00e7\u00e3o de Viena \u2014 sitiada pelos turcos, em 1683 \u2014 efetuada por [&hellip;]<\/p>\n","protected":false},"author":31,"featured_media":54639,"comment_status":"open","ping_status":"open","sticky":false,"template":"","format":"standard","meta":[],"categories":[20,2473,60],"tags":[3230,3231,3227,38,470],"yoast_head":"<!-- This site is optimized with the Yoast SEO plugin v17.4 - https:\/\/yoast.com\/wordpress\/plugins\/seo\/ -->\n<title>\u00c9 HOJE! Festa do Sant\u00edssimo Nome de Maria - Associa\u00e7\u00e3o Devotos de F\u00e1tima<\/title>\n<meta name=\"description\" content=\"12 de Setembro: Conhe\u00e7a a origem da Festa do Sant\u00edssimo Nome de Maria. Inscreva suas preces na Santa Missa dedicada \u00e0 Nossa Senhora das Dores\" \/>\n<meta name=\"robots\" content=\"index, follow, max-snippet:-1, max-image-preview:large, max-video-preview:-1\" \/>\n<link rel=\"canonical\" href=\"https:\/\/www.adf.org.br\/home\/e-hoje-festa-do-santissimo-nome-de-maria\/\" \/>\n<meta property=\"og:locale\" content=\"pt_BR\" \/>\n<meta property=\"og:type\" content=\"article\" \/>\n<meta property=\"og:title\" content=\"\u00c9 HOJE! Festa do Sant\u00edssimo Nome de Maria - Associa\u00e7\u00e3o Devotos de F\u00e1tima\" \/>\n<meta property=\"og:description\" content=\"12 de Setembro: Conhe\u00e7a a origem da Festa do Sant\u00edssimo Nome de Maria. Inscreva suas preces na Santa Missa dedicada \u00e0 Nossa Senhora das Dores\" \/>\n<meta property=\"og:url\" content=\"https:\/\/www.adf.org.br\/home\/e-hoje-festa-do-santissimo-nome-de-maria\/\" \/>\n<meta property=\"og:site_name\" content=\"Associa\u00e7\u00e3o Devotos de F\u00e1tima\" \/>\n<meta property=\"article:published_time\" content=\"2019-09-12T10:30:03+00:00\" \/>\n<meta name=\"twitter:card\" content=\"summary_large_image\" \/>\n<meta name=\"twitter:label1\" content=\"Escrito por\" \/>\n\t<meta name=\"twitter:data1\" content=\"Gabriel Barbosa\" \/>\n\t<meta name=\"twitter:label2\" content=\"Est. tempo de leitura\" \/>\n\t<meta name=\"twitter:data2\" content=\"2 minutos\" \/>\n<script type=\"application\/ld+json\" class=\"yoast-schema-graph\">{\"@context\":\"https:\/\/schema.org\",\"@graph\":[{\"@type\":\"WebSite\",\"@id\":\"https:\/\/www.adf.org.br\/home\/#website\",\"url\":\"https:\/\/www.adf.org.br\/home\/\",\"name\":\"Associa\\u00e7\\u00e3o Devotos de F\\u00e1tima\",\"description\":\"Associa\\u00e7\\u00e3o Devotos de F\\u00e1tima\",\"potentialAction\":[{\"@type\":\"SearchAction\",\"target\":{\"@type\":\"EntryPoint\",\"urlTemplate\":\"https:\/\/www.adf.org.br\/home\/?s={search_term_string}\"},\"query-input\":\"required name=search_term_string\"}],\"inLanguage\":\"pt-BR\"},{\"@type\":\"ImageObject\",\"@id\":\"https:\/\/www.adf.org.br\/home\/e-hoje-festa-do-santissimo-nome-de-maria\/#primaryimage\",\"inLanguage\":\"pt-BR\",\"url\":\"\",\"contentUrl\":\"\"},{\"@type\":\"WebPage\",\"@id\":\"https:\/\/www.adf.org.br\/home\/e-hoje-festa-do-santissimo-nome-de-maria\/#webpage\",\"url\":\"https:\/\/www.adf.org.br\/home\/e-hoje-festa-do-santissimo-nome-de-maria\/\",\"name\":\"\\u00c9 HOJE! Festa do Sant\\u00edssimo Nome de Maria - Associa\\u00e7\\u00e3o Devotos de F\\u00e1tima\",\"isPartOf\":{\"@id\":\"https:\/\/www.adf.org.br\/home\/#website\"},\"primaryImageOfPage\":{\"@id\":\"https:\/\/www.adf.org.br\/home\/e-hoje-festa-do-santissimo-nome-de-maria\/#primaryimage\"},\"datePublished\":\"2019-09-12T10:30:03+00:00\",\"dateModified\":\"2019-09-12T10:30:03+00:00\",\"author\":{\"@id\":\"https:\/\/www.adf.org.br\/home\/#\/schema\/person\/f35a5c5aa7728a3dedf4ea9aa1fc2753\"},\"description\":\"12 de Setembro: Conhe\\u00e7a a origem da Festa do Sant\\u00edssimo Nome de Maria. Inscreva suas preces na Santa Missa dedicada \\u00e0 Nossa Senhora das Dores\",\"breadcrumb\":{\"@id\":\"https:\/\/www.adf.org.br\/home\/e-hoje-festa-do-santissimo-nome-de-maria\/#breadcrumb\"},\"inLanguage\":\"pt-BR\",\"potentialAction\":[{\"@type\":\"ReadAction\",\"target\":[\"https:\/\/www.adf.org.br\/home\/e-hoje-festa-do-santissimo-nome-de-maria\/\"]}]},{\"@type\":\"BreadcrumbList\",\"@id\":\"https:\/\/www.adf.org.br\/home\/e-hoje-festa-do-santissimo-nome-de-maria\/#breadcrumb\",\"itemListElement\":[{\"@type\":\"ListItem\",\"position\":1,\"name\":\"Home\",\"item\":\"https:\/\/www.adf.org.br\/home\/\"},{\"@type\":\"ListItem\",\"position\":2,\"name\":\"\\u00c9 HOJE! Festa do Sant\\u00edssimo Nome de Maria\"}]},{\"@type\":\"Person\",\"@id\":\"https:\/\/www.adf.org.br\/home\/#\/schema\/person\/f35a5c5aa7728a3dedf4ea9aa1fc2753\",\"name\":\"Gabriel Barbosa\",\"image\":{\"@type\":\"ImageObject\",\"@id\":\"https:\/\/www.adf.org.br\/home\/#personlogo\",\"inLanguage\":\"pt-BR\",\"url\":\"https:\/\/secure.gravatar.com\/avatar\/2b2cb2f4637682c5605e8d36818f51ef?s=96&d=mm&r=g\",\"contentUrl\":\"https:\/\/secure.gravatar.com\/avatar\/2b2cb2f4637682c5605e8d36818f51ef?s=96&d=mm&r=g\",\"caption\":\"Gabriel Barbosa\"},\"url\":\"https:\/\/www.adf.org.br\/home\/author\/gabrielpmk-com-br\/\"}]}<\/script>\n<!-- \/ Yoast SEO plugin. -->","yoast_head_json":{"title":"\u00c9 HOJE! Festa do Sant\u00edssimo Nome de Maria - Associa\u00e7\u00e3o Devotos de F\u00e1tima","description":"12 de Setembro: Conhe\u00e7a a origem da Festa do Sant\u00edssimo Nome de Maria. Inscreva suas preces na Santa Missa dedicada \u00e0 Nossa Senhora das Dores","robots":{"index":"index","follow":"follow","max-snippet":"max-snippet:-1","max-image-preview":"max-image-preview:large","max-video-preview":"max-video-preview:-1"},"canonical":"https:\/\/www.adf.org.br\/home\/e-hoje-festa-do-santissimo-nome-de-maria\/","og_locale":"pt_BR","og_type":"article","og_title":"\u00c9 HOJE! Festa do Sant\u00edssimo Nome de Maria - Associa\u00e7\u00e3o Devotos de F\u00e1tima","og_description":"12 de Setembro: Conhe\u00e7a a origem da Festa do Sant\u00edssimo Nome de Maria. Inscreva suas preces na Santa Missa dedicada \u00e0 Nossa Senhora das Dores","og_url":"https:\/\/www.adf.org.br\/home\/e-hoje-festa-do-santissimo-nome-de-maria\/","og_site_name":"Associa\u00e7\u00e3o Devotos de F\u00e1tima","article_published_time":"2019-09-12T10:30:03+00:00","twitter_card":"summary_large_image","twitter_misc":{"Escrito por":"Gabriel Barbosa","Est. tempo de leitura":"2 minutos"},"schema":{"@context":"https:\/\/schema.org","@graph":[{"@type":"WebSite","@id":"https:\/\/www.adf.org.br\/home\/#website","url":"https:\/\/www.adf.org.br\/home\/","name":"Associa\u00e7\u00e3o Devotos de F\u00e1tima","description":"Associa\u00e7\u00e3o Devotos de F\u00e1tima","potentialAction":[{"@type":"SearchAction","target":{"@type":"EntryPoint","urlTemplate":"https:\/\/www.adf.org.br\/home\/?s={search_term_string}"},"query-input":"required name=search_term_string"}],"inLanguage":"pt-BR"},{"@type":"ImageObject","@id":"https:\/\/www.adf.org.br\/home\/e-hoje-festa-do-santissimo-nome-de-maria\/#primaryimage","inLanguage":"pt-BR","url":"","contentUrl":""},{"@type":"WebPage","@id":"https:\/\/www.adf.org.br\/home\/e-hoje-festa-do-santissimo-nome-de-maria\/#webpage","url":"https:\/\/www.adf.org.br\/home\/e-hoje-festa-do-santissimo-nome-de-maria\/","name":"\u00c9 HOJE! Festa do Sant\u00edssimo Nome de Maria - Associa\u00e7\u00e3o Devotos de F\u00e1tima","isPartOf":{"@id":"https:\/\/www.adf.org.br\/home\/#website"},"primaryImageOfPage":{"@id":"https:\/\/www.adf.org.br\/home\/e-hoje-festa-do-santissimo-nome-de-maria\/#primaryimage"},"datePublished":"2019-09-12T10:30:03+00:00","dateModified":"2019-09-12T10:30:03+00:00","author":{"@id":"https:\/\/www.adf.org.br\/home\/#\/schema\/person\/f35a5c5aa7728a3dedf4ea9aa1fc2753"},"description":"12 de Setembro: Conhe\u00e7a a origem da Festa do Sant\u00edssimo Nome de Maria. Inscreva suas preces na Santa Missa dedicada \u00e0 Nossa Senhora das Dores","breadcrumb":{"@id":"https:\/\/www.adf.org.br\/home\/e-hoje-festa-do-santissimo-nome-de-maria\/#breadcrumb"},"inLanguage":"pt-BR","potentialAction":[{"@type":"ReadAction","target":["https:\/\/www.adf.org.br\/home\/e-hoje-festa-do-santissimo-nome-de-maria\/"]}]},{"@type":"BreadcrumbList","@id":"https:\/\/www.adf.org.br\/home\/e-hoje-festa-do-santissimo-nome-de-maria\/#breadcrumb","itemListElement":[{"@type":"ListItem","position":1,"name":"Home","item":"https:\/\/www.adf.org.br\/home\/"},{"@type":"ListItem","position":2,"name":"\u00c9 HOJE! Festa do Sant\u00edssimo Nome de Maria"}]},{"@type":"Person","@id":"https:\/\/www.adf.org.br\/home\/#\/schema\/person\/f35a5c5aa7728a3dedf4ea9aa1fc2753","name":"Gabriel Barbosa","image":{"@type":"ImageObject","@id":"https:\/\/www.adf.org.br\/home\/#personlogo","inLanguage":"pt-BR","url":"https:\/\/secure.gravatar.com\/avatar\/2b2cb2f4637682c5605e8d36818f51ef?s=96&d=mm&r=g","contentUrl":"https:\/\/secure.gravatar.com\/avatar\/2b2cb2f4637682c5605e8d36818f51ef?s=96&d=mm&r=g","caption":"Gabriel Barbosa"},"url":"https:\/\/www.adf.org.br\/home\/author\/gabrielpmk-com-br\/"}]}},"_links":{"self":[{"href":"https:\/\/www.adf.org.br\/home\/wp-json\/wp\/v2\/posts\/54628"}],"collection":[{"href":"https:\/\/www.adf.org.br\/home\/wp-json\/wp\/v2\/posts"}],"about":[{"href":"https:\/\/www.adf.org.br\/home\/wp-json\/wp\/v2\/types\/post"}],"author":[{"embeddable":true,"href":"https:\/\/www.adf.org.br\/home\/wp-json\/wp\/v2\/users\/31"}],"replies":[{"embeddable":true,"href":"https:\/\/www.adf.org.br\/home\/wp-json\/wp\/v2\/comments?post=54628"}],"version-history":[{"count":0,"href":"https:\/\/www.adf.org.br\/home\/wp-json\/wp\/v2\/posts\/54628\/revisions"}],"wp:featuredmedia":[{"embeddable":true,"href":"https:\/\/www.adf.org.br\/home\/wp-json\/wp\/v2\/media\/54639"}],"wp:attachment":[{"href":"https:\/\/www.adf.org.br\/home\/wp-json\/wp\/v2\/media?parent=54628"}],"wp:term":[{"taxonomy":"category","embeddable":true,"href":"https:\/\/www.adf.org.br\/home\/wp-json\/wp\/v2\/categories?post=54628"},{"taxonomy":"post_tag","embeddable":true,"href":"https:\/\/www.adf.org.br\/home\/wp-json\/wp\/v2\/tags?post=54628"}],"curies":[{"name":"wp","href":"https:\/\/api.w.org\/{rel}","templated":true}]}}