{"id":54537,"date":"2020-08-27T00:30:50","date_gmt":"2020-08-27T03:30:50","guid":{"rendered":"http:\/\/www.adf.org.br\/home\/?p=54537"},"modified":"2020-08-26T17:32:33","modified_gmt":"2020-08-26T20:32:33","slug":"historia-da-medalha-milagrosa-parte-6-nossa-senhora-anuncia-para-santa-catarina-sua-missao","status":"publish","type":"post","link":"https:\/\/www.adf.org.br\/home\/historia-da-medalha-milagrosa-parte-6-nossa-senhora-anuncia-para-santa-catarina-sua-missao\/","title":{"rendered":"A Hist\u00f3ria da Medalha Milagrosa &#8211; Parte 6: Nossa Senhora anuncia para Santa Catarina sua miss\u00e3o"},"content":{"rendered":"<p><a href=\"https:\/\/adf.org.br\/exercitodamedalha?origem=15762\" target=\"_blank\" rel=\"noopener noreferrer\"><img loading=\"lazy\" class=\"aligncenter wp-image-54543 size-full\" src=\"https:\/\/www.adf.org.br\/home\/wp-content\/uploads\/2019\/09\/Santa-Catarina-Labour\u00e9-e-Nossa-Senhora-1.jpg\" alt=\"Santa-Catarina-Labour\u00e9 e Nossa Senhora 1\" width=\"394\" height=\"572\" \/><\/a><\/p>\n<p><span style=\"color: #ffffff;\">.<\/span><\/p>\n<p><span style=\"color: #003366;\"><strong><span style=\"font-family: verdana, geneva, sans-serif; font-size: 14pt;\">Nossa Senhora anuncia para Santa Catarina a\u00a0miss\u00e3o dada por Deus<\/span><\/strong><\/span><span style=\"color: #ffffff; font-family: verdana, geneva, sans-serif; font-size: 12pt;\">.<\/span><\/p>\n<p style=\"text-align: left;\"><span style=\"font-weight: 400; color: #000000; font-family: verdana, geneva, sans-serif; font-size: 12pt;\"><span style=\"font-size: 18pt;\">E<\/span>m um dos manuscritos de <strong>Santa Catarina Labour\u00e9<\/strong>, ela revelou, pelo menos em parte, o que ouviu da Sant\u00edssima Virgem:<\/span><span style=\"color: #ffffff; font-family: verdana, geneva, sans-serif; font-size: 12pt;\">.<\/span><\/p>\n<blockquote>\n<p style=\"text-align: left; padding-left: 60px;\"><span style=\"color: #000000; font-family: verdana, geneva, sans-serif; font-size: 12pt;\"><i><span style=\"font-weight: 400;\">\u201cMinha filha, o bom Deus quer encarregar-vos de uma miss\u00e3o. <span style=\"color: #003366;\"><strong>Tereis muito que sofrer, mas superareis esses sofrimentos pensando que o fareis para a gl\u00f3ria do bom Deus<\/strong><\/span>.\u00a0<\/span><\/i><\/span><\/p>\n<p style=\"text-align: left; padding-left: 60px;\"><span style=\"color: #000000; font-family: verdana, geneva, sans-serif; font-size: 12pt;\"><i><span style=\"font-weight: 400;\">Sereis contraditada. Mas tereis a gra\u00e7a. N\u00e3o temais. Dizei tudo [a vosso confessor] com confian\u00e7a e simplicidade. <strong><span style=\"color: #003366;\">Tende confian\u00e7a, n\u00e3o temais.<\/span><\/strong><\/span><\/i><\/span><span style=\"font-family: verdana, geneva, sans-serif; font-size: 12pt;\"><i><span style=\"font-weight: 400;\">\u201d<\/span><\/i><\/span><\/p>\n<\/blockquote>\n<p style=\"text-align: left;\"><span style=\"font-family: verdana, geneva, sans-serif; font-size: 12pt; color: #ffffff;\">.<\/span><\/p>\n<p style=\"text-align: left;\"><span style=\"font-weight: 400; color: #000000; font-family: verdana, geneva, sans-serif; font-size: 12pt;\">Mais adiante, <strong>Nossa Senhora passou a falar de acontecimentos futuros<\/strong> que logo se verificariam:<\/span><span style=\"color: #ffffff; font-family: verdana, geneva, sans-serif; font-size: 12pt;\">.<\/span><\/p>\n<blockquote>\n<p style=\"text-align: left; padding-left: 60px;\"><span style=\"color: #000000; font-family: verdana, geneva, sans-serif; font-size: 12pt;\"><i><span style=\"font-weight: 400;\">\u201cOs tempos ser\u00e3o maus. Os males vir\u00e3o precipitar-se sobre a Fran\u00e7a. O trono ser\u00e1 derrubado. <strong><span style=\"color: #003366;\">O mundo inteiro ser\u00e1 transtornado por males de toda a ordem.<\/span><\/strong> (A Sant\u00edssima Virgem tinha um ar muito triste ao dizer isso).\u00a0<\/span><\/i><\/span><\/p>\n<p style=\"text-align: left; padding-left: 60px;\"><span style=\"color: #000000; font-family: verdana, geneva, sans-serif; font-size: 12pt;\"><i><span style=\"font-weight: 400;\">Mas vinde ao p\u00e9 deste altar. <\/span><\/i><span style=\"color: #003366;\"><b><i>Aqui as gra\u00e7as ser\u00e3o derramadas sobre todas as pessoas, grandes e pequenas, que as pedirem com confian\u00e7a e fervor<\/i><\/b><\/span><i><span style=\"font-weight: 400;\">.\u201d<\/span><\/i><\/span><\/p>\n<p style=\"text-align: left; padding-left: 60px;\"><span style=\"color: #ffffff; font-family: verdana, geneva, sans-serif; font-size: 12pt;\">.<\/span><\/p>\n<\/blockquote>\n<p style=\"text-align: left;\"><span style=\"font-weight: 400; color: #000000; font-family: verdana, geneva, sans-serif; font-size: 12pt;\">Em seguida, <strong>Nossa Senhora falou a respeito da comunidade das Filhas da Caridade<\/strong>, a que pertencia Santa Catarina, e dos Sacerdotes da Congrega\u00e7\u00e3o da Miss\u00e3o (Lazaristas), tamb\u00e9m fundados por S\u00e3o Vicente de Paulo:<\/span><span style=\"color: #ffffff; font-family: verdana, geneva, sans-serif; font-size: 12pt;\">.<\/span><\/p>\n<blockquote>\n<p style=\"text-align: left; padding-left: 60px;\"><span style=\"color: #000000; font-family: verdana, geneva, sans-serif; font-size: 12pt;\"><i><span style=\"font-weight: 400;\">\u201cMinha filha, eu gosto de derramar gra\u00e7as sobre a comunidade em particular. Eu gosto muito dela, felizmente. <span style=\"color: #003366;\"><strong>Sofro, por\u00e9m, porque h\u00e1 grandes abusos em mat\u00e9ria de regularidade<\/strong><\/span>.\u00a0<\/span><\/i><\/span><\/p>\n<p style=\"text-align: left; padding-left: 60px;\"><span style=\"color: #000000; font-family: verdana, geneva, sans-serif; font-size: 12pt;\"><i><span style=\"font-weight: 400;\">\u201cAs Regras n\u00e3o s\u00e3o observadas. H\u00e1 grande relaxamento nas duas comunidades. Dizei-o \u00e0quele que est\u00e1 encarregado de v\u00f3s, ainda que ele n\u00e3o seja o superior.<\/span><\/i><\/span><\/p>\n<p style=\"text-align: left; padding-left: 60px;\"><span style=\"color: #000000; font-family: verdana, geneva, sans-serif; font-size: 12pt;\"><i><span style=\"font-weight: 400;\">Ele ser\u00e1 encarregado de uma maneira particular da comunidade. Ele deve fazer tudo o que lhe for poss\u00edvel para repor a regra em vigor.<\/span><\/i><span style=\"color: #003366;\"><b><i> Dizei-lhe, de minha parte, que vigie sobre as m\u00e1s leituras, as perdas de tempo e as visitas<\/i><\/b><\/span><i>.<\/i><i><span style=\"font-weight: 400;\">\u201d<\/span><\/i> <\/span><span style=\"color: #ffffff; font-family: verdana, geneva, sans-serif; font-size: 12pt;\">.<\/span><\/p>\n<\/blockquote>\n<p style=\"text-align: right;\"><span style=\"color: #000000; font-family: verdana, geneva, sans-serif; font-size: 10pt;\"><b>Fonte: <\/b><i><span style=\"font-weight: 400;\">Hist\u00f3ria da Medalha Milagrosa &#8211; Um aux\u00edlio que veio do C\u00e9u<\/span><\/i><span style=\"font-weight: 400;\"> de Armando Alexandre dos Santos<\/span><\/span><\/p>\n<p style=\"text-align: center;\"><span style=\"color: #ffffff; font-family: verdana, geneva, sans-serif; font-size: 12pt;\">.<\/span><\/p>\n<hr \/>\n<p style=\"text-align: center;\"><a href=\"https:\/\/adf.org.br\/exercitodamedalha?origem=15762\" target=\"_blank\" rel=\"noopener noreferrer\"><img loading=\"lazy\" class=\"alignnone wp-image-54549 size-medium\" src=\"https:\/\/www.adf.org.br\/home\/wp-content\/uploads\/2019\/09\/NSdasGracas-e1567797783559-152x300.png\" alt=\"NSdasGracas\" width=\"152\" height=\"300\" \/><\/a><\/p>\n<p style=\"text-align: center;\"><span style=\"font-weight: 400; color: #000000; font-family: verdana, geneva, sans-serif; font-size: 12pt;\">Veja o que a Sant\u00edssima Virgem disse \u00e0 Santa Catarina:<\/span><\/p>\n<p style=\"text-align: center;\"><span style=\"color: #003366; font-family: verdana, geneva, sans-serif; font-size: 12pt;\"><b><i>\u201cAqui <\/i><\/b><i>[altar]<\/i><b><i> as gra\u00e7as ser\u00e3o derramadas sobre todas as pessoas, grandes e pequenas, que as pedirem com confian\u00e7a e fervor.\u201d<\/i><\/b><\/span><\/p>\n<p style=\"text-align: center;\"><span style=\"color: #ffffff; font-family: verdana, geneva, sans-serif; font-size: 12pt;\">.<\/span><\/p>\n<blockquote>\n<p style=\"text-align: center;\"><span style=\"font-weight: 400; color: #000000; font-family: verdana, geneva, sans-serif; font-size: 12pt;\">Nossa Senhora apenas pede F\u00e9, a verdadeira, a que <strong>VOC\u00ca GUARDA EM SEU CORA\u00c7\u00c3O<\/strong>, para que a b\u00ean\u00e7\u00e3o seja concedida.<\/span><span style=\"color: #ffffff; font-family: verdana, geneva, sans-serif; font-size: 12pt;\">.<\/span><\/p>\n<\/blockquote>\n<p style=\"text-align: center;\"><span style=\"color: #000000; font-family: verdana, geneva, sans-serif; font-size: 12pt;\">Reze, <span style=\"font-size: 14pt;\"><a href=\"https:\/\/adf.org.br\/velario\/medalhamilagrosa?origem=15762\" target=\"_blank\" rel=\"noopener noreferrer\"><strong><span style=\"color: #0000ff;\">acenda aqui<\/span><\/strong> <\/a><\/span>uma vela para <strong><span style=\"color: #003366;\">Nossa Senhora da Medalha Milagrosa<\/span><\/strong> e&#8230;<\/span><\/p>\n<p><a href=\"https:\/\/adf.org.br\/velario\/medalhamilagrosa?origem=15762\" target=\"_blank\" rel=\"noopener noreferrer\"><img loading=\"lazy\" class=\"wp-image-54539 size-full aligncenter\" src=\"https:\/\/i0.wp.com\/www.adf.org.br\/home\/wp-content\/uploads\/2019\/09\/Vela.png\" alt=\"Vela\" width=\"472\" height=\"359\" \/><\/a><\/p>\n<p style=\"text-align: center;\"><span style=\"color: #000000; font-size: 12pt; font-family: verdana, geneva, sans-serif;\">&#8230;inscreva seus pedidos de gra\u00e7as que ser\u00e3o encaminhados ao altar da Santa Missa.<\/span><\/p>\n<p style=\"text-align: center;\"><span style=\"color: #ffffff;\">.<\/span><\/p>\n<p style=\"text-align: center;\"><span style=\"color: #003366;\"><strong><em><span style=\"font-family: verdana, geneva, sans-serif; font-size: 12pt;\">A Sant\u00edssima Virgem certamente ir\u00e1 ouvir suas s\u00faplicas e interceder\u00e1 por voc\u00ea no que mais precisa.\u00a0<\/span><\/em><\/strong><\/span><span style=\"color: #ffffff;\">.<\/span><\/p>\n","protected":false},"excerpt":{"rendered":"<p>. Nossa Senhora anuncia para Santa Catarina a\u00a0miss\u00e3o dada por Deus. Em um dos manuscritos de Santa Catarina Labour\u00e9, ela revelou, pelo menos em parte, o que ouviu da Sant\u00edssima Virgem:. \u201cMinha filha, o bom Deus quer encarregar-vos de uma miss\u00e3o. Tereis muito que sofrer, mas superareis esses sofrimentos pensando que o fareis para a [&hellip;]<\/p>\n","protected":false},"author":31,"featured_media":61147,"comment_status":"open","ping_status":"open","sticky":false,"template":"","format":"standard","meta":[],"categories":[20,2311,50,2585,2332],"tags":[2288,34,2094,306,522],"yoast_head":"<!-- This site is optimized with the Yoast SEO plugin v17.4 - https:\/\/yoast.com\/wordpress\/plugins\/seo\/ -->\n<title>A Hist\u00f3ria da Medalha Milagrosa - Parte 6<\/title>\n<meta name=\"description\" content=\"Saiba qual \u00e9 a miss\u00e3o dada por Deus anunciada por Nossa Senhora das Gra\u00e7as a Santa Catarina...Confira aqui como ganhar uma medalha milagrosa..\" \/>\n<meta name=\"robots\" content=\"index, follow, max-snippet:-1, max-image-preview:large, max-video-preview:-1\" \/>\n<link rel=\"canonical\" href=\"https:\/\/www.adf.org.br\/home\/historia-da-medalha-milagrosa-parte-6-nossa-senhora-anuncia-para-santa-catarina-sua-missao\/\" \/>\n<meta property=\"og:locale\" content=\"pt_BR\" \/>\n<meta property=\"og:type\" content=\"article\" \/>\n<meta property=\"og:title\" content=\"A Hist\u00f3ria da Medalha Milagrosa - Parte 6\" \/>\n<meta property=\"og:description\" content=\"Saiba qual \u00e9 a miss\u00e3o dada por Deus anunciada por Nossa Senhora das Gra\u00e7as a Santa Catarina...Confira aqui como ganhar uma medalha milagrosa..\" \/>\n<meta property=\"og:url\" content=\"https:\/\/www.adf.org.br\/home\/historia-da-medalha-milagrosa-parte-6-nossa-senhora-anuncia-para-santa-catarina-sua-missao\/\" \/>\n<meta property=\"og:site_name\" content=\"Associa\u00e7\u00e3o Devotos de F\u00e1tima\" \/>\n<meta property=\"article:published_time\" content=\"2020-08-27T03:30:50+00:00\" \/>\n<meta property=\"article:modified_time\" content=\"2020-08-26T20:32:33+00:00\" \/>\n<meta property=\"og:image\" content=\"https:\/\/www.adf.org.br\/home\/wp-content\/uploads\/2020\/08\/santa-catarina-la.jpg\" \/>\n\t<meta property=\"og:image:width\" content=\"394\" \/>\n\t<meta property=\"og:image:height\" content=\"572\" \/>\n<meta name=\"twitter:card\" content=\"summary_large_image\" \/>\n<meta name=\"twitter:label1\" content=\"Escrito por\" \/>\n\t<meta name=\"twitter:data1\" content=\"Gabriel Barbosa\" \/>\n\t<meta name=\"twitter:label2\" content=\"Est. tempo de leitura\" \/>\n\t<meta name=\"twitter:data2\" content=\"2 minutos\" \/>\n<script type=\"application\/ld+json\" class=\"yoast-schema-graph\">{\"@context\":\"https:\/\/schema.org\",\"@graph\":[{\"@type\":\"WebSite\",\"@id\":\"https:\/\/www.adf.org.br\/home\/#website\",\"url\":\"https:\/\/www.adf.org.br\/home\/\",\"name\":\"Associa\\u00e7\\u00e3o Devotos de F\\u00e1tima\",\"description\":\"Associa\\u00e7\\u00e3o Devotos de F\\u00e1tima\",\"potentialAction\":[{\"@type\":\"SearchAction\",\"target\":{\"@type\":\"EntryPoint\",\"urlTemplate\":\"https:\/\/www.adf.org.br\/home\/?s={search_term_string}\"},\"query-input\":\"required name=search_term_string\"}],\"inLanguage\":\"pt-BR\"},{\"@type\":\"ImageObject\",\"@id\":\"https:\/\/www.adf.org.br\/home\/historia-da-medalha-milagrosa-parte-6-nossa-senhora-anuncia-para-santa-catarina-sua-missao\/#primaryimage\",\"inLanguage\":\"pt-BR\",\"url\":\"https:\/\/www.adf.org.br\/home\/wp-content\/uploads\/2020\/08\/santa-catarina-la-e1732625772450.jpg\",\"contentUrl\":\"https:\/\/www.adf.org.br\/home\/wp-content\/uploads\/2020\/08\/santa-catarina-la-e1732625772450.jpg\",\"width\":394,\"height\":388},{\"@type\":\"WebPage\",\"@id\":\"https:\/\/www.adf.org.br\/home\/historia-da-medalha-milagrosa-parte-6-nossa-senhora-anuncia-para-santa-catarina-sua-missao\/#webpage\",\"url\":\"https:\/\/www.adf.org.br\/home\/historia-da-medalha-milagrosa-parte-6-nossa-senhora-anuncia-para-santa-catarina-sua-missao\/\",\"name\":\"A Hist\\u00f3ria da Medalha Milagrosa - Parte 6\",\"isPartOf\":{\"@id\":\"https:\/\/www.adf.org.br\/home\/#website\"},\"primaryImageOfPage\":{\"@id\":\"https:\/\/www.adf.org.br\/home\/historia-da-medalha-milagrosa-parte-6-nossa-senhora-anuncia-para-santa-catarina-sua-missao\/#primaryimage\"},\"datePublished\":\"2020-08-27T03:30:50+00:00\",\"dateModified\":\"2020-08-26T20:32:33+00:00\",\"author\":{\"@id\":\"https:\/\/www.adf.org.br\/home\/#\/schema\/person\/f35a5c5aa7728a3dedf4ea9aa1fc2753\"},\"description\":\"Saiba qual \\u00e9 a miss\\u00e3o dada por Deus anunciada por Nossa Senhora das Gra\\u00e7as a Santa Catarina...Confira aqui como ganhar uma medalha milagrosa..\",\"breadcrumb\":{\"@id\":\"https:\/\/www.adf.org.br\/home\/historia-da-medalha-milagrosa-parte-6-nossa-senhora-anuncia-para-santa-catarina-sua-missao\/#breadcrumb\"},\"inLanguage\":\"pt-BR\",\"potentialAction\":[{\"@type\":\"ReadAction\",\"target\":[\"https:\/\/www.adf.org.br\/home\/historia-da-medalha-milagrosa-parte-6-nossa-senhora-anuncia-para-santa-catarina-sua-missao\/\"]}]},{\"@type\":\"BreadcrumbList\",\"@id\":\"https:\/\/www.adf.org.br\/home\/historia-da-medalha-milagrosa-parte-6-nossa-senhora-anuncia-para-santa-catarina-sua-missao\/#breadcrumb\",\"itemListElement\":[{\"@type\":\"ListItem\",\"position\":1,\"name\":\"Home\",\"item\":\"https:\/\/www.adf.org.br\/home\/\"},{\"@type\":\"ListItem\",\"position\":2,\"name\":\"A Hist\\u00f3ria da Medalha Milagrosa &#8211; Parte 6: Nossa Senhora anuncia para Santa Catarina sua miss\\u00e3o\"}]},{\"@type\":\"Person\",\"@id\":\"https:\/\/www.adf.org.br\/home\/#\/schema\/person\/f35a5c5aa7728a3dedf4ea9aa1fc2753\",\"name\":\"Gabriel Barbosa\",\"image\":{\"@type\":\"ImageObject\",\"@id\":\"https:\/\/www.adf.org.br\/home\/#personlogo\",\"inLanguage\":\"pt-BR\",\"url\":\"https:\/\/secure.gravatar.com\/avatar\/2b2cb2f4637682c5605e8d36818f51ef?s=96&d=mm&r=g\",\"contentUrl\":\"https:\/\/secure.gravatar.com\/avatar\/2b2cb2f4637682c5605e8d36818f51ef?s=96&d=mm&r=g\",\"caption\":\"Gabriel Barbosa\"},\"url\":\"https:\/\/www.adf.org.br\/home\/author\/gabrielpmk-com-br\/\"}]}<\/script>\n<!-- \/ Yoast SEO plugin. -->","yoast_head_json":{"title":"A Hist\u00f3ria da Medalha Milagrosa - Parte 6","description":"Saiba qual \u00e9 a miss\u00e3o dada por Deus anunciada por Nossa Senhora das Gra\u00e7as a Santa Catarina...Confira aqui como ganhar uma medalha milagrosa..","robots":{"index":"index","follow":"follow","max-snippet":"max-snippet:-1","max-image-preview":"max-image-preview:large","max-video-preview":"max-video-preview:-1"},"canonical":"https:\/\/www.adf.org.br\/home\/historia-da-medalha-milagrosa-parte-6-nossa-senhora-anuncia-para-santa-catarina-sua-missao\/","og_locale":"pt_BR","og_type":"article","og_title":"A Hist\u00f3ria da Medalha Milagrosa - Parte 6","og_description":"Saiba qual \u00e9 a miss\u00e3o dada por Deus anunciada por Nossa Senhora das Gra\u00e7as a Santa Catarina...Confira aqui como ganhar uma medalha milagrosa..","og_url":"https:\/\/www.adf.org.br\/home\/historia-da-medalha-milagrosa-parte-6-nossa-senhora-anuncia-para-santa-catarina-sua-missao\/","og_site_name":"Associa\u00e7\u00e3o Devotos de F\u00e1tima","article_published_time":"2020-08-27T03:30:50+00:00","article_modified_time":"2020-08-26T20:32:33+00:00","og_image":[{"width":394,"height":572,"url":"https:\/\/www.adf.org.br\/home\/wp-content\/uploads\/2020\/08\/santa-catarina-la.jpg","type":"image\/jpeg"}],"twitter_card":"summary_large_image","twitter_misc":{"Escrito por":"Gabriel Barbosa","Est. tempo de leitura":"2 minutos"},"schema":{"@context":"https:\/\/schema.org","@graph":[{"@type":"WebSite","@id":"https:\/\/www.adf.org.br\/home\/#website","url":"https:\/\/www.adf.org.br\/home\/","name":"Associa\u00e7\u00e3o Devotos de F\u00e1tima","description":"Associa\u00e7\u00e3o Devotos de F\u00e1tima","potentialAction":[{"@type":"SearchAction","target":{"@type":"EntryPoint","urlTemplate":"https:\/\/www.adf.org.br\/home\/?s={search_term_string}"},"query-input":"required name=search_term_string"}],"inLanguage":"pt-BR"},{"@type":"ImageObject","@id":"https:\/\/www.adf.org.br\/home\/historia-da-medalha-milagrosa-parte-6-nossa-senhora-anuncia-para-santa-catarina-sua-missao\/#primaryimage","inLanguage":"pt-BR","url":"https:\/\/www.adf.org.br\/home\/wp-content\/uploads\/2020\/08\/santa-catarina-la-e1732625772450.jpg","contentUrl":"https:\/\/www.adf.org.br\/home\/wp-content\/uploads\/2020\/08\/santa-catarina-la-e1732625772450.jpg","width":394,"height":388},{"@type":"WebPage","@id":"https:\/\/www.adf.org.br\/home\/historia-da-medalha-milagrosa-parte-6-nossa-senhora-anuncia-para-santa-catarina-sua-missao\/#webpage","url":"https:\/\/www.adf.org.br\/home\/historia-da-medalha-milagrosa-parte-6-nossa-senhora-anuncia-para-santa-catarina-sua-missao\/","name":"A Hist\u00f3ria da Medalha Milagrosa - Parte 6","isPartOf":{"@id":"https:\/\/www.adf.org.br\/home\/#website"},"primaryImageOfPage":{"@id":"https:\/\/www.adf.org.br\/home\/historia-da-medalha-milagrosa-parte-6-nossa-senhora-anuncia-para-santa-catarina-sua-missao\/#primaryimage"},"datePublished":"2020-08-27T03:30:50+00:00","dateModified":"2020-08-26T20:32:33+00:00","author":{"@id":"https:\/\/www.adf.org.br\/home\/#\/schema\/person\/f35a5c5aa7728a3dedf4ea9aa1fc2753"},"description":"Saiba qual \u00e9 a miss\u00e3o dada por Deus anunciada por Nossa Senhora das Gra\u00e7as a Santa Catarina...Confira aqui como ganhar uma medalha milagrosa..","breadcrumb":{"@id":"https:\/\/www.adf.org.br\/home\/historia-da-medalha-milagrosa-parte-6-nossa-senhora-anuncia-para-santa-catarina-sua-missao\/#breadcrumb"},"inLanguage":"pt-BR","potentialAction":[{"@type":"ReadAction","target":["https:\/\/www.adf.org.br\/home\/historia-da-medalha-milagrosa-parte-6-nossa-senhora-anuncia-para-santa-catarina-sua-missao\/"]}]},{"@type":"BreadcrumbList","@id":"https:\/\/www.adf.org.br\/home\/historia-da-medalha-milagrosa-parte-6-nossa-senhora-anuncia-para-santa-catarina-sua-missao\/#breadcrumb","itemListElement":[{"@type":"ListItem","position":1,"name":"Home","item":"https:\/\/www.adf.org.br\/home\/"},{"@type":"ListItem","position":2,"name":"A Hist\u00f3ria da Medalha Milagrosa &#8211; Parte 6: Nossa Senhora anuncia para Santa Catarina sua miss\u00e3o"}]},{"@type":"Person","@id":"https:\/\/www.adf.org.br\/home\/#\/schema\/person\/f35a5c5aa7728a3dedf4ea9aa1fc2753","name":"Gabriel Barbosa","image":{"@type":"ImageObject","@id":"https:\/\/www.adf.org.br\/home\/#personlogo","inLanguage":"pt-BR","url":"https:\/\/secure.gravatar.com\/avatar\/2b2cb2f4637682c5605e8d36818f51ef?s=96&d=mm&r=g","contentUrl":"https:\/\/secure.gravatar.com\/avatar\/2b2cb2f4637682c5605e8d36818f51ef?s=96&d=mm&r=g","caption":"Gabriel Barbosa"},"url":"https:\/\/www.adf.org.br\/home\/author\/gabrielpmk-com-br\/"}]}},"_links":{"self":[{"href":"https:\/\/www.adf.org.br\/home\/wp-json\/wp\/v2\/posts\/54537"}],"collection":[{"href":"https:\/\/www.adf.org.br\/home\/wp-json\/wp\/v2\/posts"}],"about":[{"href":"https:\/\/www.adf.org.br\/home\/wp-json\/wp\/v2\/types\/post"}],"author":[{"embeddable":true,"href":"https:\/\/www.adf.org.br\/home\/wp-json\/wp\/v2\/users\/31"}],"replies":[{"embeddable":true,"href":"https:\/\/www.adf.org.br\/home\/wp-json\/wp\/v2\/comments?post=54537"}],"version-history":[{"count":6,"href":"https:\/\/www.adf.org.br\/home\/wp-json\/wp\/v2\/posts\/54537\/revisions"}],"predecessor-version":[{"id":61295,"href":"https:\/\/www.adf.org.br\/home\/wp-json\/wp\/v2\/posts\/54537\/revisions\/61295"}],"wp:featuredmedia":[{"embeddable":true,"href":"https:\/\/www.adf.org.br\/home\/wp-json\/wp\/v2\/media\/61147"}],"wp:attachment":[{"href":"https:\/\/www.adf.org.br\/home\/wp-json\/wp\/v2\/media?parent=54537"}],"wp:term":[{"taxonomy":"category","embeddable":true,"href":"https:\/\/www.adf.org.br\/home\/wp-json\/wp\/v2\/categories?post=54537"},{"taxonomy":"post_tag","embeddable":true,"href":"https:\/\/www.adf.org.br\/home\/wp-json\/wp\/v2\/tags?post=54537"}],"curies":[{"name":"wp","href":"https:\/\/api.w.org\/{rel}","templated":true}]}}