{"id":54317,"date":"2020-09-01T08:00:15","date_gmt":"2020-09-01T11:00:15","guid":{"rendered":"http:\/\/www.adf.org.br\/home\/?p=54317"},"modified":"2020-08-31T17:40:21","modified_gmt":"2020-08-31T20:40:21","slug":"os-tres-pastorinhos-de-fatima-visitas-ao-santissimo-sacramento","status":"publish","type":"post","link":"https:\/\/www.adf.org.br\/home\/os-tres-pastorinhos-de-fatima-visitas-ao-santissimo-sacramento\/","title":{"rendered":"Os Tr\u00eas Pastorinhos de F\u00e1tima: Visitas ao Sant\u00edssimo Sacramento"},"content":{"rendered":"<p><a href=\"https:\/\/adf.org.br\/apostolosdefatima?origem=15808#Participar\" target=\"_blank\" rel=\"noopener noreferrer\"><img loading=\"lazy\" class=\"aligncenter wp-image-54320 \" src=\"https:\/\/www.adf.org.br\/home\/wp-content\/uploads\/2019\/08\/Jacinta-marto-fatima-portugal-1917.jpg\" alt=\"Jacinta-marto-fatima-portugal-1917\" width=\"216\" height=\"327\" \/><\/a><\/p>\n<p><span style=\"color: #ffffff;\">.<\/span><\/p>\n<p><strong><span style=\"font-family: verdana, geneva, sans-serif; color: #003366; font-size: 14pt;\">Visitas ao Sant\u00edssimo Sacramento<\/span><\/strong><span style=\"font-family: verdana, geneva, sans-serif; color: #ffffff; font-size: 12pt;\">.<\/span><\/p>\n<p><span style=\"font-weight: 400; font-family: verdana, geneva, sans-serif; color: #000000; font-size: 12pt;\"><span style=\"font-size: 18pt;\">A <\/span>m\u00e3e de Jacinta cansada de chamar suas crian\u00e7as para satisfazer o desejo de visitantes curiosos, tirou-lhes a guarda do rebanho que confiou a outro de seus filhos.\u00a0<\/span><span style=\"color: #ffffff;\">.<\/span><\/p>\n<p style=\"padding-left: 90px;\"><span style=\"font-weight: 400; font-family: verdana, geneva, sans-serif; color: #003366; font-size: 12pt;\">Com o decorrer do tempo, a m\u00e3e de L\u00facia tamb\u00e9m cansada da perda de tempo para chamar a filha, decidiu a contragosto vender o rebanho. As m\u00e3es tamb\u00e9m se puseram de acordo para enviar as tr\u00eas crian\u00e7as \u00e0 escola.\u00a0<\/span><span style=\"color: #ffffff;\">.<\/span><\/p>\n<p><span style=\"font-weight: 400; font-family: verdana, geneva, sans-serif; color: #000000; font-size: 12pt;\"><strong>Quando podia, por exemplo, durante o recreio, Jacinta ia com Francisco fazer uma visita ao Sant\u00edssimo Sacramento, na igreja.<\/strong> Mas l\u00e1 tamb\u00e9m n\u00e3o deixavam de procur\u00e1-la.<\/span><span style=\"color: #ffffff;\">.<\/span><\/p>\n<p style=\"padding-left: 90px;\"><span style=\"font-family: verdana, geneva, sans-serif; color: #003366; font-size: 12pt;\"><i>&#8211; Parece que adivinham. Logo que a gente entra na igreja, \u00e9 tanta gente a fazer-nos perguntas! <strong>Eu gostava de estar muito tempo sozinha, a falar com Jesus escondido;<\/strong> mas nunca nos deixam!<\/i><\/span><span style=\"color: #ffffff;\">.<\/span><\/p>\n<p><span style=\"font-weight: 400; font-family: verdana, geneva, sans-serif; color: #000000; font-size: 12pt;\">\u00c9 verdade que toda gente das aldeias vizinhas n\u00e3o hesitava em vir contar-lhes, com toda simplicidade, suas mis\u00e9rias e afli\u00e7\u00f5es.\u00a0<\/span><\/p>\n<p><span style=\"font-weight: 400; font-family: verdana, geneva, sans-serif; color: #000000; font-size: 12pt;\">Jacinta, como sempre, sentia grande pena, especialmente quando se tratava de um pecador. Ent\u00e3o dizia:<\/span><span style=\"color: #ffffff;\">.<\/span><\/p>\n<p style=\"padding-left: 90px;\"><strong><span style=\"font-family: verdana, geneva, sans-serif; color: #003366; font-size: 12pt;\"><i>&#8211; Temos que rezar e oferecer sacrif\u00edcios a Nosso Senhor, para que o converta e n\u00e3o v\u00e1 para o inferno, coitadinho!<\/i><\/span><\/strong><span style=\"color: #ffffff;\">.<\/span><\/p>\n<p style=\"text-align: right;\"><span style=\"font-family: verdana, geneva, sans-serif; color: #000000; font-size: 10pt;\"><b>Fonte: <\/b><i><span style=\"font-weight: 400;\">Jacinta de F\u00e1tima &#8211; Sofrer para salvar os pecadores<\/span><\/i><span style=\"font-weight: 400;\">, 2010<\/span><\/span><span style=\"font-family: verdana, geneva, sans-serif; color: #ffffff; font-size: 12pt;\">.<\/span><\/p>\n<hr \/>\n<p>&nbsp;<\/p>\n<p><a href=\"https:\/\/adf.org.br\/apostolosdefatima?origem=15808#Participar\" target=\"_blank\" rel=\"noopener noreferrer\"><img loading=\"lazy\" class=\"aligncenter wp-image-53779 size-medium\" src=\"https:\/\/www.adf.org.br\/home\/wp-content\/uploads\/2019\/08\/Ap\u00f3stolo-de-F\u00e1tima-Logo-1-2-300x188.jpg\" alt=\"Ap\u00f3stolo de F\u00e1tima - Logo 1\" width=\"300\" height=\"188\" \/><\/a><\/p>\n<p style=\"text-align: center;\"><span style=\"color: #003366;\"><strong><span style=\"font-family: verdana, geneva, sans-serif; font-size: 14pt;\">Volte para os bra\u00e7os de Maria Sant\u00edssima!<\/span><\/strong><\/span><span style=\"color: #ffffff;\">.<\/span><\/p>\n<p style=\"text-align: center;\"><span style=\"font-family: verdana, geneva, sans-serif; color: #000000; font-size: 14pt;\">Seja um Ap\u00f3stolo de F\u00e1tima!<\/span><\/p>\n<p style=\"text-align: center;\"><span style=\"color: #ffffff;\">.<\/span><\/p>\n<p style=\"text-align: center;\"><span style=\"font-family: verdana, geneva, sans-serif; color: #000000; font-size: 14pt;\">Ligue <strong>GR\u00c1TIS<\/strong> para:<\/span><br \/>\n<a href=\"tel:08006082128\" target=\"_blank\" rel=\"noopener noreferrer\"><strong><span style=\"font-family: verdana, geneva, sans-serif; color: #0000ff; font-size: 24pt;\">0800 608 2128<\/span><\/strong><\/a><br \/>\n<span style=\"font-family: verdana, geneva, sans-serif; color: #000000; font-size: 12pt;\"><strong>Dica:<\/strong> Se estiver no celular, somente tecle no n\u00famero para discar automaticamente.<\/span><span style=\"color: #ffffff;\">.<\/span><\/p>\n<p style=\"text-align: center;\"><span style=\"text-decoration: underline;\"><span style=\"font-family: verdana, geneva, sans-serif; color: #000000; font-size: 12pt; text-decoration: underline;\">E converse com uma de nossas colaboradoras para saber como se tornar um propagador da devo\u00e7\u00e3o da Virgem Sant\u00edssima, <strong>sem sair de casa<\/strong>.<\/span><\/span><\/p>\n<p style=\"text-align: center;\"><span style=\"color: #ffffff;\">.<\/span><\/p>\n<p style=\"text-align: center;\"><span style=\"font-family: verdana, geneva, sans-serif; color: #800080; font-size: 14pt;\">\u00c9 simples e r\u00e1pido!<\/span><\/p>\n<p style=\"text-align: center;\"><span style=\"font-family: verdana, geneva, sans-serif; color: #000000; font-size: 12pt;\">Al\u00e9m de levar Nossa Senhora para milhares de pessoas, <strong>voc\u00ea poder\u00e1 receber<\/strong>, como agradecimento, <strong>aben\u00e7oados presentes que v\u00e3o ajud\u00e1-lo a se unir cada vez mais ao Seu Imaculado Cora\u00e7\u00e3o<\/strong>.<\/span><span style=\"color: #ffffff;\">.<\/span><\/p>\n<blockquote>\n<p style=\"text-align: center;\">\n<\/blockquote>\n<p style=\"text-align: center;\"><span style=\"font-family: verdana, geneva, sans-serif; color: #800080; font-size: 14pt;\">A Virgem Sant\u00edssima est\u00e1 esperando por voc\u00ea!<\/span><span style=\"color: #ffffff;\">.<\/span><\/p>\n<p style=\"text-align: center;\"><a href=\"https:\/\/adf.org.br\/apostolosdefatima\/2\/form\/?origem=15808\" target=\"_blank\" rel=\"noopener noreferrer\"><span style=\"color: #0000ff;\"><span style=\"font-family: verdana, geneva, sans-serif; font-size: 12pt;\"> Eu quero fazer mais por Nossa Senhora e vou ser seu Ap\u00f3stolo, assim como os tr\u00eas pastorinhos em F\u00e1tima.<\/span><\/span><\/a><\/p>\n<p style=\"text-align: center;\"><span style=\"color: #ffffff;\">.<\/span><br \/>\n<em><span style=\"font-family: verdana, geneva, sans-serif; color: #000000; font-size: 12pt;\">Que Nossa Senhora de F\u00e1tima ilumine muito seu dia!\u00a0<\/span><\/em><span style=\"color: #ffffff;\">.<\/span><span style=\"color: #ffffff;\">.<\/span><\/p>\n","protected":false},"excerpt":{"rendered":"<p>. Visitas ao Sant\u00edssimo Sacramento. A m\u00e3e de Jacinta cansada de chamar suas crian\u00e7as para satisfazer o desejo de visitantes curiosos, tirou-lhes a guarda do rebanho que confiou a outro de seus filhos.\u00a0. Com o decorrer do tempo, a m\u00e3e de L\u00facia tamb\u00e9m cansada da perda de tempo para chamar a filha, decidiu a contragosto [&hellip;]<\/p>\n","protected":false},"author":31,"featured_media":3683,"comment_status":"open","ping_status":"open","sticky":false,"template":"","format":"standard","meta":[],"categories":[20,2323,2473,118,56],"tags":[2242,79,3204,139,57,2881,299,1080,470],"yoast_head":"<!-- This site is optimized with the Yoast SEO plugin v17.4 - https:\/\/yoast.com\/wordpress\/plugins\/seo\/ -->\n<title>Os Tr\u00eas Pastorinhos de F\u00e1tima: Visitas ao Sant\u00edssimo Sacramento<\/title>\n<meta name=\"description\" content=\"Sant\u00edssimo Sacramento: Conhe\u00e7a mais uma bel\u00edssima hist\u00f3ria sobre a vida dos tr\u00eas pastorinhos, ap\u00f3s as apari\u00e7\u00f5es de Nossa Senhora em F\u00e1tima.\" \/>\n<meta name=\"robots\" content=\"index, follow, max-snippet:-1, max-image-preview:large, max-video-preview:-1\" \/>\n<link rel=\"canonical\" href=\"https:\/\/www.adf.org.br\/home\/os-tres-pastorinhos-de-fatima-visitas-ao-santissimo-sacramento\/\" \/>\n<meta property=\"og:locale\" content=\"pt_BR\" \/>\n<meta property=\"og:type\" content=\"article\" \/>\n<meta property=\"og:title\" content=\"Os Tr\u00eas Pastorinhos de F\u00e1tima: Visitas ao Sant\u00edssimo Sacramento\" \/>\n<meta property=\"og:description\" content=\"Sant\u00edssimo Sacramento: Conhe\u00e7a mais uma bel\u00edssima hist\u00f3ria sobre a vida dos tr\u00eas pastorinhos, ap\u00f3s as apari\u00e7\u00f5es de Nossa Senhora em F\u00e1tima.\" \/>\n<meta property=\"og:url\" content=\"https:\/\/www.adf.org.br\/home\/os-tres-pastorinhos-de-fatima-visitas-ao-santissimo-sacramento\/\" \/>\n<meta property=\"og:site_name\" content=\"Associa\u00e7\u00e3o Devotos de F\u00e1tima\" \/>\n<meta property=\"article:published_time\" content=\"2020-09-01T11:00:15+00:00\" \/>\n<meta property=\"article:modified_time\" content=\"2020-08-31T20:40:21+00:00\" \/>\n<meta property=\"og:image\" content=\"https:\/\/www.adf.org.br\/home\/wp-content\/uploads\/2010\/04\/pastorinhos_09.jpg\" \/>\n\t<meta property=\"og:image:width\" content=\"1050\" \/>\n\t<meta property=\"og:image:height\" content=\"1025\" \/>\n<meta name=\"twitter:card\" content=\"summary_large_image\" \/>\n<meta name=\"twitter:label1\" content=\"Escrito por\" \/>\n\t<meta name=\"twitter:data1\" content=\"Gabriel Barbosa\" \/>\n\t<meta name=\"twitter:label2\" content=\"Est. tempo de leitura\" \/>\n\t<meta name=\"twitter:data2\" content=\"2 minutos\" \/>\n<script type=\"application\/ld+json\" class=\"yoast-schema-graph\">{\"@context\":\"https:\/\/schema.org\",\"@graph\":[{\"@type\":\"WebSite\",\"@id\":\"https:\/\/www.adf.org.br\/home\/#website\",\"url\":\"https:\/\/www.adf.org.br\/home\/\",\"name\":\"Associa\\u00e7\\u00e3o Devotos de F\\u00e1tima\",\"description\":\"Associa\\u00e7\\u00e3o Devotos de F\\u00e1tima\",\"potentialAction\":[{\"@type\":\"SearchAction\",\"target\":{\"@type\":\"EntryPoint\",\"urlTemplate\":\"https:\/\/www.adf.org.br\/home\/?s={search_term_string}\"},\"query-input\":\"required name=search_term_string\"}],\"inLanguage\":\"pt-BR\"},{\"@type\":\"ImageObject\",\"@id\":\"https:\/\/www.adf.org.br\/home\/os-tres-pastorinhos-de-fatima-visitas-ao-santissimo-sacramento\/#primaryimage\",\"inLanguage\":\"pt-BR\",\"url\":\"https:\/\/www.adf.org.br\/home\/wp-content\/uploads\/2010\/04\/pastorinhos_09.jpg\",\"contentUrl\":\"https:\/\/www.adf.org.br\/home\/wp-content\/uploads\/2010\/04\/pastorinhos_09.jpg\",\"width\":1050,\"height\":1025,\"caption\":\"Lucia, Francisco e Jacinta\"},{\"@type\":\"WebPage\",\"@id\":\"https:\/\/www.adf.org.br\/home\/os-tres-pastorinhos-de-fatima-visitas-ao-santissimo-sacramento\/#webpage\",\"url\":\"https:\/\/www.adf.org.br\/home\/os-tres-pastorinhos-de-fatima-visitas-ao-santissimo-sacramento\/\",\"name\":\"Os Tr\\u00eas Pastorinhos de F\\u00e1tima: Visitas ao Sant\\u00edssimo Sacramento\",\"isPartOf\":{\"@id\":\"https:\/\/www.adf.org.br\/home\/#website\"},\"primaryImageOfPage\":{\"@id\":\"https:\/\/www.adf.org.br\/home\/os-tres-pastorinhos-de-fatima-visitas-ao-santissimo-sacramento\/#primaryimage\"},\"datePublished\":\"2020-09-01T11:00:15+00:00\",\"dateModified\":\"2020-08-31T20:40:21+00:00\",\"author\":{\"@id\":\"https:\/\/www.adf.org.br\/home\/#\/schema\/person\/f35a5c5aa7728a3dedf4ea9aa1fc2753\"},\"description\":\"Sant\\u00edssimo Sacramento: Conhe\\u00e7a mais uma bel\\u00edssima hist\\u00f3ria sobre a vida dos tr\\u00eas pastorinhos, ap\\u00f3s as apari\\u00e7\\u00f5es de Nossa Senhora em F\\u00e1tima.\",\"breadcrumb\":{\"@id\":\"https:\/\/www.adf.org.br\/home\/os-tres-pastorinhos-de-fatima-visitas-ao-santissimo-sacramento\/#breadcrumb\"},\"inLanguage\":\"pt-BR\",\"potentialAction\":[{\"@type\":\"ReadAction\",\"target\":[\"https:\/\/www.adf.org.br\/home\/os-tres-pastorinhos-de-fatima-visitas-ao-santissimo-sacramento\/\"]}]},{\"@type\":\"BreadcrumbList\",\"@id\":\"https:\/\/www.adf.org.br\/home\/os-tres-pastorinhos-de-fatima-visitas-ao-santissimo-sacramento\/#breadcrumb\",\"itemListElement\":[{\"@type\":\"ListItem\",\"position\":1,\"name\":\"Home\",\"item\":\"https:\/\/www.adf.org.br\/home\/\"},{\"@type\":\"ListItem\",\"position\":2,\"name\":\"Os Tr\\u00eas Pastorinhos de F\\u00e1tima: Visitas ao Sant\\u00edssimo Sacramento\"}]},{\"@type\":\"Person\",\"@id\":\"https:\/\/www.adf.org.br\/home\/#\/schema\/person\/f35a5c5aa7728a3dedf4ea9aa1fc2753\",\"name\":\"Gabriel Barbosa\",\"image\":{\"@type\":\"ImageObject\",\"@id\":\"https:\/\/www.adf.org.br\/home\/#personlogo\",\"inLanguage\":\"pt-BR\",\"url\":\"https:\/\/secure.gravatar.com\/avatar\/2b2cb2f4637682c5605e8d36818f51ef?s=96&d=mm&r=g\",\"contentUrl\":\"https:\/\/secure.gravatar.com\/avatar\/2b2cb2f4637682c5605e8d36818f51ef?s=96&d=mm&r=g\",\"caption\":\"Gabriel Barbosa\"},\"url\":\"https:\/\/www.adf.org.br\/home\/author\/gabrielpmk-com-br\/\"}]}<\/script>\n<!-- \/ Yoast SEO plugin. -->","yoast_head_json":{"title":"Os Tr\u00eas Pastorinhos de F\u00e1tima: Visitas ao Sant\u00edssimo Sacramento","description":"Sant\u00edssimo Sacramento: Conhe\u00e7a mais uma bel\u00edssima hist\u00f3ria sobre a vida dos tr\u00eas pastorinhos, ap\u00f3s as apari\u00e7\u00f5es de Nossa Senhora em F\u00e1tima.","robots":{"index":"index","follow":"follow","max-snippet":"max-snippet:-1","max-image-preview":"max-image-preview:large","max-video-preview":"max-video-preview:-1"},"canonical":"https:\/\/www.adf.org.br\/home\/os-tres-pastorinhos-de-fatima-visitas-ao-santissimo-sacramento\/","og_locale":"pt_BR","og_type":"article","og_title":"Os Tr\u00eas Pastorinhos de F\u00e1tima: Visitas ao Sant\u00edssimo Sacramento","og_description":"Sant\u00edssimo Sacramento: Conhe\u00e7a mais uma bel\u00edssima hist\u00f3ria sobre a vida dos tr\u00eas pastorinhos, ap\u00f3s as apari\u00e7\u00f5es de Nossa Senhora em F\u00e1tima.","og_url":"https:\/\/www.adf.org.br\/home\/os-tres-pastorinhos-de-fatima-visitas-ao-santissimo-sacramento\/","og_site_name":"Associa\u00e7\u00e3o Devotos de F\u00e1tima","article_published_time":"2020-09-01T11:00:15+00:00","article_modified_time":"2020-08-31T20:40:21+00:00","og_image":[{"width":1050,"height":1025,"url":"https:\/\/www.adf.org.br\/home\/wp-content\/uploads\/2010\/04\/pastorinhos_09.jpg","type":"image\/jpeg"}],"twitter_card":"summary_large_image","twitter_misc":{"Escrito por":"Gabriel Barbosa","Est. tempo de leitura":"2 minutos"},"schema":{"@context":"https:\/\/schema.org","@graph":[{"@type":"WebSite","@id":"https:\/\/www.adf.org.br\/home\/#website","url":"https:\/\/www.adf.org.br\/home\/","name":"Associa\u00e7\u00e3o Devotos de F\u00e1tima","description":"Associa\u00e7\u00e3o Devotos de F\u00e1tima","potentialAction":[{"@type":"SearchAction","target":{"@type":"EntryPoint","urlTemplate":"https:\/\/www.adf.org.br\/home\/?s={search_term_string}"},"query-input":"required name=search_term_string"}],"inLanguage":"pt-BR"},{"@type":"ImageObject","@id":"https:\/\/www.adf.org.br\/home\/os-tres-pastorinhos-de-fatima-visitas-ao-santissimo-sacramento\/#primaryimage","inLanguage":"pt-BR","url":"https:\/\/www.adf.org.br\/home\/wp-content\/uploads\/2010\/04\/pastorinhos_09.jpg","contentUrl":"https:\/\/www.adf.org.br\/home\/wp-content\/uploads\/2010\/04\/pastorinhos_09.jpg","width":1050,"height":1025,"caption":"Lucia, Francisco e Jacinta"},{"@type":"WebPage","@id":"https:\/\/www.adf.org.br\/home\/os-tres-pastorinhos-de-fatima-visitas-ao-santissimo-sacramento\/#webpage","url":"https:\/\/www.adf.org.br\/home\/os-tres-pastorinhos-de-fatima-visitas-ao-santissimo-sacramento\/","name":"Os Tr\u00eas Pastorinhos de F\u00e1tima: Visitas ao Sant\u00edssimo Sacramento","isPartOf":{"@id":"https:\/\/www.adf.org.br\/home\/#website"},"primaryImageOfPage":{"@id":"https:\/\/www.adf.org.br\/home\/os-tres-pastorinhos-de-fatima-visitas-ao-santissimo-sacramento\/#primaryimage"},"datePublished":"2020-09-01T11:00:15+00:00","dateModified":"2020-08-31T20:40:21+00:00","author":{"@id":"https:\/\/www.adf.org.br\/home\/#\/schema\/person\/f35a5c5aa7728a3dedf4ea9aa1fc2753"},"description":"Sant\u00edssimo Sacramento: Conhe\u00e7a mais uma bel\u00edssima hist\u00f3ria sobre a vida dos tr\u00eas pastorinhos, ap\u00f3s as apari\u00e7\u00f5es de Nossa Senhora em F\u00e1tima.","breadcrumb":{"@id":"https:\/\/www.adf.org.br\/home\/os-tres-pastorinhos-de-fatima-visitas-ao-santissimo-sacramento\/#breadcrumb"},"inLanguage":"pt-BR","potentialAction":[{"@type":"ReadAction","target":["https:\/\/www.adf.org.br\/home\/os-tres-pastorinhos-de-fatima-visitas-ao-santissimo-sacramento\/"]}]},{"@type":"BreadcrumbList","@id":"https:\/\/www.adf.org.br\/home\/os-tres-pastorinhos-de-fatima-visitas-ao-santissimo-sacramento\/#breadcrumb","itemListElement":[{"@type":"ListItem","position":1,"name":"Home","item":"https:\/\/www.adf.org.br\/home\/"},{"@type":"ListItem","position":2,"name":"Os Tr\u00eas Pastorinhos de F\u00e1tima: Visitas ao Sant\u00edssimo Sacramento"}]},{"@type":"Person","@id":"https:\/\/www.adf.org.br\/home\/#\/schema\/person\/f35a5c5aa7728a3dedf4ea9aa1fc2753","name":"Gabriel Barbosa","image":{"@type":"ImageObject","@id":"https:\/\/www.adf.org.br\/home\/#personlogo","inLanguage":"pt-BR","url":"https:\/\/secure.gravatar.com\/avatar\/2b2cb2f4637682c5605e8d36818f51ef?s=96&d=mm&r=g","contentUrl":"https:\/\/secure.gravatar.com\/avatar\/2b2cb2f4637682c5605e8d36818f51ef?s=96&d=mm&r=g","caption":"Gabriel Barbosa"},"url":"https:\/\/www.adf.org.br\/home\/author\/gabrielpmk-com-br\/"}]}},"_links":{"self":[{"href":"https:\/\/www.adf.org.br\/home\/wp-json\/wp\/v2\/posts\/54317"}],"collection":[{"href":"https:\/\/www.adf.org.br\/home\/wp-json\/wp\/v2\/posts"}],"about":[{"href":"https:\/\/www.adf.org.br\/home\/wp-json\/wp\/v2\/types\/post"}],"author":[{"embeddable":true,"href":"https:\/\/www.adf.org.br\/home\/wp-json\/wp\/v2\/users\/31"}],"replies":[{"embeddable":true,"href":"https:\/\/www.adf.org.br\/home\/wp-json\/wp\/v2\/comments?post=54317"}],"version-history":[{"count":10,"href":"https:\/\/www.adf.org.br\/home\/wp-json\/wp\/v2\/posts\/54317\/revisions"}],"predecessor-version":[{"id":61373,"href":"https:\/\/www.adf.org.br\/home\/wp-json\/wp\/v2\/posts\/54317\/revisions\/61373"}],"wp:featuredmedia":[{"embeddable":true,"href":"https:\/\/www.adf.org.br\/home\/wp-json\/wp\/v2\/media\/3683"}],"wp:attachment":[{"href":"https:\/\/www.adf.org.br\/home\/wp-json\/wp\/v2\/media?parent=54317"}],"wp:term":[{"taxonomy":"category","embeddable":true,"href":"https:\/\/www.adf.org.br\/home\/wp-json\/wp\/v2\/categories?post=54317"},{"taxonomy":"post_tag","embeddable":true,"href":"https:\/\/www.adf.org.br\/home\/wp-json\/wp\/v2\/tags?post=54317"}],"curies":[{"name":"wp","href":"https:\/\/api.w.org\/{rel}","templated":true}]}}