{"id":54023,"date":"2019-08-17T00:30:52","date_gmt":"2019-08-17T03:30:52","guid":{"rendered":"http:\/\/www.adf.org.br\/home\/?p=54023"},"modified":"2019-08-17T00:30:52","modified_gmt":"2019-08-17T03:30:52","slug":"nossa-senhora-de-lourdes-jamais-abandonara-voce-saiba-por-que","status":"publish","type":"post","link":"https:\/\/www.adf.org.br\/home\/nossa-senhora-de-lourdes-jamais-abandonara-voce-saiba-por-que\/","title":{"rendered":"Nossa Senhora de Lourdes jamais abandonar\u00e1 voc\u00ea. Saiba por qu\u00ea."},"content":{"rendered":"<p style=\"text-align: center;\"><a href=\"https:\/\/adf.org.br\/apostolosdacura?origem=11491\" target=\"_blank\" rel=\"noopener noreferrer\"><img loading=\"lazy\" class=\"alignnone wp-image-54039 size-full\" src=\"https:\/\/www.adf.org.br\/home\/wp-content\/uploads\/2019\/08\/Nossa-Senhora-de-Lourdes-2.png\" alt=\"Nossa-Senhora-de-Lourdes 2\" width=\"328\" height=\"463\" \/><\/a><\/p>\n<p><span style=\"color: #ffffff;\">.<\/span><\/p>\n<p><span style=\"font-weight: 400; color: #000000; font-family: verdana, geneva, sans-serif; font-size: 12pt;\"><span style=\"font-size: 24pt;\">N<\/span>\u00e3o \u00e9 admiss\u00edvel supor que Nossa Senhora nos abandone, sobretudo quando os tempos est\u00e3o muito complicados.<\/span><\/p>\n<p><span style=\"color: #ffffff;\">.<\/span><\/p>\n<p style=\"padding-left: 90px;\"><strong><span style=\"color: #003366; font-family: verdana, geneva, sans-serif; font-size: 12pt;\">\u00c9 preciso confiar de todo jeito. Quaisquer que sejam as dificuldades nesse tempo, Ela n\u00e3o nos abandonar\u00e1. Pelo contr\u00e1rio, n\u00f3s seremos protegidos por Ela de modo inesperado, de modo milagroso se for preciso.<\/span><\/strong><\/p>\n<p><span style=\"color: #ffffff;\">.<\/span><\/p>\n<p><span style=\"font-weight: 400; color: #000000; font-family: verdana, geneva, sans-serif; font-size: 12pt;\">N\u00f3s devemos nos habituar a viver a vida pr\u00e1tica com todo o esp\u00edrito de F\u00e9.<\/span><\/p>\n<p><span style=\"font-weight: 400; color: #000000; font-family: verdana, geneva, sans-serif; font-size: 12pt;\">E, ao mesmo tempo, a conviver com a esperan\u00e7a do milagre como se fosse uma coisa que n\u00e3o \u00e9 para de vez em quando acontecer.<\/span><\/p>\n<p><span style=\"color: #000000; font-family: verdana, geneva, sans-serif; font-size: 12pt;\"><span style=\"font-weight: 400;\">Porque a atmosfera de<\/span><a href=\"https:\/\/adf.org.br\/apostolosdacura?origem=11491#motivos\" target=\"_blank\" rel=\"noopener noreferrer\"><span style=\"font-weight: 400; color: #0000ff;\"> Lourdes<\/span><\/a><span style=\"font-weight: 400;\"> nos ensina que o milagre \u00e9 fato frequente de todos os dias.<\/span><\/span><\/p>\n<p><span style=\"color: #ffffff;\">.<\/span><\/p>\n<p style=\"padding-left: 90px;\"><strong><span style=\"color: #003366; font-family: verdana, geneva, sans-serif; font-size: 12pt;\">\u00c9 preciso conservar a calma motivada por essa cren\u00e7a no milagre.<\/span><\/strong><\/p>\n<p style=\"padding-left: 90px;\"><span style=\"color: #ffffff;\">.<\/span><\/p>\n<p><span style=\"font-weight: 400; color: #000000; font-family: verdana, geneva, sans-serif; font-size: 12pt;\">Ent\u00e3o \u00e9 preciso conservar essa calma custe o que custar, para por esta forma n\u00f3s ouvirmos a voz do Esp\u00edrito Santo nas nossas almas.<\/span><\/p>\n<p><span style=\"color: #ffffff;\">.<\/span><\/p>\n<p style=\"padding-left: 90px;\"><strong><span style=\"color: #003366; font-family: verdana, geneva, sans-serif; font-size: 12pt;\">Porque a voz da gra\u00e7a se faz ouvir na alma tranquila. Na alma agitada n\u00e3o se faz ouvir.<\/span><\/strong><\/p>\n<p><span style=\"color: #ffffff;\">.<\/span><\/p>\n<p><span style=\"color: #000000; font-family: verdana, geneva, sans-serif; font-size: 12pt;\"><span style=\"font-weight: 400;\">A alma tranquila pode estar inesperadamente aflita, mas n\u00e3o agitada. O exemplo arquiperfeito da alma tranquila, por\u00e9m n\u00e3o agitada, era o<\/span><b> Cora\u00e7\u00e3o Sacrat\u00edssimo de Jesus <\/b><span style=\"font-weight: 400;\">durante a agonia no Horto.<\/span><\/span><\/p>\n<p><span style=\"font-weight: 400; color: #000000; font-family: verdana, geneva, sans-serif; font-size: 12pt;\">Nosso Senhor tinha uma no\u00e7\u00e3o t\u00e3o viva do que ia acontecer com Ele que, com a devida adora\u00e7\u00e3o, chegou a suar sangue, de p\u00e2nico diante da dor que vinha.<\/span><\/p>\n<p><span style=\"font-weight: 400; color: #000000; font-family: verdana, geneva, sans-serif; font-size: 12pt;\">Os m\u00e9dicos dizem que o fen\u00f4meno \u00e9 conhecido cientificamente, que certas ang\u00fastias muito grandes fazem a pessoa derramar sangue pela pele.<\/span><\/p>\n<p><span style=\"font-weight: 400; color: #000000; font-family: verdana, geneva, sans-serif; font-size: 12pt;\">Tem l\u00e1 uma explica\u00e7\u00e3o cient\u00edfica que eu entendi mais ou menos, mas que \u00e9 admitida por todos os cientistas.<\/span><\/p>\n<p><strong><span style=\"color: #000000; font-family: verdana, geneva, sans-serif; font-size: 12pt;\">Mas Nosso Senhor n\u00e3o perdeu a calma.<\/span><\/strong><\/p>\n<p><span style=\"color: #ffffff;\">.<\/span><\/p>\n<p style=\"padding-left: 90px;\"><strong><span style=\"color: #003366; font-family: verdana, geneva, sans-serif; font-size: 12pt;\">Pelo contr\u00e1rio, estava tranquilo, tudo quanto Ele disse era inteiramente l\u00facido, nenhuma vez se nota n\u2019Ele um vaiv\u00e9m;<\/span><\/strong><\/p>\n<p><span style=\"color: #ffffff;\">.<\/span><\/p>\n<p><span style=\"font-weight: 400; color: #000000; font-family: verdana, geneva, sans-serif; font-size: 12pt;\">Mais uma coer\u00eancia de atitudes verdadeiramente sobrenatural.<\/span><\/p>\n<p><span style=\"color: #000000; font-family: verdana, geneva, sans-serif; font-size: 12pt;\"><span style=\"font-weight: 400;\">Segundo o Evangelho, Ele<\/span><i><span style=\"font-weight: 400;\"> \u201ccoepit pavere et taedere contristari et moestus esse\u201d<\/span><\/i><span style=\"font-weight: 400;\"> (1. Marc. 14, 33. Mat. 26, 37.) \u2013 come\u00e7ou a ter t\u00e9dio e pavor, e ficar triste, abatido, <\/span><b>mas n\u00e3o agitado<\/b><span style=\"font-weight: 400;\">.<\/span><\/span><\/p>\n<p><span style=\"color: #ffffff;\">.<\/span><\/p>\n<p style=\"padding-left: 90px;\"><span style=\"font-weight: 400; color: #003366; font-family: verdana, geneva, sans-serif; font-size: 12pt;\">Da\u00ed veio o pedido filial, tranquilo, d\u2019Ele ao Padre Eterno, que \u00e9 parecido com o <strong>pedido que um Filho faz a uma muito boa M\u00e3e<\/strong>.<\/span><\/p>\n<p><span style=\"color: #ffffff;\">.<\/span><\/p>\n<p><span style=\"color: #000000; font-family: verdana, geneva, sans-serif; font-size: 12pt;\"><span style=\"font-weight: 400;\">Ele disse:<\/span><i><span style=\"font-weight: 400;\"> \u201cPater, si fieri potest transeat a me c\u00e1lix iste.<\/span><\/i><span style=\"font-weight: 400;\"> \u2013 Meu Pai, se \u00e9 poss\u00edvel afaste-se de mim este c\u00e1lice\u201d (Mat 26,11).<\/span><\/span><\/p>\n<p><span style=\"color: #000000; font-family: verdana, geneva, sans-serif; font-size: 12pt;\"><span style=\"font-weight: 400;\">Primeiro com a linguagem da afli\u00e7\u00e3o, depois com a linguagem da for\u00e7a:<\/span><b>\u00a0<\/b><\/span><\/p>\n<p><span style=\"color: #ffffff;\">.<\/span><\/p>\n<p style=\"padding-left: 90px;\"><span style=\"color: #003366; font-family: verdana, geneva, sans-serif; font-size: 12pt;\"><b><i>\u201cMas fa\u00e7a-se a vossa vontade e n\u00e3o a minha.<\/i><\/b><\/span><\/p>\n<p style=\"padding-left: 90px;\"><span style=\"color: #003366; font-family: verdana, geneva, sans-serif; font-size: 12pt;\"><b><i>\u00a0Se quiserdes, livrai-me, mas se n\u00e3o quiserdes, matai-me. V\u00f3s e Eu ningu\u00e9m separar\u00e1.\u201d<\/i><\/b><\/span><\/p>\n<p><span style=\"color: #ffffff;\">.<\/span><\/p>\n<p><strong><span style=\"color: #000000; font-family: verdana, geneva, sans-serif; font-size: 12pt;\">Essa \u00e9 ou n\u00e3o \u00e9 a linguagem da tranquilidade?<\/span><\/strong><\/p>\n<p><span style=\"color: #ffffff;\">.<\/span><\/p>\n<p style=\"text-align: right;\"><span style=\"color: #000000; font-family: verdana, geneva, sans-serif; font-size: 10pt;\"><b>Fonte: <\/b><a href=\"http:\/\/luzesdeesperanca.blogspot.com.br\/\" target=\"_blank\" rel=\"noopener noreferrer\"><span style=\"font-weight: 400; color: #0000ff;\">Luzes de Esperan\u00e7a<\/span><\/a><\/span><\/p>\n<p><span style=\"color: #ffffff;\">.<\/span><\/p>\n<hr \/>\n<h6 style=\"text-align: center;\"><span style=\"color: #003366; font-family: verdana, geneva, sans-serif; font-size: 14pt;\"><b>AP\u00d3STOLOS DA CURA<\/b><\/span><\/h6>\n<p style=\"text-align: center;\"><span style=\"color: #ffffff;\">.<\/span><\/p>\n<p style=\"text-align: center;\"><span style=\"color: #000000; font-family: verdana, geneva, sans-serif; font-size: 14pt;\">Gostaria de enviar\u00a0<strong>SEU NOME<\/strong> ao <strong>Santu\u00e1rio de Nossa Senhora de Lourdes<\/strong>?<\/span><\/p>\n<p style=\"text-align: center;\"><span style=\"color: #ffffff;\">.<\/span><\/p>\n<p style=\"text-align: center;\"><a href=\"https:\/\/adf.org.br\/apostolosdacura?origem=11491#presentes\" target=\"_blank\" rel=\"noopener noreferrer\"><img loading=\"lazy\" class=\"alignnone wp-image-54030 size-full\" src=\"https:\/\/www.adf.org.br\/home\/wp-content\/uploads\/2019\/08\/Santu\u00e1rio-de-Nossa-Senhora-de-Lourdes.jpg\" alt=\"Santu\u00e1rio de Nossa Senhora de Lourdes\" width=\"520\" height=\"300\" \/><\/a><\/p>\n<p style=\"text-align: center;\"><span style=\"color: #ffffff;\">.<\/span><\/p>\n<p style=\"text-align: center;\"><span style=\"color: #000000; font-family: verdana, geneva, sans-serif; font-size: 12pt;\"><span style=\"font-size: 14pt;\">Receber em casa uma linda<\/span><b> M<span style=\"font-size: 14pt;\">edalha da Padroeira da Sa\u00fade<\/span>, <\/b><span style=\"font-size: 14pt;\">j\u00e1 benta por um sacerdote?<\/span><\/span><\/p>\n<p style=\"text-align: center;\"><span style=\"color: #ffffff;\">.<\/span><\/p>\n<p style=\"text-align: center;\"><a href=\"https:\/\/adf.org.br\/apostolosdacura?origem=11491#presentes\" target=\"_blank\" rel=\"noopener noreferrer\"><img loading=\"lazy\" class=\"alignnone wp-image-53893 size-full\" src=\"https:\/\/www.adf.org.br\/home\/wp-content\/uploads\/2019\/08\/Medalha-Nossa-Senhora-de-Lourdes.png\" alt=\"Medalha Nossa Senhora de Lourdes\" width=\"123\" height=\"181\" \/><\/a><\/p>\n<p style=\"text-align: center;\"><span style=\"color: #ffffff;\">..<\/span><\/p>\n<p style=\"text-align: center;\"><span style=\"color: #000000; font-family: verdana, geneva, sans-serif; font-size: 14pt;\">E muitos outros presentes que poder\u00e3o transformar sua vida espiritual?<\/span><\/p>\n<p style=\"text-align: center;\"><a href=\"https:\/\/adf.org.br\/apostolosdacura?origem=11491#presentes\" target=\"_blank\" rel=\"noopener noreferrer\"><img loading=\"lazy\" class=\"alignnone wp-image-54033 size-full\" src=\"https:\/\/www.adf.org.br\/home\/wp-content\/uploads\/2019\/08\/Caixa-de-Presente-Maria-2.png\" alt=\"Caixa de Presente - Maria\" width=\"248\" height=\"261\" \/><\/a><\/p>\n<p style=\"text-align: center;\"><strong><span style=\"color: #800080; font-family: verdana, geneva, sans-serif; font-size: 18pt;\">Sim?!<\/span><\/strong><\/p>\n<p style=\"text-align: center;\"><span style=\"color: #ffffff;\">.<\/span><\/p>\n<p style=\"text-align: center;\"><span style=\"color: #000000; font-family: verdana, geneva, sans-serif; font-size: 12pt;\"><a href=\"https:\/\/adf.org.br\/apostolosdacura?origem=11491\" target=\"_blank\" rel=\"noopener noreferrer\"><span style=\"color: #0000ff; font-size: 14pt;\"><b>ACESSE AQUI<\/b><\/span><\/a><span style=\"font-weight: 400;\"> e descubra como.\u00a0<\/span><\/span><\/p>\n<p style=\"text-align: center;\"><span style=\"color: #ffffff;\">.<\/span><\/p>\n<p style=\"text-align: center;\"><span style=\"color: #000000; font-family: verdana, geneva, sans-serif; font-size: 12pt;\"><i><span style=\"font-weight: 400;\">\u201cQue Nossa Senhora aben\u00e7oe muito sua sa\u00fade e de todas as pessoas que voc\u00ea ama.\u201d <\/span><\/i><span style=\"font-weight: 400;\">?\u2764\ufe0f<\/span><\/span><\/p>\n<p style=\"text-align: center;\"><span style=\"color: #ffffff;\">.<\/span><\/p>\n<hr \/>\n<p style=\"text-align: center;\"><a href=\"http:\/\/feedburner.google.com\/fb\/a\/mailverify?uri=devotosdefatima&amp;loc=pt_B\" target=\"_blank\" rel=\"noopener noreferrer\"><img loading=\"lazy\" class=\"alignnone wp-image-53973 size-full\" src=\"https:\/\/www.adf.org.br\/home\/wp-content\/uploads\/2019\/08\/ADF-Bot\u00e3o-Feedburner.png\" alt=\"ADF - Bot\u00e3o Feedburner\" width=\"362\" height=\"192\" \/><\/a><\/p>\n<p style=\"text-align: center;\"><span style=\"color: #ffffff;\">.<\/span><\/p>\n","protected":false},"excerpt":{"rendered":"<p>. N\u00e3o \u00e9 admiss\u00edvel supor que Nossa Senhora nos abandone, sobretudo quando os tempos est\u00e3o muito complicados. . \u00c9 preciso confiar de todo jeito. Quaisquer que sejam as dificuldades nesse tempo, Ela n\u00e3o nos abandonar\u00e1. Pelo contr\u00e1rio, n\u00f3s seremos protegidos por Ela de modo inesperado, de modo milagroso se for preciso. . N\u00f3s devemos nos [&hellip;]<\/p>\n","protected":false},"author":31,"featured_media":54037,"comment_status":"open","ping_status":"open","sticky":false,"template":"","format":"standard","meta":[],"categories":[20,2387,2460],"tags":[2923,524,54,2317,528],"yoast_head":"<!-- This site is optimized with the Yoast SEO plugin v17.4 - https:\/\/yoast.com\/wordpress\/plugins\/seo\/ -->\n<title>Nossa Senhora de Lourdes jamais abandonar\u00e1 voc\u00ea. Saiba por qu\u00ea. - Associa\u00e7\u00e3o Devotos de F\u00e1tima<\/title>\n<meta name=\"description\" content=\"&quot;N\u00e3o \u00e9 admiss\u00edvel supor que Nossa Senhora nos abandone, sobretudo...&quot; Veja aqui como receber uma medalha da Padroeira da Sa\u00fade em sua casa...\" \/>\n<meta name=\"robots\" content=\"index, follow, max-snippet:-1, max-image-preview:large, max-video-preview:-1\" \/>\n<link rel=\"canonical\" href=\"https:\/\/www.adf.org.br\/home\/nossa-senhora-de-lourdes-jamais-abandonara-voce-saiba-por-que\/\" \/>\n<meta property=\"og:locale\" content=\"pt_BR\" \/>\n<meta property=\"og:type\" content=\"article\" \/>\n<meta property=\"og:title\" content=\"Nossa Senhora de Lourdes jamais abandonar\u00e1 voc\u00ea. Saiba por qu\u00ea. - Associa\u00e7\u00e3o Devotos de F\u00e1tima\" \/>\n<meta property=\"og:description\" content=\"&quot;N\u00e3o \u00e9 admiss\u00edvel supor que Nossa Senhora nos abandone, sobretudo...&quot; Veja aqui como receber uma medalha da Padroeira da Sa\u00fade em sua casa...\" \/>\n<meta property=\"og:url\" content=\"https:\/\/www.adf.org.br\/home\/nossa-senhora-de-lourdes-jamais-abandonara-voce-saiba-por-que\/\" \/>\n<meta property=\"og:site_name\" content=\"Associa\u00e7\u00e3o Devotos de F\u00e1tima\" \/>\n<meta property=\"article:published_time\" content=\"2019-08-17T03:30:52+00:00\" \/>\n<meta name=\"twitter:card\" content=\"summary_large_image\" \/>\n<meta name=\"twitter:label1\" content=\"Escrito por\" \/>\n\t<meta name=\"twitter:data1\" content=\"Gabriel Barbosa\" \/>\n\t<meta name=\"twitter:label2\" content=\"Est. tempo de leitura\" \/>\n\t<meta name=\"twitter:data2\" content=\"3 minutos\" \/>\n<script type=\"application\/ld+json\" class=\"yoast-schema-graph\">{\"@context\":\"https:\/\/schema.org\",\"@graph\":[{\"@type\":\"WebSite\",\"@id\":\"https:\/\/www.adf.org.br\/home\/#website\",\"url\":\"https:\/\/www.adf.org.br\/home\/\",\"name\":\"Associa\\u00e7\\u00e3o Devotos de F\\u00e1tima\",\"description\":\"Associa\\u00e7\\u00e3o Devotos de F\\u00e1tima\",\"potentialAction\":[{\"@type\":\"SearchAction\",\"target\":{\"@type\":\"EntryPoint\",\"urlTemplate\":\"https:\/\/www.adf.org.br\/home\/?s={search_term_string}\"},\"query-input\":\"required name=search_term_string\"}],\"inLanguage\":\"pt-BR\"},{\"@type\":\"ImageObject\",\"@id\":\"https:\/\/www.adf.org.br\/home\/nossa-senhora-de-lourdes-jamais-abandonara-voce-saiba-por-que\/#primaryimage\",\"inLanguage\":\"pt-BR\",\"url\":\"\",\"contentUrl\":\"\"},{\"@type\":\"WebPage\",\"@id\":\"https:\/\/www.adf.org.br\/home\/nossa-senhora-de-lourdes-jamais-abandonara-voce-saiba-por-que\/#webpage\",\"url\":\"https:\/\/www.adf.org.br\/home\/nossa-senhora-de-lourdes-jamais-abandonara-voce-saiba-por-que\/\",\"name\":\"Nossa Senhora de Lourdes jamais abandonar\\u00e1 voc\\u00ea. Saiba por qu\\u00ea. - Associa\\u00e7\\u00e3o Devotos de F\\u00e1tima\",\"isPartOf\":{\"@id\":\"https:\/\/www.adf.org.br\/home\/#website\"},\"primaryImageOfPage\":{\"@id\":\"https:\/\/www.adf.org.br\/home\/nossa-senhora-de-lourdes-jamais-abandonara-voce-saiba-por-que\/#primaryimage\"},\"datePublished\":\"2019-08-17T03:30:52+00:00\",\"dateModified\":\"2019-08-17T03:30:52+00:00\",\"author\":{\"@id\":\"https:\/\/www.adf.org.br\/home\/#\/schema\/person\/f35a5c5aa7728a3dedf4ea9aa1fc2753\"},\"description\":\"\\\"N\\u00e3o \\u00e9 admiss\\u00edvel supor que Nossa Senhora nos abandone, sobretudo...\\\" Veja aqui como receber uma medalha da Padroeira da Sa\\u00fade em sua casa...\",\"breadcrumb\":{\"@id\":\"https:\/\/www.adf.org.br\/home\/nossa-senhora-de-lourdes-jamais-abandonara-voce-saiba-por-que\/#breadcrumb\"},\"inLanguage\":\"pt-BR\",\"potentialAction\":[{\"@type\":\"ReadAction\",\"target\":[\"https:\/\/www.adf.org.br\/home\/nossa-senhora-de-lourdes-jamais-abandonara-voce-saiba-por-que\/\"]}]},{\"@type\":\"BreadcrumbList\",\"@id\":\"https:\/\/www.adf.org.br\/home\/nossa-senhora-de-lourdes-jamais-abandonara-voce-saiba-por-que\/#breadcrumb\",\"itemListElement\":[{\"@type\":\"ListItem\",\"position\":1,\"name\":\"Home\",\"item\":\"https:\/\/www.adf.org.br\/home\/\"},{\"@type\":\"ListItem\",\"position\":2,\"name\":\"Nossa Senhora de Lourdes jamais abandonar\\u00e1 voc\\u00ea. Saiba por qu\\u00ea.\"}]},{\"@type\":\"Person\",\"@id\":\"https:\/\/www.adf.org.br\/home\/#\/schema\/person\/f35a5c5aa7728a3dedf4ea9aa1fc2753\",\"name\":\"Gabriel Barbosa\",\"image\":{\"@type\":\"ImageObject\",\"@id\":\"https:\/\/www.adf.org.br\/home\/#personlogo\",\"inLanguage\":\"pt-BR\",\"url\":\"https:\/\/secure.gravatar.com\/avatar\/2b2cb2f4637682c5605e8d36818f51ef?s=96&d=mm&r=g\",\"contentUrl\":\"https:\/\/secure.gravatar.com\/avatar\/2b2cb2f4637682c5605e8d36818f51ef?s=96&d=mm&r=g\",\"caption\":\"Gabriel Barbosa\"},\"url\":\"https:\/\/www.adf.org.br\/home\/author\/gabrielpmk-com-br\/\"}]}<\/script>\n<!-- \/ Yoast SEO plugin. -->","yoast_head_json":{"title":"Nossa Senhora de Lourdes jamais abandonar\u00e1 voc\u00ea. Saiba por qu\u00ea. - Associa\u00e7\u00e3o Devotos de F\u00e1tima","description":"\"N\u00e3o \u00e9 admiss\u00edvel supor que Nossa Senhora nos abandone, sobretudo...\" Veja aqui como receber uma medalha da Padroeira da Sa\u00fade em sua casa...","robots":{"index":"index","follow":"follow","max-snippet":"max-snippet:-1","max-image-preview":"max-image-preview:large","max-video-preview":"max-video-preview:-1"},"canonical":"https:\/\/www.adf.org.br\/home\/nossa-senhora-de-lourdes-jamais-abandonara-voce-saiba-por-que\/","og_locale":"pt_BR","og_type":"article","og_title":"Nossa Senhora de Lourdes jamais abandonar\u00e1 voc\u00ea. Saiba por qu\u00ea. - Associa\u00e7\u00e3o Devotos de F\u00e1tima","og_description":"\"N\u00e3o \u00e9 admiss\u00edvel supor que Nossa Senhora nos abandone, sobretudo...\" Veja aqui como receber uma medalha da Padroeira da Sa\u00fade em sua casa...","og_url":"https:\/\/www.adf.org.br\/home\/nossa-senhora-de-lourdes-jamais-abandonara-voce-saiba-por-que\/","og_site_name":"Associa\u00e7\u00e3o Devotos de F\u00e1tima","article_published_time":"2019-08-17T03:30:52+00:00","twitter_card":"summary_large_image","twitter_misc":{"Escrito por":"Gabriel Barbosa","Est. tempo de leitura":"3 minutos"},"schema":{"@context":"https:\/\/schema.org","@graph":[{"@type":"WebSite","@id":"https:\/\/www.adf.org.br\/home\/#website","url":"https:\/\/www.adf.org.br\/home\/","name":"Associa\u00e7\u00e3o Devotos de F\u00e1tima","description":"Associa\u00e7\u00e3o Devotos de F\u00e1tima","potentialAction":[{"@type":"SearchAction","target":{"@type":"EntryPoint","urlTemplate":"https:\/\/www.adf.org.br\/home\/?s={search_term_string}"},"query-input":"required name=search_term_string"}],"inLanguage":"pt-BR"},{"@type":"ImageObject","@id":"https:\/\/www.adf.org.br\/home\/nossa-senhora-de-lourdes-jamais-abandonara-voce-saiba-por-que\/#primaryimage","inLanguage":"pt-BR","url":"","contentUrl":""},{"@type":"WebPage","@id":"https:\/\/www.adf.org.br\/home\/nossa-senhora-de-lourdes-jamais-abandonara-voce-saiba-por-que\/#webpage","url":"https:\/\/www.adf.org.br\/home\/nossa-senhora-de-lourdes-jamais-abandonara-voce-saiba-por-que\/","name":"Nossa Senhora de Lourdes jamais abandonar\u00e1 voc\u00ea. Saiba por qu\u00ea. - Associa\u00e7\u00e3o Devotos de F\u00e1tima","isPartOf":{"@id":"https:\/\/www.adf.org.br\/home\/#website"},"primaryImageOfPage":{"@id":"https:\/\/www.adf.org.br\/home\/nossa-senhora-de-lourdes-jamais-abandonara-voce-saiba-por-que\/#primaryimage"},"datePublished":"2019-08-17T03:30:52+00:00","dateModified":"2019-08-17T03:30:52+00:00","author":{"@id":"https:\/\/www.adf.org.br\/home\/#\/schema\/person\/f35a5c5aa7728a3dedf4ea9aa1fc2753"},"description":"\"N\u00e3o \u00e9 admiss\u00edvel supor que Nossa Senhora nos abandone, sobretudo...\" Veja aqui como receber uma medalha da Padroeira da Sa\u00fade em sua casa...","breadcrumb":{"@id":"https:\/\/www.adf.org.br\/home\/nossa-senhora-de-lourdes-jamais-abandonara-voce-saiba-por-que\/#breadcrumb"},"inLanguage":"pt-BR","potentialAction":[{"@type":"ReadAction","target":["https:\/\/www.adf.org.br\/home\/nossa-senhora-de-lourdes-jamais-abandonara-voce-saiba-por-que\/"]}]},{"@type":"BreadcrumbList","@id":"https:\/\/www.adf.org.br\/home\/nossa-senhora-de-lourdes-jamais-abandonara-voce-saiba-por-que\/#breadcrumb","itemListElement":[{"@type":"ListItem","position":1,"name":"Home","item":"https:\/\/www.adf.org.br\/home\/"},{"@type":"ListItem","position":2,"name":"Nossa Senhora de Lourdes jamais abandonar\u00e1 voc\u00ea. Saiba por qu\u00ea."}]},{"@type":"Person","@id":"https:\/\/www.adf.org.br\/home\/#\/schema\/person\/f35a5c5aa7728a3dedf4ea9aa1fc2753","name":"Gabriel Barbosa","image":{"@type":"ImageObject","@id":"https:\/\/www.adf.org.br\/home\/#personlogo","inLanguage":"pt-BR","url":"https:\/\/secure.gravatar.com\/avatar\/2b2cb2f4637682c5605e8d36818f51ef?s=96&d=mm&r=g","contentUrl":"https:\/\/secure.gravatar.com\/avatar\/2b2cb2f4637682c5605e8d36818f51ef?s=96&d=mm&r=g","caption":"Gabriel Barbosa"},"url":"https:\/\/www.adf.org.br\/home\/author\/gabrielpmk-com-br\/"}]}},"_links":{"self":[{"href":"https:\/\/www.adf.org.br\/home\/wp-json\/wp\/v2\/posts\/54023"}],"collection":[{"href":"https:\/\/www.adf.org.br\/home\/wp-json\/wp\/v2\/posts"}],"about":[{"href":"https:\/\/www.adf.org.br\/home\/wp-json\/wp\/v2\/types\/post"}],"author":[{"embeddable":true,"href":"https:\/\/www.adf.org.br\/home\/wp-json\/wp\/v2\/users\/31"}],"replies":[{"embeddable":true,"href":"https:\/\/www.adf.org.br\/home\/wp-json\/wp\/v2\/comments?post=54023"}],"version-history":[{"count":0,"href":"https:\/\/www.adf.org.br\/home\/wp-json\/wp\/v2\/posts\/54023\/revisions"}],"wp:featuredmedia":[{"embeddable":true,"href":"https:\/\/www.adf.org.br\/home\/wp-json\/wp\/v2\/media\/54037"}],"wp:attachment":[{"href":"https:\/\/www.adf.org.br\/home\/wp-json\/wp\/v2\/media?parent=54023"}],"wp:term":[{"taxonomy":"category","embeddable":true,"href":"https:\/\/www.adf.org.br\/home\/wp-json\/wp\/v2\/categories?post=54023"},{"taxonomy":"post_tag","embeddable":true,"href":"https:\/\/www.adf.org.br\/home\/wp-json\/wp\/v2\/tags?post=54023"}],"curies":[{"name":"wp","href":"https:\/\/api.w.org\/{rel}","templated":true}]}}