{"id":53674,"date":"2019-07-31T07:30:56","date_gmt":"2019-07-31T10:30:56","guid":{"rendered":"http:\/\/www.adf.org.br\/home\/?p=53674"},"modified":"2019-07-31T07:30:56","modified_gmt":"2019-07-31T10:30:56","slug":"video-mensagem-de-nossa-senhora-de-fatima-2","status":"publish","type":"post","link":"https:\/\/www.adf.org.br\/home\/video-mensagem-de-nossa-senhora-de-fatima-2\/","title":{"rendered":"V\u00eddeo: A Mensagem de Nossa Senhora de F\u00e1tima"},"content":{"rendered":"<div class=\"video-youtube\" style=\"text-align: center;\"><iframe loading=\"lazy\" src=\"https:\/\/www.youtube.com\/embed\/ITp3iYoWRjY\" width=\"560\" height=\"315\" frameborder=\"0\" allowfullscreen=\"allowfullscreen\"><br \/>\n<\/iframe><\/div>\n<p style=\"text-align: center;\"><span style=\"color: #ffffff;\">.<\/span><\/p>\n<p style=\"text-align: center;\"><span style=\"color: #000000; font-size: 14pt;\"><span style=\"font-family: verdana, geneva, sans-serif;\">Curta, compartilhe o v\u00eddeo com seus amigos e ajude a resgatar as pessoas para o verdadeiro caminho do Bem.<\/span><\/span><\/p>\n<p><span style=\"color: #ffffff;\">.<\/span><\/p>\n<p style=\"text-align: center;\"><a href=\"https:\/\/adf.org.br\/apostolosdefatima?origem=11363\" target=\"_blank\" rel=\"noopener noreferrer\"><img loading=\"lazy\" class=\"alignnone wp-image-52944 size-thumbnail\" src=\"https:\/\/www.adf.org.br\/home\/wp-content\/uploads\/2019\/06\/Ap\u00f3stolo-de-F\u00e1tima-3-150x150.png\" alt=\"Ap\u00f3stolo de F\u00e1tima\" width=\"150\" height=\"150\" \/><\/a><\/p>\n<p><span style=\"color: #ffffff;\">.<\/span><\/p>\n<blockquote>\n<p style=\"text-align: center;\"><span style=\"font-size: 14pt;\"><span style=\"color: #003366;\"><span style=\"font-family: verdana, geneva, sans-serif;\"><i>\u201cJesus quer estabelecer no mundo a devo\u00e7\u00e3o ao Meu Imaculado Cora\u00e7\u00e3o.\u00a0<\/i><\/span><\/span><span style=\"color: #003366;\"><span style=\"font-family: verdana, geneva, sans-serif;\"><i><strong>A quem a abra\u00e7ar, prometo a salva\u00e7\u00e3o.<\/strong> E ser\u00e3o queridas de DEUS estas almas, como flores postas por Mim a adornar o Seu trono \u201d.<\/i><\/span><\/span><\/span><\/p>\n<p style=\"text-align: center;\"><span style=\"color: #000000; font-size: 12pt;\"><span style=\"font-family: verdana, geneva, sans-serif;\">Prometeu <em>Nossa Senhora<\/em> em sua segunda apari\u00e7\u00e3o aos tr\u00eas pastorinhos<\/span><\/span><\/p>\n<\/blockquote>\n<p style=\"text-align: center;\"><span style=\"color: #ffffff;\">.<\/span><\/p>\n<h6 style=\"text-align: center;\"><span style=\"font-family: verdana, geneva, sans-serif; font-size: 18pt; color: #000000;\"><b>Voc\u00ea realmente deseja a salva\u00e7\u00e3o?<\/b><\/span><\/h6>\n<p style=\"text-align: center;\"><span style=\"color: #ffffff;\">.<\/span><\/p>\n<p style=\"text-align: center;\"><strong><span style=\"font-family: verdana, geneva, sans-serif; font-size: 14pt; color: #800080;\">Ent\u00e3o n\u00e3o ignore esta mensagem!\u00a0<\/span><\/strong><\/p>\n<p style=\"text-align: center;\"><span style=\"color: #ffffff;\">.<\/span><\/p>\n<p style=\"text-align: center;\"><span style=\"font-family: verdana, geneva, sans-serif; font-size: 12pt; color: #000000;\"><span style=\"font-weight: 400;\">Seja um<\/span> <a href=\"https:\/\/adf.org.br\/apostolosdefatima?origem=11363#Participar\" target=\"_blank\" rel=\"noopener noreferrer\"><span style=\"color: #0000ff;\"><b>Ap\u00f3stolo de F\u00e1tima <\/b><\/span><\/a><span style=\"font-weight: 400;\">e ajude a divulgar a devo\u00e7\u00e3o \u00e0 Virgem Sant\u00edssima.\u00a0\u00a0<\/span><\/span><\/p>\n<p style=\"text-align: center;\"><span style=\"color: #ffffff;\">.<\/span><\/p>\n<p style=\"text-align: center;\"><a href=\"https:\/\/adf.org.br\/apostolosdefatima?origem=11363#Participar\" target=\"_blank\" rel=\"noopener noreferrer\"><img loading=\"lazy\" class=\"alignnone wp-image-52866 size-medium\" src=\"https:\/\/www.adf.org.br\/home\/wp-content\/uploads\/2019\/06\/Nossa-Senhora-226x300.jpg\" alt=\"Nossa Senhora\" width=\"226\" height=\"300\" \/><\/a><\/p>\n<p style=\"text-align: center;\"><span style=\"color: #ffffff;\">.<\/span><\/p>\n<p style=\"text-align: center;\"><strong><span style=\"font-family: verdana, geneva, sans-serif; font-size: 14pt; color: #000000;\">Entre em contato com o n\u00famero:<\/span><\/strong><\/p>\n<p style=\"text-align: center;\"><a href=\"tel:08006082128\" target=\"_blank\" rel=\"noopener noreferrer\"><span style=\"font-size: 24pt;\"><strong><span style=\"font-family: verdana, geneva, sans-serif; color: #0000ff;\">0800 608 2128<\/span><\/strong><\/span><\/a><\/p>\n<p style=\"text-align: center;\"><em><span style=\"font-family: verdana, geneva, sans-serif; font-size: 12pt; color: #000000;\"><span style=\"font-weight: 400;\"><strong>Dica:<\/strong> Se estiver no celular, somente tecle no n\u00famero para discar automaticamente.<\/span><\/span><\/em><\/p>\n<p style=\"text-align: center;\"><span style=\"color: #ffffff;\">.<\/span><\/p>\n<p style=\"text-align: center;\"><strong><span style=\"font-family: verdana, geneva, sans-serif; font-size: 12pt; color: #000000;\">E converse com uma de nossas colaboradoras para saber como voc\u00ea pode ser um <a href=\"https:\/\/adf.org.br\/apostolosdefatima?origem=11363#Participar\" target=\"_blank\" rel=\"noopener noreferrer\"><span style=\"color: #0000ff;\">Ap\u00f3stolo de Nossa Senhora<\/span><\/a>, sem sair de casa.\u00a0<\/span><\/strong><\/p>\n<p style=\"text-align: center;\"><span style=\"color: #ffffff;\">.<\/span><\/p>\n<p style=\"text-align: center;\"><span style=\"font-weight: 400; font-family: verdana, geneva, sans-serif; font-size: 12pt; color: #000000;\">Voc\u00ea ficar\u00e1 surpreso de como \u00e9 simples e f\u00e1cil atender a promessa de Nossa M\u00e3e Rainha.\u00a0<\/span><\/p>\n<p style=\"text-align: center;\"><span style=\"color: #ffffff;\">.<\/span><\/p>\n<blockquote>\n<p style=\"text-align: center;\"><span style=\"text-decoration: underline;\"><em><span style=\"font-family: verdana, geneva, sans-serif; font-size: 12pt; color: #000000; text-decoration: underline;\">Estamos dispon\u00edveis de segunda a sexta-feira, das 08h \u00e0s 18h para auxiliar VOC\u00ca e todos os devotos que desejam colocar a Virgem Maria em suas vidas.<\/span><\/em><\/span><\/p>\n<\/blockquote>\n<p style=\"text-align: center;\"><span style=\"font-weight: 400; font-family: verdana, geneva, sans-serif; font-size: 12pt; color: #ffffff;\">.<\/span><\/p>\n<p style=\"text-align: center;\"><strong><span style=\"font-family: verdana, geneva, sans-serif; font-size: 12pt; color: #003366;\">Como agradecimento, ganhar\u00e1 incr\u00edveis presentes que poder\u00e3o transformar sua vida espiritual.\u00a0\u00a0<\/span><\/strong><\/p>\n<p style=\"text-align: center;\"><span style=\"color: #ffffff;\">.<\/span><\/p>\n<p style=\"text-align: center;\"><span style=\"font-family: verdana, geneva, sans-serif; font-size: 12pt; color: #000000;\"><i><span style=\"font-weight: 400;\">&#8220;Nossa Senhora est\u00e1 sempre pronta a nos socorrer, mas por acaso o mundo a escuta e se emenda?&#8221;<\/span><\/i><\/span><\/p>\n<p style=\"text-align: center;\"><strong><span style=\"font-family: verdana, geneva, sans-serif; font-size: 12pt; color: #000000;\">S\u00e3o Pio de Pietrelcina<\/span><\/strong><\/p>\n<p style=\"text-align: center;\"><span style=\"color: #ffffff;\">.<\/span><\/p>\n<hr \/>\n<h6 style=\"text-align: center;\"><span style=\"font-family: verdana, geneva, sans-serif; font-size: 18pt; color: #800080;\"><b>DEVOTOS DE F\u00c1TIMA NO YOUTUBE<\/b><\/span><\/h6>\n<p style=\"text-align: center;\"><span style=\"color: #ffffff;\">.<\/span><\/p>\n<p style=\"text-align: center;\"><span style=\"font-family: verdana, geneva, sans-serif; font-size: 12pt; color: #000000;\"><b>Sabe quem falta no nosso canal no Youtube?<\/b><\/span><\/p>\n<p style=\"text-align: center;\"><span style=\"color: #ffffff;\">.<\/span><\/p>\n<p style=\"text-align: center;\"><span style=\"font-family: verdana, geneva, sans-serif; font-size: 18pt; color: #003366;\"><b>VOC\u00ca!<\/b><\/span><\/p>\n<p style=\"text-align: center;\"><span style=\"color: #ffffff;\">.<\/span><\/p>\n<p style=\"text-align: center;\"><span style=\"font-family: verdana, geneva, sans-serif; font-size: 12pt; color: #000000;\"><a href=\"https:\/\/www.youtube.com\/channel\/UCPYKyKyu_aMCBPNpUYgiHqQ\" target=\"_blank\" rel=\"noopener noreferrer\"><span style=\"color: #0000ff;\"><b>INSCREVA-SE AQUI <\/b><\/span><\/a><span style=\"font-weight: 400;\">e <\/span><b>acione o sininho<\/b><span style=\"font-weight: 400;\"> para receber ora\u00e7\u00f5es, testemunhos, conselhos de inspira\u00e7\u00e3o cat\u00f3lica e muito mais!<\/span><\/span><\/p>\n<p style=\"text-align: center;\"><span style=\"color: #ffffff;\">.<\/span><\/p>\n<blockquote>\n<p style=\"text-align: center;\"><span style=\"font-family: verdana, geneva, sans-serif; font-size: 12pt; color: #000000;\"><span style=\"font-weight: 400;\">O canal j\u00e1 conta com mais de <\/span><strong><span style=\"font-size: 14pt; color: #ff0000;\">7 MILH\u00d5ES<\/span><\/strong><span style=\"font-weight: 400;\"> de visualiza\u00e7\u00f5es e quase\u00a0<\/span><strong>200 MIL<\/strong>\u00a0<span style=\"font-weight: 400;\">pessoas j\u00e1 fazem parte dessa comunidade dedicada \u00e0 Nossa Senhora.<\/span><\/span><\/p>\n<\/blockquote>\n<p><span style=\"color: #ffffff;\">.<\/span><\/p>\n<p><a href=\"https:\/\/www.youtube.com\/channel\/UCPYKyKyu_aMCBPNpUYgiHqQ\" target=\"_blank\" rel=\"noopener noreferrer\"><img loading=\"lazy\" class=\"aligncenter wp-image-53381 size-full\" src=\"https:\/\/www.adf.org.br\/home\/wp-content\/uploads\/2019\/07\/Bot\u00e3o-Youtube.png\" alt=\"Bot\u00e3o Youtube\" width=\"220\" height=\"55\" \/><\/a><\/p>\n<p><span style=\"color: #ffffff;\">.<\/span><\/p>\n<hr \/>\n<p><a href=\"http:\/\/feedburner.google.com\/fb\/a\/mailverify?uri=devotosdefatima&amp;loc=pt_B\" target=\"_blank\" rel=\"noopener noreferrer\"><img loading=\"lazy\" class=\"aligncenter wp-image-53062 size-full\" src=\"https:\/\/www.adf.org.br\/home\/wp-content\/uploads\/2019\/06\/ADF-Bot\u00e3o-Feedburner-3.png\" alt=\"ADF - Bot\u00e3o Feedburner\" width=\"362\" height=\"192\" \/><\/a><\/p>\n<p style=\"text-align: center;\"><span style=\"color: #ffffff;\">.<\/span><\/p>\n","protected":false},"excerpt":{"rendered":"<p>. Curta, compartilhe o v\u00eddeo com seus amigos e ajude a resgatar as pessoas para o verdadeiro caminho do Bem. . . \u201cJesus quer estabelecer no mundo a devo\u00e7\u00e3o ao Meu Imaculado Cora\u00e7\u00e3o.\u00a0A quem a abra\u00e7ar, prometo a salva\u00e7\u00e3o. E ser\u00e3o queridas de DEUS estas almas, como flores postas por Mim a adornar o Seu [&hellip;]<\/p>\n","protected":false},"author":31,"featured_media":53676,"comment_status":"open","ping_status":"open","sticky":false,"template":"","format":"standard","meta":[],"categories":[20,2323,56,101],"tags":[2242,2607,2648,57,2370,1485,470],"yoast_head":"<!-- This site is optimized with the Yoast SEO plugin v17.4 - https:\/\/yoast.com\/wordpress\/plugins\/seo\/ -->\n<title>V\u00eddeo: A Mensagem de Nossa Senhora de F\u00e1tima - Associa\u00e7\u00e3o Devotos de F\u00e1tima<\/title>\n<meta name=\"description\" content=\"Clique aqui e saiba quais foram as revela\u00e7\u00f5es de Nossa Senhora de F\u00e1tima aos tr\u00eas pastorinhos. Uma mensagem que voc\u00ea n\u00e3o deve ignorar...\" \/>\n<meta name=\"robots\" content=\"index, follow, max-snippet:-1, max-image-preview:large, max-video-preview:-1\" \/>\n<link rel=\"canonical\" href=\"https:\/\/www.adf.org.br\/home\/video-mensagem-de-nossa-senhora-de-fatima-2\/\" \/>\n<meta property=\"og:locale\" content=\"pt_BR\" \/>\n<meta property=\"og:type\" content=\"article\" \/>\n<meta property=\"og:title\" content=\"V\u00eddeo: A Mensagem de Nossa Senhora de F\u00e1tima - Associa\u00e7\u00e3o Devotos de F\u00e1tima\" \/>\n<meta property=\"og:description\" content=\"Clique aqui e saiba quais foram as revela\u00e7\u00f5es de Nossa Senhora de F\u00e1tima aos tr\u00eas pastorinhos. Uma mensagem que voc\u00ea n\u00e3o deve ignorar...\" \/>\n<meta property=\"og:url\" content=\"https:\/\/www.adf.org.br\/home\/video-mensagem-de-nossa-senhora-de-fatima-2\/\" \/>\n<meta property=\"og:site_name\" content=\"Associa\u00e7\u00e3o Devotos de F\u00e1tima\" \/>\n<meta property=\"article:published_time\" content=\"2019-07-31T10:30:56+00:00\" \/>\n<meta name=\"twitter:card\" content=\"summary_large_image\" \/>\n<meta name=\"twitter:label1\" content=\"Escrito por\" \/>\n\t<meta name=\"twitter:data1\" content=\"Gabriel Barbosa\" \/>\n\t<meta name=\"twitter:label2\" content=\"Est. tempo de leitura\" \/>\n\t<meta name=\"twitter:data2\" content=\"1 minuto\" \/>\n<script type=\"application\/ld+json\" class=\"yoast-schema-graph\">{\"@context\":\"https:\/\/schema.org\",\"@graph\":[{\"@type\":\"WebSite\",\"@id\":\"https:\/\/www.adf.org.br\/home\/#website\",\"url\":\"https:\/\/www.adf.org.br\/home\/\",\"name\":\"Associa\\u00e7\\u00e3o Devotos de F\\u00e1tima\",\"description\":\"Associa\\u00e7\\u00e3o Devotos de F\\u00e1tima\",\"potentialAction\":[{\"@type\":\"SearchAction\",\"target\":{\"@type\":\"EntryPoint\",\"urlTemplate\":\"https:\/\/www.adf.org.br\/home\/?s={search_term_string}\"},\"query-input\":\"required name=search_term_string\"}],\"inLanguage\":\"pt-BR\"},{\"@type\":\"ImageObject\",\"@id\":\"https:\/\/www.adf.org.br\/home\/video-mensagem-de-nossa-senhora-de-fatima-2\/#primaryimage\",\"inLanguage\":\"pt-BR\",\"url\":\"\",\"contentUrl\":\"\"},{\"@type\":\"WebPage\",\"@id\":\"https:\/\/www.adf.org.br\/home\/video-mensagem-de-nossa-senhora-de-fatima-2\/#webpage\",\"url\":\"https:\/\/www.adf.org.br\/home\/video-mensagem-de-nossa-senhora-de-fatima-2\/\",\"name\":\"V\\u00eddeo: A Mensagem de Nossa Senhora de F\\u00e1tima - Associa\\u00e7\\u00e3o Devotos de F\\u00e1tima\",\"isPartOf\":{\"@id\":\"https:\/\/www.adf.org.br\/home\/#website\"},\"primaryImageOfPage\":{\"@id\":\"https:\/\/www.adf.org.br\/home\/video-mensagem-de-nossa-senhora-de-fatima-2\/#primaryimage\"},\"datePublished\":\"2019-07-31T10:30:56+00:00\",\"dateModified\":\"2019-07-31T10:30:56+00:00\",\"author\":{\"@id\":\"https:\/\/www.adf.org.br\/home\/#\/schema\/person\/f35a5c5aa7728a3dedf4ea9aa1fc2753\"},\"description\":\"Clique aqui e saiba quais foram as revela\\u00e7\\u00f5es de Nossa Senhora de F\\u00e1tima aos tr\\u00eas pastorinhos. Uma mensagem que voc\\u00ea n\\u00e3o deve ignorar...\",\"breadcrumb\":{\"@id\":\"https:\/\/www.adf.org.br\/home\/video-mensagem-de-nossa-senhora-de-fatima-2\/#breadcrumb\"},\"inLanguage\":\"pt-BR\",\"potentialAction\":[{\"@type\":\"ReadAction\",\"target\":[\"https:\/\/www.adf.org.br\/home\/video-mensagem-de-nossa-senhora-de-fatima-2\/\"]}]},{\"@type\":\"BreadcrumbList\",\"@id\":\"https:\/\/www.adf.org.br\/home\/video-mensagem-de-nossa-senhora-de-fatima-2\/#breadcrumb\",\"itemListElement\":[{\"@type\":\"ListItem\",\"position\":1,\"name\":\"Home\",\"item\":\"https:\/\/www.adf.org.br\/home\/\"},{\"@type\":\"ListItem\",\"position\":2,\"name\":\"V\\u00eddeo: A Mensagem de Nossa Senhora de F\\u00e1tima\"}]},{\"@type\":\"Person\",\"@id\":\"https:\/\/www.adf.org.br\/home\/#\/schema\/person\/f35a5c5aa7728a3dedf4ea9aa1fc2753\",\"name\":\"Gabriel Barbosa\",\"image\":{\"@type\":\"ImageObject\",\"@id\":\"https:\/\/www.adf.org.br\/home\/#personlogo\",\"inLanguage\":\"pt-BR\",\"url\":\"https:\/\/secure.gravatar.com\/avatar\/2b2cb2f4637682c5605e8d36818f51ef?s=96&d=mm&r=g\",\"contentUrl\":\"https:\/\/secure.gravatar.com\/avatar\/2b2cb2f4637682c5605e8d36818f51ef?s=96&d=mm&r=g\",\"caption\":\"Gabriel Barbosa\"},\"url\":\"https:\/\/www.adf.org.br\/home\/author\/gabrielpmk-com-br\/\"}]}<\/script>\n<!-- \/ Yoast SEO plugin. -->","yoast_head_json":{"title":"V\u00eddeo: A Mensagem de Nossa Senhora de F\u00e1tima - Associa\u00e7\u00e3o Devotos de F\u00e1tima","description":"Clique aqui e saiba quais foram as revela\u00e7\u00f5es de Nossa Senhora de F\u00e1tima aos tr\u00eas pastorinhos. Uma mensagem que voc\u00ea n\u00e3o deve ignorar...","robots":{"index":"index","follow":"follow","max-snippet":"max-snippet:-1","max-image-preview":"max-image-preview:large","max-video-preview":"max-video-preview:-1"},"canonical":"https:\/\/www.adf.org.br\/home\/video-mensagem-de-nossa-senhora-de-fatima-2\/","og_locale":"pt_BR","og_type":"article","og_title":"V\u00eddeo: A Mensagem de Nossa Senhora de F\u00e1tima - Associa\u00e7\u00e3o Devotos de F\u00e1tima","og_description":"Clique aqui e saiba quais foram as revela\u00e7\u00f5es de Nossa Senhora de F\u00e1tima aos tr\u00eas pastorinhos. Uma mensagem que voc\u00ea n\u00e3o deve ignorar...","og_url":"https:\/\/www.adf.org.br\/home\/video-mensagem-de-nossa-senhora-de-fatima-2\/","og_site_name":"Associa\u00e7\u00e3o Devotos de F\u00e1tima","article_published_time":"2019-07-31T10:30:56+00:00","twitter_card":"summary_large_image","twitter_misc":{"Escrito por":"Gabriel Barbosa","Est. tempo de leitura":"1 minuto"},"schema":{"@context":"https:\/\/schema.org","@graph":[{"@type":"WebSite","@id":"https:\/\/www.adf.org.br\/home\/#website","url":"https:\/\/www.adf.org.br\/home\/","name":"Associa\u00e7\u00e3o Devotos de F\u00e1tima","description":"Associa\u00e7\u00e3o Devotos de F\u00e1tima","potentialAction":[{"@type":"SearchAction","target":{"@type":"EntryPoint","urlTemplate":"https:\/\/www.adf.org.br\/home\/?s={search_term_string}"},"query-input":"required name=search_term_string"}],"inLanguage":"pt-BR"},{"@type":"ImageObject","@id":"https:\/\/www.adf.org.br\/home\/video-mensagem-de-nossa-senhora-de-fatima-2\/#primaryimage","inLanguage":"pt-BR","url":"","contentUrl":""},{"@type":"WebPage","@id":"https:\/\/www.adf.org.br\/home\/video-mensagem-de-nossa-senhora-de-fatima-2\/#webpage","url":"https:\/\/www.adf.org.br\/home\/video-mensagem-de-nossa-senhora-de-fatima-2\/","name":"V\u00eddeo: A Mensagem de Nossa Senhora de F\u00e1tima - Associa\u00e7\u00e3o Devotos de F\u00e1tima","isPartOf":{"@id":"https:\/\/www.adf.org.br\/home\/#website"},"primaryImageOfPage":{"@id":"https:\/\/www.adf.org.br\/home\/video-mensagem-de-nossa-senhora-de-fatima-2\/#primaryimage"},"datePublished":"2019-07-31T10:30:56+00:00","dateModified":"2019-07-31T10:30:56+00:00","author":{"@id":"https:\/\/www.adf.org.br\/home\/#\/schema\/person\/f35a5c5aa7728a3dedf4ea9aa1fc2753"},"description":"Clique aqui e saiba quais foram as revela\u00e7\u00f5es de Nossa Senhora de F\u00e1tima aos tr\u00eas pastorinhos. Uma mensagem que voc\u00ea n\u00e3o deve ignorar...","breadcrumb":{"@id":"https:\/\/www.adf.org.br\/home\/video-mensagem-de-nossa-senhora-de-fatima-2\/#breadcrumb"},"inLanguage":"pt-BR","potentialAction":[{"@type":"ReadAction","target":["https:\/\/www.adf.org.br\/home\/video-mensagem-de-nossa-senhora-de-fatima-2\/"]}]},{"@type":"BreadcrumbList","@id":"https:\/\/www.adf.org.br\/home\/video-mensagem-de-nossa-senhora-de-fatima-2\/#breadcrumb","itemListElement":[{"@type":"ListItem","position":1,"name":"Home","item":"https:\/\/www.adf.org.br\/home\/"},{"@type":"ListItem","position":2,"name":"V\u00eddeo: A Mensagem de Nossa Senhora de F\u00e1tima"}]},{"@type":"Person","@id":"https:\/\/www.adf.org.br\/home\/#\/schema\/person\/f35a5c5aa7728a3dedf4ea9aa1fc2753","name":"Gabriel Barbosa","image":{"@type":"ImageObject","@id":"https:\/\/www.adf.org.br\/home\/#personlogo","inLanguage":"pt-BR","url":"https:\/\/secure.gravatar.com\/avatar\/2b2cb2f4637682c5605e8d36818f51ef?s=96&d=mm&r=g","contentUrl":"https:\/\/secure.gravatar.com\/avatar\/2b2cb2f4637682c5605e8d36818f51ef?s=96&d=mm&r=g","caption":"Gabriel Barbosa"},"url":"https:\/\/www.adf.org.br\/home\/author\/gabrielpmk-com-br\/"}]}},"_links":{"self":[{"href":"https:\/\/www.adf.org.br\/home\/wp-json\/wp\/v2\/posts\/53674"}],"collection":[{"href":"https:\/\/www.adf.org.br\/home\/wp-json\/wp\/v2\/posts"}],"about":[{"href":"https:\/\/www.adf.org.br\/home\/wp-json\/wp\/v2\/types\/post"}],"author":[{"embeddable":true,"href":"https:\/\/www.adf.org.br\/home\/wp-json\/wp\/v2\/users\/31"}],"replies":[{"embeddable":true,"href":"https:\/\/www.adf.org.br\/home\/wp-json\/wp\/v2\/comments?post=53674"}],"version-history":[{"count":0,"href":"https:\/\/www.adf.org.br\/home\/wp-json\/wp\/v2\/posts\/53674\/revisions"}],"wp:featuredmedia":[{"embeddable":true,"href":"https:\/\/www.adf.org.br\/home\/wp-json\/wp\/v2\/media\/53676"}],"wp:attachment":[{"href":"https:\/\/www.adf.org.br\/home\/wp-json\/wp\/v2\/media?parent=53674"}],"wp:term":[{"taxonomy":"category","embeddable":true,"href":"https:\/\/www.adf.org.br\/home\/wp-json\/wp\/v2\/categories?post=53674"},{"taxonomy":"post_tag","embeddable":true,"href":"https:\/\/www.adf.org.br\/home\/wp-json\/wp\/v2\/tags?post=53674"}],"curies":[{"name":"wp","href":"https:\/\/api.w.org\/{rel}","templated":true}]}}