{"id":53604,"date":"2019-07-29T07:30:40","date_gmt":"2019-07-29T10:30:40","guid":{"rendered":"http:\/\/www.adf.org.br\/home\/?p=53604"},"modified":"2019-07-29T07:30:40","modified_gmt":"2019-07-29T10:30:40","slug":"qual-e-origem-da-oracao-da-ave-maria","status":"publish","type":"post","link":"https:\/\/www.adf.org.br\/home\/qual-e-origem-da-oracao-da-ave-maria\/","title":{"rendered":"Qual \u00e9 a origem da ora\u00e7\u00e3o da Ave-Maria?"},"content":{"rendered":"<p><a href=\"https:\/\/adf.org.br\/apostolosdefatima?origem=11343\" target=\"_blank\" rel=\"noopener noreferrer\"><img loading=\"lazy\" class=\"aligncenter wp-image-53606 size-full\" src=\"https:\/\/www.adf.org.br\/home\/wp-content\/uploads\/2019\/07\/Devotos-de-F\u00e1tima-Mensagem-1-1.jpg\" alt=\"Devotos de F\u00e1tima - Mensagem 1\" width=\"466\" height=\"466\" \/><\/a><\/p>\n<p><span style=\"color: #ffffff;\">.<\/span><\/p>\n<h6><strong><span style=\"font-size: 14pt; font-family: verdana, geneva, sans-serif; color: #003366;\">Ave-Maria<\/span><\/strong><\/h6>\n<p><span style=\"color: #ffffff;\">.<\/span><\/p>\n<p><span style=\"font-weight: 400; font-family: verdana, geneva, sans-serif; color: #000000; font-size: 12pt;\"><span style=\"font-size: 18pt;\">A<\/span> Ave Maria \u00e9 sem d\u00favida a ora\u00e7\u00e3o mariana mais conhecida em todo o mundo. Ela \u00e9 rezada todos os dias por milh\u00f5es de cat\u00f3licos e muitos chegam a recit\u00e1-la at\u00e9 duzentas vezes, quando reza o ros\u00e1rio ao longo do dia. Esta ora\u00e7\u00e3o, que na \u00e9poca medieval era conhecida como \u201cSauda\u00e7\u00e3o ang\u00e9lica\u201d, \u00e9 o resultado de um longo processo. <strong>\u00c9 uma ora\u00e7\u00e3o composta de duas partes: <em>uma de louvor<\/em> e a <em>outra de s\u00faplica<\/em><\/strong>.<\/span><\/p>\n<p style=\"text-align: left;\"><span style=\"color: #ffffff;\">.<\/span><\/p>\n<p style=\"padding-left: 90px;\"><span style=\"font-weight: 400; font-family: verdana, geneva, sans-serif; color: #003366; font-size: 12pt;\"><strong>A sua primeira parte \u00e9 tirada do evangelho de S\u00e3o Lucas:<\/strong> consiste na sauda\u00e7\u00e3o do Anjo Gabriel a Maria: <em>\u201cAlegra-te, cheia de gra\u00e7a, o Senhor est\u00e1 contigo!\u201d<\/em> (Lc 1,28b), e na sauda\u00e7\u00e3o de Isabel: <em>\u201cBendita \u00e9s tu entre as mulheres e bendito \u00e9 o fruto de teu ventre!&#8221;<\/em> (Lc 1,42b).<\/span><\/p>\n<p style=\"text-align: left;\"><span style=\"color: #ffffff;\">.<\/span><\/p>\n<p><span style=\"font-weight: 400; font-family: verdana, geneva, sans-serif; color: #000000; font-size: 12pt;\">Inicialmente esta uni\u00e3o entre as duas sauda\u00e7\u00f5es era encontrada somente na liturgia, e s\u00f3 mais tarde tornou-se uma ora\u00e7\u00e3o popular. <strong>O seu uso como f\u00f3rmula de ora\u00e7\u00e3o come\u00e7ou nos mosteiros, em torno do ano 1000 e foi aos poucos se difundindo, tornando-se universal ap\u00f3s o s\u00e9culo XIII<\/strong>. O texto, por\u00e9m, compreendia somente a primeira parte sem o nome de Jesus.<\/span><\/p>\n<p style=\"text-align: left;\"><span style=\"color: #ffffff;\">.<\/span><\/p>\n<h6><span style=\"font-family: verdana, geneva, sans-serif; color: #003366; font-size: 14pt;\"><b>Como surgiu a ora\u00e7\u00e3o da Ave-Maria?<\/b><\/span><\/h6>\n<p style=\"text-align: left;\"><span style=\"color: #ffffff;\">.<\/span><\/p>\n<p><span style=\"font-weight: 400; font-family: verdana, geneva, sans-serif; color: #000000; font-size: 12pt;\">Foi somente no s\u00e9culo XV que se acrescentou a segunda parte da Ave Maria: <strong><em>\u201cSanta Maria, M\u00e3e de Deus, rogai por n\u00f3s pecadores agora e na hora de nossa morte. Am\u00e9m.\u201d<\/em><\/strong> E foi nesta \u00e9poca tamb\u00e9m que se acrescentou o nome \u201cJesus\u201d no final da primeira parte.<\/span><\/p>\n<p style=\"text-align: left;\"><span style=\"color: #ffffff;\">.<\/span><\/p>\n<p><span style=\"font-weight: 400; font-family: verdana, geneva, sans-serif; color: #000000; font-size: 12pt;\">Esta segunda parte \u00e9 de origem popular-eclesial e tamb\u00e9m foi surgindo aos poucos.<\/span><\/p>\n<p style=\"text-align: left;\"><span style=\"color: #ffffff;\">.<\/span><\/p>\n<p style=\"padding-left: 90px;\"><span style=\"font-weight: 400; font-family: verdana, geneva, sans-serif; color: #003366; font-size: 12pt;\">Vale a pena lembrar o serm\u00e3o no qual S. Bernardino de Senna (+ 1444) ao comentar a Ave-Maria disse que ao final desta se poderia acrescentar <em>\u201cSanta Maria, rogai por n\u00f3s pecadores\u201d<\/em>. <strong>A s\u00faplica a Maria come\u00e7a com o adjetivo santa, porque Maria \u00e9 a primeira entre todos os santos venerados pela Igreja, pois somente Ela \u00e9 \u201ccheia de gra\u00e7a\u201d<\/strong>.<\/span><\/p>\n<p style=\"text-align: left;\"><span style=\"color: #ffffff;\">.<\/span><\/p>\n<p><span style=\"font-weight: 400; font-family: verdana, geneva, sans-serif; color: #000000; font-size: 12pt;\">A f\u00f3rmula atual da Ave Maria, que se difundiu lentamente, foi divulgada no brevi\u00e1rio publicado em 1568, por ordem do papa Pio V.<\/span><\/p>\n<p style=\"text-align: left;\"><span style=\"color: #ffffff;\">.<\/span><\/p>\n<p style=\"text-align: right;\"><span style=\"font-family: verdana, geneva, sans-serif; color: #000000; font-size: 10pt;\"><b>Fonte: <\/b><i><span style=\"font-weight: 400;\">Como surgiu a ora\u00e7\u00e3o da Ave-Maria? <\/span><\/i><span style=\"font-weight: 400;\">por Mission\u00e1ria Marlete Lacerda (Mari\u00f3loga) <\/span><b>&#8211; <\/b><span style=\"font-weight: 400;\">Site<\/span> <span style=\"color: #0000ff;\"><a style=\"color: #0000ff;\" href=\"https:\/\/www.a12.com\/academia\/artigos\/como-surgiu-a-oracao-da-ave-maria\" target=\"_blank\" rel=\"noopener noreferrer\"><span style=\"font-weight: 400;\">A12<\/span><\/a><\/span><\/span><\/p>\n<p style=\"text-align: right;\">.<\/p>\n<hr \/>\n<h6 style=\"text-align: center;\"><span style=\"font-family: verdana, geneva, sans-serif; font-size: 14pt; color: #800080;\">\u00a0<a href=\"https:\/\/adf.org.br\/apostolosdefatima?origem=11343\" target=\"_blank\" rel=\"noopener noreferrer\"><img loading=\"lazy\" class=\"alignnone wp-image-52865 size-thumbnail\" src=\"https:\/\/www.adf.org.br\/home\/wp-content\/uploads\/2019\/06\/Ap\u00f3stolo-de-F\u00e1tima-2-150x150.png\" alt=\"Ap\u00f3stolo de F\u00e1tima\" width=\"150\" height=\"150\" \/><\/a><\/span><\/h6>\n<h6 style=\"text-align: center;\"><span style=\"color: #ffffff;\">.<\/span><\/h6>\n<h6 style=\"text-align: center;\"><span style=\"font-family: verdana, geneva, sans-serif; font-size: 14pt; color: #800080;\"><strong>Saiba como ganhar este lindo ter\u00e7o de Nossa Senhora de F\u00e1tima!<\/strong><\/span><\/h6>\n<p style=\"text-align: center;\"><span style=\"color: #ffffff;\">.<\/span><\/p>\n<p style=\"text-align: center;\"><a href=\"tel:08006082128\" target=\"_blank\" rel=\"noopener noreferrer\"><img loading=\"lazy\" class=\"alignnone wp-image-53624 size-full\" src=\"https:\/\/www.adf.org.br\/home\/wp-content\/uploads\/2019\/07\/Ter\u00e7o-de-Nossa-Senhora-de-F\u00e1tima-4.jpg\" alt=\"Ter\u00e7o de Nossa Senhora de F\u00e1tima 4\" width=\"652\" height=\"442\" \/><\/a><\/p>\n<p style=\"text-align: center;\"><span style=\"color: #ffffff;\">.<\/span><\/p>\n<p style=\"text-align: center;\"><strong><span style=\"font-family: verdana, geneva, sans-serif; font-size: 14pt; color: #000000;\">Ligue para:<\/span><\/strong><\/p>\n<p style=\"text-align: center;\"><strong><span style=\"font-family: verdana, geneva, sans-serif; font-size: 24pt; color: #0000ff;\"><a style=\"color: #0000ff;\" href=\"tel:08006082128\" target=\"_blank\" rel=\"noopener noreferrer\">0800 608 2128<\/a><br \/>\n<\/span><\/strong><span style=\"font-family: verdana, geneva, sans-serif; font-size: 10pt; color: #000000;\"><i><span style=\"font-weight: 400;\"><strong>Dica:<\/strong> Se estiver no celular, somente tecle no n\u00famero para discar automaticamente.<\/span><\/i><\/span><\/p>\n<p style=\"text-align: center;\"><span style=\"color: #ffffff;\">.<\/span><\/p>\n<p style=\"text-align: center;\"><strong><span style=\"font-family: verdana, geneva, sans-serif; color: #000000; font-size: 12pt;\">Converse com uma de nossas colaboradoras e verifique como receber em sua casa o ter\u00e7o da <a href=\"https:\/\/adf.org.br\/apostolosdefatima?origem=11343#Participar\" target=\"_blank\" rel=\"noopener noreferrer\"><span style=\"color: #0000ff;\">Sant\u00edssima Virgem<\/span><\/a>, que inclusive j\u00e1 est\u00e1 bento.\u00a0<\/span><\/strong><\/p>\n<p style=\"text-align: center;\"><span style=\"color: #ffffff;\">.<\/span><\/p>\n<blockquote>\n<p style=\"text-align: center;\"><em><span style=\"font-weight: 400; font-family: verdana, geneva, sans-serif; color: #000000; font-size: 12pt;\">A liga\u00e7\u00e3o \u00e9 gratuita para qualquer regi\u00e3o do Brasil e o hor\u00e1rio de atendimento \u00e9 de segunda a sexta-feira, das 08h \u00e0s 18h.<\/span><\/em><\/p>\n<\/blockquote>\n<p style=\"text-align: center;\"><span style=\"color: #ffffff;\">.<\/span><\/p>\n<p style=\"text-align: center;\"><span style=\"font-family: verdana, geneva, sans-serif; color: #000000; font-size: 12pt;\"><span style=\"font-size: 14pt;\"><span style=\"font-weight: 400;\">Voc\u00ea n\u00e3o imagina o quanto ir\u00e1 ajudar a\u00a0disseminar a devo\u00e7\u00e3o a <\/span><span style=\"color: #0000ff;\"><span style=\"color: #0000ff; font-weight: 400;\"><a style=\"color: #0000ff;\" href=\"https:\/\/adf.org.br\/apostolosdefatima?origem=11343#Participar\" target=\"_blank\" rel=\"noopener noreferrer\">Nossa Senhora de F\u00e1tima<\/a><span style=\"color: #000000;\">\u00a0pelo Brasil e at\u00e9 pelo mundo<\/span><\/span><\/span><\/span><span style=\"font-weight: 400;\"><span style=\"font-size: 14pt;\">!<\/span>\u00a0<\/span><\/span><\/p>\n<p style=\"text-align: center;\"><span style=\"color: #ffffff;\">.<\/span><\/p>\n<p style=\"text-align: center;\"><span style=\"font-weight: 400; font-family: verdana, geneva, sans-serif; color: #000000; font-size: 12pt;\">Certamente muitas b\u00ean\u00e7\u00e3os ser\u00e3o derramadas em sua vida.\u00a0<\/span><\/p>\n<p style=\"text-align: center;\"><span style=\"color: #ffffff;\">.<\/span><\/p>\n<p style=\"text-align: center;\"><span style=\"font-size: 14pt;\"><span style=\"color: #800080;\"><em><span style=\"font-family: verdana, geneva, sans-serif;\">Que a Virgem Maria interceda sempre por voc\u00ea.<\/span><\/em><\/span><\/span><\/p>\n<p style=\"text-align: center;\"><span style=\"color: #ffffff;\">.<\/span><\/p>\n<hr \/>\n<p style=\"text-align: center;\"><a href=\"http:\/\/feedburner.google.com\/fb\/a\/mailverify?uri=devotosdefatima&amp;loc=pt_B\" target=\"_blank\" rel=\"noopener noreferrer\"><img loading=\"lazy\" class=\"alignnone wp-image-53062 size-full\" src=\"https:\/\/www.adf.org.br\/home\/wp-content\/uploads\/2019\/06\/ADF-Bot\u00e3o-Feedburner-3.png\" alt=\"ADF - Bot\u00e3o Feedburner\" width=\"362\" height=\"192\" \/><\/a><\/p>\n<p style=\"text-align: center;\"><span style=\"color: #ffffff;\">.<\/span><\/p>\n","protected":false},"excerpt":{"rendered":"<p>. Ave-Maria . A Ave Maria \u00e9 sem d\u00favida a ora\u00e7\u00e3o mariana mais conhecida em todo o mundo. Ela \u00e9 rezada todos os dias por milh\u00f5es de cat\u00f3licos e muitos chegam a recit\u00e1-la at\u00e9 duzentas vezes, quando reza o ros\u00e1rio ao longo do dia. Esta ora\u00e7\u00e3o, que na \u00e9poca medieval era conhecida como \u201cSauda\u00e7\u00e3o ang\u00e9lica\u201d, [&hellip;]<\/p>\n","protected":false},"author":31,"featured_media":53626,"comment_status":"open","ping_status":"open","sticky":false,"template":"","format":"standard","meta":[],"categories":[20,2323,56,14],"tags":[10,3099,3100,646,38,57],"yoast_head":"<!-- This site is optimized with the Yoast SEO plugin v17.4 - https:\/\/yoast.com\/wordpress\/plugins\/seo\/ -->\n<title>Qual \u00e9 a origem da ora\u00e7\u00e3o da Ave-Maria? - Associa\u00e7\u00e3o Devotos de F\u00e1tima<\/title>\n<meta name=\"description\" content=\"Descubra aqui como surgiu a ora\u00e7\u00e3o da Ave-Maria, a prece mais famosa dedicada a Nossa Senhora. Clique aqui e veja como receber um lindo ter\u00e7o\" \/>\n<meta name=\"robots\" content=\"index, follow, max-snippet:-1, max-image-preview:large, max-video-preview:-1\" \/>\n<link rel=\"canonical\" href=\"https:\/\/www.adf.org.br\/home\/qual-e-origem-da-oracao-da-ave-maria\/\" \/>\n<meta property=\"og:locale\" content=\"pt_BR\" \/>\n<meta property=\"og:type\" content=\"article\" \/>\n<meta property=\"og:title\" content=\"Qual \u00e9 a origem da ora\u00e7\u00e3o da Ave-Maria? - Associa\u00e7\u00e3o Devotos de F\u00e1tima\" \/>\n<meta property=\"og:description\" content=\"Descubra aqui como surgiu a ora\u00e7\u00e3o da Ave-Maria, a prece mais famosa dedicada a Nossa Senhora. Clique aqui e veja como receber um lindo ter\u00e7o\" \/>\n<meta property=\"og:url\" content=\"https:\/\/www.adf.org.br\/home\/qual-e-origem-da-oracao-da-ave-maria\/\" \/>\n<meta property=\"og:site_name\" content=\"Associa\u00e7\u00e3o Devotos de F\u00e1tima\" \/>\n<meta property=\"article:published_time\" content=\"2019-07-29T10:30:40+00:00\" \/>\n<meta name=\"twitter:card\" content=\"summary_large_image\" \/>\n<meta name=\"twitter:label1\" content=\"Escrito por\" \/>\n\t<meta name=\"twitter:data1\" content=\"Gabriel Barbosa\" \/>\n\t<meta name=\"twitter:label2\" content=\"Est. tempo de leitura\" \/>\n\t<meta name=\"twitter:data2\" content=\"2 minutos\" \/>\n<script type=\"application\/ld+json\" class=\"yoast-schema-graph\">{\"@context\":\"https:\/\/schema.org\",\"@graph\":[{\"@type\":\"WebSite\",\"@id\":\"https:\/\/www.adf.org.br\/home\/#website\",\"url\":\"https:\/\/www.adf.org.br\/home\/\",\"name\":\"Associa\\u00e7\\u00e3o Devotos de F\\u00e1tima\",\"description\":\"Associa\\u00e7\\u00e3o Devotos de F\\u00e1tima\",\"potentialAction\":[{\"@type\":\"SearchAction\",\"target\":{\"@type\":\"EntryPoint\",\"urlTemplate\":\"https:\/\/www.adf.org.br\/home\/?s={search_term_string}\"},\"query-input\":\"required name=search_term_string\"}],\"inLanguage\":\"pt-BR\"},{\"@type\":\"ImageObject\",\"@id\":\"https:\/\/www.adf.org.br\/home\/qual-e-origem-da-oracao-da-ave-maria\/#primaryimage\",\"inLanguage\":\"pt-BR\",\"url\":\"\",\"contentUrl\":\"\"},{\"@type\":\"WebPage\",\"@id\":\"https:\/\/www.adf.org.br\/home\/qual-e-origem-da-oracao-da-ave-maria\/#webpage\",\"url\":\"https:\/\/www.adf.org.br\/home\/qual-e-origem-da-oracao-da-ave-maria\/\",\"name\":\"Qual \\u00e9 a origem da ora\\u00e7\\u00e3o da Ave-Maria? - Associa\\u00e7\\u00e3o Devotos de F\\u00e1tima\",\"isPartOf\":{\"@id\":\"https:\/\/www.adf.org.br\/home\/#website\"},\"primaryImageOfPage\":{\"@id\":\"https:\/\/www.adf.org.br\/home\/qual-e-origem-da-oracao-da-ave-maria\/#primaryimage\"},\"datePublished\":\"2019-07-29T10:30:40+00:00\",\"dateModified\":\"2019-07-29T10:30:40+00:00\",\"author\":{\"@id\":\"https:\/\/www.adf.org.br\/home\/#\/schema\/person\/f35a5c5aa7728a3dedf4ea9aa1fc2753\"},\"description\":\"Descubra aqui como surgiu a ora\\u00e7\\u00e3o da Ave-Maria, a prece mais famosa dedicada a Nossa Senhora. Clique aqui e veja como receber um lindo ter\\u00e7o\",\"breadcrumb\":{\"@id\":\"https:\/\/www.adf.org.br\/home\/qual-e-origem-da-oracao-da-ave-maria\/#breadcrumb\"},\"inLanguage\":\"pt-BR\",\"potentialAction\":[{\"@type\":\"ReadAction\",\"target\":[\"https:\/\/www.adf.org.br\/home\/qual-e-origem-da-oracao-da-ave-maria\/\"]}]},{\"@type\":\"BreadcrumbList\",\"@id\":\"https:\/\/www.adf.org.br\/home\/qual-e-origem-da-oracao-da-ave-maria\/#breadcrumb\",\"itemListElement\":[{\"@type\":\"ListItem\",\"position\":1,\"name\":\"Home\",\"item\":\"https:\/\/www.adf.org.br\/home\/\"},{\"@type\":\"ListItem\",\"position\":2,\"name\":\"Qual \\u00e9 a origem da ora\\u00e7\\u00e3o da Ave-Maria?\"}]},{\"@type\":\"Person\",\"@id\":\"https:\/\/www.adf.org.br\/home\/#\/schema\/person\/f35a5c5aa7728a3dedf4ea9aa1fc2753\",\"name\":\"Gabriel Barbosa\",\"image\":{\"@type\":\"ImageObject\",\"@id\":\"https:\/\/www.adf.org.br\/home\/#personlogo\",\"inLanguage\":\"pt-BR\",\"url\":\"https:\/\/secure.gravatar.com\/avatar\/2b2cb2f4637682c5605e8d36818f51ef?s=96&d=mm&r=g\",\"contentUrl\":\"https:\/\/secure.gravatar.com\/avatar\/2b2cb2f4637682c5605e8d36818f51ef?s=96&d=mm&r=g\",\"caption\":\"Gabriel Barbosa\"},\"url\":\"https:\/\/www.adf.org.br\/home\/author\/gabrielpmk-com-br\/\"}]}<\/script>\n<!-- \/ Yoast SEO plugin. -->","yoast_head_json":{"title":"Qual \u00e9 a origem da ora\u00e7\u00e3o da Ave-Maria? - Associa\u00e7\u00e3o Devotos de F\u00e1tima","description":"Descubra aqui como surgiu a ora\u00e7\u00e3o da Ave-Maria, a prece mais famosa dedicada a Nossa Senhora. Clique aqui e veja como receber um lindo ter\u00e7o","robots":{"index":"index","follow":"follow","max-snippet":"max-snippet:-1","max-image-preview":"max-image-preview:large","max-video-preview":"max-video-preview:-1"},"canonical":"https:\/\/www.adf.org.br\/home\/qual-e-origem-da-oracao-da-ave-maria\/","og_locale":"pt_BR","og_type":"article","og_title":"Qual \u00e9 a origem da ora\u00e7\u00e3o da Ave-Maria? - Associa\u00e7\u00e3o Devotos de F\u00e1tima","og_description":"Descubra aqui como surgiu a ora\u00e7\u00e3o da Ave-Maria, a prece mais famosa dedicada a Nossa Senhora. Clique aqui e veja como receber um lindo ter\u00e7o","og_url":"https:\/\/www.adf.org.br\/home\/qual-e-origem-da-oracao-da-ave-maria\/","og_site_name":"Associa\u00e7\u00e3o Devotos de F\u00e1tima","article_published_time":"2019-07-29T10:30:40+00:00","twitter_card":"summary_large_image","twitter_misc":{"Escrito por":"Gabriel Barbosa","Est. tempo de leitura":"2 minutos"},"schema":{"@context":"https:\/\/schema.org","@graph":[{"@type":"WebSite","@id":"https:\/\/www.adf.org.br\/home\/#website","url":"https:\/\/www.adf.org.br\/home\/","name":"Associa\u00e7\u00e3o Devotos de F\u00e1tima","description":"Associa\u00e7\u00e3o Devotos de F\u00e1tima","potentialAction":[{"@type":"SearchAction","target":{"@type":"EntryPoint","urlTemplate":"https:\/\/www.adf.org.br\/home\/?s={search_term_string}"},"query-input":"required name=search_term_string"}],"inLanguage":"pt-BR"},{"@type":"ImageObject","@id":"https:\/\/www.adf.org.br\/home\/qual-e-origem-da-oracao-da-ave-maria\/#primaryimage","inLanguage":"pt-BR","url":"","contentUrl":""},{"@type":"WebPage","@id":"https:\/\/www.adf.org.br\/home\/qual-e-origem-da-oracao-da-ave-maria\/#webpage","url":"https:\/\/www.adf.org.br\/home\/qual-e-origem-da-oracao-da-ave-maria\/","name":"Qual \u00e9 a origem da ora\u00e7\u00e3o da Ave-Maria? - Associa\u00e7\u00e3o Devotos de F\u00e1tima","isPartOf":{"@id":"https:\/\/www.adf.org.br\/home\/#website"},"primaryImageOfPage":{"@id":"https:\/\/www.adf.org.br\/home\/qual-e-origem-da-oracao-da-ave-maria\/#primaryimage"},"datePublished":"2019-07-29T10:30:40+00:00","dateModified":"2019-07-29T10:30:40+00:00","author":{"@id":"https:\/\/www.adf.org.br\/home\/#\/schema\/person\/f35a5c5aa7728a3dedf4ea9aa1fc2753"},"description":"Descubra aqui como surgiu a ora\u00e7\u00e3o da Ave-Maria, a prece mais famosa dedicada a Nossa Senhora. Clique aqui e veja como receber um lindo ter\u00e7o","breadcrumb":{"@id":"https:\/\/www.adf.org.br\/home\/qual-e-origem-da-oracao-da-ave-maria\/#breadcrumb"},"inLanguage":"pt-BR","potentialAction":[{"@type":"ReadAction","target":["https:\/\/www.adf.org.br\/home\/qual-e-origem-da-oracao-da-ave-maria\/"]}]},{"@type":"BreadcrumbList","@id":"https:\/\/www.adf.org.br\/home\/qual-e-origem-da-oracao-da-ave-maria\/#breadcrumb","itemListElement":[{"@type":"ListItem","position":1,"name":"Home","item":"https:\/\/www.adf.org.br\/home\/"},{"@type":"ListItem","position":2,"name":"Qual \u00e9 a origem da ora\u00e7\u00e3o da Ave-Maria?"}]},{"@type":"Person","@id":"https:\/\/www.adf.org.br\/home\/#\/schema\/person\/f35a5c5aa7728a3dedf4ea9aa1fc2753","name":"Gabriel Barbosa","image":{"@type":"ImageObject","@id":"https:\/\/www.adf.org.br\/home\/#personlogo","inLanguage":"pt-BR","url":"https:\/\/secure.gravatar.com\/avatar\/2b2cb2f4637682c5605e8d36818f51ef?s=96&d=mm&r=g","contentUrl":"https:\/\/secure.gravatar.com\/avatar\/2b2cb2f4637682c5605e8d36818f51ef?s=96&d=mm&r=g","caption":"Gabriel Barbosa"},"url":"https:\/\/www.adf.org.br\/home\/author\/gabrielpmk-com-br\/"}]}},"_links":{"self":[{"href":"https:\/\/www.adf.org.br\/home\/wp-json\/wp\/v2\/posts\/53604"}],"collection":[{"href":"https:\/\/www.adf.org.br\/home\/wp-json\/wp\/v2\/posts"}],"about":[{"href":"https:\/\/www.adf.org.br\/home\/wp-json\/wp\/v2\/types\/post"}],"author":[{"embeddable":true,"href":"https:\/\/www.adf.org.br\/home\/wp-json\/wp\/v2\/users\/31"}],"replies":[{"embeddable":true,"href":"https:\/\/www.adf.org.br\/home\/wp-json\/wp\/v2\/comments?post=53604"}],"version-history":[{"count":0,"href":"https:\/\/www.adf.org.br\/home\/wp-json\/wp\/v2\/posts\/53604\/revisions"}],"wp:featuredmedia":[{"embeddable":true,"href":"https:\/\/www.adf.org.br\/home\/wp-json\/wp\/v2\/media\/53626"}],"wp:attachment":[{"href":"https:\/\/www.adf.org.br\/home\/wp-json\/wp\/v2\/media?parent=53604"}],"wp:term":[{"taxonomy":"category","embeddable":true,"href":"https:\/\/www.adf.org.br\/home\/wp-json\/wp\/v2\/categories?post=53604"},{"taxonomy":"post_tag","embeddable":true,"href":"https:\/\/www.adf.org.br\/home\/wp-json\/wp\/v2\/tags?post=53604"}],"curies":[{"name":"wp","href":"https:\/\/api.w.org\/{rel}","templated":true}]}}