{"id":53583,"date":"2020-08-19T00:00:46","date_gmt":"2020-08-19T03:00:46","guid":{"rendered":"http:\/\/www.adf.org.br\/home\/?p=53583"},"modified":"2020-08-18T17:52:25","modified_gmt":"2020-08-18T20:52:25","slug":"historia-da-medalha-milagrosa-parte-3-as-primeiras-visoes-de-santa-catarina-laboure","status":"publish","type":"post","link":"https:\/\/www.adf.org.br\/home\/historia-da-medalha-milagrosa-parte-3-as-primeiras-visoes-de-santa-catarina-laboure\/","title":{"rendered":"A Hist\u00f3ria da Medalha Milagrosa &#8211; Parte 3: As primeiras vis\u00f5es de Santa Catarina Labour\u00e9"},"content":{"rendered":"<p style=\"text-align: center;\"><a href=\"https:\/\/adf.org.br\/exercitodamedalha?origem=15651\" target=\"_blank\" rel=\"noopener noreferrer\"><img loading=\"lazy\" class=\"alignnone wp-image-53590 size-full\" src=\"https:\/\/www.adf.org.br\/home\/wp-content\/uploads\/2019\/07\/Santa-Catarina-Labour\u00e9-e-Nossa-Senhora-1.jpg\" alt=\"Santa-Catarina-Labour\u00e9 e Nossa Senhora 1\" width=\"394\" height=\"572\" \/><\/a><\/p>\n<h6><span style=\"color: #ffffff;\">.<\/span><\/h6>\n<h6><strong><span style=\"color: #003366; font-family: verdana, geneva, sans-serif; font-size: 14pt;\">As primeiras vis\u00f5es de Santa Catarina Labour\u00e9<\/span><\/strong><span style=\"color: #ffffff;\">.<\/span><\/h6>\n<p><span style=\"font-weight: 400; color: #000000; font-family: verdana, geneva, sans-serif; font-size: 12pt;\"><span style=\"font-size: 18pt;\">S<\/span>anta Catarina ingressou inicialmente na Congrega\u00e7\u00e3o das Filhas da Caridade, como postulante. Tr\u00eas meses depois, em abril de 1830, foi transferida, j\u00e1 como novi\u00e7a, para outra casa da Congrega\u00e7\u00e3o, a qual, como veremos, logo se tornaria mundialmente c\u00e9lebre: a da Rue du Bac, em Paris.<\/span><span style=\"color: #ffffff;\">.<\/span><\/p>\n<p style=\"padding-left: 90px;\"><span style=\"font-weight: 400; color: #003366; font-family: verdana, geneva, sans-serif; font-size: 12pt;\">Poucos dias depois da chegada de Catarina \u00e0 Rue du Bac, <strong>foi transferido solenemente, da Catedral de Notre-Dame para a Capela de Saint-Lazare, num magn\u00edfico relic\u00e1rio de prata, o corpo de S\u00e3o Vicente de Paulo, que falecera 170 anos antes.<\/strong> Estava prodigiosamente conservado, como se tivesse morrido havia pouco tempo.\u00a0<\/span><span style=\"color: #ffffff;\">.<\/span><\/p>\n<p><span style=\"font-weight: 400; color: #000000; font-family: verdana, geneva, sans-serif; font-size: 12pt;\">A cerim\u00f4nia, realizada com a participa\u00e7\u00e3o do Arcebispo de Paris, Mons. de Qu\u00e9len, de oito Bispos e do pr\u00f3prio Rei Carlos X, haveria de marcar profundamente a vida da jovem novi\u00e7a.\u00a0<\/span><span style=\"color: #ffffff;\">.<\/span><\/p>\n<p><span style=\"font-weight: 400; color: #000000; font-family: verdana, geneva, sans-serif; font-size: 12pt;\">Na semana seguinte, <strong>Catarina teve suas primeiras vis\u00f5es sobrenaturais<\/strong>.<\/span><span style=\"color: #ffffff;\">.<\/span><\/p>\n<blockquote><p><span style=\"color: #003366; font-family: verdana, geneva, sans-serif; font-size: 12pt;\"><i><span style=\"font-weight: 400;\">\u201c<strong>O cora\u00e7\u00e3o de S\u00e3o Vicente<\/strong> &#8211; <span style=\"color: #000000;\">narra ela<\/span> &#8211; me apareceu tr\u00eas vezes de modo diferente, tr\u00eas dias seguidos: <strong>claro, cor de carne, o que anunciava paz, calma, inoc\u00eancia e uni\u00e3o<\/strong>.\u00a0<\/span><\/i><\/span><span style=\"color: #ffffff;\">.<\/span><\/p>\n<p><span style=\"color: #003366; font-family: verdana, geneva, sans-serif; font-size: 12pt;\"><i><span style=\"font-weight: 400;\">\u201cDepois vi <strong>o vermelho cor de fogo, o que devia inflamar a caridade nos cora\u00e7\u00f5es<\/strong>. Parecia-me que toda a comunidade devia se renovar e se estender at\u00e9 os confins do Mundo.<\/span><\/i><\/span><span style=\"color: #ffffff;\">.<\/span><\/p>\n<p><span style=\"color: #003366; font-family: verdana, geneva, sans-serif; font-size: 12pt;\"><i><span style=\"font-weight: 400;\">\u201cPor fim, vi <strong>o vermelho-negro; o que punha a tristeza no cora\u00e7\u00e3o<\/strong>; vinham-me tristezas que eu tinha dificuldade em superar. N\u00e3o sabia porque nem como, essa tristeza se relacionava com a mudan\u00e7a de governo\u201d.<\/span><\/i><\/span><\/p><\/blockquote>\n<p><span style=\"font-weight: 400; color: #000000; font-family: verdana, geneva, sans-serif; font-size: 12pt;\">Confiantemente, Catarina narrou a seu confessor, Pe. Jo\u00e3o Maria Aladel, as vis\u00f5es que tivera. Mas este, talvez receoso de que fossem ilus\u00f5es diab\u00f3licas, ou efeito de uma imagina\u00e7\u00e3o super-excitada, foi taxativo e aconselhou-a n\u00e3o tom\u00e1-las em considera\u00e7\u00e3o:<\/span><span style=\"color: #ffffff;\">.<\/span><\/p>\n<p style=\"padding-left: 90px;\"><span style=\"color: #000000; font-family: verdana, geneva, sans-serif; font-size: 12pt;\"><i>\u201cN\u00e3o escuteis essas tenta\u00e7\u00f5es. Uma Filha da Caridade foi feita para servir aos pobres, n\u00e3o para sonhar\u201d.<\/i><\/span><span style=\"color: #ffffff;\">.<\/span><\/p>\n<p style=\"text-align: right;\"><span style=\"color: #000000; font-family: verdana, geneva, sans-serif; font-size: 10pt;\"><b>Fonte: <\/b><i><span style=\"font-weight: 400;\">Hist\u00f3ria da Medalha Milagrosa &#8211; Um aux\u00edlio que veio do C\u00e9u<\/span><\/i><span style=\"font-weight: 400;\"> de Armando Alexandre dos Santos<\/span><\/span><\/p>\n<p><span style=\"color: #ffffff;\">.<\/span><\/p>\n<hr \/>\n<h6><\/h6>\n<h6 style=\"text-align: center;\"><span style=\"color: #003366; font-family: verdana, geneva, sans-serif; font-size: 14pt;\"><b>ESCREVA SEUS PEDIDOS DE GRA\u00c7AS PARA NOSSA SENHORA<\/b><\/span><\/h6>\n<p style=\"text-align: center;\"><span style=\"color: #ffffff;\">.<\/span><\/p>\n<p style=\"text-align: center;\"><a href=\"https:\/\/adf.org.br\/velario\/medalhamilagrosa?origem=15651\" target=\"_blank\" rel=\"noopener noreferrer\"><img loading=\"lazy\" class=\"alignnone wp-image-53588 size-full\" src=\"https:\/\/www.adf.org.br\/home\/wp-content\/uploads\/2019\/07\/Nossa-Senhora-das-Gra\u00e7as-1.jpg\" alt=\"Nossa Senhora das Gra\u00e7as 1\" width=\"424\" height=\"366\" \/><\/a><\/p>\n<p style=\"text-align: center;\"><span style=\"color: #ffffff;\">.<\/span><\/p>\n<p style=\"text-align: center;\"><span style=\"font-size: 14pt;\"><strong><span style=\"color: #000000; font-family: verdana, geneva, sans-serif;\">Reze esta prece:<\/span><\/strong><\/span><span style=\"color: #ffffff;\">.<\/span><\/p>\n<p style=\"text-align: center;\"><span style=\"color: #000080; font-family: verdana, geneva, sans-serif; font-size: 12pt;\"><i><span style=\"font-weight: 400;\">&#8220;\u00d3 Imaculada Virgem Maria, M\u00e3e de Deus e nossa M\u00e3e, eu vos suplico por uma gra\u00e7a especial. \u00d3 Senhora da Medalha Milagrosa, escutai as minhas preces e aliviai as minhas ang\u00fastias. Eu confio em V\u00f3s. Am\u00e9m!&#8221;<\/span><\/i><\/span><\/p>\n<p style=\"text-align: center;\"><span style=\"color: #ffffff;\">.<\/span><\/p>\n<p style=\"text-align: center;\"><span style=\"color: #000000; font-family: verdana, geneva, sans-serif; font-size: 12pt;\"><span style=\"font-weight: 400;\">Agora <\/span><span style=\"font-size: 14pt;\"><a href=\"https:\/\/adf.org.br\/velario\/medalhamilagrosa?origem=15651\" target=\"_blank\" rel=\"noopener noreferrer\"><span style=\"color: #0000ff;\"><b>CLIQUE AQUI<\/b><\/span><\/a><\/span> <span style=\"font-weight: 400;\">ou na <\/span><span style=\"font-size: 14pt;\"><b>VELA ABAIXO<\/b><\/span> <span style=\"font-weight: 400;\">para<\/span><b> escrever seus pedidos de ora\u00e7\u00e3o<\/b><span style=\"font-weight: 400;\"> que ser\u00e3o levados ao altar da Santa Missa:<\/span><\/span><\/p>\n<p style=\"text-align: center;\"><span style=\"color: #ffffff;\">.<\/span><\/p>\n<p style=\"text-align: center;\"><a href=\"https:\/\/adf.org.br\/velario\/medalhamilagrosa?origem=15651\" target=\"_blank\" rel=\"noopener noreferrer\"><img loading=\"lazy\" class=\"alignnone wp-image-53413 \" src=\"https:\/\/www.adf.org.br\/home\/wp-content\/uploads\/2019\/07\/Vela-2.png\" alt=\"Vela\" width=\"394\" height=\"300\" \/><\/a><\/p>\n<p style=\"text-align: center;\"><span style=\"color: #ffffff;\">.<\/span><\/p>\n","protected":false},"excerpt":{"rendered":"<p>. As primeiras vis\u00f5es de Santa Catarina Labour\u00e9. Santa Catarina ingressou inicialmente na Congrega\u00e7\u00e3o das Filhas da Caridade, como postulante. Tr\u00eas meses depois, em abril de 1830, foi transferida, j\u00e1 como novi\u00e7a, para outra casa da Congrega\u00e7\u00e3o, a qual, como veremos, logo se tornaria mundialmente c\u00e9lebre: a da Rue du Bac, em Paris.. Poucos dias [&hellip;]<\/p>\n","protected":false},"author":31,"featured_media":61147,"comment_status":"open","ping_status":"open","sticky":false,"template":"","format":"standard","meta":[],"categories":[20,2311,50],"tags":[2288,34,2094,306,522],"yoast_head":"<!-- This site is optimized with the Yoast SEO plugin v17.4 - https:\/\/yoast.com\/wordpress\/plugins\/seo\/ -->\n<title>A Hist\u00f3ria da Medalha Milagrosa - Parte 3<\/title>\n<meta name=\"description\" content=\"Confira a terceira parte da hist\u00f3ria da Medalha Milagrosa de Nossa Senhora das Gra\u00e7as. Clique aqui e saiba como receber uma medalha de Nos...\" \/>\n<meta name=\"robots\" content=\"index, follow, max-snippet:-1, max-image-preview:large, max-video-preview:-1\" \/>\n<link rel=\"canonical\" href=\"https:\/\/www.adf.org.br\/home\/historia-da-medalha-milagrosa-parte-3-as-primeiras-visoes-de-santa-catarina-laboure\/\" \/>\n<meta property=\"og:locale\" content=\"pt_BR\" \/>\n<meta property=\"og:type\" content=\"article\" \/>\n<meta property=\"og:title\" content=\"A Hist\u00f3ria da Medalha Milagrosa - Parte 3\" \/>\n<meta property=\"og:description\" content=\"Confira a terceira parte da hist\u00f3ria da Medalha Milagrosa de Nossa Senhora das Gra\u00e7as. Clique aqui e saiba como receber uma medalha de Nos...\" \/>\n<meta property=\"og:url\" content=\"https:\/\/www.adf.org.br\/home\/historia-da-medalha-milagrosa-parte-3-as-primeiras-visoes-de-santa-catarina-laboure\/\" \/>\n<meta property=\"og:site_name\" content=\"Associa\u00e7\u00e3o Devotos de F\u00e1tima\" \/>\n<meta property=\"article:published_time\" content=\"2020-08-19T03:00:46+00:00\" \/>\n<meta property=\"article:modified_time\" content=\"2020-08-18T20:52:25+00:00\" \/>\n<meta property=\"og:image\" content=\"https:\/\/www.adf.org.br\/home\/wp-content\/uploads\/2020\/08\/santa-catarina-la.jpg\" \/>\n\t<meta property=\"og:image:width\" content=\"394\" \/>\n\t<meta property=\"og:image:height\" content=\"572\" \/>\n<meta name=\"twitter:card\" content=\"summary_large_image\" \/>\n<meta name=\"twitter:label1\" content=\"Escrito por\" \/>\n\t<meta name=\"twitter:data1\" content=\"Gabriel Barbosa\" \/>\n\t<meta name=\"twitter:label2\" content=\"Est. tempo de leitura\" \/>\n\t<meta name=\"twitter:data2\" content=\"2 minutos\" \/>\n<script type=\"application\/ld+json\" class=\"yoast-schema-graph\">{\"@context\":\"https:\/\/schema.org\",\"@graph\":[{\"@type\":\"WebSite\",\"@id\":\"https:\/\/www.adf.org.br\/home\/#website\",\"url\":\"https:\/\/www.adf.org.br\/home\/\",\"name\":\"Associa\\u00e7\\u00e3o Devotos de F\\u00e1tima\",\"description\":\"Associa\\u00e7\\u00e3o Devotos de F\\u00e1tima\",\"potentialAction\":[{\"@type\":\"SearchAction\",\"target\":{\"@type\":\"EntryPoint\",\"urlTemplate\":\"https:\/\/www.adf.org.br\/home\/?s={search_term_string}\"},\"query-input\":\"required name=search_term_string\"}],\"inLanguage\":\"pt-BR\"},{\"@type\":\"ImageObject\",\"@id\":\"https:\/\/www.adf.org.br\/home\/historia-da-medalha-milagrosa-parte-3-as-primeiras-visoes-de-santa-catarina-laboure\/#primaryimage\",\"inLanguage\":\"pt-BR\",\"url\":\"https:\/\/www.adf.org.br\/home\/wp-content\/uploads\/2020\/08\/santa-catarina-la-e1732625772450.jpg\",\"contentUrl\":\"https:\/\/www.adf.org.br\/home\/wp-content\/uploads\/2020\/08\/santa-catarina-la-e1732625772450.jpg\",\"width\":394,\"height\":388},{\"@type\":\"WebPage\",\"@id\":\"https:\/\/www.adf.org.br\/home\/historia-da-medalha-milagrosa-parte-3-as-primeiras-visoes-de-santa-catarina-laboure\/#webpage\",\"url\":\"https:\/\/www.adf.org.br\/home\/historia-da-medalha-milagrosa-parte-3-as-primeiras-visoes-de-santa-catarina-laboure\/\",\"name\":\"A Hist\\u00f3ria da Medalha Milagrosa - Parte 3\",\"isPartOf\":{\"@id\":\"https:\/\/www.adf.org.br\/home\/#website\"},\"primaryImageOfPage\":{\"@id\":\"https:\/\/www.adf.org.br\/home\/historia-da-medalha-milagrosa-parte-3-as-primeiras-visoes-de-santa-catarina-laboure\/#primaryimage\"},\"datePublished\":\"2020-08-19T03:00:46+00:00\",\"dateModified\":\"2020-08-18T20:52:25+00:00\",\"author\":{\"@id\":\"https:\/\/www.adf.org.br\/home\/#\/schema\/person\/f35a5c5aa7728a3dedf4ea9aa1fc2753\"},\"description\":\"Confira a terceira parte da hist\\u00f3ria da Medalha Milagrosa de Nossa Senhora das Gra\\u00e7as. Clique aqui e saiba como receber uma medalha de Nos...\",\"breadcrumb\":{\"@id\":\"https:\/\/www.adf.org.br\/home\/historia-da-medalha-milagrosa-parte-3-as-primeiras-visoes-de-santa-catarina-laboure\/#breadcrumb\"},\"inLanguage\":\"pt-BR\",\"potentialAction\":[{\"@type\":\"ReadAction\",\"target\":[\"https:\/\/www.adf.org.br\/home\/historia-da-medalha-milagrosa-parte-3-as-primeiras-visoes-de-santa-catarina-laboure\/\"]}]},{\"@type\":\"BreadcrumbList\",\"@id\":\"https:\/\/www.adf.org.br\/home\/historia-da-medalha-milagrosa-parte-3-as-primeiras-visoes-de-santa-catarina-laboure\/#breadcrumb\",\"itemListElement\":[{\"@type\":\"ListItem\",\"position\":1,\"name\":\"Home\",\"item\":\"https:\/\/www.adf.org.br\/home\/\"},{\"@type\":\"ListItem\",\"position\":2,\"name\":\"A Hist\\u00f3ria da Medalha Milagrosa &#8211; Parte 3: As primeiras vis\\u00f5es de Santa Catarina Labour\\u00e9\"}]},{\"@type\":\"Person\",\"@id\":\"https:\/\/www.adf.org.br\/home\/#\/schema\/person\/f35a5c5aa7728a3dedf4ea9aa1fc2753\",\"name\":\"Gabriel Barbosa\",\"image\":{\"@type\":\"ImageObject\",\"@id\":\"https:\/\/www.adf.org.br\/home\/#personlogo\",\"inLanguage\":\"pt-BR\",\"url\":\"https:\/\/secure.gravatar.com\/avatar\/2b2cb2f4637682c5605e8d36818f51ef?s=96&d=mm&r=g\",\"contentUrl\":\"https:\/\/secure.gravatar.com\/avatar\/2b2cb2f4637682c5605e8d36818f51ef?s=96&d=mm&r=g\",\"caption\":\"Gabriel Barbosa\"},\"url\":\"https:\/\/www.adf.org.br\/home\/author\/gabrielpmk-com-br\/\"}]}<\/script>\n<!-- \/ Yoast SEO plugin. -->","yoast_head_json":{"title":"A Hist\u00f3ria da Medalha Milagrosa - Parte 3","description":"Confira a terceira parte da hist\u00f3ria da Medalha Milagrosa de Nossa Senhora das Gra\u00e7as. Clique aqui e saiba como receber uma medalha de Nos...","robots":{"index":"index","follow":"follow","max-snippet":"max-snippet:-1","max-image-preview":"max-image-preview:large","max-video-preview":"max-video-preview:-1"},"canonical":"https:\/\/www.adf.org.br\/home\/historia-da-medalha-milagrosa-parte-3-as-primeiras-visoes-de-santa-catarina-laboure\/","og_locale":"pt_BR","og_type":"article","og_title":"A Hist\u00f3ria da Medalha Milagrosa - Parte 3","og_description":"Confira a terceira parte da hist\u00f3ria da Medalha Milagrosa de Nossa Senhora das Gra\u00e7as. Clique aqui e saiba como receber uma medalha de Nos...","og_url":"https:\/\/www.adf.org.br\/home\/historia-da-medalha-milagrosa-parte-3-as-primeiras-visoes-de-santa-catarina-laboure\/","og_site_name":"Associa\u00e7\u00e3o Devotos de F\u00e1tima","article_published_time":"2020-08-19T03:00:46+00:00","article_modified_time":"2020-08-18T20:52:25+00:00","og_image":[{"width":394,"height":572,"url":"https:\/\/www.adf.org.br\/home\/wp-content\/uploads\/2020\/08\/santa-catarina-la.jpg","type":"image\/jpeg"}],"twitter_card":"summary_large_image","twitter_misc":{"Escrito por":"Gabriel Barbosa","Est. tempo de leitura":"2 minutos"},"schema":{"@context":"https:\/\/schema.org","@graph":[{"@type":"WebSite","@id":"https:\/\/www.adf.org.br\/home\/#website","url":"https:\/\/www.adf.org.br\/home\/","name":"Associa\u00e7\u00e3o Devotos de F\u00e1tima","description":"Associa\u00e7\u00e3o Devotos de F\u00e1tima","potentialAction":[{"@type":"SearchAction","target":{"@type":"EntryPoint","urlTemplate":"https:\/\/www.adf.org.br\/home\/?s={search_term_string}"},"query-input":"required name=search_term_string"}],"inLanguage":"pt-BR"},{"@type":"ImageObject","@id":"https:\/\/www.adf.org.br\/home\/historia-da-medalha-milagrosa-parte-3-as-primeiras-visoes-de-santa-catarina-laboure\/#primaryimage","inLanguage":"pt-BR","url":"https:\/\/www.adf.org.br\/home\/wp-content\/uploads\/2020\/08\/santa-catarina-la-e1732625772450.jpg","contentUrl":"https:\/\/www.adf.org.br\/home\/wp-content\/uploads\/2020\/08\/santa-catarina-la-e1732625772450.jpg","width":394,"height":388},{"@type":"WebPage","@id":"https:\/\/www.adf.org.br\/home\/historia-da-medalha-milagrosa-parte-3-as-primeiras-visoes-de-santa-catarina-laboure\/#webpage","url":"https:\/\/www.adf.org.br\/home\/historia-da-medalha-milagrosa-parte-3-as-primeiras-visoes-de-santa-catarina-laboure\/","name":"A Hist\u00f3ria da Medalha Milagrosa - Parte 3","isPartOf":{"@id":"https:\/\/www.adf.org.br\/home\/#website"},"primaryImageOfPage":{"@id":"https:\/\/www.adf.org.br\/home\/historia-da-medalha-milagrosa-parte-3-as-primeiras-visoes-de-santa-catarina-laboure\/#primaryimage"},"datePublished":"2020-08-19T03:00:46+00:00","dateModified":"2020-08-18T20:52:25+00:00","author":{"@id":"https:\/\/www.adf.org.br\/home\/#\/schema\/person\/f35a5c5aa7728a3dedf4ea9aa1fc2753"},"description":"Confira a terceira parte da hist\u00f3ria da Medalha Milagrosa de Nossa Senhora das Gra\u00e7as. Clique aqui e saiba como receber uma medalha de Nos...","breadcrumb":{"@id":"https:\/\/www.adf.org.br\/home\/historia-da-medalha-milagrosa-parte-3-as-primeiras-visoes-de-santa-catarina-laboure\/#breadcrumb"},"inLanguage":"pt-BR","potentialAction":[{"@type":"ReadAction","target":["https:\/\/www.adf.org.br\/home\/historia-da-medalha-milagrosa-parte-3-as-primeiras-visoes-de-santa-catarina-laboure\/"]}]},{"@type":"BreadcrumbList","@id":"https:\/\/www.adf.org.br\/home\/historia-da-medalha-milagrosa-parte-3-as-primeiras-visoes-de-santa-catarina-laboure\/#breadcrumb","itemListElement":[{"@type":"ListItem","position":1,"name":"Home","item":"https:\/\/www.adf.org.br\/home\/"},{"@type":"ListItem","position":2,"name":"A Hist\u00f3ria da Medalha Milagrosa &#8211; Parte 3: As primeiras vis\u00f5es de Santa Catarina Labour\u00e9"}]},{"@type":"Person","@id":"https:\/\/www.adf.org.br\/home\/#\/schema\/person\/f35a5c5aa7728a3dedf4ea9aa1fc2753","name":"Gabriel Barbosa","image":{"@type":"ImageObject","@id":"https:\/\/www.adf.org.br\/home\/#personlogo","inLanguage":"pt-BR","url":"https:\/\/secure.gravatar.com\/avatar\/2b2cb2f4637682c5605e8d36818f51ef?s=96&d=mm&r=g","contentUrl":"https:\/\/secure.gravatar.com\/avatar\/2b2cb2f4637682c5605e8d36818f51ef?s=96&d=mm&r=g","caption":"Gabriel Barbosa"},"url":"https:\/\/www.adf.org.br\/home\/author\/gabrielpmk-com-br\/"}]}},"_links":{"self":[{"href":"https:\/\/www.adf.org.br\/home\/wp-json\/wp\/v2\/posts\/53583"}],"collection":[{"href":"https:\/\/www.adf.org.br\/home\/wp-json\/wp\/v2\/posts"}],"about":[{"href":"https:\/\/www.adf.org.br\/home\/wp-json\/wp\/v2\/types\/post"}],"author":[{"embeddable":true,"href":"https:\/\/www.adf.org.br\/home\/wp-json\/wp\/v2\/users\/31"}],"replies":[{"embeddable":true,"href":"https:\/\/www.adf.org.br\/home\/wp-json\/wp\/v2\/comments?post=53583"}],"version-history":[{"count":4,"href":"https:\/\/www.adf.org.br\/home\/wp-json\/wp\/v2\/posts\/53583\/revisions"}],"predecessor-version":[{"id":61146,"href":"https:\/\/www.adf.org.br\/home\/wp-json\/wp\/v2\/posts\/53583\/revisions\/61146"}],"wp:featuredmedia":[{"embeddable":true,"href":"https:\/\/www.adf.org.br\/home\/wp-json\/wp\/v2\/media\/61147"}],"wp:attachment":[{"href":"https:\/\/www.adf.org.br\/home\/wp-json\/wp\/v2\/media?parent=53583"}],"wp:term":[{"taxonomy":"category","embeddable":true,"href":"https:\/\/www.adf.org.br\/home\/wp-json\/wp\/v2\/categories?post=53583"},{"taxonomy":"post_tag","embeddable":true,"href":"https:\/\/www.adf.org.br\/home\/wp-json\/wp\/v2\/tags?post=53583"}],"curies":[{"name":"wp","href":"https:\/\/api.w.org\/{rel}","templated":true}]}}