{"id":53581,"date":"2020-01-08T00:30:32","date_gmt":"2020-01-08T03:30:32","guid":{"rendered":"http:\/\/www.adf.org.br\/home\/?p=49191"},"modified":"2020-01-08T00:30:32","modified_gmt":"2020-01-08T03:30:32","slug":"ferida-nao-cicatriza","status":"publish","type":"post","link":"https:\/\/www.adf.org.br\/home\/ferida-nao-cicatriza\/","title":{"rendered":"Essa ferida que n\u00e3o cicatriza&#8230;O que fazer?"},"content":{"rendered":"<p><span style=\"font-size: 12pt; color: #000000; font-family: verdana, geneva, sans-serif;\">O que de fato acontece quando sentimos algum tipo de dor e n\u00e3o conseguimos identificar o paradeiro?<\/span><\/p>\n<p><span style=\"font-size: 12pt; color: #000000; font-family: verdana, geneva, sans-serif;\">Vamos a um m\u00e9dico, e esperamos algum tipo de diagn\u00f3stico positivo ap\u00f3s fazer exames.<\/span><\/p>\n<p><span style=\"font-size: 12pt; color: #000000; font-family: verdana, geneva, sans-serif;\">Mas quando nem mesmo eles encontram o que h\u00e1 de errado, talvez n\u00e3o seja o seu corpo que esteja com problema.<\/span><\/p>\n<p style=\"padding-left: 60px;\"><span style=\"color: #000000; font-size: 12pt; font-family: verdana, geneva, sans-serif;\"><strong>Mas \u00e0 Sua Alma!<\/strong><\/span><a href=\"https:\/\/go.hotmart.com\/F9378041N\" target=\"_blank\" rel=\"noopener noreferrer\"><img loading=\"lazy\" class=\"alignleft wp-image-49199\" src=\"https:\/\/www.adf.org.br\/home\/wp-content\/uploads\/2018\/12\/Nossa-Senhora-de-Lourdes.png\" alt=\"Nossa Senhora de Lourdes\" width=\"185\" height=\"254\" \/><\/a><\/p>\n<p><span style=\"font-size: 12pt; color: #000000; font-family: verdana, geneva, sans-serif;\"><em>Nossa Senhora de Lourdes<\/em> \u00e9 conhecida por ser a <span style=\"color: #0000ff;\"><em><a style=\"color: #0000ff;\" href=\"https:\/\/pay.hotmart.com\/N5669718Q?checkoutMode=10&amp;sck=8736&amp;bid=1534972798799&amp;ref=F9378041N\" target=\"_blank\" rel=\"noopener noreferrer\">Padroeira da Cura<\/a><\/em>,<\/span> e conceder diversos milagres para aqueles que recorrerem \u00e0 Ela.<\/span><\/p>\n<p><span style=\"font-size: 12pt; color: #000000; font-family: verdana, geneva, sans-serif;\">E n\u00e3o pense que Ela curou as pessoas de uma gripe, uma dor de cabe\u00e7a.\u00a0<\/span><span style=\"color: #000000; font-size: 12pt; font-family: verdana, geneva, sans-serif;\">De forma alguma, m<\/span><span style=\"color: #000000; font-size: 12pt; font-family: verdana, geneva, sans-serif;\">e refiro \u00e0 doen\u00e7as graves, que poucos viam uma solu\u00e7\u00e3o.<\/span><\/p>\n<p><span style=\"color: #000000;\"><strong><span style=\"font-size: 12pt; font-family: verdana, geneva, sans-serif;\">Foram Milagres.<\/span><\/strong><\/span><\/p>\n<p><span style=\"font-size: 12pt; color: #000000; font-family: verdana, geneva, sans-serif;\">Pessoas que estavam na pior situa\u00e7\u00e3o que voc\u00ea\u00a0consegue imaginar; <em>depress\u00e3o, c\u00e2ncer, m\u00e3es que n\u00e3o conseguiam engravidar, pessoas internadas, sem contar os casos de pessoas que sofriam com dor por noites e nenhum m\u00e9dico sabia que essa pessoa tinha.<\/em><\/span><\/p>\n<p><span style=\"color: #000000; font-size: 12pt; font-family: verdana, geneva, sans-serif;\">Uma grande parte dos casos, os pr\u00f3prios m\u00e9dicos n\u00e3o tinham esperan\u00e7as de que essas pessoas encontrariam uma cura.<\/span><\/p>\n<p><span style=\"font-size: 12pt; color: #000000; font-family: verdana, geneva, sans-serif;\">Mas para ela, o que de fato \u00e9 imposs\u00edvel?<\/span><\/p>\n<p><em><span style=\"font-size: 12pt; color: #000000; font-family: verdana, geneva, sans-serif;\">Nada!<\/span><\/em><\/p>\n<p style=\"padding-left: 60px;\"><span style=\"color: #000000;\"><span style=\"font-size: 12pt; font-family: verdana, geneva, sans-serif;\">N\u00e3o espere.<\/span><\/span><\/p>\n<p style=\"padding-left: 60px;\"><strong><span style=\"color: #800080;\"><span style=\"font-size: 12pt; font-family: verdana, geneva, sans-serif;\">N\u00e3o deixe que uma enfermidade chegue at\u00e9 voc\u00ea, preserve sua alma o quanto antes e recorra \u00e0 Padroeira da Sa\u00fade.\u00a0<\/span><\/span><\/strong><\/p>\n<p style=\"padding-left: 60px;\"><span style=\"color: #000000; font-size: 12pt; font-family: verdana, geneva, sans-serif;\">Se proteja.<\/span><\/p>\n<p style=\"padding-left: 60px;\"><strong><span style=\"color: #800080; font-size: 12pt; font-family: verdana, geneva, sans-serif;\">Deixe que Nossa Senhora de Lourdes esteja sempre com voc\u00ea.<\/span><\/strong><\/p>\n<h5><span style=\"color: #000000; font-size: 12pt; font-family: verdana, geneva, sans-serif;\">Esta \u00e9 a raz\u00e3o de recomendarmos aos devotos o <em>Livro Digital Da Cole\u00e7\u00e3o O Livro Cat\u00f3lico&#8230;<br \/>\n<span style=\"color: #ffffff;\">.<\/span><\/em><\/span><\/h5>\n<p style=\"text-align: center;\"><span style=\"color: #000000; font-size: 12pt; font-family: verdana, geneva, sans-serif;\"><a href=\"https:\/\/go.hotmart.com\/F9378041N\" target=\"_blank\" rel=\"noopener noreferrer\"><img loading=\"lazy\" class=\"aligncenter wp-image-49194\" src=\"https:\/\/www.adf.org.br\/home\/wp-content\/uploads\/2018\/12\/cura.png\" alt=\"cura\" width=\"182\" height=\"262\" \/><\/a><em>Voc\u00ea n\u00e3o encontrar\u00e1 este e-book em nenhum outro lugar.\u00a0<\/em><\/span><br \/>\n<span style=\"color: #000000; font-size: 12pt; font-family: verdana, geneva, sans-serif;\"><span style=\"color: #0000ff;\"><a style=\"color: #0000ff;\" href=\"https:\/\/pay.hotmart.com\/N5669718Q?checkoutMode=10&amp;sck=8736&amp;bid=1534972798799&amp;ref=F9378041N\" target=\"_blank\" rel=\"noopener noreferrer\">Clique aqui<\/a><\/span> e saiba mais!<br \/>\n<span style=\"color: #ffffff;\">.<\/span><\/span><\/p>\n<p style=\"text-align: left;\"><em><span style=\"color: #000000; font-size: 12pt; font-family: verdana, geneva, sans-serif;\">&#8220;O que encontrarei neste Livro Digital?&#8221;<br \/>\n<span style=\"color: #ffffff;\">.\u2014<\/span><\/span><\/em><\/p>\n<p style=\"text-align: left; padding-left: 60px;\"><em><span style=\"color: #000000; font-size: 12pt; font-family: verdana, geneva, sans-serif;\">\u2014 A verdadeira hist\u00f3ria de Nossa Senhora Lourdes.\u00a0<\/span><\/em><\/p>\n<p style=\"text-align: left; padding-left: 60px;\"><em><span style=\"color: #000000; font-size: 12pt; font-family: verdana, geneva, sans-serif;\">\u2014 Voc\u00ea entender\u00e1 o motivo dEla ter se tornado Padroeira da Sa\u00fade e dos Enfermos.\u00a0<\/span><\/em><\/p>\n<p style=\"text-align: left; padding-left: 60px;\"><em><span style=\"color: #000000; font-size: 12pt; font-family: verdana, geneva, sans-serif;\">\u2014 Fotos raras explicando as apari\u00e7\u00f5es de Nossa Senhora.\u00a0<\/span><\/em><\/p>\n<p style=\"text-align: left; padding-left: 60px;\"><span style=\"color: #000000; font-size: 12pt; font-family: verdana, geneva, sans-serif;\"><em>\u2014 Al\u00e9m do mais voc\u00ea contar\u00e1 com as mais poderosas ora\u00e7\u00f5es para fazer a invoca\u00e7\u00e3o da Santa na sua vida.<\/em><br \/>\n<span style=\"color: #ffffff;\">.<\/span><\/span><\/p>\n<p style=\"text-align: left;\"><strong><span style=\"color: #000000; font-size: 12pt; font-family: verdana, geneva, sans-serif;\">Ir\u00e1 ficar sem prote\u00e7\u00e3o espiritual?<\/span><\/strong><\/p>\n<p style=\"text-align: left;\"><strong><span style=\"color: #0000ff;\"><a style=\"color: #0000ff;\" href=\"https:\/\/pay.hotmart.com\/N5669718Q?checkoutMode=10&amp;sck=8736&amp;bid=1534972798799&amp;ref=F9378041N\" target=\"_blank\" rel=\"noopener noreferrer\"><span style=\"font-size: 12pt; font-family: verdana, geneva, sans-serif;\">Clique aqui!<\/span><\/a><\/span><\/strong><\/p>\n<p style=\"text-align: left;\"><span style=\"color: #000000; font-size: 12pt; font-family: verdana, geneva, sans-serif;\">S\u00e3o diversas pessoas que testaram a Santidade de Nossa Senhora de Lourdes e ficaram sem rea\u00e7\u00e3o.<\/span><\/p>\n<p style=\"text-align: left; padding-left: 60px;\"><span style=\"font-size: 12pt; color: #000000; font-family: verdana, geneva, sans-serif;\">Ela n\u00e3o deixa de ajudar aqueles que \u00e0 recorreram e n\u00e3o deixar\u00e1 de socorrer VOC\u00ca.<\/span><\/p>\n<p style=\"text-align: left; padding-left: 60px;\"><span style=\"color: #000000; font-size: 12pt; font-family: verdana, geneva, sans-serif;\">Voc\u00ea ter\u00e1 o seu nome ser\u00e1 inscrito na <strong class=\"ql-size-large\">Missa de Nossa Senhora de Lourdes pela Cura F\u00edsica e Espiritual<\/strong><span class=\"ql-size-large\">.<\/span><\/span><\/p>\n<p style=\"text-align: left;\"><span style=\"color: #000000; font-size: 12pt; font-family: verdana, geneva, sans-serif;\">Incr\u00edvel, n\u00e3o \u00e9 mesmo?<\/span><\/p>\n<p style=\"text-align: left;\"><span style=\"color: #000000; font-size: 12pt; font-family: verdana, geneva, sans-serif;\">Nossa Senhora de Lourdes poder\u00e1 estar sempre ao seu lado e este Livro Digital lhe ajudar\u00e1 a se aproximar dEla.<\/span><\/p>\n<p style=\"text-align: center;\"><span style=\"color: #000000; font-size: 14pt; font-family: verdana, geneva, sans-serif;\">Saiba como l\u00ea-lo <span style=\"color: #0000ff;\"><a style=\"color: #0000ff;\" href=\"https:\/\/pay.hotmart.com\/N5669718Q?checkoutMode=10&amp;sck=8736&amp;bid=1534972798799&amp;ref=F9378041N\" target=\"_blank\" rel=\"noopener noreferrer\">clicando aqui!<\/a><\/span><\/span><\/p>\n<hr \/>\n<p style=\"text-align: left;\"><span style=\"color: #000000; font-size: 12pt; font-family: verdana, geneva, sans-serif;\">Al\u00e9m deste, existem outros Livros Digitais que recomendamos para aprimorar o conhecimento espiritual.<\/span><\/p>\n<p style=\"text-align: center;\"><span style=\"color: #000000; font-size: 12pt; font-family: verdana, geneva, sans-serif;\"><span style=\"color: #0000ff;\"><a style=\"color: #0000ff;\" href=\"https:\/\/www.adf.org.br\/home\/recomendacoes\/\" target=\"_blank\" rel=\"noopener noreferrer\">Clique aqui<\/a><\/span> e saiba mais.\u00a0<\/span><\/p>\n","protected":false},"excerpt":{"rendered":"<p>O que de fato acontece quando sentimos algum tipo de dor e n\u00e3o conseguimos identificar o paradeiro? Vamos a um m\u00e9dico, e esperamos algum tipo de diagn\u00f3stico positivo ap\u00f3s fazer exames. Mas quando nem mesmo eles encontram o que h\u00e1 de errado, talvez n\u00e3o seja o seu corpo que esteja com problema. Mas \u00e0 Sua [&hellip;]<\/p>\n","protected":false},"author":27,"featured_media":55304,"comment_status":"open","ping_status":"open","sticky":false,"template":"","format":"standard","meta":[],"categories":[2224,20],"tags":[2163,2313,2521,1320,1987,2315,2316,54,2317,528],"yoast_head":"<!-- This site is optimized with the Yoast SEO plugin v17.4 - https:\/\/yoast.com\/wordpress\/plugins\/seo\/ -->\n<title>Essa ferida que n\u00e3o cicatriza<\/title>\n<meta name=\"description\" content=\"Ser\u00e1 que \u00e9 o seu corpo que realmente est\u00e1 &quot;doente&quot;? Se nem os m\u00e9dicos conseguem lhe dizer talvez seja outra coisa! Leia essa mat\u00e9ria\" \/>\n<meta name=\"robots\" content=\"index, follow, max-snippet:-1, max-image-preview:large, max-video-preview:-1\" \/>\n<link rel=\"canonical\" href=\"https:\/\/www.adf.org.br\/home\/ferida-nao-cicatriza\/\" \/>\n<meta property=\"og:locale\" content=\"pt_BR\" \/>\n<meta property=\"og:type\" content=\"article\" \/>\n<meta property=\"og:title\" content=\"Essa ferida que n\u00e3o cicatriza\" \/>\n<meta property=\"og:description\" content=\"Ser\u00e1 que \u00e9 o seu corpo que realmente est\u00e1 &quot;doente&quot;? Se nem os m\u00e9dicos conseguem lhe dizer talvez seja outra coisa! Leia essa mat\u00e9ria\" \/>\n<meta property=\"og:url\" content=\"https:\/\/www.adf.org.br\/home\/ferida-nao-cicatriza\/\" \/>\n<meta property=\"og:site_name\" content=\"Associa\u00e7\u00e3o Devotos de F\u00e1tima\" \/>\n<meta property=\"article:published_time\" content=\"2020-01-08T03:30:32+00:00\" \/>\n<meta name=\"twitter:card\" content=\"summary_large_image\" \/>\n<meta name=\"twitter:label1\" content=\"Escrito por\" \/>\n\t<meta name=\"twitter:data1\" content=\"Gabriel Barbosa\" \/>\n\t<meta name=\"twitter:label2\" content=\"Est. tempo de leitura\" \/>\n\t<meta name=\"twitter:data2\" content=\"2 minutos\" \/>\n<script type=\"application\/ld+json\" class=\"yoast-schema-graph\">{\"@context\":\"https:\/\/schema.org\",\"@graph\":[{\"@type\":\"WebSite\",\"@id\":\"https:\/\/www.adf.org.br\/home\/#website\",\"url\":\"https:\/\/www.adf.org.br\/home\/\",\"name\":\"Associa\\u00e7\\u00e3o Devotos de F\\u00e1tima\",\"description\":\"Associa\\u00e7\\u00e3o Devotos de F\\u00e1tima\",\"potentialAction\":[{\"@type\":\"SearchAction\",\"target\":{\"@type\":\"EntryPoint\",\"urlTemplate\":\"https:\/\/www.adf.org.br\/home\/?s={search_term_string}\"},\"query-input\":\"required name=search_term_string\"}],\"inLanguage\":\"pt-BR\"},{\"@type\":\"ImageObject\",\"@id\":\"https:\/\/www.adf.org.br\/home\/ferida-nao-cicatriza\/#primaryimage\",\"inLanguage\":\"pt-BR\",\"url\":\"\",\"contentUrl\":\"\"},{\"@type\":\"WebPage\",\"@id\":\"https:\/\/www.adf.org.br\/home\/ferida-nao-cicatriza\/#webpage\",\"url\":\"https:\/\/www.adf.org.br\/home\/ferida-nao-cicatriza\/\",\"name\":\"Essa ferida que n\\u00e3o cicatriza\",\"isPartOf\":{\"@id\":\"https:\/\/www.adf.org.br\/home\/#website\"},\"primaryImageOfPage\":{\"@id\":\"https:\/\/www.adf.org.br\/home\/ferida-nao-cicatriza\/#primaryimage\"},\"datePublished\":\"2020-01-08T03:30:32+00:00\",\"dateModified\":\"2020-01-08T03:30:32+00:00\",\"author\":{\"@id\":\"https:\/\/www.adf.org.br\/home\/#\/schema\/person\/affa494ecf91434f3620f5392de44327\"},\"description\":\"Ser\\u00e1 que \\u00e9 o seu corpo que realmente est\\u00e1 \\\"doente\\\"? Se nem os m\\u00e9dicos conseguem lhe dizer talvez seja outra coisa! Leia essa mat\\u00e9ria\",\"breadcrumb\":{\"@id\":\"https:\/\/www.adf.org.br\/home\/ferida-nao-cicatriza\/#breadcrumb\"},\"inLanguage\":\"pt-BR\",\"potentialAction\":[{\"@type\":\"ReadAction\",\"target\":[\"https:\/\/www.adf.org.br\/home\/ferida-nao-cicatriza\/\"]}]},{\"@type\":\"BreadcrumbList\",\"@id\":\"https:\/\/www.adf.org.br\/home\/ferida-nao-cicatriza\/#breadcrumb\",\"itemListElement\":[{\"@type\":\"ListItem\",\"position\":1,\"name\":\"Home\",\"item\":\"https:\/\/www.adf.org.br\/home\/\"},{\"@type\":\"ListItem\",\"position\":2,\"name\":\"Essa ferida que n\\u00e3o cicatriza&#8230;O que fazer?\"}]},{\"@type\":\"Person\",\"@id\":\"https:\/\/www.adf.org.br\/home\/#\/schema\/person\/affa494ecf91434f3620f5392de44327\",\"name\":\"Gabriel Barbosa\",\"image\":{\"@type\":\"ImageObject\",\"@id\":\"https:\/\/www.adf.org.br\/home\/#personlogo\",\"inLanguage\":\"pt-BR\",\"url\":\"https:\/\/secure.gravatar.com\/avatar\/ecf2eab02e30486a7038f8b2858de06a?s=96&d=mm&r=g\",\"contentUrl\":\"https:\/\/secure.gravatar.com\/avatar\/ecf2eab02e30486a7038f8b2858de06a?s=96&d=mm&r=g\",\"caption\":\"Gabriel Barbosa\"},\"url\":\"https:\/\/www.adf.org.br\/home\/author\/gabriel-aascj\/\"}]}<\/script>\n<!-- \/ Yoast SEO plugin. -->","yoast_head_json":{"title":"Essa ferida que n\u00e3o cicatriza","description":"Ser\u00e1 que \u00e9 o seu corpo que realmente est\u00e1 \"doente\"? Se nem os m\u00e9dicos conseguem lhe dizer talvez seja outra coisa! Leia essa mat\u00e9ria","robots":{"index":"index","follow":"follow","max-snippet":"max-snippet:-1","max-image-preview":"max-image-preview:large","max-video-preview":"max-video-preview:-1"},"canonical":"https:\/\/www.adf.org.br\/home\/ferida-nao-cicatriza\/","og_locale":"pt_BR","og_type":"article","og_title":"Essa ferida que n\u00e3o cicatriza","og_description":"Ser\u00e1 que \u00e9 o seu corpo que realmente est\u00e1 \"doente\"? Se nem os m\u00e9dicos conseguem lhe dizer talvez seja outra coisa! Leia essa mat\u00e9ria","og_url":"https:\/\/www.adf.org.br\/home\/ferida-nao-cicatriza\/","og_site_name":"Associa\u00e7\u00e3o Devotos de F\u00e1tima","article_published_time":"2020-01-08T03:30:32+00:00","twitter_card":"summary_large_image","twitter_misc":{"Escrito por":"Gabriel Barbosa","Est. tempo de leitura":"2 minutos"},"schema":{"@context":"https:\/\/schema.org","@graph":[{"@type":"WebSite","@id":"https:\/\/www.adf.org.br\/home\/#website","url":"https:\/\/www.adf.org.br\/home\/","name":"Associa\u00e7\u00e3o Devotos de F\u00e1tima","description":"Associa\u00e7\u00e3o Devotos de F\u00e1tima","potentialAction":[{"@type":"SearchAction","target":{"@type":"EntryPoint","urlTemplate":"https:\/\/www.adf.org.br\/home\/?s={search_term_string}"},"query-input":"required name=search_term_string"}],"inLanguage":"pt-BR"},{"@type":"ImageObject","@id":"https:\/\/www.adf.org.br\/home\/ferida-nao-cicatriza\/#primaryimage","inLanguage":"pt-BR","url":"","contentUrl":""},{"@type":"WebPage","@id":"https:\/\/www.adf.org.br\/home\/ferida-nao-cicatriza\/#webpage","url":"https:\/\/www.adf.org.br\/home\/ferida-nao-cicatriza\/","name":"Essa ferida que n\u00e3o cicatriza","isPartOf":{"@id":"https:\/\/www.adf.org.br\/home\/#website"},"primaryImageOfPage":{"@id":"https:\/\/www.adf.org.br\/home\/ferida-nao-cicatriza\/#primaryimage"},"datePublished":"2020-01-08T03:30:32+00:00","dateModified":"2020-01-08T03:30:32+00:00","author":{"@id":"https:\/\/www.adf.org.br\/home\/#\/schema\/person\/affa494ecf91434f3620f5392de44327"},"description":"Ser\u00e1 que \u00e9 o seu corpo que realmente est\u00e1 \"doente\"? Se nem os m\u00e9dicos conseguem lhe dizer talvez seja outra coisa! Leia essa mat\u00e9ria","breadcrumb":{"@id":"https:\/\/www.adf.org.br\/home\/ferida-nao-cicatriza\/#breadcrumb"},"inLanguage":"pt-BR","potentialAction":[{"@type":"ReadAction","target":["https:\/\/www.adf.org.br\/home\/ferida-nao-cicatriza\/"]}]},{"@type":"BreadcrumbList","@id":"https:\/\/www.adf.org.br\/home\/ferida-nao-cicatriza\/#breadcrumb","itemListElement":[{"@type":"ListItem","position":1,"name":"Home","item":"https:\/\/www.adf.org.br\/home\/"},{"@type":"ListItem","position":2,"name":"Essa ferida que n\u00e3o cicatriza&#8230;O que fazer?"}]},{"@type":"Person","@id":"https:\/\/www.adf.org.br\/home\/#\/schema\/person\/affa494ecf91434f3620f5392de44327","name":"Gabriel Barbosa","image":{"@type":"ImageObject","@id":"https:\/\/www.adf.org.br\/home\/#personlogo","inLanguage":"pt-BR","url":"https:\/\/secure.gravatar.com\/avatar\/ecf2eab02e30486a7038f8b2858de06a?s=96&d=mm&r=g","contentUrl":"https:\/\/secure.gravatar.com\/avatar\/ecf2eab02e30486a7038f8b2858de06a?s=96&d=mm&r=g","caption":"Gabriel Barbosa"},"url":"https:\/\/www.adf.org.br\/home\/author\/gabriel-aascj\/"}]}},"_links":{"self":[{"href":"https:\/\/www.adf.org.br\/home\/wp-json\/wp\/v2\/posts\/53581"}],"collection":[{"href":"https:\/\/www.adf.org.br\/home\/wp-json\/wp\/v2\/posts"}],"about":[{"href":"https:\/\/www.adf.org.br\/home\/wp-json\/wp\/v2\/types\/post"}],"author":[{"embeddable":true,"href":"https:\/\/www.adf.org.br\/home\/wp-json\/wp\/v2\/users\/27"}],"replies":[{"embeddable":true,"href":"https:\/\/www.adf.org.br\/home\/wp-json\/wp\/v2\/comments?post=53581"}],"version-history":[{"count":0,"href":"https:\/\/www.adf.org.br\/home\/wp-json\/wp\/v2\/posts\/53581\/revisions"}],"wp:featuredmedia":[{"embeddable":true,"href":"https:\/\/www.adf.org.br\/home\/wp-json\/wp\/v2\/media\/55304"}],"wp:attachment":[{"href":"https:\/\/www.adf.org.br\/home\/wp-json\/wp\/v2\/media?parent=53581"}],"wp:term":[{"taxonomy":"category","embeddable":true,"href":"https:\/\/www.adf.org.br\/home\/wp-json\/wp\/v2\/categories?post=53581"},{"taxonomy":"post_tag","embeddable":true,"href":"https:\/\/www.adf.org.br\/home\/wp-json\/wp\/v2\/tags?post=53581"}],"curies":[{"name":"wp","href":"https:\/\/api.w.org\/{rel}","templated":true}]}}