{"id":53486,"date":"2021-04-30T08:00:12","date_gmt":"2021-04-30T11:00:12","guid":{"rendered":"http:\/\/www.adf.org.br\/home\/?p=53486"},"modified":"2021-04-29T16:13:31","modified_gmt":"2021-04-29T19:13:31","slug":"sera-que-voce-suportaria-todas-as-dores-de-nossa-senhora","status":"publish","type":"post","link":"https:\/\/www.adf.org.br\/home\/sera-que-voce-suportaria-todas-as-dores-de-nossa-senhora\/","title":{"rendered":"Ser\u00e1 que voc\u00ea suportaria todas as dores de Nossa Senhora?"},"content":{"rendered":"<p style=\"text-align: center;\"><a href=\"https:\/\/adf.org.br\/velario\/fatima?origem=18673\" target=\"_blank\" rel=\"noopener noreferrer\"><img loading=\"lazy\" class=\"alignnone wp-image-53487\" src=\"https:\/\/www.adf.org.br\/home\/wp-content\/uploads\/2019\/07\/Imaculado-Cora\u00e7\u00e3o-de-Maria-5.jpg\" alt=\"Imaculado Cora\u00e7\u00e3o de Maria 5\" width=\"540\" height=\"343\" \/><\/a><\/p>\n<p>&nbsp;<\/p>\n<p style=\"text-align: center;\"><span style=\"font-family: verdana, geneva, sans-serif; color: #003366; font-size: 14pt;\"><b>J\u00e1 parou para pensar em todas as dores que Nossa Senhora suportou?<\/b><\/span><span style=\"color: #ffffff;\">.<\/span><\/p>\n<p><span style=\"font-weight: 400; font-family: verdana, geneva, sans-serif; color: #000000; font-size: 12pt;\"><span style=\"font-size: 18pt;\">D<\/span>urante a inf\u00e2ncia de Jesus, Maria sentiu no cora\u00e7\u00e3o ang\u00fastias inexprim\u00edveis. Ela O viu nascer num pobre est\u00e1bulo; ouviu a sinistra profecia do velho Sime\u00e3o; teve de fugir para o Egito a fim de subtrair seu precioso tesouro do furor assassino de Herodes; perdeu o Filho em Jerusal\u00e9m e s\u00f3 O encontrou ap\u00f3s tr\u00eas longos dias de l\u00e1grimas e de agonia; tinha constantemente presente no esp\u00edrito o terr\u00edvel quadro no qual Isa\u00edas descreveu antecipadamente as torturas do Messias.\u00a0<\/span><span style=\"color: #ffffff;\">.<\/span><\/p>\n<p style=\"padding-left: 90px;\"><span style=\"font-family: verdana, geneva, sans-serif; color: #003366; font-size: 12pt;\"><strong>Mas, em compensa\u00e7\u00e3o, que <i>inef\u00e1veis<\/i><\/strong><span style=\"font-weight: 400;\"><strong> (maravilhosas) consola\u00e7\u00f5es!<\/strong> Seu Filho crescia em seus bra\u00e7os; vivia com Ela numa profunda intimidade; iluminava-Lhe a alma virginal com seu divino sorriso; prodigalizava-Lhe as car\u00edcias mais ternas de seu amor infinito.\u00a0<\/span><\/span><span style=\"color: #ffffff;\">.<\/span><\/p>\n<p><span style=\"font-weight: 400; font-family: verdana, geneva, sans-serif; color: #000000; font-size: 12pt;\">Durante a vida p\u00fablica do Salvador, Maria sofreu ainda mais.<\/span><span style=\"color: #ffffff;\">.<\/span><\/p>\n<p><span style=\"font-weight: 400; font-family: verdana, geneva, sans-serif; color: #000000; font-size: 12pt;\">Nosso Senhor deixou a pequena casa, onde haviam passado juntos tantos e tantos anos. Mas Ela O via com frequ\u00eancia e assistia \u00e0s vezes aos seus triunfos. <strong>Ao mesmo tempo em que a voz do Mestre atra\u00eda as multid\u00f5es, lan\u00e7ava o Cora\u00e7\u00e3o de Maria num \u00eaxtase de felicidade<\/strong>.<\/span><span style=\"color: #ffffff;\">.<\/span><\/p>\n<p style=\"padding-left: 90px;\"><span style=\"font-weight: 400; font-family: verdana, geneva, sans-serif; color: #003366; font-size: 12pt;\"><strong>Sobre o Calv\u00e1rio, Maria sofreu um horr\u00edvel mart\u00edrio.<\/strong> Ela viu seu Filho, de Quem cuidara com tanto devotamento, coroado de espinhos, jorrando sangue, pregado sobre a Cruz. Ela O Viu agonizar e morrer. <strong>Mas sabia que a hora da vit\u00f3ria definitiva soaria logo e que Jesus ressuscitaria no terceiro dia com imortal juventude.<\/strong><\/span><span style=\"color: #ffffff;\">.<\/span><\/p>\n<p><span style=\"font-weight: 400; font-family: verdana, geneva, sans-serif; color: #000000; font-size: 12pt;\">Ap\u00f3s a Ascens\u00e3o do Mestre, esta terra tornou-se cruelmente deserta para Maria, pois o Filho n\u00e3o mais compartilhava de sua vida como antes. Mas Nosso Senhor Se manifestava \u00e0 sua M\u00e3e e Se dava a Ela na Eucaristia.<\/span><span style=\"color: #ffffff;\">.<\/span><\/p>\n<p><span style=\"font-weight: 400; font-family: verdana, geneva, sans-serif; color: #000000; font-size: 12pt;\">Depois chegou por fim o momento de sua morte dulc\u00edssima. Como Jesus, a Imaculada subiu triunfalmente ao C\u00e9u em seu corpo gloriosamente ressuscitado.<\/span><span style=\"color: #ffffff;\">.<\/span><\/p>\n<p style=\"padding-left: 90px;\"><span style=\"font-weight: 400; font-family: verdana, geneva, sans-serif; color: #003366; font-size: 12pt;\">O doloroso inverno chegara ao fim: d<strong>oravante seria para Ela a primavera da eternidade&#8230;<\/strong><\/span><span style=\"color: #ffffff;\">.<\/span><\/p>\n<p style=\"text-align: right;\"><span style=\"font-family: verdana, geneva, sans-serif; color: #000000; font-size: 10pt;\"><b>Fonte: <\/b><i><span style=\"font-weight: 400;\">A Virgem Maria<\/span><\/i><span style=\"font-weight: 400;\"> &#8211; Padre Thomas de Saint-Laurent<\/span><\/span><span style=\"color: #ffffff;\">.<\/span><\/p>\n<hr \/>\n<h6>\u00a0 \u00a0 \u00a0 \u00a0 \u00a0 \u00a0 \u00a0 \u00a0 \u00a0 \u00a0 \u00a0 \u00a0 \u00a0 \u00a0 \u00a0 \u00a0 \u00a0 \u00a0 \u00a0 \u00a0 \u00a0 \u00a0 \u00a0 \u00a0 \u00a0 \u00a0 \u00a0 \u00a0 \u00a0 \u00a0 \u00a0 \u00a0 \u00a0 \u00a0 \u00a0 \u00a0 \u00a0 \u00a0 \u00a0 \u00a0 \u00a0 \u00a0 \u00a0 \u00a0 \u00a0 \u00a0 \u00a0 \u00a0 \u00a0 \u00a0 \u00a0 \u00a0 \u00a0 \u00a0 \u00a0 \u00a0 \u00a0 \u00a0 \u00a0 <span style=\"color: #ffffff;\">\u00a0 \u00a0 .<\/span><\/h6>\n<h6 style=\"text-align: center;\"><span style=\"font-family: verdana, geneva, sans-serif; color: #800080; font-size: 14pt;\"><b>Voc\u00ea precisa de uma gra\u00e7a urgente em sua vida?<\/b><\/span><span style=\"color: #ffffff;\">.<\/span><\/h6>\n<p>&nbsp;<\/p>\n<p style=\"text-align: center;\"><span style=\"font-family: verdana, geneva, sans-serif; color: #000000; font-size: 14pt;\"><span style=\"font-weight: 400;\">Ent\u00e3o, pe\u00e7a para que <\/span><a href=\"https:\/\/adf.org.br\/velario\/fatima?origem=18673\" target=\"_blank\" rel=\"noopener noreferrer\"><span style=\"color: #0000ff;\"><strong>NOSSA SENHORA<\/strong><\/span><\/a><span style=\"font-weight: 400;\"> interceda por <strong>VOC\u00ca.<\/strong><\/span><\/span><\/p>\n<p style=\"text-align: center;\"><a href=\"https:\/\/adf.org.br\/velario\/fatima?origem=18673\" target=\"_blank\" rel=\"noopener noreferrer\"><img loading=\"lazy\" class=\"alignnone wp-image-52923\" src=\"https:\/\/www.adf.org.br\/home\/wp-content\/uploads\/2019\/06\/Nossa-Senhora-Fundo-Transparente-1-210x300.png\" alt=\"Nossa Senhora - Fundo Transparente\" width=\"144\" height=\"206\" \/><\/a><\/p>\n<p style=\"text-align: center;\"><span style=\"font-size: 14pt;\"><strong><span style=\"font-family: verdana, geneva, sans-serif; color: #000000;\">Entre em contato com o n\u00famero:<\/span><\/strong><\/span><\/p>\n<p style=\"text-align: center;\"><strong><span style=\"font-family: verdana, geneva, sans-serif; color: #0000ff; font-size: 24pt;\"><a style=\"color: #0000ff;\" href=\"tel:08006082128\" target=\"_blank\" rel=\"noopener noreferrer\">0800 608 2128<\/a><br \/>\n<\/span><\/strong><span style=\"font-family: verdana, geneva, sans-serif; color: #000000; font-size: 10pt;\"><i><span style=\"font-weight: 400;\"><strong>Dica:<\/strong> Se estiver no celular, somente tecle no n\u00famero para discar automaticamente.<\/span><\/i><\/span><\/p>\n<p>&nbsp;<\/p>\n<p style=\"text-align: center;\"><span style=\"font-family: verdana, geneva, sans-serif; color: #000000; font-size: 12pt;\"><span style=\"font-weight: 400;\">E registre suas s\u00faplicas \u00e0 <\/span><a href=\"https:\/\/adf.org.br\/velario\/fatima?origem=18673\" target=\"_blank\" rel=\"noopener noreferrer\"><strong><span style=\"color: #0000ff;\">Virgem Sant\u00edssima<\/span><\/strong><\/a><span style=\"font-weight: 400;\"> na Missa que ser\u00e1 celebrada em Sua honra.\u00a0<\/span><\/span><\/p>\n<blockquote><p>&nbsp;<\/p>\n<p style=\"text-align: center;\"><span style=\"font-family: verdana, geneva, sans-serif; color: #000000; font-size: 12pt;\"><b>Estamos dispon\u00edveis de segunda a sexta-feira, das 08h \u00e0s 18h, para inscrever os pedidos de todos os fi\u00e9is e devotos de Nossa Senhora que desejam encaminh\u00e1-los ao altar da Santa Missa.\u00a0<\/b><\/span><\/p>\n<\/blockquote>\n<p style=\"text-align: center;\"><span style=\"color: #ffffff;\">.<\/span><\/p>\n<p style=\"text-align: center;\"><strong><span style=\"font-family: verdana, geneva, sans-serif; color: #800080; font-size: 12pt;\">Portanto, tenha F\u00e9, fa\u00e7a suas ora\u00e7\u00f5es e entregue seu cora\u00e7\u00e3o para Virgem Maria!\u00a0<\/span><\/strong><\/p>\n<p>&nbsp;<\/p>\n<p><a href=\"https:\/\/adf.org.br\/velario\/fatima?origem=18673\" target=\"_blank\" rel=\"noopener noreferrer\"><img loading=\"lazy\" class=\"aligncenter wp-image-62273\" src=\"https:\/\/www.adf.org.br\/home\/wp-content\/uploads\/2020\/05\/bota-adf2.gif\" alt=\"\" width=\"425\" height=\"327\" \/><\/a><\/p>\n<p style=\"text-align: center;\"><span style=\"color: #ffffff;\">.<\/span><\/p>\n<p style=\"text-align: center;\"><span style=\"color: #000080;\"><strong><span style=\"font-family: verdana, geneva, sans-serif; font-size: 12pt;\"><i>\u201cDoce Cora\u00e7\u00e3o de Maria, sede a nossa salva\u00e7\u00e3o.\u201d<\/i><\/span><\/strong><\/span><\/p>\n","protected":false},"excerpt":{"rendered":"<p>&nbsp; J\u00e1 parou para pensar em todas as dores que Nossa Senhora suportou?. Durante a inf\u00e2ncia de Jesus, Maria sentiu no cora\u00e7\u00e3o ang\u00fastias inexprim\u00edveis. Ela O viu nascer num pobre est\u00e1bulo; ouviu a sinistra profecia do velho Sime\u00e3o; teve de fugir para o Egito a fim de subtrair seu precioso tesouro do furor assassino de [&hellip;]<\/p>\n","protected":false},"author":31,"featured_media":61407,"comment_status":"open","ping_status":"open","sticky":false,"template":"","format":"standard","meta":[],"categories":[20,2473,60,2621,56],"tags":[3358,4591,2130,2242,139,291,38,57,4557,470],"yoast_head":"<!-- This site is optimized with the Yoast SEO plugin v17.4 - https:\/\/yoast.com\/wordpress\/plugins\/seo\/ -->\n<title>Ser\u00e1 que voc\u00ea suportaria todas as dores de Nossa Senhora?<\/title>\n<meta name=\"description\" content=\"Momento da reflex\u00e3o: Ser\u00e1 que sua dor \u00e9 t\u00e3o grande que n\u00e3o possa ser suportada? Clique aqui e veja as dores que Maria Sant\u00edssima teve que...\" \/>\n<meta name=\"robots\" content=\"index, follow, max-snippet:-1, max-image-preview:large, max-video-preview:-1\" \/>\n<link rel=\"canonical\" href=\"https:\/\/www.adf.org.br\/home\/sera-que-voce-suportaria-todas-as-dores-de-nossa-senhora\/\" \/>\n<meta property=\"og:locale\" content=\"pt_BR\" \/>\n<meta property=\"og:type\" content=\"article\" \/>\n<meta property=\"og:title\" content=\"Ser\u00e1 que voc\u00ea suportaria todas as dores de Nossa Senhora?\" \/>\n<meta property=\"og:description\" content=\"Momento da reflex\u00e3o: Ser\u00e1 que sua dor \u00e9 t\u00e3o grande que n\u00e3o possa ser suportada? Clique aqui e veja as dores que Maria Sant\u00edssima teve que...\" \/>\n<meta property=\"og:url\" content=\"https:\/\/www.adf.org.br\/home\/sera-que-voce-suportaria-todas-as-dores-de-nossa-senhora\/\" \/>\n<meta property=\"og:site_name\" content=\"Associa\u00e7\u00e3o Devotos de F\u00e1tima\" \/>\n<meta property=\"article:published_time\" content=\"2021-04-30T11:00:12+00:00\" \/>\n<meta property=\"article:modified_time\" content=\"2021-04-29T19:13:31+00:00\" \/>\n<meta property=\"og:image\" content=\"https:\/\/www.adf.org.br\/home\/wp-content\/uploads\/2020\/09\/capa-post-04.09-adf.jpg\" \/>\n\t<meta property=\"og:image:width\" content=\"620\" \/>\n\t<meta property=\"og:image:height\" content=\"393\" \/>\n<meta name=\"twitter:card\" content=\"summary_large_image\" \/>\n<meta name=\"twitter:label1\" content=\"Escrito por\" \/>\n\t<meta name=\"twitter:data1\" content=\"Gabriel Barbosa\" \/>\n\t<meta name=\"twitter:label2\" content=\"Est. tempo de leitura\" \/>\n\t<meta name=\"twitter:data2\" content=\"2 minutos\" \/>\n<script type=\"application\/ld+json\" class=\"yoast-schema-graph\">{\"@context\":\"https:\/\/schema.org\",\"@graph\":[{\"@type\":\"WebSite\",\"@id\":\"https:\/\/www.adf.org.br\/home\/#website\",\"url\":\"https:\/\/www.adf.org.br\/home\/\",\"name\":\"Associa\\u00e7\\u00e3o Devotos de F\\u00e1tima\",\"description\":\"Associa\\u00e7\\u00e3o Devotos de F\\u00e1tima\",\"potentialAction\":[{\"@type\":\"SearchAction\",\"target\":{\"@type\":\"EntryPoint\",\"urlTemplate\":\"https:\/\/www.adf.org.br\/home\/?s={search_term_string}\"},\"query-input\":\"required name=search_term_string\"}],\"inLanguage\":\"pt-BR\"},{\"@type\":\"ImageObject\",\"@id\":\"https:\/\/www.adf.org.br\/home\/sera-que-voce-suportaria-todas-as-dores-de-nossa-senhora\/#primaryimage\",\"inLanguage\":\"pt-BR\",\"url\":\"https:\/\/www.adf.org.br\/home\/wp-content\/uploads\/2020\/09\/capa-post-04.09-adf.jpg\",\"contentUrl\":\"https:\/\/www.adf.org.br\/home\/wp-content\/uploads\/2020\/09\/capa-post-04.09-adf.jpg\",\"width\":620,\"height\":393},{\"@type\":\"WebPage\",\"@id\":\"https:\/\/www.adf.org.br\/home\/sera-que-voce-suportaria-todas-as-dores-de-nossa-senhora\/#webpage\",\"url\":\"https:\/\/www.adf.org.br\/home\/sera-que-voce-suportaria-todas-as-dores-de-nossa-senhora\/\",\"name\":\"Ser\\u00e1 que voc\\u00ea suportaria todas as dores de Nossa Senhora?\",\"isPartOf\":{\"@id\":\"https:\/\/www.adf.org.br\/home\/#website\"},\"primaryImageOfPage\":{\"@id\":\"https:\/\/www.adf.org.br\/home\/sera-que-voce-suportaria-todas-as-dores-de-nossa-senhora\/#primaryimage\"},\"datePublished\":\"2021-04-30T11:00:12+00:00\",\"dateModified\":\"2021-04-29T19:13:31+00:00\",\"author\":{\"@id\":\"https:\/\/www.adf.org.br\/home\/#\/schema\/person\/f35a5c5aa7728a3dedf4ea9aa1fc2753\"},\"description\":\"Momento da reflex\\u00e3o: Ser\\u00e1 que sua dor \\u00e9 t\\u00e3o grande que n\\u00e3o possa ser suportada? Clique aqui e veja as dores que Maria Sant\\u00edssima teve que...\",\"breadcrumb\":{\"@id\":\"https:\/\/www.adf.org.br\/home\/sera-que-voce-suportaria-todas-as-dores-de-nossa-senhora\/#breadcrumb\"},\"inLanguage\":\"pt-BR\",\"potentialAction\":[{\"@type\":\"ReadAction\",\"target\":[\"https:\/\/www.adf.org.br\/home\/sera-que-voce-suportaria-todas-as-dores-de-nossa-senhora\/\"]}]},{\"@type\":\"BreadcrumbList\",\"@id\":\"https:\/\/www.adf.org.br\/home\/sera-que-voce-suportaria-todas-as-dores-de-nossa-senhora\/#breadcrumb\",\"itemListElement\":[{\"@type\":\"ListItem\",\"position\":1,\"name\":\"Home\",\"item\":\"https:\/\/www.adf.org.br\/home\/\"},{\"@type\":\"ListItem\",\"position\":2,\"name\":\"Ser\\u00e1 que voc\\u00ea suportaria todas as dores de Nossa Senhora?\"}]},{\"@type\":\"Person\",\"@id\":\"https:\/\/www.adf.org.br\/home\/#\/schema\/person\/f35a5c5aa7728a3dedf4ea9aa1fc2753\",\"name\":\"Gabriel Barbosa\",\"image\":{\"@type\":\"ImageObject\",\"@id\":\"https:\/\/www.adf.org.br\/home\/#personlogo\",\"inLanguage\":\"pt-BR\",\"url\":\"https:\/\/secure.gravatar.com\/avatar\/2b2cb2f4637682c5605e8d36818f51ef?s=96&d=mm&r=g\",\"contentUrl\":\"https:\/\/secure.gravatar.com\/avatar\/2b2cb2f4637682c5605e8d36818f51ef?s=96&d=mm&r=g\",\"caption\":\"Gabriel Barbosa\"},\"url\":\"https:\/\/www.adf.org.br\/home\/author\/gabrielpmk-com-br\/\"}]}<\/script>\n<!-- \/ Yoast SEO plugin. -->","yoast_head_json":{"title":"Ser\u00e1 que voc\u00ea suportaria todas as dores de Nossa Senhora?","description":"Momento da reflex\u00e3o: Ser\u00e1 que sua dor \u00e9 t\u00e3o grande que n\u00e3o possa ser suportada? Clique aqui e veja as dores que Maria Sant\u00edssima teve que...","robots":{"index":"index","follow":"follow","max-snippet":"max-snippet:-1","max-image-preview":"max-image-preview:large","max-video-preview":"max-video-preview:-1"},"canonical":"https:\/\/www.adf.org.br\/home\/sera-que-voce-suportaria-todas-as-dores-de-nossa-senhora\/","og_locale":"pt_BR","og_type":"article","og_title":"Ser\u00e1 que voc\u00ea suportaria todas as dores de Nossa Senhora?","og_description":"Momento da reflex\u00e3o: Ser\u00e1 que sua dor \u00e9 t\u00e3o grande que n\u00e3o possa ser suportada? Clique aqui e veja as dores que Maria Sant\u00edssima teve que...","og_url":"https:\/\/www.adf.org.br\/home\/sera-que-voce-suportaria-todas-as-dores-de-nossa-senhora\/","og_site_name":"Associa\u00e7\u00e3o Devotos de F\u00e1tima","article_published_time":"2021-04-30T11:00:12+00:00","article_modified_time":"2021-04-29T19:13:31+00:00","og_image":[{"width":620,"height":393,"url":"https:\/\/www.adf.org.br\/home\/wp-content\/uploads\/2020\/09\/capa-post-04.09-adf.jpg","type":"image\/jpeg"}],"twitter_card":"summary_large_image","twitter_misc":{"Escrito por":"Gabriel Barbosa","Est. tempo de leitura":"2 minutos"},"schema":{"@context":"https:\/\/schema.org","@graph":[{"@type":"WebSite","@id":"https:\/\/www.adf.org.br\/home\/#website","url":"https:\/\/www.adf.org.br\/home\/","name":"Associa\u00e7\u00e3o Devotos de F\u00e1tima","description":"Associa\u00e7\u00e3o Devotos de F\u00e1tima","potentialAction":[{"@type":"SearchAction","target":{"@type":"EntryPoint","urlTemplate":"https:\/\/www.adf.org.br\/home\/?s={search_term_string}"},"query-input":"required name=search_term_string"}],"inLanguage":"pt-BR"},{"@type":"ImageObject","@id":"https:\/\/www.adf.org.br\/home\/sera-que-voce-suportaria-todas-as-dores-de-nossa-senhora\/#primaryimage","inLanguage":"pt-BR","url":"https:\/\/www.adf.org.br\/home\/wp-content\/uploads\/2020\/09\/capa-post-04.09-adf.jpg","contentUrl":"https:\/\/www.adf.org.br\/home\/wp-content\/uploads\/2020\/09\/capa-post-04.09-adf.jpg","width":620,"height":393},{"@type":"WebPage","@id":"https:\/\/www.adf.org.br\/home\/sera-que-voce-suportaria-todas-as-dores-de-nossa-senhora\/#webpage","url":"https:\/\/www.adf.org.br\/home\/sera-que-voce-suportaria-todas-as-dores-de-nossa-senhora\/","name":"Ser\u00e1 que voc\u00ea suportaria todas as dores de Nossa Senhora?","isPartOf":{"@id":"https:\/\/www.adf.org.br\/home\/#website"},"primaryImageOfPage":{"@id":"https:\/\/www.adf.org.br\/home\/sera-que-voce-suportaria-todas-as-dores-de-nossa-senhora\/#primaryimage"},"datePublished":"2021-04-30T11:00:12+00:00","dateModified":"2021-04-29T19:13:31+00:00","author":{"@id":"https:\/\/www.adf.org.br\/home\/#\/schema\/person\/f35a5c5aa7728a3dedf4ea9aa1fc2753"},"description":"Momento da reflex\u00e3o: Ser\u00e1 que sua dor \u00e9 t\u00e3o grande que n\u00e3o possa ser suportada? Clique aqui e veja as dores que Maria Sant\u00edssima teve que...","breadcrumb":{"@id":"https:\/\/www.adf.org.br\/home\/sera-que-voce-suportaria-todas-as-dores-de-nossa-senhora\/#breadcrumb"},"inLanguage":"pt-BR","potentialAction":[{"@type":"ReadAction","target":["https:\/\/www.adf.org.br\/home\/sera-que-voce-suportaria-todas-as-dores-de-nossa-senhora\/"]}]},{"@type":"BreadcrumbList","@id":"https:\/\/www.adf.org.br\/home\/sera-que-voce-suportaria-todas-as-dores-de-nossa-senhora\/#breadcrumb","itemListElement":[{"@type":"ListItem","position":1,"name":"Home","item":"https:\/\/www.adf.org.br\/home\/"},{"@type":"ListItem","position":2,"name":"Ser\u00e1 que voc\u00ea suportaria todas as dores de Nossa Senhora?"}]},{"@type":"Person","@id":"https:\/\/www.adf.org.br\/home\/#\/schema\/person\/f35a5c5aa7728a3dedf4ea9aa1fc2753","name":"Gabriel Barbosa","image":{"@type":"ImageObject","@id":"https:\/\/www.adf.org.br\/home\/#personlogo","inLanguage":"pt-BR","url":"https:\/\/secure.gravatar.com\/avatar\/2b2cb2f4637682c5605e8d36818f51ef?s=96&d=mm&r=g","contentUrl":"https:\/\/secure.gravatar.com\/avatar\/2b2cb2f4637682c5605e8d36818f51ef?s=96&d=mm&r=g","caption":"Gabriel Barbosa"},"url":"https:\/\/www.adf.org.br\/home\/author\/gabrielpmk-com-br\/"}]}},"_links":{"self":[{"href":"https:\/\/www.adf.org.br\/home\/wp-json\/wp\/v2\/posts\/53486"}],"collection":[{"href":"https:\/\/www.adf.org.br\/home\/wp-json\/wp\/v2\/posts"}],"about":[{"href":"https:\/\/www.adf.org.br\/home\/wp-json\/wp\/v2\/types\/post"}],"author":[{"embeddable":true,"href":"https:\/\/www.adf.org.br\/home\/wp-json\/wp\/v2\/users\/31"}],"replies":[{"embeddable":true,"href":"https:\/\/www.adf.org.br\/home\/wp-json\/wp\/v2\/comments?post=53486"}],"version-history":[{"count":14,"href":"https:\/\/www.adf.org.br\/home\/wp-json\/wp\/v2\/posts\/53486\/revisions"}],"predecessor-version":[{"id":64249,"href":"https:\/\/www.adf.org.br\/home\/wp-json\/wp\/v2\/posts\/53486\/revisions\/64249"}],"wp:featuredmedia":[{"embeddable":true,"href":"https:\/\/www.adf.org.br\/home\/wp-json\/wp\/v2\/media\/61407"}],"wp:attachment":[{"href":"https:\/\/www.adf.org.br\/home\/wp-json\/wp\/v2\/media?parent=53486"}],"wp:term":[{"taxonomy":"category","embeddable":true,"href":"https:\/\/www.adf.org.br\/home\/wp-json\/wp\/v2\/categories?post=53486"},{"taxonomy":"post_tag","embeddable":true,"href":"https:\/\/www.adf.org.br\/home\/wp-json\/wp\/v2\/tags?post=53486"}],"curies":[{"name":"wp","href":"https:\/\/api.w.org\/{rel}","templated":true}]}}