{"id":53442,"date":"2020-08-18T00:30:57","date_gmt":"2020-08-18T03:30:57","guid":{"rendered":"http:\/\/www.adf.org.br\/home\/?p=53442"},"modified":"2020-08-17T17:42:10","modified_gmt":"2020-08-17T20:42:10","slug":"historia-da-medalha-milagrosa-parte-2","status":"publish","type":"post","link":"https:\/\/www.adf.org.br\/home\/historia-da-medalha-milagrosa-parte-2\/","title":{"rendered":"A Hist\u00f3ria da Medalha Milagrosa &#8211; Parte 2: Quem foi a Santa a quem Nossa Senhora revelou a extraordin\u00e1ria medalha?"},"content":{"rendered":"<p style=\"text-align: center;\"><a href=\"https:\/\/adf.org.br\/exercitodamedalha?origem=15638\" target=\"_blank\" rel=\"noopener noreferrer\"><img loading=\"lazy\" class=\"alignnone wp-image-53448 size-full\" src=\"https:\/\/www.adf.org.br\/home\/wp-content\/uploads\/2019\/07\/Santa-Catarina-Labour\u00e9-Imagem-Destacada-2.jpg\" alt=\"Santa Catarina Labour\u00e9 - Imagem Destacada 2\" width=\"620\" height=\"393\" \/><\/a><\/p>\n<h6><span style=\"color: #ffffff;\">.<\/span><\/h6>\n<h6><span style=\"color: #003366; font-family: verdana, geneva, sans-serif; font-size: 12pt;\"><b><span style=\"font-size: 14pt;\">Santa Catarina Labour\u00e9<\/span>\u00a0<\/b><\/span><span style=\"color: #ffffff; font-family: verdana, geneva, sans-serif; font-size: 12pt;\">.<\/span><\/h6>\n<p><span style=\"font-weight: 400; color: #000000; font-family: verdana, geneva, sans-serif; font-size: 12pt;\"><span style=\"font-size: 18pt;\">S<\/span>anta Catarina Labour\u00e9 nasceu em 1806, em Fainles-Moutiers, na prov\u00edncia francesa de Borgonha.<\/span><span style=\"color: #ffffff; font-family: verdana, geneva, sans-serif; font-size: 12pt;\">.<\/span><\/p>\n<p><span style=\"font-weight: 400; color: #000000; font-family: verdana, geneva, sans-serif; font-size: 12pt;\">Seu pai, Pierre Labour\u00e9, possu\u00eda uma propriedade rural na qual trabalhava, e sua m\u00e3e, Madeleine Gontard, pertencia a uma fam\u00edlia distinta e cultivada, relacionada com a nobreza da regi\u00e3o.\u00a0<\/span><span style=\"color: #ffffff; font-family: verdana, geneva, sans-serif; font-size: 12pt;\">.<\/span><\/p>\n<p style=\"padding-left: 90px;\"><span style=\"color: #003366; font-family: verdana, geneva, sans-serif; font-size: 12pt;\"><span style=\"font-weight: 400;\">Quando Catarina tinha 09 anos de idade, sua m\u00e3e faleceu. Desolada, a menina subiu a um m\u00f3vel que havia na casa, abra\u00e7ou uma imagem de Nossa Senhora que l\u00e1 estava e, chorando pediu \u00e0 Virgem que substitu\u00edsse a m\u00e3e que acabava de perder: <\/span><i><span style=\"font-weight: 400;\"><strong>\u201cDesde agora, sereis V\u00f3s a minha M\u00e3e!\u201d<\/strong>.<\/span><\/i><\/span><span style=\"color: #ffffff; font-family: verdana, geneva, sans-serif; font-size: 12pt;\">.<\/span><\/p>\n<p><span style=\"font-weight: 400; color: #000000; font-family: verdana, geneva, sans-serif; font-size: 12pt;\">De fato, a partir da\u00ed foi not\u00f3ria a predile\u00e7\u00e3o da Sant\u00edssima Virgem pela \u00f3rf\u00e3. [&#8230;]<\/span><span style=\"color: #ffffff; font-family: verdana, geneva, sans-serif; font-size: 12pt;\">.<\/span><\/p>\n<p><span style=\"font-weight: 400; color: #000000; font-family: verdana, geneva, sans-serif; font-size: 12pt;\">\u00c0 medida que se foi tornando mo\u00e7a, come\u00e7aram a chegar pedidos de casamento, que sempre recusou. Estava resolvida a nunca se casar, pois <strong>decidira ser esposa de Nosso Senhor Jesus Cristo<\/strong>.<\/span><span style=\"color: #ffffff; font-family: verdana, geneva, sans-serif; font-size: 12pt;\">.<\/span><\/p>\n<p><span style=\"font-weight: 400; color: #000000; font-family: verdana, geneva, sans-serif; font-size: 12pt;\">Sua voca\u00e7\u00e3o religiosa parece ter despertado na inf\u00e2ncia, e afirmou-se ainda mais por ocasi\u00e3o de um sonho misterioso que teve por volta dos 18 anos de idade.<\/span><span style=\"color: #ffffff; font-family: verdana, geneva, sans-serif; font-size: 12pt;\">.<\/span><\/p>\n<h6><span style=\"font-size: 12pt; color: #003366; font-family: verdana, geneva, sans-serif;\"><b>O Sonho\u00a0<\/b><\/span><span style=\"color: #ffffff; font-family: verdana, geneva, sans-serif; font-size: 12pt;\">.<\/span><\/h6>\n<p><span style=\"font-weight: 400; color: #000000; font-family: verdana, geneva, sans-serif; font-size: 12pt;\">Catarina sonhou que estava na igrejinha de Fain-les-Moutiers, e que a Missa estava sendo celebrada por um sacerdote idoso, com um olhar que muito a impressionava.\u00a0<\/span><span style=\"color: #ffffff; font-family: verdana, geneva, sans-serif; font-size: 12pt;\">.<\/span><\/p>\n<p><span style=\"font-weight: 400; color: #000000; font-family: verdana, geneva, sans-serif; font-size: 12pt;\">No fim da celebra\u00e7\u00e3o, o sacerdote a chamou. Ela, temerosa, hesitou em se aproximar, mas ficou fascinada pelo extraordin\u00e1rio brilho daquele olhar.\u00a0<\/span><span style=\"color: #ffffff; font-family: verdana, geneva, sans-serif; font-size: 12pt;\">.<\/span><\/p>\n<p><span style=\"font-weight: 400; color: #000000; font-family: verdana, geneva, sans-serif; font-size: 12pt;\">Pouco depois, no mesmo sonho, reencontrou-se com o velho sacerdote e este lhe disse:\u00a0<\/span><span style=\"color: #ffffff; font-family: verdana, geneva, sans-serif; font-size: 12pt;\">.<\/span><\/p>\n<p style=\"padding-left: 90px;\"><span style=\"color: #003366; font-family: verdana, geneva, sans-serif; font-size: 12pt;\"><i><span style=\"font-weight: 400;\">\u201cMinha filha, agora tu foges de mim, mas um dia me procurar\u00e1s. Deus tem seus des\u00edgnios sobre ti, nunca te esque\u00e7as disso\u201d.<\/span><\/i><\/span><span style=\"color: #ffffff; font-family: verdana, geneva, sans-serif; font-size: 12pt;\">.<\/span><\/p>\n<p><span style=\"font-weight: 400; color: #000000; font-family: verdana, geneva, sans-serif; font-size: 12pt;\">Na ocasi\u00e3o, o sonho pareceu incompreens\u00edvel a Catarina.\u00a0<\/span><span style=\"color: #ffffff; font-family: verdana, geneva, sans-serif; font-size: 12pt;\">.<\/span><\/p>\n<h6><span style=\"font-size: 12pt; color: #000000; font-family: verdana, geneva, sans-serif;\"><b><span style=\"color: #003366;\">Um longo caminho<\/span>\u00a0<\/b><\/span><span style=\"color: #ffffff; font-family: verdana, geneva, sans-serif; font-size: 12pt;\">.<\/span><\/h6>\n<p><span style=\"font-weight: 400; color: #000000; font-family: verdana, geneva, sans-serif; font-size: 12pt;\">Somente quando, algum tempo depois, viu um quadro de <strong><span style=\"color: #003366;\">S\u00e3o Vicente de Paulo<\/span><\/strong> na resid\u00eancia das Filhas da Caridade de Ch\u00e2tillon-sur-Seine, onde fora estudar, <strong>reconheceu nele o personagem misterioso do sonho<\/strong>.\u00a0\u00a0<\/span><span style=\"color: #ffffff; font-family: verdana, geneva, sans-serif; font-size: 12pt;\">.<\/span><\/p>\n<p><span style=\"font-weight: 400; color: #000000; font-family: verdana, geneva, sans-serif; font-size: 12pt;\">Compreendeu ent\u00e3o que era o fundador das Filhas da Caridade (mais conhecidas, no Brasil, como Irm\u00e3s de Caridade) que a chamava para ser sua filha espiritual.<\/span><span style=\"color: #ffffff; font-family: verdana, geneva, sans-serif; font-size: 12pt;\">.<\/span><\/p>\n<p><span style=\"font-weight: 400; color: #000000; font-family: verdana, geneva, sans-serif; font-size: 12pt;\">Por\u00e9m, o pai terreno de Santa Catarina colocou in\u00fameros obst\u00e1culos para que ela seguisse a voca\u00e7\u00e3o religiosa. [&#8230;] Somente aos 23 anos de idade, depois de uma longa luta, conseguiu afinal a autoriza\u00e7\u00e3o paterna para ingressar na Congrega\u00e7\u00e3o das Filhas da Caridade, em Ch\u00e2tillon-sur-Seine.\u00a0<\/span><span style=\"color: #ffffff; font-family: verdana, geneva, sans-serif; font-size: 12pt;\">.<\/span><\/p>\n<p style=\"text-align: right;\"><span style=\"color: #000000; font-family: verdana, geneva, sans-serif; font-size: 10pt;\"><b>Fonte: <\/b><i><span style=\"font-weight: 400;\">Hist\u00f3ria da Medalha Milagrosa &#8211; Um aux\u00edlio que veio do C\u00e9u<\/span><\/i><span style=\"font-weight: 400;\"> de Armando Alexandre dos Santos<\/span><\/span><\/p>\n<hr \/>\n<p><span style=\"color: #ffffff; font-family: verdana, geneva, sans-serif; font-size: 12pt;\">\u00a0<\/span><\/p>\n<p style=\"text-align: center;\"><span style=\"color: #000080;\"><b>Grupo Ex\u00e9rcito da Medalha Milagrosa<\/b><\/span><\/p>\n<p><span style=\"color: #000000;\">Participe do apostolado em honra \u00e0<\/span>\u00a0<strong><span style=\"color: #0000ff;\"><a style=\"color: #0000ff;\" href=\"https:\/\/adf.org.br\/exercitodamedalha?origem=15638#motivos\" target=\"_blank\" rel=\"noopener noreferrer\">Sant\u00edssima Virgem da Medalha Milagrosa<\/a><\/span><\/strong>\u00a0<span style=\"color: #000000;\">e como agradecimento receba em casa uma aut\u00eantica Medalha Milagrosa, j\u00e1 benta por um sacerdote.<\/span><\/p>\n<p><a href=\"https:\/\/adf.org.br\/exercitodamedalha?origem=15638#presentes\" target=\"_blank\" rel=\"noopener noreferrer\"><img loading=\"lazy\" class=\"aligncenter wp-image-53883 size-thumbnail\" src=\"https:\/\/i0.wp.com\/www.adf.org.br\/home\/wp-content\/uploads\/2019\/08\/Medalha-Milagrosa-1-150x150.png\" alt=\"Medalha Milagrosa\" width=\"150\" height=\"150\" \/><\/a><\/p>\n<h6 style=\"text-align: center;\"><a href=\"https:\/\/adf.org.br\/exercitodamedalha\/inscrever?origem=15638\" target=\"_blank\" rel=\"noopener noreferrer\"><b><span style=\"color: #0000ff;\">INSCREVA-SE AQUI.\u00a0<\/span><\/b><\/a><\/h6>\n<p>&nbsp;<\/p>\n<p style=\"text-align: center;\"><span style=\"color: #993366;\"><strong><i>\u201cQue Nossa Senhora interceda sempre por nossas preces!\u201d<\/i><\/strong><\/span><\/p>\n","protected":false},"excerpt":{"rendered":"<p>. Santa Catarina Labour\u00e9\u00a0. Santa Catarina Labour\u00e9 nasceu em 1806, em Fainles-Moutiers, na prov\u00edncia francesa de Borgonha.. Seu pai, Pierre Labour\u00e9, possu\u00eda uma propriedade rural na qual trabalhava, e sua m\u00e3e, Madeleine Gontard, pertencia a uma fam\u00edlia distinta e cultivada, relacionada com a nobreza da regi\u00e3o.\u00a0. Quando Catarina tinha 09 anos de idade, sua m\u00e3e [&hellip;]<\/p>\n","protected":false},"author":31,"featured_media":61125,"comment_status":"open","ping_status":"open","sticky":false,"template":"","format":"standard","meta":[],"categories":[20,2311,50,2585],"tags":[2288,34,2094,306,522],"yoast_head":"<!-- This site is optimized with the Yoast SEO plugin v17.4 - https:\/\/yoast.com\/wordpress\/plugins\/seo\/ -->\n<title>A HIST\u00d3RIA DA MEDALHA MILAGROSA \u2013 PARTE 2<\/title>\n<meta name=\"description\" content=\"Conhe\u00e7a a hist\u00f3ria da Santa a quem Nossa Senhora revelou a extraordin\u00e1ria Medalha Milagrosa. Acesse aqui e veja como obter uma medalha da...\" \/>\n<meta name=\"robots\" content=\"index, follow, max-snippet:-1, max-image-preview:large, max-video-preview:-1\" \/>\n<link rel=\"canonical\" href=\"https:\/\/www.adf.org.br\/home\/historia-da-medalha-milagrosa-parte-2\/\" \/>\n<meta property=\"og:locale\" content=\"pt_BR\" \/>\n<meta property=\"og:type\" content=\"article\" \/>\n<meta property=\"og:title\" content=\"A HIST\u00d3RIA DA MEDALHA MILAGROSA \u2013 PARTE 2\" \/>\n<meta property=\"og:description\" content=\"Conhe\u00e7a a hist\u00f3ria da Santa a quem Nossa Senhora revelou a extraordin\u00e1ria Medalha Milagrosa. Acesse aqui e veja como obter uma medalha da...\" \/>\n<meta property=\"og:url\" content=\"https:\/\/www.adf.org.br\/home\/historia-da-medalha-milagrosa-parte-2\/\" \/>\n<meta property=\"og:site_name\" content=\"Associa\u00e7\u00e3o Devotos de F\u00e1tima\" \/>\n<meta property=\"article:published_time\" content=\"2020-08-18T03:30:57+00:00\" \/>\n<meta property=\"article:modified_time\" content=\"2020-08-17T20:42:10+00:00\" \/>\n<meta property=\"og:image\" content=\"https:\/\/www.adf.org.br\/home\/wp-content\/uploads\/2019\/07\/santa-catarina.jpg\" \/>\n\t<meta property=\"og:image:width\" content=\"620\" \/>\n\t<meta property=\"og:image:height\" content=\"393\" \/>\n<meta name=\"twitter:card\" content=\"summary_large_image\" \/>\n<meta name=\"twitter:label1\" content=\"Escrito por\" \/>\n\t<meta name=\"twitter:data1\" content=\"Gabriel Barbosa\" \/>\n\t<meta name=\"twitter:label2\" content=\"Est. tempo de leitura\" \/>\n\t<meta name=\"twitter:data2\" content=\"2 minutos\" \/>\n<script type=\"application\/ld+json\" class=\"yoast-schema-graph\">{\"@context\":\"https:\/\/schema.org\",\"@graph\":[{\"@type\":\"WebSite\",\"@id\":\"https:\/\/www.adf.org.br\/home\/#website\",\"url\":\"https:\/\/www.adf.org.br\/home\/\",\"name\":\"Associa\\u00e7\\u00e3o Devotos de F\\u00e1tima\",\"description\":\"Associa\\u00e7\\u00e3o Devotos de F\\u00e1tima\",\"potentialAction\":[{\"@type\":\"SearchAction\",\"target\":{\"@type\":\"EntryPoint\",\"urlTemplate\":\"https:\/\/www.adf.org.br\/home\/?s={search_term_string}\"},\"query-input\":\"required name=search_term_string\"}],\"inLanguage\":\"pt-BR\"},{\"@type\":\"ImageObject\",\"@id\":\"https:\/\/www.adf.org.br\/home\/historia-da-medalha-milagrosa-parte-2\/#primaryimage\",\"inLanguage\":\"pt-BR\",\"url\":\"https:\/\/www.adf.org.br\/home\/wp-content\/uploads\/2019\/07\/santa-catarina.jpg\",\"contentUrl\":\"https:\/\/www.adf.org.br\/home\/wp-content\/uploads\/2019\/07\/santa-catarina.jpg\",\"width\":620,\"height\":393},{\"@type\":\"WebPage\",\"@id\":\"https:\/\/www.adf.org.br\/home\/historia-da-medalha-milagrosa-parte-2\/#webpage\",\"url\":\"https:\/\/www.adf.org.br\/home\/historia-da-medalha-milagrosa-parte-2\/\",\"name\":\"A HIST\\u00d3RIA DA MEDALHA MILAGROSA \\u2013 PARTE 2\",\"isPartOf\":{\"@id\":\"https:\/\/www.adf.org.br\/home\/#website\"},\"primaryImageOfPage\":{\"@id\":\"https:\/\/www.adf.org.br\/home\/historia-da-medalha-milagrosa-parte-2\/#primaryimage\"},\"datePublished\":\"2020-08-18T03:30:57+00:00\",\"dateModified\":\"2020-08-17T20:42:10+00:00\",\"author\":{\"@id\":\"https:\/\/www.adf.org.br\/home\/#\/schema\/person\/f35a5c5aa7728a3dedf4ea9aa1fc2753\"},\"description\":\"Conhe\\u00e7a a hist\\u00f3ria da Santa a quem Nossa Senhora revelou a extraordin\\u00e1ria Medalha Milagrosa. Acesse aqui e veja como obter uma medalha da...\",\"breadcrumb\":{\"@id\":\"https:\/\/www.adf.org.br\/home\/historia-da-medalha-milagrosa-parte-2\/#breadcrumb\"},\"inLanguage\":\"pt-BR\",\"potentialAction\":[{\"@type\":\"ReadAction\",\"target\":[\"https:\/\/www.adf.org.br\/home\/historia-da-medalha-milagrosa-parte-2\/\"]}]},{\"@type\":\"BreadcrumbList\",\"@id\":\"https:\/\/www.adf.org.br\/home\/historia-da-medalha-milagrosa-parte-2\/#breadcrumb\",\"itemListElement\":[{\"@type\":\"ListItem\",\"position\":1,\"name\":\"Home\",\"item\":\"https:\/\/www.adf.org.br\/home\/\"},{\"@type\":\"ListItem\",\"position\":2,\"name\":\"A Hist\\u00f3ria da Medalha Milagrosa &#8211; Parte 2: Quem foi a Santa a quem Nossa Senhora revelou a extraordin\\u00e1ria medalha?\"}]},{\"@type\":\"Person\",\"@id\":\"https:\/\/www.adf.org.br\/home\/#\/schema\/person\/f35a5c5aa7728a3dedf4ea9aa1fc2753\",\"name\":\"Gabriel Barbosa\",\"image\":{\"@type\":\"ImageObject\",\"@id\":\"https:\/\/www.adf.org.br\/home\/#personlogo\",\"inLanguage\":\"pt-BR\",\"url\":\"https:\/\/secure.gravatar.com\/avatar\/2b2cb2f4637682c5605e8d36818f51ef?s=96&d=mm&r=g\",\"contentUrl\":\"https:\/\/secure.gravatar.com\/avatar\/2b2cb2f4637682c5605e8d36818f51ef?s=96&d=mm&r=g\",\"caption\":\"Gabriel Barbosa\"},\"url\":\"https:\/\/www.adf.org.br\/home\/author\/gabrielpmk-com-br\/\"}]}<\/script>\n<!-- \/ Yoast SEO plugin. -->","yoast_head_json":{"title":"A HIST\u00d3RIA DA MEDALHA MILAGROSA \u2013 PARTE 2","description":"Conhe\u00e7a a hist\u00f3ria da Santa a quem Nossa Senhora revelou a extraordin\u00e1ria Medalha Milagrosa. Acesse aqui e veja como obter uma medalha da...","robots":{"index":"index","follow":"follow","max-snippet":"max-snippet:-1","max-image-preview":"max-image-preview:large","max-video-preview":"max-video-preview:-1"},"canonical":"https:\/\/www.adf.org.br\/home\/historia-da-medalha-milagrosa-parte-2\/","og_locale":"pt_BR","og_type":"article","og_title":"A HIST\u00d3RIA DA MEDALHA MILAGROSA \u2013 PARTE 2","og_description":"Conhe\u00e7a a hist\u00f3ria da Santa a quem Nossa Senhora revelou a extraordin\u00e1ria Medalha Milagrosa. Acesse aqui e veja como obter uma medalha da...","og_url":"https:\/\/www.adf.org.br\/home\/historia-da-medalha-milagrosa-parte-2\/","og_site_name":"Associa\u00e7\u00e3o Devotos de F\u00e1tima","article_published_time":"2020-08-18T03:30:57+00:00","article_modified_time":"2020-08-17T20:42:10+00:00","og_image":[{"width":620,"height":393,"url":"https:\/\/www.adf.org.br\/home\/wp-content\/uploads\/2019\/07\/santa-catarina.jpg","type":"image\/jpeg"}],"twitter_card":"summary_large_image","twitter_misc":{"Escrito por":"Gabriel Barbosa","Est. tempo de leitura":"2 minutos"},"schema":{"@context":"https:\/\/schema.org","@graph":[{"@type":"WebSite","@id":"https:\/\/www.adf.org.br\/home\/#website","url":"https:\/\/www.adf.org.br\/home\/","name":"Associa\u00e7\u00e3o Devotos de F\u00e1tima","description":"Associa\u00e7\u00e3o Devotos de F\u00e1tima","potentialAction":[{"@type":"SearchAction","target":{"@type":"EntryPoint","urlTemplate":"https:\/\/www.adf.org.br\/home\/?s={search_term_string}"},"query-input":"required name=search_term_string"}],"inLanguage":"pt-BR"},{"@type":"ImageObject","@id":"https:\/\/www.adf.org.br\/home\/historia-da-medalha-milagrosa-parte-2\/#primaryimage","inLanguage":"pt-BR","url":"https:\/\/www.adf.org.br\/home\/wp-content\/uploads\/2019\/07\/santa-catarina.jpg","contentUrl":"https:\/\/www.adf.org.br\/home\/wp-content\/uploads\/2019\/07\/santa-catarina.jpg","width":620,"height":393},{"@type":"WebPage","@id":"https:\/\/www.adf.org.br\/home\/historia-da-medalha-milagrosa-parte-2\/#webpage","url":"https:\/\/www.adf.org.br\/home\/historia-da-medalha-milagrosa-parte-2\/","name":"A HIST\u00d3RIA DA MEDALHA MILAGROSA \u2013 PARTE 2","isPartOf":{"@id":"https:\/\/www.adf.org.br\/home\/#website"},"primaryImageOfPage":{"@id":"https:\/\/www.adf.org.br\/home\/historia-da-medalha-milagrosa-parte-2\/#primaryimage"},"datePublished":"2020-08-18T03:30:57+00:00","dateModified":"2020-08-17T20:42:10+00:00","author":{"@id":"https:\/\/www.adf.org.br\/home\/#\/schema\/person\/f35a5c5aa7728a3dedf4ea9aa1fc2753"},"description":"Conhe\u00e7a a hist\u00f3ria da Santa a quem Nossa Senhora revelou a extraordin\u00e1ria Medalha Milagrosa. Acesse aqui e veja como obter uma medalha da...","breadcrumb":{"@id":"https:\/\/www.adf.org.br\/home\/historia-da-medalha-milagrosa-parte-2\/#breadcrumb"},"inLanguage":"pt-BR","potentialAction":[{"@type":"ReadAction","target":["https:\/\/www.adf.org.br\/home\/historia-da-medalha-milagrosa-parte-2\/"]}]},{"@type":"BreadcrumbList","@id":"https:\/\/www.adf.org.br\/home\/historia-da-medalha-milagrosa-parte-2\/#breadcrumb","itemListElement":[{"@type":"ListItem","position":1,"name":"Home","item":"https:\/\/www.adf.org.br\/home\/"},{"@type":"ListItem","position":2,"name":"A Hist\u00f3ria da Medalha Milagrosa &#8211; Parte 2: Quem foi a Santa a quem Nossa Senhora revelou a extraordin\u00e1ria medalha?"}]},{"@type":"Person","@id":"https:\/\/www.adf.org.br\/home\/#\/schema\/person\/f35a5c5aa7728a3dedf4ea9aa1fc2753","name":"Gabriel Barbosa","image":{"@type":"ImageObject","@id":"https:\/\/www.adf.org.br\/home\/#personlogo","inLanguage":"pt-BR","url":"https:\/\/secure.gravatar.com\/avatar\/2b2cb2f4637682c5605e8d36818f51ef?s=96&d=mm&r=g","contentUrl":"https:\/\/secure.gravatar.com\/avatar\/2b2cb2f4637682c5605e8d36818f51ef?s=96&d=mm&r=g","caption":"Gabriel Barbosa"},"url":"https:\/\/www.adf.org.br\/home\/author\/gabrielpmk-com-br\/"}]}},"_links":{"self":[{"href":"https:\/\/www.adf.org.br\/home\/wp-json\/wp\/v2\/posts\/53442"}],"collection":[{"href":"https:\/\/www.adf.org.br\/home\/wp-json\/wp\/v2\/posts"}],"about":[{"href":"https:\/\/www.adf.org.br\/home\/wp-json\/wp\/v2\/types\/post"}],"author":[{"embeddable":true,"href":"https:\/\/www.adf.org.br\/home\/wp-json\/wp\/v2\/users\/31"}],"replies":[{"embeddable":true,"href":"https:\/\/www.adf.org.br\/home\/wp-json\/wp\/v2\/comments?post=53442"}],"version-history":[{"count":8,"href":"https:\/\/www.adf.org.br\/home\/wp-json\/wp\/v2\/posts\/53442\/revisions"}],"predecessor-version":[{"id":61126,"href":"https:\/\/www.adf.org.br\/home\/wp-json\/wp\/v2\/posts\/53442\/revisions\/61126"}],"wp:featuredmedia":[{"embeddable":true,"href":"https:\/\/www.adf.org.br\/home\/wp-json\/wp\/v2\/media\/61125"}],"wp:attachment":[{"href":"https:\/\/www.adf.org.br\/home\/wp-json\/wp\/v2\/media?parent=53442"}],"wp:term":[{"taxonomy":"category","embeddable":true,"href":"https:\/\/www.adf.org.br\/home\/wp-json\/wp\/v2\/categories?post=53442"},{"taxonomy":"post_tag","embeddable":true,"href":"https:\/\/www.adf.org.br\/home\/wp-json\/wp\/v2\/tags?post=53442"}],"curies":[{"name":"wp","href":"https:\/\/api.w.org\/{rel}","templated":true}]}}