{"id":53409,"date":"2021-06-06T00:30:38","date_gmt":"2021-06-06T03:30:38","guid":{"rendered":"http:\/\/www.adf.org.br\/home\/?p=53409"},"modified":"2021-06-02T14:32:10","modified_gmt":"2021-06-02T17:32:10","slug":"oracao-nossa-senhora-do-santissimo-sacramento","status":"publish","type":"post","link":"https:\/\/www.adf.org.br\/home\/oracao-nossa-senhora-do-santissimo-sacramento\/","title":{"rendered":"Ora\u00e7\u00e3o a Nossa Senhora do Sant\u00edssimo Sacramento"},"content":{"rendered":"<h6 style=\"text-align: center;\"><a href=\"https:\/\/adf.org.br\/velario\/?origem=19132\" target=\"_blank\" rel=\"noopener noreferrer\"><img loading=\"lazy\" class=\"alignnone wp-image-53412\" src=\"https:\/\/www.adf.org.br\/home\/wp-content\/uploads\/2019\/07\/Nossa-Senhora-do-Sant\u00edssimo-Sacramento-2.jpg\" alt=\"Nossa Senhora do Sant\u00edssimo Sacramento 2\" width=\"323\" height=\"431\" \/><\/a><\/h6>\n<h6 style=\"text-align: center;\"><span style=\"color: #ffffff;\">.<\/span><\/h6>\n<h6 style=\"text-align: center;\"><span style=\"font-family: verdana, geneva, sans-serif; color: #003366; font-size: 14pt;\"><b>Ora\u00e7\u00e3o a Nossa Senhora do Sant\u00edssimo Sacramento<\/b><\/span><\/h6>\n<p>&nbsp;<\/p>\n<blockquote><p><em><span style=\"font-family: verdana, geneva, sans-serif; color: #000000; font-size: 12pt;\"><b>V\/ <\/b><span style=\"font-weight: 400;\"><span style=\"color: #003366;\">\u00d3 gloriosa e dulc\u00edssima Virgem Maria, Nossa Senhora do Sant\u00edssimo Sacramento!<\/span> Eis-me aqui prostrado a vossos p\u00e9s, com os mais vivos sentimentos de amor e confian\u00e7a, para vos louvar e bendizer.<\/span><\/span><\/em><\/p>\n<p><em><span style=\"font-weight: 400; font-family: verdana, geneva, sans-serif; color: #000000; font-size: 12pt;\"><span style=\"color: #003366;\">V\u00f3s sois a M\u00e3e Imaculada do Rei que contemplo sob o v\u00e9u da Eucaristia<\/span>; sois a dispensadora de todas as gra\u00e7as que brotam do manancial divino da H\u00f3stia, para serem derramadas sobre mim; sois finalmente a adoradora mais perfeita, a mais pura, desse Jesus que me chamou para tributar-lhe culto especial no seu Sacramento de amor.<\/span><\/em><\/p>\n<p><em><span style=\"font-weight: 400; font-family: verdana, geneva, sans-serif; color: #000000; font-size: 12pt;\"><span style=\"color: #003366;\">Sede minha M\u00e3e, uma vez que sou irm\u00e3o do vosso amado Filho<\/span>; sede meu modelo nos deveres e virtudes do meu culto eucar\u00edstico; sede minha advogada e meu ref\u00fagio em todos os perigos e necessidades.\u00a0<\/span><\/em><\/p>\n<p><em><span style=\"font-weight: 400; font-family: verdana, geneva, sans-serif; color: #000000; font-size: 12pt;\"><span style=\"color: #003366;\">Alcan\u00e7ai-me de Jesus sacramentado a abund\u00e2ncia das suas b\u00ean\u00e7\u00e3os<\/span>; fazei que eu seja um adorador aut\u00eantico, em esp\u00edrito e em verdade, entregue e inteiramente dedicado ao servi\u00e7o do meu bom Mestre.<\/span><\/em><\/p>\n<p><em><span style=\"font-weight: 400; font-family: verdana, geneva, sans-serif; color: #000000; font-size: 12pt;\"><span style=\"color: #003366;\">Revesti-me V\u00f3s mesma com o manto de vossa pureza<\/span>, humildade e amor, para que eu me torne digno de comparecer em sua presen\u00e7a, e minhas homenagens sejam por Ele aceitas.<\/span><\/em><\/p>\n<p><em><span style=\"font-weight: 400; font-family: verdana, geneva, sans-serif; color: #000000; font-size: 12pt;\"><span style=\"color: #003366;\">Por V\u00f3s, \u00f3 M\u00e3e pur\u00edssima, quero pertencer a Jesus inteiramente.<\/span> Recebei meu corpo e minha alma, meus trabalhos e sofrimentos, tomais-os e ponde-os debaixo de vossa prote\u00e7\u00e3o, e dirigi-os sempre ao seu \u00fanico e supremo fim, que \u00e9 a gl\u00f3ria e o reino desse nosso admir\u00e1vel Mestre. Assim seja.\u00a0<\/span><\/em><em><span style=\"color: #ffffff; font-family: verdana, geneva, sans-serif; font-size: 12pt;\">.<\/span><\/em><\/p>\n<p><em><span style=\"font-family: verdana, geneva, sans-serif; color: #000000; font-size: 12pt;\"><b>R\/ <\/b><strong><span style=\"color: #003366;\">Rogai por n\u00f3s, \u00f3 Virgem Imaculada, Nossa Senhora do Sant\u00edssimo Sacramento, a fim de que venha a n\u00f3s o reino eucar\u00edstico de Jesus Cristo.<\/span><\/strong><\/span><\/em><em><span style=\"color: #ffffff; font-family: verdana, geneva, sans-serif; font-size: 12pt;\">.<\/span><\/em><\/p>\n<p><em><span style=\"font-family: verdana, geneva, sans-serif; color: #000000; font-size: 12pt;\"><b>V\/ <\/b><span style=\"font-weight: 400;\"><span style=\"color: #003366;\">Senhor Jesus, nosso Reino e nosso Deus<\/span>, que assumis-tes a nossa natureza para fazer-nos participantes da vossa divindade, sois realmente, na Sagrada Eucaristia, o p\u00e3o da vida.\u00a0<\/span><\/span><\/em><\/p>\n<p><em><span style=\"font-weight: 400; font-family: verdana, geneva, sans-serif; color: #000000; font-size: 12pt;\"><span style=\"color: #003366;\">Fazei, vo-lo suplicamos, que ao venerar t\u00e3o grande mist\u00e9rio nos lembremos da dulc\u00edssima Virgem Maria<\/span>, em cujo seio virginal\u00a0 quisestes ser concebido por obra do Esp\u00edrito Santo.\u00a0<\/span><\/em><\/p>\n<p><em><span style=\"font-weight: 400; font-family: verdana, geneva, sans-serif; color: #000000; font-size: 12pt;\"><span style=\"color: #003366;\">Fazei ainda que a imitemos no culto<\/span> que, enquanto esteve neste mundo, vos tributou no Sant\u00edssimo Sacramento.<\/span><\/em><\/p>\n<p><em><span style=\"font-weight: 400; font-family: verdana, geneva, sans-serif; color: #000000; font-size: 12pt;\"><span style=\"color: #003366;\">E finalmente concedei-nos a gra\u00e7a de vermos florescer e estender-se por todo o mundo vosso Reino eucar\u00edstico.<\/span> V\u00f3s que viveis e reinais pelos s\u00e9culos dos s\u00e9culos. Assim seja.\u00a0<\/span><\/em><em><span style=\"color: #ffffff; font-family: verdana, geneva, sans-serif; font-size: 12pt;\">.<\/span><\/em><\/p>\n<p><strong><span style=\"color: #003366;\"><em><span style=\"font-family: verdana, geneva, sans-serif; font-size: 12pt;\">Gl\u00f3ria ao Pai, ao Filho e ao Esp\u00edrito Santo,<\/span><\/em><\/span><\/strong><\/p>\n<p><strong><span style=\"color: #003366;\"><em><span style=\"font-family: verdana, geneva, sans-serif; font-size: 12pt;\">Assim como era no princ\u00edpio, agora e sempre<\/span><\/em><\/span><\/strong><\/p>\n<p><strong><span style=\"color: #003366;\"><em><span style=\"font-family: verdana, geneva, sans-serif; font-size: 12pt;\">E pelos s\u00e9culos dos s\u00e9culos. Am\u00e9m.<\/span><\/em><\/span><\/strong><\/p>\n<p><strong><span style=\"color: #003366;\"><em><span style=\"font-family: verdana, geneva, sans-serif; font-size: 12pt;\">S\u00e3o Lu\u00eds Maria de Montfort, rogai por n\u00f3s!<\/span><\/em><\/span><\/strong><\/p>\n<p><strong><span style=\"color: #003366;\"><em><span style=\"font-family: verdana, geneva, sans-serif; font-size: 12pt;\">Beata Maria Lu\u00edza de Jesus, rogai por n\u00f3s!\u00a0\u00a0<\/span><\/em><\/span><\/strong><\/p><\/blockquote>\n<p style=\"text-align: right;\"><span style=\"font-family: verdana, geneva, sans-serif; color: #000000; font-size: 10pt;\"><b>Fonte: <\/b><i><span style=\"font-weight: 400;\">Ora\u00e7\u00f5es do Fiel Cat\u00f3lico &#8211; <\/span><\/i><span style=\"font-weight: 400;\">Padre David Francisquini<\/span><\/span><span style=\"color: #ffffff;\">.<\/span><\/p>\n<hr \/>\n<p>&nbsp;<\/p>\n<p><a href=\"https:\/\/adf.org.br\/velario\/?origem=19132\" target=\"_blank\" rel=\"noopener noreferrer\"><img loading=\"lazy\" class=\"aligncenter wp-image-53269\" src=\"https:\/\/www.adf.org.br\/home\/wp-content\/uploads\/2019\/07\/DSC_0006-172x300.png\" alt=\"DSC_0006\" width=\"143\" height=\"252\" \/><\/a><\/p>\n<p style=\"text-align: center;\"><span style=\"font-family: verdana, geneva, sans-serif; font-size: 12pt; color: #000000;\"><span style=\"text-decoration: underline;\"><span style=\"font-size: 14pt; color: #003366; text-decoration: underline;\">Depois deste momento t\u00e3o singular, no qual aproximamos nosso<span style=\"color: #000080; text-decoration: underline;\"> cora\u00e7\u00e3o de Nossa Senhora, fa<\/span>\u00e7a seus pedidos de gra\u00e7as!<\/span><\/span><\/span><\/p>\n<p>&nbsp;<\/p>\n<p style=\"text-align: center;\"><strong><span style=\"font-family: verdana, geneva, sans-serif; font-size: 12pt; color: #0000ff;\"><a href=\"https:\/\/adf.org.br\/velario?origem=19132\" target=\"_blank\" rel=\"noopener noreferrer\"><span style=\"font-size: 14pt;\"><span style=\"color: #0000ff;\"><span style=\"text-decoration: underline;\">Acenda aqui uma vela pedindo Sua intercess\u00e3o<\/span><\/span><\/span><\/a><span style=\"font-size: 14pt;\"><span style=\"color: #0000ff;\">.<\/span><\/span>\u00a0<\/span><\/strong><\/p>\n<p style=\"text-align: center;\"><span style=\"color: #ffffff;\">.<\/span><\/p>\n<p><a href=\"https:\/\/adf.org.br\/velario?origem=19132\" target=\"_blank\" rel=\"noopener noreferrer\"><img loading=\"lazy\" class=\"aligncenter wp-image-64574\" src=\"https:\/\/www.adf.org.br\/home\/wp-content\/uploads\/2021\/05\/vela-de-nossa-senhora-nova.jpg\" alt=\"\" width=\"314\" height=\"314\" srcset=\"https:\/\/www.adf.org.br\/home\/wp-content\/uploads\/2021\/05\/vela-de-nossa-senhora-nova.jpg 459w, https:\/\/www.adf.org.br\/home\/wp-content\/uploads\/2021\/05\/vela-de-nossa-senhora-nova-300x300.jpg 300w, https:\/\/www.adf.org.br\/home\/wp-content\/uploads\/2021\/05\/vela-de-nossa-senhora-nova-150x150.jpg 150w\" sizes=\"(max-width: 314px) 100vw, 314px\" \/><\/a><\/p>\n<p style=\"text-align: center;\"><span style=\"color: #ffffff;\">.<\/span><\/p>\n<p style=\"text-align: center;\"><strong><span style=\"font-family: verdana, geneva, sans-serif; font-size: 14pt; color: #800080;\"><i>Maria Sant\u00edssima, rogai por n\u00f3s!\u00a0<\/i><\/span><\/strong><span style=\"color: #ffffff;\">.<\/span><\/p>\n","protected":false},"excerpt":{"rendered":"<p>. Ora\u00e7\u00e3o a Nossa Senhora do Sant\u00edssimo Sacramento &nbsp; V\/ \u00d3 gloriosa e dulc\u00edssima Virgem Maria, Nossa Senhora do Sant\u00edssimo Sacramento! Eis-me aqui prostrado a vossos p\u00e9s, com os mais vivos sentimentos de amor e confian\u00e7a, para vos louvar e bendizer. V\u00f3s sois a M\u00e3e Imaculada do Rei que contemplo sob o v\u00e9u da Eucaristia; [&hellip;]<\/p>\n","protected":false},"author":31,"featured_media":64776,"comment_status":"open","ping_status":"open","sticky":false,"template":"","format":"standard","meta":[],"categories":[20,2323,56,14,2332],"tags":[2242,38,3079,3080,299,470],"yoast_head":"<!-- This site is optimized with the Yoast SEO plugin v17.4 - https:\/\/yoast.com\/wordpress\/plugins\/seo\/ -->\n<title>Ora\u00e7\u00e3o a Nossa Senhora do Sant\u00edssimo Sacramento<\/title>\n<meta name=\"description\" content=\"Reze esta ora\u00e7\u00e3o para a Virgem do Sant\u00edssimo Sacramento e veja aqui como fazer seus pedidos de ora\u00e7\u00e3o e acender uma vela para Nossa Senhora.\" \/>\n<meta name=\"robots\" content=\"index, follow, max-snippet:-1, max-image-preview:large, max-video-preview:-1\" \/>\n<link rel=\"canonical\" href=\"https:\/\/www.adf.org.br\/home\/oracao-nossa-senhora-do-santissimo-sacramento\/\" \/>\n<meta property=\"og:locale\" content=\"pt_BR\" \/>\n<meta property=\"og:type\" content=\"article\" \/>\n<meta property=\"og:title\" content=\"Ora\u00e7\u00e3o a Nossa Senhora do Sant\u00edssimo Sacramento\" \/>\n<meta property=\"og:description\" content=\"Reze esta ora\u00e7\u00e3o para a Virgem do Sant\u00edssimo Sacramento e veja aqui como fazer seus pedidos de ora\u00e7\u00e3o e acender uma vela para Nossa Senhora.\" \/>\n<meta property=\"og:url\" content=\"https:\/\/www.adf.org.br\/home\/oracao-nossa-senhora-do-santissimo-sacramento\/\" \/>\n<meta property=\"og:site_name\" content=\"Associa\u00e7\u00e3o Devotos de F\u00e1tima\" \/>\n<meta property=\"article:published_time\" content=\"2021-06-06T03:30:38+00:00\" \/>\n<meta property=\"article:modified_time\" content=\"2021-06-02T17:32:10+00:00\" \/>\n<meta property=\"og:image\" content=\"https:\/\/www.adf.org.br\/home\/wp-content\/uploads\/2021\/06\/capa-face-06.06-adf-1024x576.jpg\" \/>\n\t<meta property=\"og:image:width\" content=\"1024\" \/>\n\t<meta property=\"og:image:height\" content=\"576\" \/>\n<meta name=\"twitter:card\" content=\"summary_large_image\" \/>\n<meta name=\"twitter:label1\" content=\"Escrito por\" \/>\n\t<meta name=\"twitter:data1\" content=\"Gabriel Barbosa\" \/>\n\t<meta name=\"twitter:label2\" content=\"Est. tempo de leitura\" \/>\n\t<meta name=\"twitter:data2\" content=\"3 minutos\" \/>\n<script type=\"application\/ld+json\" class=\"yoast-schema-graph\">{\"@context\":\"https:\/\/schema.org\",\"@graph\":[{\"@type\":\"WebSite\",\"@id\":\"https:\/\/www.adf.org.br\/home\/#website\",\"url\":\"https:\/\/www.adf.org.br\/home\/\",\"name\":\"Associa\\u00e7\\u00e3o Devotos de F\\u00e1tima\",\"description\":\"Associa\\u00e7\\u00e3o Devotos de F\\u00e1tima\",\"potentialAction\":[{\"@type\":\"SearchAction\",\"target\":{\"@type\":\"EntryPoint\",\"urlTemplate\":\"https:\/\/www.adf.org.br\/home\/?s={search_term_string}\"},\"query-input\":\"required name=search_term_string\"}],\"inLanguage\":\"pt-BR\"},{\"@type\":\"ImageObject\",\"@id\":\"https:\/\/www.adf.org.br\/home\/oracao-nossa-senhora-do-santissimo-sacramento\/#primaryimage\",\"inLanguage\":\"pt-BR\",\"url\":\"https:\/\/www.adf.org.br\/home\/wp-content\/uploads\/2021\/06\/capa-face-06.06-adf.jpg\",\"contentUrl\":\"https:\/\/www.adf.org.br\/home\/wp-content\/uploads\/2021\/06\/capa-face-06.06-adf.jpg\",\"width\":1920,\"height\":1080},{\"@type\":\"WebPage\",\"@id\":\"https:\/\/www.adf.org.br\/home\/oracao-nossa-senhora-do-santissimo-sacramento\/#webpage\",\"url\":\"https:\/\/www.adf.org.br\/home\/oracao-nossa-senhora-do-santissimo-sacramento\/\",\"name\":\"Ora\\u00e7\\u00e3o a Nossa Senhora do Sant\\u00edssimo Sacramento\",\"isPartOf\":{\"@id\":\"https:\/\/www.adf.org.br\/home\/#website\"},\"primaryImageOfPage\":{\"@id\":\"https:\/\/www.adf.org.br\/home\/oracao-nossa-senhora-do-santissimo-sacramento\/#primaryimage\"},\"datePublished\":\"2021-06-06T03:30:38+00:00\",\"dateModified\":\"2021-06-02T17:32:10+00:00\",\"author\":{\"@id\":\"https:\/\/www.adf.org.br\/home\/#\/schema\/person\/f35a5c5aa7728a3dedf4ea9aa1fc2753\"},\"description\":\"Reze esta ora\\u00e7\\u00e3o para a Virgem do Sant\\u00edssimo Sacramento e veja aqui como fazer seus pedidos de ora\\u00e7\\u00e3o e acender uma vela para Nossa Senhora.\",\"breadcrumb\":{\"@id\":\"https:\/\/www.adf.org.br\/home\/oracao-nossa-senhora-do-santissimo-sacramento\/#breadcrumb\"},\"inLanguage\":\"pt-BR\",\"potentialAction\":[{\"@type\":\"ReadAction\",\"target\":[\"https:\/\/www.adf.org.br\/home\/oracao-nossa-senhora-do-santissimo-sacramento\/\"]}]},{\"@type\":\"BreadcrumbList\",\"@id\":\"https:\/\/www.adf.org.br\/home\/oracao-nossa-senhora-do-santissimo-sacramento\/#breadcrumb\",\"itemListElement\":[{\"@type\":\"ListItem\",\"position\":1,\"name\":\"Home\",\"item\":\"https:\/\/www.adf.org.br\/home\/\"},{\"@type\":\"ListItem\",\"position\":2,\"name\":\"Ora\\u00e7\\u00e3o a Nossa Senhora do Sant\\u00edssimo Sacramento\"}]},{\"@type\":\"Person\",\"@id\":\"https:\/\/www.adf.org.br\/home\/#\/schema\/person\/f35a5c5aa7728a3dedf4ea9aa1fc2753\",\"name\":\"Gabriel Barbosa\",\"image\":{\"@type\":\"ImageObject\",\"@id\":\"https:\/\/www.adf.org.br\/home\/#personlogo\",\"inLanguage\":\"pt-BR\",\"url\":\"https:\/\/secure.gravatar.com\/avatar\/2b2cb2f4637682c5605e8d36818f51ef?s=96&d=mm&r=g\",\"contentUrl\":\"https:\/\/secure.gravatar.com\/avatar\/2b2cb2f4637682c5605e8d36818f51ef?s=96&d=mm&r=g\",\"caption\":\"Gabriel Barbosa\"},\"url\":\"https:\/\/www.adf.org.br\/home\/author\/gabrielpmk-com-br\/\"}]}<\/script>\n<!-- \/ Yoast SEO plugin. -->","yoast_head_json":{"title":"Ora\u00e7\u00e3o a Nossa Senhora do Sant\u00edssimo Sacramento","description":"Reze esta ora\u00e7\u00e3o para a Virgem do Sant\u00edssimo Sacramento e veja aqui como fazer seus pedidos de ora\u00e7\u00e3o e acender uma vela para Nossa Senhora.","robots":{"index":"index","follow":"follow","max-snippet":"max-snippet:-1","max-image-preview":"max-image-preview:large","max-video-preview":"max-video-preview:-1"},"canonical":"https:\/\/www.adf.org.br\/home\/oracao-nossa-senhora-do-santissimo-sacramento\/","og_locale":"pt_BR","og_type":"article","og_title":"Ora\u00e7\u00e3o a Nossa Senhora do Sant\u00edssimo Sacramento","og_description":"Reze esta ora\u00e7\u00e3o para a Virgem do Sant\u00edssimo Sacramento e veja aqui como fazer seus pedidos de ora\u00e7\u00e3o e acender uma vela para Nossa Senhora.","og_url":"https:\/\/www.adf.org.br\/home\/oracao-nossa-senhora-do-santissimo-sacramento\/","og_site_name":"Associa\u00e7\u00e3o Devotos de F\u00e1tima","article_published_time":"2021-06-06T03:30:38+00:00","article_modified_time":"2021-06-02T17:32:10+00:00","og_image":[{"width":1024,"height":576,"url":"https:\/\/www.adf.org.br\/home\/wp-content\/uploads\/2021\/06\/capa-face-06.06-adf-1024x576.jpg","type":"image\/jpeg"}],"twitter_card":"summary_large_image","twitter_misc":{"Escrito por":"Gabriel Barbosa","Est. tempo de leitura":"3 minutos"},"schema":{"@context":"https:\/\/schema.org","@graph":[{"@type":"WebSite","@id":"https:\/\/www.adf.org.br\/home\/#website","url":"https:\/\/www.adf.org.br\/home\/","name":"Associa\u00e7\u00e3o Devotos de F\u00e1tima","description":"Associa\u00e7\u00e3o Devotos de F\u00e1tima","potentialAction":[{"@type":"SearchAction","target":{"@type":"EntryPoint","urlTemplate":"https:\/\/www.adf.org.br\/home\/?s={search_term_string}"},"query-input":"required name=search_term_string"}],"inLanguage":"pt-BR"},{"@type":"ImageObject","@id":"https:\/\/www.adf.org.br\/home\/oracao-nossa-senhora-do-santissimo-sacramento\/#primaryimage","inLanguage":"pt-BR","url":"https:\/\/www.adf.org.br\/home\/wp-content\/uploads\/2021\/06\/capa-face-06.06-adf.jpg","contentUrl":"https:\/\/www.adf.org.br\/home\/wp-content\/uploads\/2021\/06\/capa-face-06.06-adf.jpg","width":1920,"height":1080},{"@type":"WebPage","@id":"https:\/\/www.adf.org.br\/home\/oracao-nossa-senhora-do-santissimo-sacramento\/#webpage","url":"https:\/\/www.adf.org.br\/home\/oracao-nossa-senhora-do-santissimo-sacramento\/","name":"Ora\u00e7\u00e3o a Nossa Senhora do Sant\u00edssimo Sacramento","isPartOf":{"@id":"https:\/\/www.adf.org.br\/home\/#website"},"primaryImageOfPage":{"@id":"https:\/\/www.adf.org.br\/home\/oracao-nossa-senhora-do-santissimo-sacramento\/#primaryimage"},"datePublished":"2021-06-06T03:30:38+00:00","dateModified":"2021-06-02T17:32:10+00:00","author":{"@id":"https:\/\/www.adf.org.br\/home\/#\/schema\/person\/f35a5c5aa7728a3dedf4ea9aa1fc2753"},"description":"Reze esta ora\u00e7\u00e3o para a Virgem do Sant\u00edssimo Sacramento e veja aqui como fazer seus pedidos de ora\u00e7\u00e3o e acender uma vela para Nossa Senhora.","breadcrumb":{"@id":"https:\/\/www.adf.org.br\/home\/oracao-nossa-senhora-do-santissimo-sacramento\/#breadcrumb"},"inLanguage":"pt-BR","potentialAction":[{"@type":"ReadAction","target":["https:\/\/www.adf.org.br\/home\/oracao-nossa-senhora-do-santissimo-sacramento\/"]}]},{"@type":"BreadcrumbList","@id":"https:\/\/www.adf.org.br\/home\/oracao-nossa-senhora-do-santissimo-sacramento\/#breadcrumb","itemListElement":[{"@type":"ListItem","position":1,"name":"Home","item":"https:\/\/www.adf.org.br\/home\/"},{"@type":"ListItem","position":2,"name":"Ora\u00e7\u00e3o a Nossa Senhora do Sant\u00edssimo Sacramento"}]},{"@type":"Person","@id":"https:\/\/www.adf.org.br\/home\/#\/schema\/person\/f35a5c5aa7728a3dedf4ea9aa1fc2753","name":"Gabriel Barbosa","image":{"@type":"ImageObject","@id":"https:\/\/www.adf.org.br\/home\/#personlogo","inLanguage":"pt-BR","url":"https:\/\/secure.gravatar.com\/avatar\/2b2cb2f4637682c5605e8d36818f51ef?s=96&d=mm&r=g","contentUrl":"https:\/\/secure.gravatar.com\/avatar\/2b2cb2f4637682c5605e8d36818f51ef?s=96&d=mm&r=g","caption":"Gabriel Barbosa"},"url":"https:\/\/www.adf.org.br\/home\/author\/gabrielpmk-com-br\/"}]}},"_links":{"self":[{"href":"https:\/\/www.adf.org.br\/home\/wp-json\/wp\/v2\/posts\/53409"}],"collection":[{"href":"https:\/\/www.adf.org.br\/home\/wp-json\/wp\/v2\/posts"}],"about":[{"href":"https:\/\/www.adf.org.br\/home\/wp-json\/wp\/v2\/types\/post"}],"author":[{"embeddable":true,"href":"https:\/\/www.adf.org.br\/home\/wp-json\/wp\/v2\/users\/31"}],"replies":[{"embeddable":true,"href":"https:\/\/www.adf.org.br\/home\/wp-json\/wp\/v2\/comments?post=53409"}],"version-history":[{"count":12,"href":"https:\/\/www.adf.org.br\/home\/wp-json\/wp\/v2\/posts\/53409\/revisions"}],"predecessor-version":[{"id":64774,"href":"https:\/\/www.adf.org.br\/home\/wp-json\/wp\/v2\/posts\/53409\/revisions\/64774"}],"wp:featuredmedia":[{"embeddable":true,"href":"https:\/\/www.adf.org.br\/home\/wp-json\/wp\/v2\/media\/64776"}],"wp:attachment":[{"href":"https:\/\/www.adf.org.br\/home\/wp-json\/wp\/v2\/media?parent=53409"}],"wp:term":[{"taxonomy":"category","embeddable":true,"href":"https:\/\/www.adf.org.br\/home\/wp-json\/wp\/v2\/categories?post=53409"},{"taxonomy":"post_tag","embeddable":true,"href":"https:\/\/www.adf.org.br\/home\/wp-json\/wp\/v2\/tags?post=53409"}],"curies":[{"name":"wp","href":"https:\/\/api.w.org\/{rel}","templated":true}]}}