{"id":53266,"date":"2019-07-10T07:30:15","date_gmt":"2019-07-10T10:30:15","guid":{"rendered":"http:\/\/www.adf.org.br\/home\/?p=53266"},"modified":"2019-07-10T07:30:15","modified_gmt":"2019-07-10T10:30:15","slug":"vai-pela-saude-do-corpo-e-encontra-da-alma","status":"publish","type":"post","link":"https:\/\/www.adf.org.br\/home\/vai-pela-saude-do-corpo-e-encontra-da-alma\/","title":{"rendered":"Vai pela sa\u00fade do corpo, e encontra a da alma\u2026"},"content":{"rendered":"<p style=\"text-align: center;\"><a href=\"https:\/\/adf.org.br\/apostolosdefatima?origem=11210\" target=\"_blank\" rel=\"noopener noreferrer\"><img loading=\"lazy\" class=\"alignnone wp-image-53271 size-full\" src=\"https:\/\/www.adf.org.br\/home\/wp-content\/uploads\/2019\/07\/Nossa-Senhora-Imagem-Destacada-1.jpg\" alt=\"Nossa Senhora - Imagem Destacada 1\" width=\"620\" height=\"393\" \/><\/a><\/p>\n<h6 style=\"text-align: center;\"><span style=\"color: #ffffff;\">.<\/span><\/h6>\n<h6 style=\"text-align: center;\"><strong><span style=\"font-family: verdana, geneva, sans-serif; color: #003366; font-size: 14pt;\">Vai pela sa\u00fade do corpo, e encontra a da alma\u2026<\/span><\/strong><\/h6>\n<p><span style=\"color: #ffffff;\">.<\/span><\/p>\n<p><span style=\"font-weight: 400; font-family: verdana, geneva, sans-serif; color: #000000; font-size: 12pt;\"><span style=\"font-size: 24pt;\">U<\/span>m jovem de 27 anos, h\u00e1 muito doente, morava num lugar do Baixo-Alentejo (Portugal), onde nunca tinha visto um padre, nem por conseguinte, recebido uma instru\u00e7\u00e3o religiosa; sabia apenas que fora batizado.<\/span><\/p>\n<p><span style=\"color: #ffffff;\">.<\/span><\/p>\n<p><span style=\"font-family: verdana, geneva, sans-serif; color: #000000; font-size: 12pt;\"><span style=\"font-weight: 400;\">Um dia, por acaso, ouviu dizer que em <\/span><span style=\"color: #003366;\"><strong><i>\u201cF\u00e1tima havia uma Santinha que fazia milagres\u201d <\/i><\/strong><\/span><span style=\"font-weight: 400;\">e para l\u00e1 se dirigiu na esperan\u00e7a de receber algum.<\/span><\/span><\/p>\n<p><span style=\"color: #ffffff;\">.<\/span><\/p>\n<p><span style=\"font-weight: 400; font-family: verdana, geneva, sans-serif; color: #000000; font-size: 12pt;\">Devido ao seu estado, foi admitido, sem dificuldade, no pavilh\u00e3o dos doentes. A Comunh\u00e3o, julgando que a sagrada part\u00edcula era alguma pastilha milagrosa, recebeu-a como os outros.\u00a0<\/span><\/p>\n<p><span style=\"color: #ffffff;\">.<\/span><\/p>\n<p><span style=\"font-weight: 400; font-family: verdana, geneva, sans-serif; color: #000000; font-size: 12pt;\">N\u00e3o faltou quem reparasse, e lho estranhasse, dizendo:<\/span><\/p>\n<p><span style=\"color: #ffffff;\">.<\/span><\/p>\n<p style=\"padding-left: 90px;\"><span style=\"color: #003366;\"><em><span style=\"font-weight: 400; font-family: verdana, geneva, sans-serif; font-size: 12pt;\">&#8211; Que fizeste? \u2026 N\u00e3o sabes que se n\u00e3o pode comungar sem estar confessado? Cometeste um grande pecado mortal!<\/span><\/em><\/span><\/p>\n<p><span style=\"color: #ffffff;\">.<\/span><\/p>\n<p><strong><span style=\"font-family: verdana, geneva, sans-serif; color: #000000; font-size: 12pt;\">Por \u00fanica resposta o jovem d\u00e1 num pranto desfeito, de modo que n\u00e3o havia meio de o consolar.<\/span><\/strong><\/p>\n<p><span style=\"color: #ffffff;\">.<\/span><\/p>\n<p><span style=\"font-weight: 400; font-family: verdana, geneva, sans-serif; color: #000000; font-size: 12pt;\">Um sacerdote que nisso se esfor\u00e7ava inutilmente, vendo passar um padre da Companhia de Jesus, chamou-o para que o ajudasse, e ele conseguiu finalmente fazer compreender ao doente que o seu pecado era apenas material; <strong>o Senhor servira-se daquele engano para o fazer receber a instru\u00e7\u00e3o religiosa de que tanto carecia<\/strong>.\u00a0<\/span><\/p>\n<p><span style=\"color: #ffffff;\">.<\/span><\/p>\n<p style=\"padding-left: 90px;\"><em><span style=\"font-family: verdana, geneva, sans-serif; color: #003366; font-size: 12pt;\">Mais tranquilo, o jovem recebeu uma instru\u00e7\u00e3o sum\u00e1ria, confessou-se, e, depois,<\/span><\/em><strong><em><span style=\"font-family: verdana, geneva, sans-serif; color: #003366; font-size: 12pt;\"> cheio de indiz\u00edvel (admir\u00e1vel) consola\u00e7\u00e3o, agradecia a Nossa Senhora t\u00ea-lo trazido a esperan\u00e7a da cura, para lhe salvar.<\/span><\/em><\/strong><\/p>\n<p><span style=\"color: #ffffff;\">.<\/span><\/p>\n<p><span style=\"font-weight: 400; font-family: verdana, geneva, sans-serif; color: #000000; font-size: 12pt;\">Por fim, regressou \u00e0 sua terra decidido a demorar-se num lugar onde havia p\u00e1roco, para completar a sua instru\u00e7\u00e3o religiosa.\u00a0<\/span><\/p>\n<p><span style=\"color: #ffffff;\">.<\/span><\/p>\n<p style=\"text-align: right;\"><em><span style=\"font-family: verdana, geneva, sans-serif; color: #000000; font-size: 10pt;\"><b>Fonte:<\/b><span style=\"font-weight: 400;\"> Nossa Senhora da F\u00e1tima da <\/span><\/span><\/em><span style=\"font-family: verdana, geneva, sans-serif; color: #000000; font-size: 10pt;\"><span style=\"font-weight: 400;\">P. L. Gonzaga A. da Fonseca S. J.<\/span><\/span><\/p>\n<p><span style=\"color: #ffffff;\">.<\/span><\/p>\n<hr \/>\n<h6 style=\"text-align: center;\"><span style=\"font-family: verdana, geneva, sans-serif; color: #800080; font-size: 14pt;\"><b>Voc\u00ea sabe reconhecer o chamado de Nossa Senhora?<\/b><\/span><\/h6>\n<p style=\"text-align: center;\"><a href=\"https:\/\/adf.org.br\/apostolosdefatima?origem=11210\" target=\"_blank\" rel=\"noopener noreferrer\"><img loading=\"lazy\" class=\"alignnone wp-image-53269 size-medium\" src=\"https:\/\/www.adf.org.br\/home\/wp-content\/uploads\/2019\/07\/DSC_0006-172x300.png\" alt=\"DSC_0006\" width=\"172\" height=\"300\" \/><\/a><\/p>\n<p style=\"text-align: center;\"><span style=\"color: #ffffff;\">.<\/span><\/p>\n<p style=\"text-align: center;\"><span style=\"font-weight: 400; font-family: verdana, geneva, sans-serif; color: #000000; font-size: 12pt;\">Como vimos no relato acima, <strong>Nosso Senhor Jesus<\/strong> e a <a href=\"https:\/\/adf.org.br\/apostolosdefatima?origem=11210\" target=\"_blank\" rel=\"noopener noreferrer\"><span style=\"color: #0000ff;\">Virgem Sant\u00edssima<\/span><\/a> nos enviam sinais para que possamos caminhar juntamente com Eles, com todo todo amor e amparo que precisamos.<\/span><\/p>\n<p style=\"text-align: center;\"><span style=\"color: #ffffff;\">.<\/span><\/p>\n<p style=\"text-align: center;\"><span style=\"font-family: verdana, geneva, sans-serif; color: #000000; font-size: 12pt;\"><b>Mas por que muitas vezes os ignoramos e continuamos a sofrer com o mundo?<\/b><\/span><\/p>\n<p style=\"text-align: center;\"><span style=\"color: #ffffff;\">.<\/span><\/p>\n<p style=\"text-align: center;\"><span style=\"font-weight: 400; font-family: verdana, geneva, sans-serif; color: #000000; font-size: 12pt;\">Se olhar para seu cora\u00e7\u00e3o, talvez encontre sua F\u00e9&#8230;um tanto adormecida\u2026<\/span><\/p>\n<p style=\"text-align: center;\"><span style=\"color: #ffffff;\">.<\/span><\/p>\n<p style=\"text-align: center;\"><span style=\"font-weight: 400; font-family: verdana, geneva, sans-serif; color: #800080; font-size: 14pt;\">Por esse motivo, temos um convite especial para voc\u00ea!<\/span><\/p>\n<p style=\"text-align: center;\"><span style=\"color: #ffffff;\">.<\/span><\/p>\n<p style=\"text-align: center;\"><span style=\"font-family: verdana, geneva, sans-serif; color: #000000; font-size: 14pt;\"><strong>Seja membro do grupo <\/strong><a href=\"https:\/\/adf.org.br\/apostolosdefatima?origem=11210\" target=\"_blank\" rel=\"noopener noreferrer\"><span style=\"color: #0000ff;\"><b>Ap\u00f3stolos de F\u00e1tima<\/b><\/span><\/a><strong> ligando gratuitamente para:<\/strong><\/span><\/p>\n<p style=\"text-align: center;\"><a href=\"tel:08006082128\" target=\"_blank\" rel=\"noopener noreferrer\"><img loading=\"lazy\" class=\"alignnone wp-image-53270 size-full\" src=\"https:\/\/www.adf.org.br\/home\/wp-content\/uploads\/2019\/07\/Bot\u00e3o-Telefone-ADF.png\" alt=\"Bot\u00e3o - Telefone ADF\" width=\"482\" height=\"113\" \/><\/a><\/p>\n<p style=\"text-align: center;\"><span style=\"color: #ffffff;\">.<\/span><\/p>\n<p style=\"text-align: center;\"><strong><span style=\"font-family: verdana, geneva, sans-serif; color: #000000; font-size: 12pt;\">Pois assim, al\u00e9m de ajudar a divulgar a devo\u00e7\u00e3o a Virgem de F\u00e1tima, voc\u00ea poder\u00e1:<\/span><\/strong><\/p>\n<p style=\"text-align: center;\"><span style=\"color: #ffffff;\">.<\/span><\/p>\n<blockquote>\n<p style=\"text-align: left;\"><span style=\"font-weight: 400; font-family: verdana, geneva, sans-serif; color: #000000; font-size: 12pt;\">&#8211; Incluir seus pedidos de gra\u00e7as em quase 60 Missas anuais;<\/span><\/p>\n<p style=\"text-align: left;\"><span style=\"font-weight: 400; font-family: verdana, geneva, sans-serif; color: #000000; font-size: 12pt;\">&#8211; Enviar seu nome ao Santu\u00e1rio de Nossa Senhora, em Portugal;<\/span><\/p>\n<p style=\"text-align: left;\"><span style=\"font-weight: 400; font-family: verdana, geneva, sans-serif; color: #000000; font-size: 12pt;\">&#8211; Ser sempre lembrado na Vig\u00edlia de Ora\u00e7\u00f5es realizada pelos volunt\u00e1rios da associa\u00e7\u00e3o, que se revezam recitando o Santo Ros\u00e1rio das 18h \u00e0s 06h da manh\u00e3;<\/span><\/p>\n<p style=\"text-align: left;\"><span style=\"font-weight: 400; font-family: verdana, geneva, sans-serif; color: #000000; font-size: 12pt;\">&#8211; E muito mais!<\/span><\/p>\n<\/blockquote>\n<p style=\"text-align: center;\"><span style=\"color: #ffffff;\">.<\/span><\/p>\n<p style=\"text-align: center;\"><span style=\"font-weight: 400; font-family: verdana, geneva, sans-serif; color: #000000; font-size: 12pt;\">Veja quantos presentes espirituais de agradecimento voc\u00ea ganhar\u00e1 para fortalecer diariamente sua F\u00e9!<\/span><\/p>\n<p style=\"text-align: center;\"><span style=\"color: #ffffff;\">.<\/span><\/p>\n<p style=\"text-align: center;\"><span style=\"font-size: 14pt;\"><strong><span style=\"font-family: verdana, geneva, sans-serif; color: #000000;\">Responda ao chamado de <span style=\"color: #0000ff;\"><a style=\"color: #0000ff;\" href=\"https:\/\/adf.org.br\/apostolosdefatima?origem=11210\" target=\"_blank\" rel=\"noopener noreferrer\">Nossa Senhora<\/a><\/span>, pois certamente muitas <span style=\"color: #800080;\">B\u00caN\u00c7\u00c3OS<\/span> estar\u00e3o reservadas para <span style=\"color: #800080;\">VOC\u00ca<\/span>!<\/span><\/strong><\/span><\/p>\n<p><span style=\"color: #ffffff;\">.<\/span><\/p>\n<hr \/>\n<p style=\"text-align: center;\"><a href=\"http:\/\/feedburner.google.com\/fb\/a\/mailverify?uri=devotosdefatima&amp;loc=pt_BR\" target=\"_blank\" rel=\"noopener noreferrer\"><img loading=\"lazy\" class=\"alignnone wp-image-53023 size-full\" src=\"https:\/\/www.adf.org.br\/home\/wp-content\/uploads\/2019\/06\/ADF-Bot\u00e3o-Feedburner-2.png\" alt=\"ADF - Bot\u00e3o Feedburner\" width=\"362\" height=\"192\" \/><\/a><\/p>\n<p style=\"text-align: center;\"><span style=\"color: #ffffff;\">.<\/span><\/p>\n","protected":false},"excerpt":{"rendered":"<p>. Vai pela sa\u00fade do corpo, e encontra a da alma\u2026 . Um jovem de 27 anos, h\u00e1 muito doente, morava num lugar do Baixo-Alentejo (Portugal), onde nunca tinha visto um padre, nem por conseguinte, recebido uma instru\u00e7\u00e3o religiosa; sabia apenas que fora batizado. . Um dia, por acaso, ouviu dizer que em \u201cF\u00e1tima havia [&hellip;]<\/p>\n","protected":false},"author":31,"featured_media":53271,"comment_status":"open","ping_status":"open","sticky":false,"template":"","format":"standard","meta":[],"categories":[20,56],"tags":[2163,2242,144,146,38,57],"yoast_head":"<!-- This site is optimized with the Yoast SEO plugin v17.4 - https:\/\/yoast.com\/wordpress\/plugins\/seo\/ -->\n<title>Vai pela sa\u00fade do corpo, e encontra a da alma\u2026 - Associa\u00e7\u00e3o Devotos de F\u00e1tima<\/title>\n<meta name=\"description\" content=\"Um dia, um jovem muito doente, por acaso, ouviu dizer que em \u201cF\u00e1tima havia uma Santinha que fazia milagres\u201d...Ligue para 0800 608 2128 e veja\" \/>\n<meta name=\"robots\" content=\"index, follow, max-snippet:-1, max-image-preview:large, max-video-preview:-1\" \/>\n<link rel=\"canonical\" href=\"https:\/\/www.adf.org.br\/home\/vai-pela-saude-do-corpo-e-encontra-da-alma\/\" \/>\n<meta property=\"og:locale\" content=\"pt_BR\" \/>\n<meta property=\"og:type\" content=\"article\" \/>\n<meta property=\"og:title\" content=\"Vai pela sa\u00fade do corpo, e encontra a da alma\u2026 - Associa\u00e7\u00e3o Devotos de F\u00e1tima\" \/>\n<meta property=\"og:description\" content=\"Um dia, um jovem muito doente, por acaso, ouviu dizer que em \u201cF\u00e1tima havia uma Santinha que fazia milagres\u201d...Ligue para 0800 608 2128 e veja\" \/>\n<meta property=\"og:url\" content=\"https:\/\/www.adf.org.br\/home\/vai-pela-saude-do-corpo-e-encontra-da-alma\/\" \/>\n<meta property=\"og:site_name\" content=\"Associa\u00e7\u00e3o Devotos de F\u00e1tima\" \/>\n<meta property=\"article:published_time\" content=\"2019-07-10T10:30:15+00:00\" \/>\n<meta name=\"twitter:card\" content=\"summary_large_image\" \/>\n<meta name=\"twitter:label1\" content=\"Escrito por\" \/>\n\t<meta name=\"twitter:data1\" content=\"Gabriel Barbosa\" \/>\n\t<meta name=\"twitter:label2\" content=\"Est. tempo de leitura\" \/>\n\t<meta name=\"twitter:data2\" content=\"2 minutos\" \/>\n<script type=\"application\/ld+json\" class=\"yoast-schema-graph\">{\"@context\":\"https:\/\/schema.org\",\"@graph\":[{\"@type\":\"WebSite\",\"@id\":\"https:\/\/www.adf.org.br\/home\/#website\",\"url\":\"https:\/\/www.adf.org.br\/home\/\",\"name\":\"Associa\\u00e7\\u00e3o Devotos de F\\u00e1tima\",\"description\":\"Associa\\u00e7\\u00e3o Devotos de F\\u00e1tima\",\"potentialAction\":[{\"@type\":\"SearchAction\",\"target\":{\"@type\":\"EntryPoint\",\"urlTemplate\":\"https:\/\/www.adf.org.br\/home\/?s={search_term_string}\"},\"query-input\":\"required name=search_term_string\"}],\"inLanguage\":\"pt-BR\"},{\"@type\":\"ImageObject\",\"@id\":\"https:\/\/www.adf.org.br\/home\/vai-pela-saude-do-corpo-e-encontra-da-alma\/#primaryimage\",\"inLanguage\":\"pt-BR\",\"url\":\"\",\"contentUrl\":\"\"},{\"@type\":\"WebPage\",\"@id\":\"https:\/\/www.adf.org.br\/home\/vai-pela-saude-do-corpo-e-encontra-da-alma\/#webpage\",\"url\":\"https:\/\/www.adf.org.br\/home\/vai-pela-saude-do-corpo-e-encontra-da-alma\/\",\"name\":\"Vai pela sa\\u00fade do corpo, e encontra a da alma\\u2026 - Associa\\u00e7\\u00e3o Devotos de F\\u00e1tima\",\"isPartOf\":{\"@id\":\"https:\/\/www.adf.org.br\/home\/#website\"},\"primaryImageOfPage\":{\"@id\":\"https:\/\/www.adf.org.br\/home\/vai-pela-saude-do-corpo-e-encontra-da-alma\/#primaryimage\"},\"datePublished\":\"2019-07-10T10:30:15+00:00\",\"dateModified\":\"2019-07-10T10:30:15+00:00\",\"author\":{\"@id\":\"https:\/\/www.adf.org.br\/home\/#\/schema\/person\/f35a5c5aa7728a3dedf4ea9aa1fc2753\"},\"description\":\"Um dia, um jovem muito doente, por acaso, ouviu dizer que em \\u201cF\\u00e1tima havia uma Santinha que fazia milagres\\u201d...Ligue para 0800 608 2128 e veja\",\"breadcrumb\":{\"@id\":\"https:\/\/www.adf.org.br\/home\/vai-pela-saude-do-corpo-e-encontra-da-alma\/#breadcrumb\"},\"inLanguage\":\"pt-BR\",\"potentialAction\":[{\"@type\":\"ReadAction\",\"target\":[\"https:\/\/www.adf.org.br\/home\/vai-pela-saude-do-corpo-e-encontra-da-alma\/\"]}]},{\"@type\":\"BreadcrumbList\",\"@id\":\"https:\/\/www.adf.org.br\/home\/vai-pela-saude-do-corpo-e-encontra-da-alma\/#breadcrumb\",\"itemListElement\":[{\"@type\":\"ListItem\",\"position\":1,\"name\":\"Home\",\"item\":\"https:\/\/www.adf.org.br\/home\/\"},{\"@type\":\"ListItem\",\"position\":2,\"name\":\"Vai pela sa\\u00fade do corpo, e encontra a da alma\\u2026\"}]},{\"@type\":\"Person\",\"@id\":\"https:\/\/www.adf.org.br\/home\/#\/schema\/person\/f35a5c5aa7728a3dedf4ea9aa1fc2753\",\"name\":\"Gabriel Barbosa\",\"image\":{\"@type\":\"ImageObject\",\"@id\":\"https:\/\/www.adf.org.br\/home\/#personlogo\",\"inLanguage\":\"pt-BR\",\"url\":\"https:\/\/secure.gravatar.com\/avatar\/2b2cb2f4637682c5605e8d36818f51ef?s=96&d=mm&r=g\",\"contentUrl\":\"https:\/\/secure.gravatar.com\/avatar\/2b2cb2f4637682c5605e8d36818f51ef?s=96&d=mm&r=g\",\"caption\":\"Gabriel Barbosa\"},\"url\":\"https:\/\/www.adf.org.br\/home\/author\/gabrielpmk-com-br\/\"}]}<\/script>\n<!-- \/ Yoast SEO plugin. -->","yoast_head_json":{"title":"Vai pela sa\u00fade do corpo, e encontra a da alma\u2026 - Associa\u00e7\u00e3o Devotos de F\u00e1tima","description":"Um dia, um jovem muito doente, por acaso, ouviu dizer que em \u201cF\u00e1tima havia uma Santinha que fazia milagres\u201d...Ligue para 0800 608 2128 e veja","robots":{"index":"index","follow":"follow","max-snippet":"max-snippet:-1","max-image-preview":"max-image-preview:large","max-video-preview":"max-video-preview:-1"},"canonical":"https:\/\/www.adf.org.br\/home\/vai-pela-saude-do-corpo-e-encontra-da-alma\/","og_locale":"pt_BR","og_type":"article","og_title":"Vai pela sa\u00fade do corpo, e encontra a da alma\u2026 - Associa\u00e7\u00e3o Devotos de F\u00e1tima","og_description":"Um dia, um jovem muito doente, por acaso, ouviu dizer que em \u201cF\u00e1tima havia uma Santinha que fazia milagres\u201d...Ligue para 0800 608 2128 e veja","og_url":"https:\/\/www.adf.org.br\/home\/vai-pela-saude-do-corpo-e-encontra-da-alma\/","og_site_name":"Associa\u00e7\u00e3o Devotos de F\u00e1tima","article_published_time":"2019-07-10T10:30:15+00:00","twitter_card":"summary_large_image","twitter_misc":{"Escrito por":"Gabriel Barbosa","Est. tempo de leitura":"2 minutos"},"schema":{"@context":"https:\/\/schema.org","@graph":[{"@type":"WebSite","@id":"https:\/\/www.adf.org.br\/home\/#website","url":"https:\/\/www.adf.org.br\/home\/","name":"Associa\u00e7\u00e3o Devotos de F\u00e1tima","description":"Associa\u00e7\u00e3o Devotos de F\u00e1tima","potentialAction":[{"@type":"SearchAction","target":{"@type":"EntryPoint","urlTemplate":"https:\/\/www.adf.org.br\/home\/?s={search_term_string}"},"query-input":"required name=search_term_string"}],"inLanguage":"pt-BR"},{"@type":"ImageObject","@id":"https:\/\/www.adf.org.br\/home\/vai-pela-saude-do-corpo-e-encontra-da-alma\/#primaryimage","inLanguage":"pt-BR","url":"","contentUrl":""},{"@type":"WebPage","@id":"https:\/\/www.adf.org.br\/home\/vai-pela-saude-do-corpo-e-encontra-da-alma\/#webpage","url":"https:\/\/www.adf.org.br\/home\/vai-pela-saude-do-corpo-e-encontra-da-alma\/","name":"Vai pela sa\u00fade do corpo, e encontra a da alma\u2026 - Associa\u00e7\u00e3o Devotos de F\u00e1tima","isPartOf":{"@id":"https:\/\/www.adf.org.br\/home\/#website"},"primaryImageOfPage":{"@id":"https:\/\/www.adf.org.br\/home\/vai-pela-saude-do-corpo-e-encontra-da-alma\/#primaryimage"},"datePublished":"2019-07-10T10:30:15+00:00","dateModified":"2019-07-10T10:30:15+00:00","author":{"@id":"https:\/\/www.adf.org.br\/home\/#\/schema\/person\/f35a5c5aa7728a3dedf4ea9aa1fc2753"},"description":"Um dia, um jovem muito doente, por acaso, ouviu dizer que em \u201cF\u00e1tima havia uma Santinha que fazia milagres\u201d...Ligue para 0800 608 2128 e veja","breadcrumb":{"@id":"https:\/\/www.adf.org.br\/home\/vai-pela-saude-do-corpo-e-encontra-da-alma\/#breadcrumb"},"inLanguage":"pt-BR","potentialAction":[{"@type":"ReadAction","target":["https:\/\/www.adf.org.br\/home\/vai-pela-saude-do-corpo-e-encontra-da-alma\/"]}]},{"@type":"BreadcrumbList","@id":"https:\/\/www.adf.org.br\/home\/vai-pela-saude-do-corpo-e-encontra-da-alma\/#breadcrumb","itemListElement":[{"@type":"ListItem","position":1,"name":"Home","item":"https:\/\/www.adf.org.br\/home\/"},{"@type":"ListItem","position":2,"name":"Vai pela sa\u00fade do corpo, e encontra a da alma\u2026"}]},{"@type":"Person","@id":"https:\/\/www.adf.org.br\/home\/#\/schema\/person\/f35a5c5aa7728a3dedf4ea9aa1fc2753","name":"Gabriel Barbosa","image":{"@type":"ImageObject","@id":"https:\/\/www.adf.org.br\/home\/#personlogo","inLanguage":"pt-BR","url":"https:\/\/secure.gravatar.com\/avatar\/2b2cb2f4637682c5605e8d36818f51ef?s=96&d=mm&r=g","contentUrl":"https:\/\/secure.gravatar.com\/avatar\/2b2cb2f4637682c5605e8d36818f51ef?s=96&d=mm&r=g","caption":"Gabriel Barbosa"},"url":"https:\/\/www.adf.org.br\/home\/author\/gabrielpmk-com-br\/"}]}},"_links":{"self":[{"href":"https:\/\/www.adf.org.br\/home\/wp-json\/wp\/v2\/posts\/53266"}],"collection":[{"href":"https:\/\/www.adf.org.br\/home\/wp-json\/wp\/v2\/posts"}],"about":[{"href":"https:\/\/www.adf.org.br\/home\/wp-json\/wp\/v2\/types\/post"}],"author":[{"embeddable":true,"href":"https:\/\/www.adf.org.br\/home\/wp-json\/wp\/v2\/users\/31"}],"replies":[{"embeddable":true,"href":"https:\/\/www.adf.org.br\/home\/wp-json\/wp\/v2\/comments?post=53266"}],"version-history":[{"count":0,"href":"https:\/\/www.adf.org.br\/home\/wp-json\/wp\/v2\/posts\/53266\/revisions"}],"wp:featuredmedia":[{"embeddable":true,"href":"https:\/\/www.adf.org.br\/home\/wp-json\/wp\/v2\/media\/53271"}],"wp:attachment":[{"href":"https:\/\/www.adf.org.br\/home\/wp-json\/wp\/v2\/media?parent=53266"}],"wp:term":[{"taxonomy":"category","embeddable":true,"href":"https:\/\/www.adf.org.br\/home\/wp-json\/wp\/v2\/categories?post=53266"},{"taxonomy":"post_tag","embeddable":true,"href":"https:\/\/www.adf.org.br\/home\/wp-json\/wp\/v2\/tags?post=53266"}],"curies":[{"name":"wp","href":"https:\/\/api.w.org\/{rel}","templated":true}]}}