{"id":53245,"date":"2019-07-07T00:30:10","date_gmt":"2019-07-07T03:30:10","guid":{"rendered":"http:\/\/www.adf.org.br\/home\/?p=53245"},"modified":"2019-07-07T00:30:10","modified_gmt":"2019-07-07T03:30:10","slug":"para-que-nossa-senhora-nos-concede-cura","status":"publish","type":"post","link":"https:\/\/www.adf.org.br\/home\/para-que-nossa-senhora-nos-concede-cura\/","title":{"rendered":"Para que Nossa Senhora nos concede a cura?"},"content":{"rendered":"<p style=\"text-align: center;\"><a href=\"https:\/\/adf.org.br\/apostolosdacura\/?origem=11208\" target=\"_blank\" rel=\"noopener noreferrer\"><img loading=\"lazy\" class=\"alignnone wp-image-53249 size-full\" src=\"https:\/\/www.adf.org.br\/home\/wp-content\/uploads\/2019\/07\/Nossa-Senhora-de-Lourdes-1.jpg\" alt=\"Nossa Senhora de Lourdes 1\" width=\"332\" height=\"470\" \/><\/a><\/p>\n<p style=\"text-align: center;\"><span style=\"color: #ffffff;\">.<\/span><\/p>\n<p style=\"text-align: center;\"><span style=\"color: #003366; font-family: verdana, geneva, sans-serif; font-size: 14pt;\"><b>Nossa Senhora cura o corpo porque cura as almas<\/b><\/span><\/p>\n<p style=\"text-align: center;\"><span style=\"color: #000000; font-family: verdana, geneva, sans-serif; font-size: 12pt;\"><b>por <\/b><strong><i>Plinio Corr\u00eaa de Oliveira<\/i><\/strong><\/span><\/p>\n<p style=\"text-align: center;\"><span style=\"color: #000000; font-family: verdana, geneva, sans-serif; font-size: 12pt;\"><b>(famoso pensador cat\u00f3lico)<\/b><\/span><\/p>\n<p><span style=\"color: #ffffff;\">.<\/span><\/p>\n<p><span style=\"font-weight: 400; color: #000000; font-family: verdana, geneva, sans-serif; font-size: 12pt;\"><span style=\"font-size: 24pt;\">E<\/span>u me lembro de uma can\u00e7\u00e3ozinha religiosa, que se cantava no meu tempo, em que havia um resto de piedade, e que dizia:<\/span><\/p>\n<p><span style=\"color: #ffffff;\">.<\/span><\/p>\n<p style=\"text-align: center;\"><span style=\"color: #003366; font-family: verdana, geneva, sans-serif; font-size: 12pt;\"><i><span style=\"font-weight: 400;\">\u201cSalve, \u00f3 M\u00e3e! Salve, \u00f3 Virgem<\/span><\/i><\/span><\/p>\n<p style=\"text-align: center;\"><span style=\"color: #003366; font-family: verdana, geneva, sans-serif; font-size: 12pt;\"><i><span style=\"font-weight: 400;\">Sant\u00edssima! Do universo portento e<\/span><\/i><\/span><\/p>\n<p style=\"text-align: center;\"><span style=\"color: #003366; font-family: verdana, geneva, sans-serif; font-size: 12pt;\"><i><span style=\"font-weight: 400;\">primor; mais espl\u00eandida gl\u00f3ria que<\/span><\/i><\/span><\/p>\n<p style=\"text-align: center;\"><span style=\"color: #003366; font-family: verdana, geneva, sans-serif; font-size: 12pt;\"><i><span style=\"font-weight: 400;\">a Tua, s\u00f3 tem Deus, do universo<\/span><\/i><\/span><\/p>\n<p style=\"text-align: center;\"><span style=\"color: #003366; font-family: verdana, geneva, sans-serif; font-size: 12pt;\"><i><span style=\"font-weight: 400;\">Senhor.\u201d<\/span><\/i><\/span><\/p>\n<p><span style=\"color: #ffffff;\">.<\/span><\/p>\n<p><span style=\"color: #000000; font-family: verdana, geneva, sans-serif; font-size: 12pt;\"><span style=\"font-weight: 400;\">\u00c9 piedosa a can\u00e7\u00e3o e realmente a conclus\u00e3o \u00e9 esta: <\/span><b><i>mais espl\u00eandida gl\u00f3ria que a Tua s\u00f3 tem Deus, do universo Senhor.<\/i><\/b><\/span><\/p>\n<p><span style=\"color: #ffffff;\">.<\/span><\/p>\n<p><span style=\"color: #000000; font-family: verdana, geneva, sans-serif; font-size: 12pt;\"><span style=\"font-weight: 400;\">Quer dizer, Nossa Senhora est\u00e1 infinitamente abaixo de Deus. E tudo quanto est\u00e1 abaixo de Nossa Senhora est\u00e1 incomensuravelmente abaixo dEla. <\/span><b>\u00c9 o que a perenidade das curas de Lourdes nos diz<\/b><span style=\"font-weight: 400;\">.<\/span><\/span><\/p>\n<p><span style=\"color: #ffffff;\">.<\/span><\/p>\n<p><span style=\"font-weight: 400; color: #000000; font-family: verdana, geneva, sans-serif; font-size: 12pt;\">H\u00e1 uma certa religiosidade preocupada com as gra\u00e7as materiais, a pedir favores materiais, etc., etc., que desdenha os favores espirituais e que se impressiona muito com as gra\u00e7as materiais de Lourdes.<\/span><\/p>\n<p><span style=\"color: #ffffff;\">.<\/span><\/p>\n<p style=\"padding-left: 90px;\"><span style=\"color: #003366; font-family: verdana, geneva, sans-serif; font-size: 12pt;\"><i><span style=\"font-weight: 400;\">H\u00e1 quem n\u00e3o compreenda que os favores materiais que Deus d\u00e1 s\u00e3o de fato favores. E favores que a gente deve pedir. Mas que s\u00f3 s\u00e3o verdadeiramente favores, na medida em que levam a nossa alma a desejar os favores espirituais, as gra\u00e7as para a alma.<\/span><\/i><\/span><\/p>\n<p><span style=\"color: #ffffff;\">.<\/span><\/p>\n<p><span style=\"color: #000000; font-family: verdana, geneva, sans-serif; font-size: 12pt;\"><span style=\"font-weight: 400;\">\u00c9 por a\u00ed que verdadeiramente Deus atrai as almas para Ele, porque todos os favores t\u00eam este fim. <\/span><b>Mas muito mais do que isto Ela quer fazer a ele um bem \u00e0 sua alma. E serve-se de um milagre f\u00edsico, para fazer bem \u00e0 alma dele e dos outros que v\u00eaem isto.<\/b><\/span><\/p>\n<p><span style=\"color: #ffffff;\">.<\/span><\/p>\n<p><span style=\"font-weight: 400; color: #000000; font-family: verdana, geneva, sans-serif; font-size: 12pt;\">E o bem que no caso est\u00e1 em vista \u00e9 uma grande f\u00e9 na verdade de que Ela \u00e9 medianeira de todas as gra\u00e7as.<\/span><\/p>\n<p><span style=\"font-weight: 400; color: #000000; font-family: verdana, geneva, sans-serif; font-size: 12pt;\">\u00c9 claro que Nossa Senhora ama, preza de nos livrar de um mal da garganta, por exemplo, nos casos em que esse mal n\u00e3o nos conduza para a salva\u00e7\u00e3o.<\/span><\/p>\n<p><span style=\"font-weight: 400; color: #000000; font-family: verdana, geneva, sans-serif; font-size: 12pt;\">Porque \u00e0s vezes uma dor de garganta, e coisas piores do que isto, ocasionalmente faz muito bem para muita gente.<\/span><\/p>\n<p><span style=\"color: #ffffff;\">.<\/span><\/p>\n<p style=\"padding-left: 90px;\"><span style=\"color: #003366;\"><em><span style=\"font-weight: 400; font-family: verdana, geneva, sans-serif; font-size: 12pt;\">Se n\u00e3o houvesse doen\u00e7a na terra, o inferno estaria muit\u00edssimo mais cheio do que est\u00e1.<\/span><\/em><\/span><\/p>\n<p style=\"padding-left: 90px;\"><span style=\"color: #003366;\"><em><span style=\"font-weight: 400; font-family: verdana, geneva, sans-serif; font-size: 12pt;\">N\u00e3o \u00e9 muito n\u00e3o, \u00e9 muit\u00edssimo mais cheio do que est\u00e1. Portanto, n\u00e3o \u00e9 qualquer doen\u00e7a que Nossa Senhora cura.<\/span><\/em><\/span><\/p>\n<p style=\"padding-left: 90px;\"><span style=\"color: #003366; font-family: verdana, geneva, sans-serif; font-size: 12pt;\"><i><span style=\"font-weight: 400;\">Mas quando \u00e9 o caso de curar, Ela cura com amor materno, porque gosta muito de curar.<\/span><\/i><\/span><\/p>\n<p><span style=\"color: #ffffff;\">.<\/span><\/p>\n<p><span style=\"color: #000000; font-family: verdana, geneva, sans-serif; font-size: 12pt;\"><b>Mas Ela cura para qu\u00ea? <\/b><span style=\"font-weight: 400;\">Para fazer sentir \u00e0s pessoas a bondade dEla. <span style=\"color: #003366;\"><strong>E para lhes estimular o desejo de se curarem dos males, das doen\u00e7as da alma, para adquirirem os bens da alma; \u00e9 para isso que Ela faz<\/strong><\/span>. E \u00e9 assim que a coisa deve ser vista. Realmente para a cura do corpo, considerando tamb\u00e9m em si a cura do corpo, mas visando sobretudo a cura da alma.<\/span><\/span><\/p>\n<p><span style=\"color: #ffffff;\">.<\/span><\/p>\n<p style=\"text-align: right;\"><span style=\"color: #000000; font-family: verdana, geneva, sans-serif; font-size: 10pt;\"><b>Fonte: <\/b><span style=\"color: #0000ff;\"><a style=\"color: #0000ff;\" href=\"https:\/\/go.hotmart.com\/F9378041N\" target=\"_blank\" rel=\"noopener noreferrer\"><em><span style=\"font-weight: 400;\">O Livro da Cura por intercess\u00e3o de Nossa Senhora de Lourdes<\/span><\/em><\/a><\/span><\/span><\/p>\n<p><span style=\"color: #ffffff;\">.<\/span><\/p>\n<hr \/>\n<h6 style=\"text-align: center;\"><span style=\"color: #800080; font-family: verdana, geneva, sans-serif; font-size: 14pt;\"><b>Acenda uma vela em louvor a Nossa Senhora de Lourdes<\/b><\/span><\/h6>\n<p><span style=\"color: #ffffff;\">.<\/span><\/p>\n<p style=\"text-align: center;\"><span style=\"font-weight: 400; color: #000000; font-family: verdana, geneva, sans-serif; font-size: 12pt;\">Voc\u00ea ou algu\u00e9m que voc\u00ea ama precisa da intercess\u00e3o de Nossa Senhora por uma cura f\u00edsica ou espiritual?<\/span><\/p>\n<p><span style=\"color: #ffffff;\">.<\/span><\/p>\n<p style=\"text-align: center;\"><span style=\"color: #000000; font-family: verdana, geneva, sans-serif; font-size: 12pt;\"><a href=\"https:\/\/adf.org.br\/velario\/lourdes?origem=11208\" target=\"_blank\" rel=\"noopener noreferrer\"><b><span style=\"color: #0000ff;\">CLIQUE AQUI<\/span> <\/b><\/a><span style=\"font-weight: 400;\">ou na<\/span><b> imagem abaixo <\/b><span style=\"font-weight: 400;\">para acender a vela e inscrever seus pedidos de ora\u00e7\u00e3o que ser\u00e3o levados para a Santa Missa.<\/span><\/span><\/p>\n<p style=\"text-align: center;\"><span style=\"color: #ffffff;\">.<\/span><\/p>\n<p style=\"text-align: center;\"><a href=\"https:\/\/adf.org.br\/velario\/lourdes?origem=11208\" target=\"_blank\" rel=\"noopener noreferrer\"><img loading=\"lazy\" class=\"alignnone wp-image-53248 size-full\" src=\"https:\/\/www.adf.org.br\/home\/wp-content\/uploads\/2019\/07\/Vela.png\" alt=\"Vela\" width=\"472\" height=\"359\" \/><\/a><\/p>\n<p style=\"text-align: center;\"><span style=\"color: #ffffff;\">.<\/span><\/p>\n<p style=\"text-align: center;\"><span style=\"font-size: 12pt;\"><strong><span style=\"color: #000000; font-family: verdana, geneva, sans-serif;\">Feche seus olhos, reze e tenha F\u00e9!<\/span><\/strong><\/span><\/p>\n<p style=\"text-align: center;\"><span style=\"font-size: 12pt; color: #ffffff;\"><strong><span style=\"font-family: verdana, geneva, sans-serif;\">.\u00a0<\/span><\/strong><\/span><\/p>\n<p style=\"text-align: center;\"><span style=\"color: #800080; font-family: verdana, geneva, sans-serif; font-size: 12pt;\"><i><span style=\"font-weight: 400;\">Certamente a Virgem Sant\u00edssima ir\u00e1 ouvir suas preces e conceder\u00e1 a gra\u00e7a que voc\u00ea precisa.\u00a0\u00a0<\/span><\/i><\/span><\/p>\n<p><span style=\"color: #ffffff;\">.<\/span><\/p>\n<hr \/>\n<p style=\"text-align: center;\"><a href=\"http:\/\/feedburner.google.com\/fb\/a\/mailverify?uri=devotosdefatima&amp;loc=pt_BR\" target=\"_blank\" rel=\"noopener noreferrer\"><img loading=\"lazy\" class=\"alignnone wp-image-53062 size-full\" src=\"https:\/\/www.adf.org.br\/home\/wp-content\/uploads\/2019\/06\/ADF-Bot\u00e3o-Feedburner-3.png\" alt=\"ADF - Bot\u00e3o Feedburner\" width=\"362\" height=\"192\" \/><\/a><\/p>\n<p style=\"text-align: center;\"><span style=\"color: #ffffff;\">.<\/span><\/p>\n","protected":false},"excerpt":{"rendered":"<p>. Nossa Senhora cura o corpo porque cura as almas por Plinio Corr\u00eaa de Oliveira (famoso pensador cat\u00f3lico) . Eu me lembro de uma can\u00e7\u00e3ozinha religiosa, que se cantava no meu tempo, em que havia um resto de piedade, e que dizia: . \u201cSalve, \u00f3 M\u00e3e! Salve, \u00f3 Virgem Sant\u00edssima! Do universo portento e primor; [&hellip;]<\/p>\n","protected":false},"author":31,"featured_media":53250,"comment_status":"open","ping_status":"open","sticky":false,"template":"","format":"standard","meta":[],"categories":[20,2387,2460],"tags":[2923,3043,54,1001],"yoast_head":"<!-- This site is optimized with the Yoast SEO plugin v17.4 - https:\/\/yoast.com\/wordpress\/plugins\/seo\/ -->\n<title>Para que Nossa Senhora nos concede a cura? - Associa\u00e7\u00e3o Devotos de F\u00e1tima<\/title>\n<meta name=\"description\" content=\"Leia este artigo de Plinio Corr\u00eaa de Oliveira e entenda porque Nossa Senhora nos concede a cura. Acenda a vela da Virgem de Lourdes e inscreva\" \/>\n<meta name=\"robots\" content=\"index, follow, max-snippet:-1, max-image-preview:large, max-video-preview:-1\" \/>\n<link rel=\"canonical\" href=\"https:\/\/www.adf.org.br\/home\/para-que-nossa-senhora-nos-concede-cura\/\" \/>\n<meta property=\"og:locale\" content=\"pt_BR\" \/>\n<meta property=\"og:type\" content=\"article\" \/>\n<meta property=\"og:title\" content=\"Para que Nossa Senhora nos concede a cura? - Associa\u00e7\u00e3o Devotos de F\u00e1tima\" \/>\n<meta property=\"og:description\" content=\"Leia este artigo de Plinio Corr\u00eaa de Oliveira e entenda porque Nossa Senhora nos concede a cura. Acenda a vela da Virgem de Lourdes e inscreva\" \/>\n<meta property=\"og:url\" content=\"https:\/\/www.adf.org.br\/home\/para-que-nossa-senhora-nos-concede-cura\/\" \/>\n<meta property=\"og:site_name\" content=\"Associa\u00e7\u00e3o Devotos de F\u00e1tima\" \/>\n<meta property=\"article:published_time\" content=\"2019-07-07T03:30:10+00:00\" \/>\n<meta name=\"twitter:card\" content=\"summary_large_image\" \/>\n<meta name=\"twitter:label1\" content=\"Escrito por\" \/>\n\t<meta name=\"twitter:data1\" content=\"Gabriel Barbosa\" \/>\n\t<meta name=\"twitter:label2\" content=\"Est. tempo de leitura\" \/>\n\t<meta name=\"twitter:data2\" content=\"3 minutos\" \/>\n<script type=\"application\/ld+json\" class=\"yoast-schema-graph\">{\"@context\":\"https:\/\/schema.org\",\"@graph\":[{\"@type\":\"WebSite\",\"@id\":\"https:\/\/www.adf.org.br\/home\/#website\",\"url\":\"https:\/\/www.adf.org.br\/home\/\",\"name\":\"Associa\\u00e7\\u00e3o Devotos de F\\u00e1tima\",\"description\":\"Associa\\u00e7\\u00e3o Devotos de F\\u00e1tima\",\"potentialAction\":[{\"@type\":\"SearchAction\",\"target\":{\"@type\":\"EntryPoint\",\"urlTemplate\":\"https:\/\/www.adf.org.br\/home\/?s={search_term_string}\"},\"query-input\":\"required name=search_term_string\"}],\"inLanguage\":\"pt-BR\"},{\"@type\":\"ImageObject\",\"@id\":\"https:\/\/www.adf.org.br\/home\/para-que-nossa-senhora-nos-concede-cura\/#primaryimage\",\"inLanguage\":\"pt-BR\",\"url\":\"\",\"contentUrl\":\"\"},{\"@type\":\"WebPage\",\"@id\":\"https:\/\/www.adf.org.br\/home\/para-que-nossa-senhora-nos-concede-cura\/#webpage\",\"url\":\"https:\/\/www.adf.org.br\/home\/para-que-nossa-senhora-nos-concede-cura\/\",\"name\":\"Para que Nossa Senhora nos concede a cura? - Associa\\u00e7\\u00e3o Devotos de F\\u00e1tima\",\"isPartOf\":{\"@id\":\"https:\/\/www.adf.org.br\/home\/#website\"},\"primaryImageOfPage\":{\"@id\":\"https:\/\/www.adf.org.br\/home\/para-que-nossa-senhora-nos-concede-cura\/#primaryimage\"},\"datePublished\":\"2019-07-07T03:30:10+00:00\",\"dateModified\":\"2019-07-07T03:30:10+00:00\",\"author\":{\"@id\":\"https:\/\/www.adf.org.br\/home\/#\/schema\/person\/f35a5c5aa7728a3dedf4ea9aa1fc2753\"},\"description\":\"Leia este artigo de Plinio Corr\\u00eaa de Oliveira e entenda porque Nossa Senhora nos concede a cura. Acenda a vela da Virgem de Lourdes e inscreva\",\"breadcrumb\":{\"@id\":\"https:\/\/www.adf.org.br\/home\/para-que-nossa-senhora-nos-concede-cura\/#breadcrumb\"},\"inLanguage\":\"pt-BR\",\"potentialAction\":[{\"@type\":\"ReadAction\",\"target\":[\"https:\/\/www.adf.org.br\/home\/para-que-nossa-senhora-nos-concede-cura\/\"]}]},{\"@type\":\"BreadcrumbList\",\"@id\":\"https:\/\/www.adf.org.br\/home\/para-que-nossa-senhora-nos-concede-cura\/#breadcrumb\",\"itemListElement\":[{\"@type\":\"ListItem\",\"position\":1,\"name\":\"Home\",\"item\":\"https:\/\/www.adf.org.br\/home\/\"},{\"@type\":\"ListItem\",\"position\":2,\"name\":\"Para que Nossa Senhora nos concede a cura?\"}]},{\"@type\":\"Person\",\"@id\":\"https:\/\/www.adf.org.br\/home\/#\/schema\/person\/f35a5c5aa7728a3dedf4ea9aa1fc2753\",\"name\":\"Gabriel Barbosa\",\"image\":{\"@type\":\"ImageObject\",\"@id\":\"https:\/\/www.adf.org.br\/home\/#personlogo\",\"inLanguage\":\"pt-BR\",\"url\":\"https:\/\/secure.gravatar.com\/avatar\/2b2cb2f4637682c5605e8d36818f51ef?s=96&d=mm&r=g\",\"contentUrl\":\"https:\/\/secure.gravatar.com\/avatar\/2b2cb2f4637682c5605e8d36818f51ef?s=96&d=mm&r=g\",\"caption\":\"Gabriel Barbosa\"},\"url\":\"https:\/\/www.adf.org.br\/home\/author\/gabrielpmk-com-br\/\"}]}<\/script>\n<!-- \/ Yoast SEO plugin. -->","yoast_head_json":{"title":"Para que Nossa Senhora nos concede a cura? - Associa\u00e7\u00e3o Devotos de F\u00e1tima","description":"Leia este artigo de Plinio Corr\u00eaa de Oliveira e entenda porque Nossa Senhora nos concede a cura. Acenda a vela da Virgem de Lourdes e inscreva","robots":{"index":"index","follow":"follow","max-snippet":"max-snippet:-1","max-image-preview":"max-image-preview:large","max-video-preview":"max-video-preview:-1"},"canonical":"https:\/\/www.adf.org.br\/home\/para-que-nossa-senhora-nos-concede-cura\/","og_locale":"pt_BR","og_type":"article","og_title":"Para que Nossa Senhora nos concede a cura? - Associa\u00e7\u00e3o Devotos de F\u00e1tima","og_description":"Leia este artigo de Plinio Corr\u00eaa de Oliveira e entenda porque Nossa Senhora nos concede a cura. Acenda a vela da Virgem de Lourdes e inscreva","og_url":"https:\/\/www.adf.org.br\/home\/para-que-nossa-senhora-nos-concede-cura\/","og_site_name":"Associa\u00e7\u00e3o Devotos de F\u00e1tima","article_published_time":"2019-07-07T03:30:10+00:00","twitter_card":"summary_large_image","twitter_misc":{"Escrito por":"Gabriel Barbosa","Est. tempo de leitura":"3 minutos"},"schema":{"@context":"https:\/\/schema.org","@graph":[{"@type":"WebSite","@id":"https:\/\/www.adf.org.br\/home\/#website","url":"https:\/\/www.adf.org.br\/home\/","name":"Associa\u00e7\u00e3o Devotos de F\u00e1tima","description":"Associa\u00e7\u00e3o Devotos de F\u00e1tima","potentialAction":[{"@type":"SearchAction","target":{"@type":"EntryPoint","urlTemplate":"https:\/\/www.adf.org.br\/home\/?s={search_term_string}"},"query-input":"required name=search_term_string"}],"inLanguage":"pt-BR"},{"@type":"ImageObject","@id":"https:\/\/www.adf.org.br\/home\/para-que-nossa-senhora-nos-concede-cura\/#primaryimage","inLanguage":"pt-BR","url":"","contentUrl":""},{"@type":"WebPage","@id":"https:\/\/www.adf.org.br\/home\/para-que-nossa-senhora-nos-concede-cura\/#webpage","url":"https:\/\/www.adf.org.br\/home\/para-que-nossa-senhora-nos-concede-cura\/","name":"Para que Nossa Senhora nos concede a cura? - Associa\u00e7\u00e3o Devotos de F\u00e1tima","isPartOf":{"@id":"https:\/\/www.adf.org.br\/home\/#website"},"primaryImageOfPage":{"@id":"https:\/\/www.adf.org.br\/home\/para-que-nossa-senhora-nos-concede-cura\/#primaryimage"},"datePublished":"2019-07-07T03:30:10+00:00","dateModified":"2019-07-07T03:30:10+00:00","author":{"@id":"https:\/\/www.adf.org.br\/home\/#\/schema\/person\/f35a5c5aa7728a3dedf4ea9aa1fc2753"},"description":"Leia este artigo de Plinio Corr\u00eaa de Oliveira e entenda porque Nossa Senhora nos concede a cura. Acenda a vela da Virgem de Lourdes e inscreva","breadcrumb":{"@id":"https:\/\/www.adf.org.br\/home\/para-que-nossa-senhora-nos-concede-cura\/#breadcrumb"},"inLanguage":"pt-BR","potentialAction":[{"@type":"ReadAction","target":["https:\/\/www.adf.org.br\/home\/para-que-nossa-senhora-nos-concede-cura\/"]}]},{"@type":"BreadcrumbList","@id":"https:\/\/www.adf.org.br\/home\/para-que-nossa-senhora-nos-concede-cura\/#breadcrumb","itemListElement":[{"@type":"ListItem","position":1,"name":"Home","item":"https:\/\/www.adf.org.br\/home\/"},{"@type":"ListItem","position":2,"name":"Para que Nossa Senhora nos concede a cura?"}]},{"@type":"Person","@id":"https:\/\/www.adf.org.br\/home\/#\/schema\/person\/f35a5c5aa7728a3dedf4ea9aa1fc2753","name":"Gabriel Barbosa","image":{"@type":"ImageObject","@id":"https:\/\/www.adf.org.br\/home\/#personlogo","inLanguage":"pt-BR","url":"https:\/\/secure.gravatar.com\/avatar\/2b2cb2f4637682c5605e8d36818f51ef?s=96&d=mm&r=g","contentUrl":"https:\/\/secure.gravatar.com\/avatar\/2b2cb2f4637682c5605e8d36818f51ef?s=96&d=mm&r=g","caption":"Gabriel Barbosa"},"url":"https:\/\/www.adf.org.br\/home\/author\/gabrielpmk-com-br\/"}]}},"_links":{"self":[{"href":"https:\/\/www.adf.org.br\/home\/wp-json\/wp\/v2\/posts\/53245"}],"collection":[{"href":"https:\/\/www.adf.org.br\/home\/wp-json\/wp\/v2\/posts"}],"about":[{"href":"https:\/\/www.adf.org.br\/home\/wp-json\/wp\/v2\/types\/post"}],"author":[{"embeddable":true,"href":"https:\/\/www.adf.org.br\/home\/wp-json\/wp\/v2\/users\/31"}],"replies":[{"embeddable":true,"href":"https:\/\/www.adf.org.br\/home\/wp-json\/wp\/v2\/comments?post=53245"}],"version-history":[{"count":0,"href":"https:\/\/www.adf.org.br\/home\/wp-json\/wp\/v2\/posts\/53245\/revisions"}],"wp:featuredmedia":[{"embeddable":true,"href":"https:\/\/www.adf.org.br\/home\/wp-json\/wp\/v2\/media\/53250"}],"wp:attachment":[{"href":"https:\/\/www.adf.org.br\/home\/wp-json\/wp\/v2\/media?parent=53245"}],"wp:term":[{"taxonomy":"category","embeddable":true,"href":"https:\/\/www.adf.org.br\/home\/wp-json\/wp\/v2\/categories?post=53245"},{"taxonomy":"post_tag","embeddable":true,"href":"https:\/\/www.adf.org.br\/home\/wp-json\/wp\/v2\/tags?post=53245"}],"curies":[{"name":"wp","href":"https:\/\/api.w.org\/{rel}","templated":true}]}}