{"id":53207,"date":"2021-01-22T08:00:30","date_gmt":"2021-01-22T11:00:30","guid":{"rendered":"http:\/\/www.adf.org.br\/home\/?p=53207"},"modified":"2021-01-21T16:07:03","modified_gmt":"2021-01-21T19:07:03","slug":"oracao-nossa-senhora-de-lourdes-padroeira-da-saude","status":"publish","type":"post","link":"https:\/\/www.adf.org.br\/home\/oracao-nossa-senhora-de-lourdes-padroeira-da-saude\/","title":{"rendered":"Ora\u00e7\u00e3o \u00e0 Nossa Senhora de Lourdes, Padroeira da Sa\u00fade"},"content":{"rendered":"<h6 style=\"text-align: center;\"><a href=\"https:\/\/adf.org.br\/apostolosdacura?origem=11200\" target=\"_blank\" rel=\"noopener noreferrer\"><img loading=\"lazy\" class=\"alignnone wp-image-53209 size-full\" src=\"https:\/\/www.adf.org.br\/home\/wp-content\/uploads\/2019\/07\/Nossa-Senhora-de-Lourdes-3.jpg\" alt=\"Nossa Senhora de Lourdes 3\" width=\"439\" height=\"600\" \/><\/a><\/h6>\n<p><span style=\"color: #ffffff;\">.<\/span><\/p>\n<h6 style=\"text-align: center;\"><span style=\"font-family: verdana, geneva, sans-serif; color: #003366; font-size: 14pt;\"><b>Ora\u00e7\u00e3o a Virgem de Lourdes composta pelo Papa Pio XII<\/b><\/span><\/h6>\n<p><span style=\"font-family: verdana, geneva, sans-serif; color: #ffffff; font-size: 12pt;\">.<\/span><\/p>\n<p><em><span style=\"font-weight: 400; font-family: verdana, geneva, sans-serif; color: #000000; font-size: 12pt;\">D\u00f3ceis ao convite de vossa voz maternal, \u00d3 Virgem Imaculada de Lourdes;<\/span><\/em><\/p>\n<p><span style=\"color: #ffffff;\">.<\/span><span style=\"color: #003366;\"><em><span style=\"font-weight: 400; font-family: verdana, geneva, sans-serif; font-size: 12pt;\">Acorremos a vossos p\u00e9s junto da humilde gruta onde vos dignastes aparecer para indicar aos que se extraviam, o caminho da ora\u00e7\u00e3o e da penit\u00eancia;<\/span><\/em><\/span><span style=\"color: #ffffff;\">.<\/span><\/p>\n<p><em><span style=\"font-weight: 400; font-family: verdana, geneva, sans-serif; color: #000000; font-size: 12pt;\">E para dispensar aos que sofrem, as gra\u00e7as e os prod\u00edgios da vossa soberana bondade.<\/span><\/em><span style=\"color: #ffffff;\">.<\/span><\/p>\n<p><span style=\"color: #003366;\"><em><span style=\"font-weight: 400; font-family: verdana, geneva, sans-serif; font-size: 12pt;\">Recebei, Rainha compassiva, os louvores e as s\u00faplicas que os povos e as na\u00e7\u00f5es oprimidos pela amargura e pela ang\u00fastia elevam confiantes a v\u00f3s.<\/span><\/em><\/span><em><span style=\"font-family: verdana, geneva, sans-serif; color: #ffffff; font-size: 12pt;\">.<\/span><\/em><\/p>\n<p><em><span style=\"font-weight: 400; font-family: verdana, geneva, sans-serif; color: #000000; font-size: 12pt;\">\u00d3 resplandecente vis\u00e3o do para\u00edso, expulsai dos esp\u00edritos \u2013 pela luz da f\u00e9 \u2013 as trevas do erro. \u00d3 m\u00edstico ros\u00e1rio com o celeste perfume da esperan\u00e7a, aliviai as almas abatidas.<\/span><\/em><em><span style=\"font-family: verdana, geneva, sans-serif; color: #ffffff; font-size: 12pt;\">.<\/span><\/em><\/p>\n<p><span style=\"color: #003366;\"><em><span style=\"font-weight: 400; font-family: verdana, geneva, sans-serif; font-size: 12pt;\">\u00d3 fonte inesgot\u00e1vel de \u00e1gua salutar com as ondas da divina caridade, reanimai os cora\u00e7\u00f5es \u00e1ridos.<\/span><\/em><\/span><em><span style=\"font-family: verdana, geneva, sans-serif; color: #ffffff; font-size: 12pt;\">.<\/span><\/em><\/p>\n<p><em><span style=\"font-weight: 400; font-family: verdana, geneva, sans-serif; color: #000000; font-size: 12pt;\">Fazei que todos n\u00f3s, que somos vossos filhos por v\u00f3s confortados em nossas penas, protegidos nos perigos, sustentados nas lutas;<\/span><\/em><em><span style=\"font-family: verdana, geneva, sans-serif; color: #ffffff; font-size: 12pt;\">.<\/span><\/em><\/p>\n<p><span style=\"color: #003366;\"><em><span style=\"font-weight: 400; font-family: verdana, geneva, sans-serif; font-size: 12pt;\">Nos amemos uns aos outros e sirvamos t\u00e3o bem ao vosso doce Jesus que mere\u00e7amos as alegrias eternas junto a vosso trono no c\u00e9u.<\/span><\/em><\/span><span style=\"color: #ffffff;\">.<\/span><\/p>\n<p><em><span style=\"font-weight: 400; font-family: verdana, geneva, sans-serif; color: #000000; font-size: 12pt;\">Am\u00e9m.<\/span><\/em><\/p>\n<p><span style=\"font-family: verdana, geneva, sans-serif; color: #ffffff; font-size: 12pt;\">.<\/span><\/p>\n<hr \/>\n<p style=\"text-align: center;\"><span style=\"font-family: verdana, geneva, sans-serif; color: #000000; font-size: 14pt;\"><b>Voc\u00ea sabia que <a href=\"https:\/\/adf.org.br\/apostolosdacura?origem=11200\" target=\"_blank\" rel=\"noopener noreferrer\"><span style=\"color: #0000ff;\">Nossa Senhora de Lourdes<\/span><\/a> \u00e9 considerada <\/b><\/span><\/p>\n<p style=\"text-align: center;\"><span style=\"font-family: verdana, geneva, sans-serif; color: #000000; font-size: 14pt;\"><b><span style=\"color: #000000;\">Padroeira da Sa\u00fade e Protetora dos Enfermos<\/span>?<\/b><\/span><\/p>\n<p style=\"text-align: center;\"><a href=\"https:\/\/adf.org.br\/apostolosdacura?origem=11200\" target=\"_blank\" rel=\"noopener noreferrer\"><img loading=\"lazy\" class=\"alignnone wp-image-53214 size-medium\" src=\"https:\/\/www.adf.org.br\/home\/wp-content\/uploads\/2019\/07\/Nossa-Senhora-de-Lourdes-219x300.png\" alt=\"Nossa-Senhora-de-Lourdes\" width=\"219\" height=\"300\" \/><\/a><\/p>\n<p style=\"text-align: center;\"><span style=\"font-weight: 400; font-family: verdana, geneva, sans-serif; color: #000000; font-size: 12pt;\">Portanto, se voc\u00ea precisa de uma cura, seja para seu corpo ou para sua alma, suplique a intercess\u00e3o da Virgem de Lourdes.\u00a0<\/span><\/p>\n<p style=\"text-align: center;\"><span style=\"font-family: verdana, geneva, sans-serif; color: #ffffff; font-size: 12pt;\">.<\/span><\/p>\n<p style=\"text-align: center;\"><span style=\"font-family: verdana, geneva, sans-serif; color: #000000; font-size: 12pt;\"><b>Entre em contato com o n\u00famero:<br \/>\n<\/b><\/span><span style=\"font-size: 24pt;\"><strong><span style=\"font-family: verdana, geneva, sans-serif; color: #0000ff;\"><a style=\"color: #0000ff;\" href=\"tel:08006082128\" target=\"_blank\" rel=\"noopener noreferrer\">0800 608 2128<\/a><br \/>\n<\/span><\/strong><\/span><span style=\"font-family: verdana, geneva, sans-serif; color: #000000; font-size: 10pt;\"><i><span style=\"font-weight: 400;\"><strong>Dica:<\/strong> Se estiver no celular, somente tecle no n\u00famero para discar automaticamente.<\/span><\/i><\/span><\/p>\n<p style=\"text-align: center;\"><span style=\"font-family: verdana, geneva, sans-serif; color: #ffffff; font-size: 12pt;\">.<\/span><\/p>\n<p style=\"text-align: center;\"><span style=\"font-size: 12pt;\"><strong><span style=\"font-family: verdana, geneva, sans-serif; color: #000000;\"><span style=\"color: #800080;\">E registre seu nome e seus pedidos de ora\u00e7\u00e3o na pr\u00f3xima Santa Missa dedicada a Nossa Senhora que faremos celebrar.<\/span>\u00a0<\/span><\/strong><\/span><\/p>\n<p style=\"text-align: center;\"><span style=\"font-family: verdana, geneva, sans-serif; color: #ffffff; font-size: 12pt;\">.<\/span><\/p>\n<blockquote>\n<p style=\"text-align: center;\"><span style=\"font-weight: 400; font-family: verdana, geneva, sans-serif; color: #000000; font-size: 12pt;\">A liga\u00e7\u00e3o \u00e9 sem custos para todo o Brasil.<\/span><\/p>\n<p style=\"text-align: center;\"><span style=\"font-weight: 400; font-family: verdana, geneva, sans-serif; color: #000000; font-size: 12pt;\">O hor\u00e1rio de atendimento para a<strong> inscri\u00e7\u00e3o de preces<\/strong> \u00e9 de <strong>segunda a sexta-feira das 08h \u00e0s 18h.<\/strong><\/span><\/p>\n<p>&nbsp;<\/p><\/blockquote>\n<p style=\"text-align: center;\"><span style=\"font-family: verdana, geneva, sans-serif; color: #000000; font-size: 12pt;\"><span style=\"font-weight: 400;\">Quando voc\u00ea ligar pergunte a uma de nossas colaboradoras, como \u00e9 poss\u00edvel receber esta <\/span><a href=\"https:\/\/adf.org.br\/apostolosdacura\/?origem=17532\" target=\"_blank\" rel=\"noopener noreferrer\"><span style=\"color: #0000ff;\"><b>Bel\u00edssima Medalha de Nossa Senhora de Lourdes<\/b><span style=\"font-weight: 400;\">.<\/span><\/span><\/a><\/span><\/p>\n<p style=\"text-align: center;\"><a href=\"https:\/\/adf.org.br\/apostolosdacura\/?origem=17532\" target=\"_blank\" rel=\"noopener noreferrer\"><img loading=\"lazy\" class=\"alignnone wp-image-53208 size-full\" src=\"https:\/\/www.adf.org.br\/home\/wp-content\/uploads\/2019\/07\/Medalha-Nossa-Senhora-de-Lourdes.png\" alt=\"Medalha Nossa Senhora de Lourdes\" width=\"123\" height=\"181\" \/><\/a><\/p>\n<p style=\"text-align: center;\"><span style=\"font-family: verdana, geneva, sans-serif; color: #003366; font-size: 14pt;\"><i><span style=\"font-weight: 400;\">\u201cNossa Senhora de Lourdes, rogai por n\u00f3s!\u201d<\/span><\/i><\/span><span style=\"color: #ffffff;\">.<\/span><\/p>\n","protected":false},"excerpt":{"rendered":"<p>. Ora\u00e7\u00e3o a Virgem de Lourdes composta pelo Papa Pio XII . D\u00f3ceis ao convite de vossa voz maternal, \u00d3 Virgem Imaculada de Lourdes; .Acorremos a vossos p\u00e9s junto da humilde gruta onde vos dignastes aparecer para indicar aos que se extraviam, o caminho da ora\u00e7\u00e3o e da penit\u00eancia;. E para dispensar aos que sofrem, [&hellip;]<\/p>\n","protected":false},"author":31,"featured_media":209,"comment_status":"open","ping_status":"open","sticky":false,"template":"","format":"standard","meta":[],"categories":[20,2387,2460,14],"tags":[2562,524,54,2433,2600],"yoast_head":"<!-- This site is optimized with the Yoast SEO plugin v17.4 - https:\/\/yoast.com\/wordpress\/plugins\/seo\/ -->\n<title>Ora\u00e7\u00e3o \u00e0 Nossa Senhora de Lourdes, Padroeira da Sa\u00fade<\/title>\n<meta name=\"description\" content=\"Reze esta ora\u00e7\u00e3o para Nossa Senhora de Lourdes, a Padroeira da Sa\u00fade e Protetora dos Enfermos. Clique aqui e saiba como ganhar uma medalha...\" \/>\n<meta name=\"robots\" content=\"index, follow, max-snippet:-1, max-image-preview:large, max-video-preview:-1\" \/>\n<link rel=\"canonical\" href=\"https:\/\/www.adf.org.br\/home\/oracao-nossa-senhora-de-lourdes-padroeira-da-saude\/\" \/>\n<meta property=\"og:locale\" content=\"pt_BR\" \/>\n<meta property=\"og:type\" content=\"article\" \/>\n<meta property=\"og:title\" content=\"Ora\u00e7\u00e3o \u00e0 Nossa Senhora de Lourdes, Padroeira da Sa\u00fade\" \/>\n<meta property=\"og:description\" content=\"Reze esta ora\u00e7\u00e3o para Nossa Senhora de Lourdes, a Padroeira da Sa\u00fade e Protetora dos Enfermos. Clique aqui e saiba como ganhar uma medalha...\" \/>\n<meta property=\"og:url\" content=\"https:\/\/www.adf.org.br\/home\/oracao-nossa-senhora-de-lourdes-padroeira-da-saude\/\" \/>\n<meta property=\"og:site_name\" content=\"Associa\u00e7\u00e3o Devotos de F\u00e1tima\" \/>\n<meta property=\"article:published_time\" content=\"2021-01-22T11:00:30+00:00\" \/>\n<meta property=\"article:modified_time\" content=\"2021-01-21T19:07:03+00:00\" \/>\n<meta property=\"og:image\" content=\"https:\/\/www.adf.org.br\/home\/wp-content\/uploads\/2020\/04\/5-ApostoloDaCura.jpg\" \/>\n\t<meta property=\"og:image:width\" content=\"600\" \/>\n\t<meta property=\"og:image:height\" content=\"350\" \/>\n<meta name=\"twitter:card\" content=\"summary_large_image\" \/>\n<meta name=\"twitter:label1\" content=\"Escrito por\" \/>\n\t<meta name=\"twitter:data1\" content=\"Gabriel Barbosa\" \/>\n\t<meta name=\"twitter:label2\" content=\"Est. tempo de leitura\" \/>\n\t<meta name=\"twitter:data2\" content=\"2 minutos\" \/>\n<script type=\"application\/ld+json\" class=\"yoast-schema-graph\">{\"@context\":\"https:\/\/schema.org\",\"@graph\":[{\"@type\":\"WebSite\",\"@id\":\"https:\/\/www.adf.org.br\/home\/#website\",\"url\":\"https:\/\/www.adf.org.br\/home\/\",\"name\":\"Associa\\u00e7\\u00e3o Devotos de F\\u00e1tima\",\"description\":\"Associa\\u00e7\\u00e3o Devotos de F\\u00e1tima\",\"potentialAction\":[{\"@type\":\"SearchAction\",\"target\":{\"@type\":\"EntryPoint\",\"urlTemplate\":\"https:\/\/www.adf.org.br\/home\/?s={search_term_string}\"},\"query-input\":\"required name=search_term_string\"}],\"inLanguage\":\"pt-BR\"},{\"@type\":\"ImageObject\",\"@id\":\"https:\/\/www.adf.org.br\/home\/oracao-nossa-senhora-de-lourdes-padroeira-da-saude\/#primaryimage\",\"inLanguage\":\"pt-BR\",\"url\":\"https:\/\/www.adf.org.br\/home\/wp-content\/uploads\/2020\/04\/5-ApostoloDaCura.jpg\",\"contentUrl\":\"https:\/\/www.adf.org.br\/home\/wp-content\/uploads\/2020\/04\/5-ApostoloDaCura.jpg\",\"width\":600,\"height\":350},{\"@type\":\"WebPage\",\"@id\":\"https:\/\/www.adf.org.br\/home\/oracao-nossa-senhora-de-lourdes-padroeira-da-saude\/#webpage\",\"url\":\"https:\/\/www.adf.org.br\/home\/oracao-nossa-senhora-de-lourdes-padroeira-da-saude\/\",\"name\":\"Ora\\u00e7\\u00e3o \\u00e0 Nossa Senhora de Lourdes, Padroeira da Sa\\u00fade\",\"isPartOf\":{\"@id\":\"https:\/\/www.adf.org.br\/home\/#website\"},\"primaryImageOfPage\":{\"@id\":\"https:\/\/www.adf.org.br\/home\/oracao-nossa-senhora-de-lourdes-padroeira-da-saude\/#primaryimage\"},\"datePublished\":\"2021-01-22T11:00:30+00:00\",\"dateModified\":\"2021-01-21T19:07:03+00:00\",\"author\":{\"@id\":\"https:\/\/www.adf.org.br\/home\/#\/schema\/person\/f35a5c5aa7728a3dedf4ea9aa1fc2753\"},\"description\":\"Reze esta ora\\u00e7\\u00e3o para Nossa Senhora de Lourdes, a Padroeira da Sa\\u00fade e Protetora dos Enfermos. Clique aqui e saiba como ganhar uma medalha...\",\"breadcrumb\":{\"@id\":\"https:\/\/www.adf.org.br\/home\/oracao-nossa-senhora-de-lourdes-padroeira-da-saude\/#breadcrumb\"},\"inLanguage\":\"pt-BR\",\"potentialAction\":[{\"@type\":\"ReadAction\",\"target\":[\"https:\/\/www.adf.org.br\/home\/oracao-nossa-senhora-de-lourdes-padroeira-da-saude\/\"]}]},{\"@type\":\"BreadcrumbList\",\"@id\":\"https:\/\/www.adf.org.br\/home\/oracao-nossa-senhora-de-lourdes-padroeira-da-saude\/#breadcrumb\",\"itemListElement\":[{\"@type\":\"ListItem\",\"position\":1,\"name\":\"Home\",\"item\":\"https:\/\/www.adf.org.br\/home\/\"},{\"@type\":\"ListItem\",\"position\":2,\"name\":\"Ora\\u00e7\\u00e3o \\u00e0 Nossa Senhora de Lourdes, Padroeira da Sa\\u00fade\"}]},{\"@type\":\"Person\",\"@id\":\"https:\/\/www.adf.org.br\/home\/#\/schema\/person\/f35a5c5aa7728a3dedf4ea9aa1fc2753\",\"name\":\"Gabriel Barbosa\",\"image\":{\"@type\":\"ImageObject\",\"@id\":\"https:\/\/www.adf.org.br\/home\/#personlogo\",\"inLanguage\":\"pt-BR\",\"url\":\"https:\/\/secure.gravatar.com\/avatar\/2b2cb2f4637682c5605e8d36818f51ef?s=96&d=mm&r=g\",\"contentUrl\":\"https:\/\/secure.gravatar.com\/avatar\/2b2cb2f4637682c5605e8d36818f51ef?s=96&d=mm&r=g\",\"caption\":\"Gabriel Barbosa\"},\"url\":\"https:\/\/www.adf.org.br\/home\/author\/gabrielpmk-com-br\/\"}]}<\/script>\n<!-- \/ Yoast SEO plugin. -->","yoast_head_json":{"title":"Ora\u00e7\u00e3o \u00e0 Nossa Senhora de Lourdes, Padroeira da Sa\u00fade","description":"Reze esta ora\u00e7\u00e3o para Nossa Senhora de Lourdes, a Padroeira da Sa\u00fade e Protetora dos Enfermos. Clique aqui e saiba como ganhar uma medalha...","robots":{"index":"index","follow":"follow","max-snippet":"max-snippet:-1","max-image-preview":"max-image-preview:large","max-video-preview":"max-video-preview:-1"},"canonical":"https:\/\/www.adf.org.br\/home\/oracao-nossa-senhora-de-lourdes-padroeira-da-saude\/","og_locale":"pt_BR","og_type":"article","og_title":"Ora\u00e7\u00e3o \u00e0 Nossa Senhora de Lourdes, Padroeira da Sa\u00fade","og_description":"Reze esta ora\u00e7\u00e3o para Nossa Senhora de Lourdes, a Padroeira da Sa\u00fade e Protetora dos Enfermos. Clique aqui e saiba como ganhar uma medalha...","og_url":"https:\/\/www.adf.org.br\/home\/oracao-nossa-senhora-de-lourdes-padroeira-da-saude\/","og_site_name":"Associa\u00e7\u00e3o Devotos de F\u00e1tima","article_published_time":"2021-01-22T11:00:30+00:00","article_modified_time":"2021-01-21T19:07:03+00:00","og_image":[{"width":600,"height":350,"url":"https:\/\/www.adf.org.br\/home\/wp-content\/uploads\/2020\/04\/5-ApostoloDaCura.jpg","type":"image\/jpeg"}],"twitter_card":"summary_large_image","twitter_misc":{"Escrito por":"Gabriel Barbosa","Est. tempo de leitura":"2 minutos"},"schema":{"@context":"https:\/\/schema.org","@graph":[{"@type":"WebSite","@id":"https:\/\/www.adf.org.br\/home\/#website","url":"https:\/\/www.adf.org.br\/home\/","name":"Associa\u00e7\u00e3o Devotos de F\u00e1tima","description":"Associa\u00e7\u00e3o Devotos de F\u00e1tima","potentialAction":[{"@type":"SearchAction","target":{"@type":"EntryPoint","urlTemplate":"https:\/\/www.adf.org.br\/home\/?s={search_term_string}"},"query-input":"required name=search_term_string"}],"inLanguage":"pt-BR"},{"@type":"ImageObject","@id":"https:\/\/www.adf.org.br\/home\/oracao-nossa-senhora-de-lourdes-padroeira-da-saude\/#primaryimage","inLanguage":"pt-BR","url":"https:\/\/www.adf.org.br\/home\/wp-content\/uploads\/2020\/04\/5-ApostoloDaCura.jpg","contentUrl":"https:\/\/www.adf.org.br\/home\/wp-content\/uploads\/2020\/04\/5-ApostoloDaCura.jpg","width":600,"height":350},{"@type":"WebPage","@id":"https:\/\/www.adf.org.br\/home\/oracao-nossa-senhora-de-lourdes-padroeira-da-saude\/#webpage","url":"https:\/\/www.adf.org.br\/home\/oracao-nossa-senhora-de-lourdes-padroeira-da-saude\/","name":"Ora\u00e7\u00e3o \u00e0 Nossa Senhora de Lourdes, Padroeira da Sa\u00fade","isPartOf":{"@id":"https:\/\/www.adf.org.br\/home\/#website"},"primaryImageOfPage":{"@id":"https:\/\/www.adf.org.br\/home\/oracao-nossa-senhora-de-lourdes-padroeira-da-saude\/#primaryimage"},"datePublished":"2021-01-22T11:00:30+00:00","dateModified":"2021-01-21T19:07:03+00:00","author":{"@id":"https:\/\/www.adf.org.br\/home\/#\/schema\/person\/f35a5c5aa7728a3dedf4ea9aa1fc2753"},"description":"Reze esta ora\u00e7\u00e3o para Nossa Senhora de Lourdes, a Padroeira da Sa\u00fade e Protetora dos Enfermos. Clique aqui e saiba como ganhar uma medalha...","breadcrumb":{"@id":"https:\/\/www.adf.org.br\/home\/oracao-nossa-senhora-de-lourdes-padroeira-da-saude\/#breadcrumb"},"inLanguage":"pt-BR","potentialAction":[{"@type":"ReadAction","target":["https:\/\/www.adf.org.br\/home\/oracao-nossa-senhora-de-lourdes-padroeira-da-saude\/"]}]},{"@type":"BreadcrumbList","@id":"https:\/\/www.adf.org.br\/home\/oracao-nossa-senhora-de-lourdes-padroeira-da-saude\/#breadcrumb","itemListElement":[{"@type":"ListItem","position":1,"name":"Home","item":"https:\/\/www.adf.org.br\/home\/"},{"@type":"ListItem","position":2,"name":"Ora\u00e7\u00e3o \u00e0 Nossa Senhora de Lourdes, Padroeira da Sa\u00fade"}]},{"@type":"Person","@id":"https:\/\/www.adf.org.br\/home\/#\/schema\/person\/f35a5c5aa7728a3dedf4ea9aa1fc2753","name":"Gabriel Barbosa","image":{"@type":"ImageObject","@id":"https:\/\/www.adf.org.br\/home\/#personlogo","inLanguage":"pt-BR","url":"https:\/\/secure.gravatar.com\/avatar\/2b2cb2f4637682c5605e8d36818f51ef?s=96&d=mm&r=g","contentUrl":"https:\/\/secure.gravatar.com\/avatar\/2b2cb2f4637682c5605e8d36818f51ef?s=96&d=mm&r=g","caption":"Gabriel Barbosa"},"url":"https:\/\/www.adf.org.br\/home\/author\/gabrielpmk-com-br\/"}]}},"_links":{"self":[{"href":"https:\/\/www.adf.org.br\/home\/wp-json\/wp\/v2\/posts\/53207"}],"collection":[{"href":"https:\/\/www.adf.org.br\/home\/wp-json\/wp\/v2\/posts"}],"about":[{"href":"https:\/\/www.adf.org.br\/home\/wp-json\/wp\/v2\/types\/post"}],"author":[{"embeddable":true,"href":"https:\/\/www.adf.org.br\/home\/wp-json\/wp\/v2\/users\/31"}],"replies":[{"embeddable":true,"href":"https:\/\/www.adf.org.br\/home\/wp-json\/wp\/v2\/comments?post=53207"}],"version-history":[{"count":6,"href":"https:\/\/www.adf.org.br\/home\/wp-json\/wp\/v2\/posts\/53207\/revisions"}],"predecessor-version":[{"id":63348,"href":"https:\/\/www.adf.org.br\/home\/wp-json\/wp\/v2\/posts\/53207\/revisions\/63348"}],"wp:featuredmedia":[{"embeddable":true,"href":"https:\/\/www.adf.org.br\/home\/wp-json\/wp\/v2\/media\/209"}],"wp:attachment":[{"href":"https:\/\/www.adf.org.br\/home\/wp-json\/wp\/v2\/media?parent=53207"}],"wp:term":[{"taxonomy":"category","embeddable":true,"href":"https:\/\/www.adf.org.br\/home\/wp-json\/wp\/v2\/categories?post=53207"},{"taxonomy":"post_tag","embeddable":true,"href":"https:\/\/www.adf.org.br\/home\/wp-json\/wp\/v2\/tags?post=53207"}],"curies":[{"name":"wp","href":"https:\/\/api.w.org\/{rel}","templated":true}]}}