{"id":53054,"date":"2019-06-27T07:30:50","date_gmt":"2019-06-27T10:30:50","guid":{"rendered":"http:\/\/www.adf.org.br\/home\/?p=53054"},"modified":"2019-06-27T07:30:50","modified_gmt":"2019-06-27T10:30:50","slug":"triduo-ao-imaculado-coracao-de-maria-2o-dia","status":"publish","type":"post","link":"https:\/\/www.adf.org.br\/home\/triduo-ao-imaculado-coracao-de-maria-2o-dia\/","title":{"rendered":"Tr\u00edduo ao Imaculado Cora\u00e7\u00e3o de Maria &#8211; 2\u00ba Dia"},"content":{"rendered":"<p style=\"text-align: center;\"><a href=\"https:\/\/adf.org.br\/apostolosdefatima?origem=11112\" target=\"_blank\" rel=\"noopener noreferrer\"><img loading=\"lazy\" class=\"alignnone wp-image-53059 size-full\" src=\"https:\/\/www.adf.org.br\/home\/wp-content\/uploads\/2019\/06\/Imaculado-Cora\u00e7\u00e3o-de-Maria-2-1.jpg\" alt=\"Imaculado Cora\u00e7\u00e3o de Maria 2\" width=\"620\" height=\"393\" \/><\/a><\/p>\n<p style=\"text-align: center;\"><span style=\"color: #003366; font-family: verdana, geneva, sans-serif; font-size: 14pt;\"><b>2\u00b0 Dia:\u00a0 Cora\u00e7\u00e3o de Maria, vaso do amor mais puro<\/b><\/span><\/p>\n<p><span style=\"color: #ffffff;\">.<\/span><\/p>\n<p><span style=\"color: #000000; font-family: verdana, geneva, sans-serif; font-size: 12pt;\"><b>Ladainha ao Imaculado Cora\u00e7\u00e3o de Maria<\/b><\/span><\/p>\n<p><em><span style=\"font-weight: 400; color: #000000; font-family: verdana, geneva, sans-serif; font-size: 12pt;\">Senhor, <strong><span style=\"color: #003366;\">tende piedade de n\u00f3s<\/span><\/strong><\/span><\/em><\/p>\n<p><em><span style=\"font-weight: 400; color: #000000; font-family: verdana, geneva, sans-serif; font-size: 12pt;\">Cristo, tende piedade de n\u00f3s<\/span><\/em><\/p>\n<p><em><span style=\"font-weight: 400; color: #000000; font-family: verdana, geneva, sans-serif; font-size: 12pt;\">Senhor, tende piedade de n\u00f3s<\/span><\/em><\/p>\n<p><em><span style=\"font-weight: 400; color: #000000; font-family: verdana, geneva, sans-serif; font-size: 12pt;\">Cristo, <strong><span style=\"color: #003366;\">olhai-nos<\/span><\/strong>.<\/span><\/em><\/p>\n<p><em><span style=\"font-weight: 400; color: #000000; font-family: verdana, geneva, sans-serif; font-size: 12pt;\">Cristo, <strong><span style=\"color: #003366;\">escutai-nos<\/span><\/strong><\/span><\/em><\/p>\n<p><em><span style=\"font-weight: 400; color: #000000; font-family: verdana, geneva, sans-serif; font-size: 12pt;\">Deus Pai celestial,<\/span><\/em><\/p>\n<p><strong><span style=\"color: #003366;\"><em><span style=\"font-family: verdana, geneva, sans-serif; font-size: 12pt;\">Tem miseric\u00f3rdia de n\u00f3s.<\/span><\/em><\/span><\/strong><\/p>\n<p><em><span style=\"font-weight: 400; color: #000000; font-family: verdana, geneva, sans-serif; font-size: 12pt;\">Deus Filho Redentor do mundo,<\/span><\/em><\/p>\n<p><span style=\"color: #003366;\"><em><span style=\"font-weight: 400; font-family: verdana, geneva, sans-serif; font-size: 12pt;\">Tem miseric\u00f3rdia de n\u00f3s.<\/span><\/em><\/span><\/p>\n<p><em><span style=\"font-weight: 400; color: #000000; font-family: verdana, geneva, sans-serif; font-size: 12pt;\">Deus Esp\u00edrito Santo,<\/span><\/em><\/p>\n<p><span style=\"color: #003366;\"><em><span style=\"font-weight: 400; font-family: verdana, geneva, sans-serif; font-size: 12pt;\">Tem miseric\u00f3rdia de n\u00f3s.<\/span><\/em><\/span><\/p>\n<p><em><span style=\"font-weight: 400; color: #000000; font-family: verdana, geneva, sans-serif; font-size: 12pt;\">Santa Trindade, um s\u00f3 Deus,<\/span><\/em><\/p>\n<p><span style=\"color: #003366;\"><em><span style=\"font-weight: 400; font-family: verdana, geneva, sans-serif; font-size: 12pt;\">Tem miseric\u00f3rdia de n\u00f3s.<\/span><\/em><\/span><\/p>\n<p><span style=\"color: #ffffff;\">.<\/span><\/p>\n<p><em><span style=\"font-weight: 400; color: #000000; font-family: verdana, geneva, sans-serif; font-size: 12pt;\"><span style=\"color: #003366;\">Santa Maria,<\/span> Cora\u00e7\u00e3o Imaculado de Maria,\u00a0<strong><span style=\"color: #003366;\">rogai por n\u00f3s<\/span><\/strong><\/span><\/em><\/p>\n<p><em><span style=\"font-weight: 400; color: #000000; font-family: verdana, geneva, sans-serif; font-size: 12pt;\"><span style=\"color: #003366;\">Cora\u00e7\u00e3o de Maria<\/span>, cheio de gra\u00e7a, rogai por n\u00f3s<\/span><\/em><\/p>\n<p><em><span style=\"font-weight: 400; color: #000000; font-family: verdana, geneva, sans-serif; font-size: 12pt;\"><span style=\"color: #003366;\">Cora\u00e7\u00e3o de Maria<\/span>, vaso do amor mais puro, rogai por n\u00f3s<\/span><\/em><\/p>\n<p><em><span style=\"font-weight: 400; color: #000000; font-family: verdana, geneva, sans-serif; font-size: 12pt;\"><span style=\"color: #003366;\">Cora\u00e7\u00e3o de Maria<\/span>, consagrado \u00edntegro a Deus,rogai por n\u00f3s<\/span><\/em><\/p>\n<p><em><span style=\"font-weight: 400; color: #000000; font-family: verdana, geneva, sans-serif; font-size: 12pt;\"><span style=\"color: #003366;\">Cora\u00e7\u00e3o de Maria<\/span>, preservado de todo pecado,rogai por n\u00f3s<\/span><\/em><\/p>\n<p><em><span style=\"font-weight: 400; color: #000000; font-family: verdana, geneva, sans-serif; font-size: 12pt;\"><span style=\"color: #003366;\">Cora\u00e7\u00e3o de Maria<\/span>, morada da Sant\u00edssima Trindade, rogai por n\u00f3s<\/span><\/em><\/p>\n<p><em><span style=\"font-weight: 400; color: #000000; font-family: verdana, geneva, sans-serif; font-size: 12pt;\"><span style=\"color: #003366;\">Cora\u00e7\u00e3o de Maria<\/span>, del\u00edcia do Pai na Cria\u00e7\u00e3o, rogai por n\u00f3s<\/span><\/em><\/p>\n<p><em><span style=\"font-weight: 400; color: #000000; font-family: verdana, geneva, sans-serif; font-size: 12pt;\"><span style=\"color: #003366;\">Cora\u00e7\u00e3o de Maria<\/span>, instrumento do Filho na Reden\u00e7\u00e3o, rogai por n\u00f3s<\/span><\/em><\/p>\n<p><em><span style=\"font-weight: 400; color: #000000; font-family: verdana, geneva, sans-serif; font-size: 12pt;\"><span style=\"color: #003366;\">Cora\u00e7\u00e3o de Maria<\/span>, a esposa do Esp\u00edrito Santo, rogai por n\u00f3s<\/span><\/em><\/p>\n<p><em><span style=\"font-weight: 400; color: #000000; font-family: verdana, geneva, sans-serif; font-size: 12pt;\"><span style=\"color: #003366;\">Cora\u00e7\u00e3o de Maria<\/span>, abismo e prod\u00edgio de humildade, rogai por n\u00f3s<\/span><\/em><\/p>\n<p><em><span style=\"font-weight: 400; color: #000000; font-family: verdana, geneva, sans-serif; font-size: 12pt;\"><span style=\"color: #003366;\">Cora\u00e7\u00e3o de Maria<\/span>, medianeiro de todas as gra\u00e7as, rogai por n\u00f3s<\/span><\/em><\/p>\n<p><em><span style=\"font-weight: 400; color: #000000; font-family: verdana, geneva, sans-serif; font-size: 12pt;\"><span style=\"color: #003366;\">Cora\u00e7\u00e3o de Maria<\/span>, batendo em un\u00edssono com o Cora\u00e7\u00e3o de Jesus, rogai por n\u00f3s<\/span><\/em><\/p>\n<p><em><span style=\"font-weight: 400; color: #000000; font-family: verdana, geneva, sans-serif; font-size: 12pt;\"><span style=\"color: #003366;\">Cora\u00e7\u00e3o de Maria<\/span>, gozando sempre da vis\u00e3o beat\u00edfica, rogai por n\u00f3s<\/span><\/em><\/p>\n<p><em><span style=\"font-weight: 400; color: #000000; font-family: verdana, geneva, sans-serif; font-size: 12pt;\"><span style=\"color: #003366;\">Cora\u00e7\u00e3o de Maria<\/span>, holocausto do amor divino, rogai por n\u00f3s<\/span><\/em><\/p>\n<p><em><span style=\"font-weight: 400; color: #000000; font-family: verdana, geneva, sans-serif; font-size: 12pt;\"><span style=\"color: #003366;\">Cora\u00e7\u00e3o de Maria<\/span>, advogado ante a justi\u00e7a divina, rogai por n\u00f3s<\/span><\/em><\/p>\n<p><em><span style=\"font-weight: 400; color: #000000; font-family: verdana, geneva, sans-serif; font-size: 12pt;\"><span style=\"color: #003366;\">Cora\u00e7\u00e3o de Maria<\/span>, transpassado por uma espada, rogai por n\u00f3s<\/span><\/em><\/p>\n<p><em><span style=\"font-weight: 400; color: #000000; font-family: verdana, geneva, sans-serif; font-size: 12pt;\"><span style=\"color: #003366;\">Cora\u00e7\u00e3o de Maria<\/span>, Coroado de espinhos por nossos pecados, rogai por n\u00f3s<\/span><\/em><\/p>\n<p><em><span style=\"font-weight: 400; color: #000000; font-family: verdana, geneva, sans-serif; font-size: 12pt;\"><span style=\"color: #003366;\">Cora\u00e7\u00e3o de Maria<\/span>, agonizando na paix\u00e3o de teu Filho, rogai por n\u00f3s<\/span><\/em><\/p>\n<p><em><span style=\"font-weight: 400; color: #000000; font-family: verdana, geneva, sans-serif; font-size: 12pt;\"><span style=\"color: #003366;\">Cora\u00e7\u00e3o de Maria<\/span>, exultando na Ressurrei\u00e7\u00e3o de teu Filho, rogai por n\u00f3s<\/span><\/em><\/p>\n<p><em><span style=\"font-weight: 400; color: #000000; font-family: verdana, geneva, sans-serif; font-size: 12pt;\"><span style=\"color: #003366;\">Cora\u00e7\u00e3o de Maria<\/span>, triunfando eternamente com Jesus, rogai por n\u00f3s<\/span><\/em><\/p>\n<p><em><span style=\"font-weight: 400; color: #000000; font-family: verdana, geneva, sans-serif; font-size: 12pt;\"><span style=\"color: #003366;\">Cora\u00e7\u00e3o de Maria<\/span>, fortaleza dos crist\u00e3os, rogai por n\u00f3s<\/span><\/em><\/p>\n<p><em><span style=\"font-weight: 400; color: #000000; font-family: verdana, geneva, sans-serif; font-size: 12pt;\"><span style=\"color: #003366;\">Cora\u00e7\u00e3o de Maria<\/span>, ref\u00fagio dos perseguidos, rogai por n\u00f3s<\/span><\/em><\/p>\n<p><em><span style=\"font-weight: 400; color: #000000; font-family: verdana, geneva, sans-serif; font-size: 12pt;\"><span style=\"color: #003366;\">Cora\u00e7\u00e3o de Maria<\/span>, esperan\u00e7a dos pecadores, rogai por n\u00f3s<\/span><\/em><\/p>\n<p><em><span style=\"font-weight: 400; color: #000000; font-family: verdana, geneva, sans-serif; font-size: 12pt;\"><span style=\"color: #003366;\">Cora\u00e7\u00e3o de Maria<\/span>, consolo dos moribundos, rogai por n\u00f3s<\/span><\/em><\/p>\n<p><em><span style=\"font-weight: 400; color: #000000; font-family: verdana, geneva, sans-serif; font-size: 12pt;\"><span style=\"color: #003366;\">Cora\u00e7\u00e3o de Maria<\/span>, al\u00edvio dos que sofrem, rogai por n\u00f3s<\/span><\/em><\/p>\n<p><em><span style=\"font-weight: 400; color: #000000; font-family: verdana, geneva, sans-serif; font-size: 12pt;\"><span style=\"color: #003366;\">Cora\u00e7\u00e3o de Maria<\/span>, la\u00e7o de uni\u00e3o com Cristo, rogai por n\u00f3s<\/span><\/em><\/p>\n<p><em><span style=\"font-weight: 400; color: #000000; font-family: verdana, geneva, sans-serif; font-size: 12pt;\"><span style=\"color: #003366;\">Cora\u00e7\u00e3o de Maria<\/span>, caminho seguro ao C\u00e9u, rogai por n\u00f3s<\/span><\/em><\/p>\n<p><em><span style=\"font-weight: 400; color: #000000; font-family: verdana, geneva, sans-serif; font-size: 12pt;\"><span style=\"color: #003366;\">Cora\u00e7\u00e3o de Maria<\/span>, prenda de paz e santidade, rogai por n\u00f3s<\/span><\/em><\/p>\n<p><em><span style=\"font-weight: 400; color: #000000; font-family: verdana, geneva, sans-serif; font-size: 12pt;\"><span style=\"color: #003366;\">Cora\u00e7\u00e3o de Maria<\/span>, vencedora das heresias, rogai por n\u00f3s<\/span><\/em><\/p>\n<p><em><span style=\"font-weight: 400; color: #000000; font-family: verdana, geneva, sans-serif; font-size: 12pt;\"><span style=\"color: #003366;\">Cora\u00e7\u00e3o de Maria<\/span>, da Rainha dos C\u00e9us e Terra, rogai por n\u00f3s<\/span><\/em><\/p>\n<p><em><span style=\"font-weight: 400; color: #000000; font-family: verdana, geneva, sans-serif; font-size: 12pt;\"><span style=\"color: #003366;\">Cora\u00e7\u00e3o de Maria<\/span>, da M\u00e3e de Deus e da Igreja, rogai por n\u00f3s<\/span><\/em><\/p>\n<p><em><span style=\"font-weight: 400; color: #000000; font-family: verdana, geneva, sans-serif; font-size: 12pt;\"><span style=\"color: #003366;\">Cora\u00e7\u00e3o de Maria<\/span>, que por fim triunfar\u00e1s, rogai por n\u00f3s<\/span><\/em><\/p>\n<p><span style=\"color: #ffffff;\">.<\/span><\/p>\n<p><strong><span style=\"color: #003366;\"><em><span style=\"font-family: verdana, geneva, sans-serif; font-size: 12pt;\">Cordeiro de Deus que tiras o pecado do mundo,<\/span><\/em><\/span><\/strong><\/p>\n<p><em><span style=\"font-weight: 400; color: #000000; font-family: verdana, geneva, sans-serif; font-size: 12pt;\">Perdoai-nos Senhor<\/span><\/em><\/p>\n<p><span style=\"color: #003366;\"><em><span style=\"font-weight: 400; font-family: verdana, geneva, sans-serif; font-size: 12pt;\">Cordeiro de Deus que tiras o pecado do mundo,<\/span><\/em><\/span><\/p>\n<p><em><span style=\"font-weight: 400; color: #000000; font-family: verdana, geneva, sans-serif; font-size: 12pt;\">Escutai-nos Senhor<\/span><\/em><\/p>\n<p><span style=\"color: #003366;\"><em><span style=\"font-weight: 400; font-family: verdana, geneva, sans-serif; font-size: 12pt;\">Cordeiro de Deus que tiras o pecado do mundo,<\/span><\/em><\/span><\/p>\n<p><em><span style=\"font-weight: 400; color: #000000; font-family: verdana, geneva, sans-serif; font-size: 12pt;\">Tem miseric\u00f3rdia de n\u00f3s.<\/span><\/em><\/p>\n<p><span style=\"color: #ffffff;\">.<\/span><\/p>\n<p><em><span style=\"color: #000000; font-family: verdana, geneva, sans-serif; font-size: 12pt;\"><span style=\"font-weight: 400;\"><strong>V.<\/strong> Rogai por n\u00f3s Santa M\u00e3e de Deus<\/span><\/span><\/em><\/p>\n<p><span style=\"font-family: verdana, geneva, sans-serif; color: #000000; font-size: 12pt;\"><strong>R.<\/strong> Para que sejamos dignos de alcan\u00e7ar as promessas de Nosso Senhor Jesus Cristo<\/span><\/p>\n<p><span style=\"color: #ffffff;\">.<\/span><\/p>\n<p><span style=\"color: #003366;\"><em><span style=\"font-family: verdana, geneva, sans-serif; font-size: 12pt;\"><b>Oremos:\u00a0<\/b><\/span><\/em><\/span><em><span style=\"font-weight: 400; color: #000000; font-family: verdana, geneva, sans-serif; font-size: 12pt;\">V\u00f3s que nos tens preparado no Cora\u00e7\u00e3o Imaculado de Maria uma digna morada de teu Filho Jesus Cristo, concedei-nos a gra\u00e7a de viver sempre conforme a sua vontade e de cumprir seus desejos.\u00a0<\/span><\/em><em><span style=\"font-weight: 400; color: #000000; font-family: verdana, geneva, sans-serif; font-size: 12pt;\">Por Cristo teu Filho, Nosso Senhor. Am\u00e9m<\/span><\/em><\/p>\n<p><span style=\"color: #ffffff;\">.<\/span><\/p>\n<p><span style=\"color: #003366;\"><em><span style=\"font-family: verdana, geneva, sans-serif; font-size: 12pt;\"><b>Ora\u00e7\u00e3o Final de Consagra\u00e7\u00e3o\u00a0<\/b><\/span><\/em><\/span><\/p>\n<p><em><span style=\"color: #000000; font-family: verdana, geneva, sans-serif; font-size: 12pt;\"><b>Consagra\u00e7\u00e3o ao Imaculado Cora\u00e7\u00e3o de Maria<\/b><\/span><\/em><\/p>\n<p><em><span style=\"font-weight: 400; color: #000000; font-family: verdana, geneva, sans-serif; font-size: 12pt;\">\u00d3 Cora\u00e7\u00e3o Imaculado de Maria,<\/span><\/em><\/p>\n<p><em><span style=\"font-weight: 400; color: #000000; font-family: verdana, geneva, sans-serif; font-size: 12pt;\">Repleto de bondade, mostrai-nos o Vosso amor.<\/span><\/em><\/p>\n<p><em><span style=\"font-weight: 400; color: #000000; font-family: verdana, geneva, sans-serif; font-size: 12pt;\">A chama do vosso Cora\u00e7\u00e3o, \u00f3 Maria, des\u00e7a sobre todos os homens!<\/span><\/em><\/p>\n<p><em><span style=\"font-weight: 400; color: #000000; font-family: verdana, geneva, sans-serif; font-size: 12pt;\">N\u00f3s Vos amamos infinitamente!<\/span><\/em><\/p>\n<p><em><span style=\"font-weight: 400; color: #000000; font-family: verdana, geneva, sans-serif; font-size: 12pt;\">Imprimi nos nossos cora\u00e7\u00f5es o verdadeiro amor,<\/span><\/em><\/p>\n<p><em><span style=\"font-weight: 400; color: #000000; font-family: verdana, geneva, sans-serif; font-size: 12pt;\">para que sintamos o desejo de Vos buscar incessantemente.<\/span><\/em><\/p>\n<p><em><span style=\"font-weight: 400; color: #000000; font-family: verdana, geneva, sans-serif; font-size: 12pt;\">\u00d3 Maria, V\u00f3s que tendes um Cora\u00e7\u00e3o suave e humilde<\/span><\/em><\/p>\n<p><em><span style=\"font-weight: 400; color: #000000; font-family: verdana, geneva, sans-serif; font-size: 12pt;\">lembrai-vos de n\u00f3s quando ca\u00edrmos no pecado.<\/span><\/em><\/p>\n<p><em><span style=\"font-weight: 400; color: #000000; font-family: verdana, geneva, sans-serif; font-size: 12pt;\">V\u00f3s sabeis que todos os homens pecam.<\/span><\/em><\/p>\n<p><em><span style=\"font-weight: 400; color: #000000; font-family: verdana, geneva, sans-serif; font-size: 12pt;\">Concedei que, por meio de Vosso Imaculado e Materno Cora\u00e7\u00e3o,<\/span><\/em><\/p>\n<p><em><span style=\"font-weight: 400; color: #000000; font-family: verdana, geneva, sans-serif; font-size: 12pt;\">sejamos curados de toda doen\u00e7a espiritual.<\/span><\/em><\/p>\n<p><em><span style=\"font-weight: 400; color: #000000; font-family: verdana, geneva, sans-serif; font-size: 12pt;\">Fazei que possamos sempre contemplar a bondade de Vosso Materno Cora\u00e7\u00e3o<\/span><\/em><\/p>\n<p><em><span style=\"font-weight: 400; color: #000000; font-family: verdana, geneva, sans-serif; font-size: 12pt;\">e nos convertamos por meio da chama do Vosso Cora\u00e7\u00e3o.<\/span><\/em><\/p>\n<p><strong><em><span style=\"color: #000000; font-family: verdana, geneva, sans-serif; font-size: 12pt;\">Am\u00e9m.<\/span><\/em><\/strong><\/p>\n<p><span style=\"color: #ffffff;\">.<\/span><\/p>\n<hr \/>\n<h6 style=\"text-align: center;\"><span style=\"font-family: verdana, geneva, sans-serif; font-size: 14pt; color: #800080;\"><b>Missa do Imaculado Cora\u00e7\u00e3o de Maria\u00a0<\/b><\/span><\/h6>\n<p style=\"text-align: center;\"><span style=\"color: #ffffff;\">.<\/span><\/p>\n<p style=\"text-align: center;\"><span style=\"font-weight: 400; font-family: verdana, geneva, sans-serif; font-size: 12pt; color: #000000;\">Inscreva seu nome e suas preces na Missa dedicada ao <a href=\"https:\/\/adf.org.br\/apostolosdefatima?origem=11112\" target=\"_blank\" rel=\"noopener noreferrer\"><span style=\"color: #0000ff;\"><strong>Imaculado Cora\u00e7\u00e3o de Maria<\/strong><\/span><\/a>.\u00a0<\/span><\/p>\n<p style=\"text-align: center;\"><span style=\"color: #ffffff;\">.<\/span><\/p>\n<p style=\"text-align: center;\"><span style=\"font-weight: 400; font-family: verdana, geneva, sans-serif; font-size: 14pt; color: #000000;\">Ligue para:<\/span><\/p>\n<p style=\"text-align: center;\"><strong><span style=\"font-family: verdana, geneva, sans-serif; font-size: 24pt; color: #0000ff;\"><a style=\"color: #0000ff;\" href=\"tel:08006082128\" target=\"_blank\" rel=\"noopener noreferrer\">0800 608 2128<\/a><br \/>\n<\/span><\/strong><span style=\"font-family: verdana, geneva, sans-serif; font-size: 10pt; color: #000000;\"><i><span style=\"font-weight: 400;\"><strong>Dica:<\/strong> Se estiver no celular, somente tecle no n\u00famero para discar automaticamente.<\/span><\/i><\/span><\/p>\n<p style=\"text-align: center;\"><span style=\"color: #ffffff;\">.<\/span><\/p>\n<p style=\"text-align: center;\"><span style=\"font-weight: 400; font-family: verdana, geneva, sans-serif; font-size: 12pt; color: #000000;\">E registre suas inten\u00e7\u00f5es com uma das colaboradoras da associa\u00e7\u00e3o que atendem de segunda a sexta-feira, das 08h \u00e0s 18h.<\/span><\/p>\n<p style=\"text-align: center;\"><span style=\"color: #ffffff;\">.<\/span><\/p>\n<p style=\"text-align: center;\"><span style=\"text-decoration: underline;\"><span style=\"font-weight: 400; font-family: verdana, geneva, sans-serif; font-size: 14pt; color: #000000; text-decoration: underline;\">A liga\u00e7\u00e3o \u00e9 gratuita para todo o Brasil.<\/span><\/span><\/p>\n<p style=\"text-align: center;\"><span style=\"color: #ffffff;\">.<\/span><\/p>\n<hr \/>\n<p style=\"text-align: center;\"><span style=\"font-family: verdana, geneva, sans-serif; font-size: 12pt; color: #000000;\"><b><a href=\"https:\/\/adf.org.br\/apostolosdefatima?origem=11112\" target=\"_blank\" rel=\"noopener noreferrer\"><img loading=\"lazy\" class=\"alignnone wp-image-52944 size-thumbnail\" src=\"https:\/\/www.adf.org.br\/home\/wp-content\/uploads\/2019\/06\/Ap\u00f3stolo-de-F\u00e1tima-3-150x150.png\" alt=\"Ap\u00f3stolo de F\u00e1tima\" width=\"150\" height=\"150\" \/><\/a><\/b><\/span><\/p>\n<p style=\"text-align: center;\"><span style=\"font-family: verdana, geneva, sans-serif; font-size: 12pt; color: #000000;\"><b>Sabia que ao se tornar um <\/b><a href=\"https:\/\/adf.org.br\/apostolosdefatima?origem=11112\" target=\"_blank\" rel=\"noopener noreferrer\"><span style=\"color: #0000ff;\"><b>Ap\u00f3stolo de F\u00e1tima<\/b><\/span><\/a><b>, um dos maiores grupos brasileiros dedicados integralmente a Nossa Senhora de F\u00e1tima.\u00a0<\/b><\/span><\/p>\n<p style=\"text-align: center;\"><span style=\"color: #ffffff;\">.<\/span><\/p>\n<p style=\"text-align: center;\"><span style=\"font-family: verdana, geneva, sans-serif; font-size: 18pt; color: #800080;\"><b>Voc\u00ea&#8230;<\/b><\/span><\/p>\n<p style=\"text-align: center;\"><a href=\"https:\/\/adf.org.br\/apostolosdefatima?origem=11112\" target=\"_blank\" rel=\"noopener noreferrer\"><img loading=\"lazy\" class=\"alignnone wp-image-53055 size-medium\" src=\"https:\/\/www.adf.org.br\/home\/wp-content\/uploads\/2019\/06\/ADF-Vig\u00edlia-de-Ora\u00e7\u00f5es_Rezar-o-Ter\u00e7o-1-300x210.jpg\" alt=\"ADF - Vig\u00edlia de Ora\u00e7\u00f5es_Rezar o Ter\u00e7o\" width=\"300\" height=\"210\" \/><\/a><\/p>\n<p style=\"text-align: left;\"><span style=\"font-family: verdana, geneva, sans-serif; font-size: 12pt; color: #000000;\"><span style=\"font-weight: 400;\"><span style=\"font-weight: 400;\">&#8230; ser\u00e1 inclu\u00eddo numa<\/span><strong><i> Vig\u00edlia Perp\u00e9tua de Ora\u00e7\u00f5es<\/i><\/strong><span style=\"font-weight: 400;\"> &#8211; Todas as noites, das 18h \u00e0s 06h da manh\u00e3, nossos volunt\u00e1rios se revezam recitando o Santo Ros\u00e1rio por todos aqueles que contribuem com a divulga\u00e7\u00e3o da devo\u00e7\u00e3o da Virgem Sant\u00edssima.<\/span><\/span><\/span><\/p>\n<p style=\"text-align: left;\"><span style=\"color: #ffffff;\">.<\/span><\/p>\n<p style=\"text-align: center;\"><a href=\"https:\/\/adf.org.br\/apostolosdefatima?origem=11112\" target=\"_blank\" rel=\"noopener noreferrer\"><img loading=\"lazy\" class=\"alignnone wp-image-53056 size-medium\" src=\"https:\/\/www.adf.org.br\/home\/wp-content\/uploads\/2019\/06\/60-Missas-300x207.jpg\" alt=\"60 Missas\" width=\"300\" height=\"207\" \/><\/a><\/p>\n<p style=\"text-align: center;\"><span style=\"color: #ffffff;\">.<\/span><span style=\"font-family: verdana, geneva, sans-serif; font-size: 12pt; color: #000000;\"><span style=\"font-weight: 400;\">\u2026 receber\u00e1 um <\/span><strong><i>acesso exclusivo<\/i><\/strong><span style=\"font-weight: 400;\"> onde poder\u00e1 incluir online seus pedidos de ora\u00e7\u00e3o em quase <\/span><b>60 Missas<\/b><span style=\"font-weight: 400;\"> que ser\u00e3o realizadas ao longo do ano.<\/span><\/span><\/p>\n<p style=\"text-align: center;\"><span style=\"color: #ffffff;\">.<\/span><\/p>\n<p><a href=\"https:\/\/adf.org.br\/apostolosdefatima?origem=11112\" target=\"_blank\" rel=\"noopener noreferrer\"><img loading=\"lazy\" class=\"aligncenter wp-image-53057 size-medium\" src=\"https:\/\/www.adf.org.br\/home\/wp-content\/uploads\/2019\/06\/Estampa-de-Nossa-Senhora-de-F\u00e1tima-208x300.jpg\" alt=\"Estampa de Nossa Senhora de F\u00e1tima\" width=\"208\" height=\"300\" \/><\/a><\/p>\n<p style=\"text-align: center;\"><span style=\"font-family: verdana, geneva, sans-serif; font-size: 12pt; color: #000000;\"><span style=\"font-weight: 400;\">&#8230; poder\u00e1 ganhar uma <\/span><i><span style=\"font-weight: 400;\">linda <strong>estampa da Virgem de F\u00e1tima<\/strong><\/span><\/i><span style=\"font-weight: 400;\">, j\u00e1 benta por um sacerdote, para aben\u00e7oar seu lar.<\/span><\/span><\/p>\n<p style=\"text-align: center;\"><span style=\"color: #ffffff;\">.<\/span><\/p>\n<p style=\"text-align: center;\"><span style=\"font-size: 14pt; color: #003366;\"><strong><span style=\"font-family: verdana, geneva, sans-serif;\">&#8230;e muito mais!<\/span><\/strong><\/span><\/p>\n<p style=\"text-align: center;\"><span style=\"color: #ffffff;\">.<\/span><\/p>\n<p style=\"text-align: center;\"><span style=\"font-family: verdana, geneva, sans-serif; font-size: 12pt; color: #000000;\"><span style=\"font-weight: 400;\">Entre em contato<\/span><b> gratuitamente <\/b><span style=\"font-weight: 400;\">com o n\u00famero:<\/span><\/span><\/p>\n<p style=\"text-align: center;\"><strong><span style=\"font-family: verdana, geneva, sans-serif; font-size: 24pt; color: #0000ff;\"><a style=\"color: #0000ff;\" href=\"tel:08006082128\" target=\"_blank\" rel=\"noopener noreferrer\">0800 608 2128<\/a><br \/>\n<\/span><\/strong><span style=\"font-family: verdana, geneva, sans-serif; font-size: 10pt; color: #000000;\"><i><span style=\"font-weight: 400;\"><strong>Dica:<\/strong> Se estiver no celular, somente tecle no n\u00famero para discar automaticamente.<\/span><\/i><\/span><\/p>\n<p style=\"text-align: center;\"><span style=\"color: #ffffff;\">.<\/span><\/p>\n<p style=\"text-align: center;\"><span style=\"font-size: 14pt;\"><strong><span style=\"font-family: verdana, geneva, sans-serif; color: #000000;\">Converse com uma colaboradora para saber mais informa\u00e7\u00f5es e fazer sua <a href=\"https:\/\/adf.org.br\/apostolosdefatima?origem=11112#Participar\" target=\"_blank\" rel=\"noopener noreferrer\"><span style=\"text-decoration: underline;\"><span style=\"color: #0000ff; text-decoration: underline;\">inscri\u00e7\u00e3o<\/span><\/span><\/a>.\u00a0<\/span><\/strong><\/span><\/p>\n<p style=\"text-align: center;\"><span style=\"color: #ffffff;\">.<\/span><\/p>\n<p style=\"text-align: center;\"><span style=\"font-weight: 400; font-family: verdana, geneva, sans-serif; font-size: 12pt; color: #000000;\">Voc\u00ea ver\u00e1 como \u00e9 simples e f\u00e1cil levar a devo\u00e7\u00e3o da Virgem Sant\u00edssima para milhares de pessoas.\u00a0<\/span><\/p>\n<p style=\"text-align: center;\"><span style=\"color: #ffffff;\">.<\/span><\/p>\n<p style=\"text-align: center;\"><span style=\"color: #800080; font-size: 14pt;\"><em><span style=\"font-weight: 400; font-family: verdana, geneva, sans-serif;\">Certamente, muitas b\u00ean\u00e7\u00e3os estar\u00e3o reservadas em seu caminho por ajudar a restaurar a verdadeira F\u00e9.<\/span><\/em><\/span><\/p>\n<p style=\"text-align: center;\"><span style=\"color: #ffffff;\">.<\/span><\/p>\n<hr \/>\n<p style=\"text-align: center;\"><a href=\"http:\/\/feedburner.google.com\/fb\/a\/mailverify?uri=devotosdefatima&amp;loc=pt_BR\" target=\"_blank\" rel=\"noopener noreferrer\"><img loading=\"lazy\" class=\"alignnone wp-image-53062 size-full\" src=\"https:\/\/www.adf.org.br\/home\/wp-content\/uploads\/2019\/06\/ADF-Bot\u00e3o-Feedburner-3.png\" alt=\"ADF - Bot\u00e3o Feedburner\" width=\"362\" height=\"192\" \/><\/a><\/p>\n<p style=\"text-align: center;\"><span style=\"color: #ffffff;\">.<\/span><\/p>\n","protected":false},"excerpt":{"rendered":"<p>2\u00b0 Dia:\u00a0 Cora\u00e7\u00e3o de Maria, vaso do amor mais puro . Ladainha ao Imaculado Cora\u00e7\u00e3o de Maria Senhor, tende piedade de n\u00f3s Cristo, tende piedade de n\u00f3s Senhor, tende piedade de n\u00f3s Cristo, olhai-nos. Cristo, escutai-nos Deus Pai celestial, Tem miseric\u00f3rdia de n\u00f3s. Deus Filho Redentor do mundo, Tem miseric\u00f3rdia de n\u00f3s. Deus Esp\u00edrito Santo, [&hellip;]<\/p>\n","protected":false},"author":31,"featured_media":53105,"comment_status":"open","ping_status":"open","sticky":false,"template":"","format":"standard","meta":[],"categories":[2323,14],"tags":[3021,2242,139,38,57,3019],"yoast_head":"<!-- This site is optimized with the Yoast SEO plugin v17.4 - https:\/\/yoast.com\/wordpress\/plugins\/seo\/ -->\n<title>Tr\u00edduo ao Imaculado Cora\u00e7\u00e3o de Maria - 2\u00ba Dia - Associa\u00e7\u00e3o Devotos de F\u00e1tima<\/title>\n<meta name=\"description\" content=\"Reze a segunda ora\u00e7\u00e3o do Tr\u00edduo ao Imaculado Cora\u00e7\u00e3o de Maria. Acesse aqui e saiba como inscrever seus pedidos na pr\u00f3xima Santa Missa.\" \/>\n<meta name=\"robots\" content=\"index, follow, max-snippet:-1, max-image-preview:large, max-video-preview:-1\" \/>\n<link rel=\"canonical\" href=\"https:\/\/www.adf.org.br\/home\/triduo-ao-imaculado-coracao-de-maria-2o-dia\/\" \/>\n<meta property=\"og:locale\" content=\"pt_BR\" \/>\n<meta property=\"og:type\" content=\"article\" \/>\n<meta property=\"og:title\" content=\"Tr\u00edduo ao Imaculado Cora\u00e7\u00e3o de Maria - 2\u00ba Dia - Associa\u00e7\u00e3o Devotos de F\u00e1tima\" \/>\n<meta property=\"og:description\" content=\"Reze a segunda ora\u00e7\u00e3o do Tr\u00edduo ao Imaculado Cora\u00e7\u00e3o de Maria. Acesse aqui e saiba como inscrever seus pedidos na pr\u00f3xima Santa Missa.\" \/>\n<meta property=\"og:url\" content=\"https:\/\/www.adf.org.br\/home\/triduo-ao-imaculado-coracao-de-maria-2o-dia\/\" \/>\n<meta property=\"og:site_name\" content=\"Associa\u00e7\u00e3o Devotos de F\u00e1tima\" \/>\n<meta property=\"article:published_time\" content=\"2019-06-27T10:30:50+00:00\" \/>\n<meta name=\"twitter:card\" content=\"summary_large_image\" \/>\n<meta name=\"twitter:label1\" content=\"Escrito por\" \/>\n\t<meta name=\"twitter:data1\" content=\"Gabriel Barbosa\" \/>\n\t<meta name=\"twitter:label2\" content=\"Est. tempo de leitura\" \/>\n\t<meta name=\"twitter:data2\" content=\"5 minutos\" \/>\n<script type=\"application\/ld+json\" class=\"yoast-schema-graph\">{\"@context\":\"https:\/\/schema.org\",\"@graph\":[{\"@type\":\"WebSite\",\"@id\":\"https:\/\/www.adf.org.br\/home\/#website\",\"url\":\"https:\/\/www.adf.org.br\/home\/\",\"name\":\"Associa\\u00e7\\u00e3o Devotos de F\\u00e1tima\",\"description\":\"Associa\\u00e7\\u00e3o Devotos de F\\u00e1tima\",\"potentialAction\":[{\"@type\":\"SearchAction\",\"target\":{\"@type\":\"EntryPoint\",\"urlTemplate\":\"https:\/\/www.adf.org.br\/home\/?s={search_term_string}\"},\"query-input\":\"required name=search_term_string\"}],\"inLanguage\":\"pt-BR\"},{\"@type\":\"ImageObject\",\"@id\":\"https:\/\/www.adf.org.br\/home\/triduo-ao-imaculado-coracao-de-maria-2o-dia\/#primaryimage\",\"inLanguage\":\"pt-BR\",\"url\":\"\",\"contentUrl\":\"\"},{\"@type\":\"WebPage\",\"@id\":\"https:\/\/www.adf.org.br\/home\/triduo-ao-imaculado-coracao-de-maria-2o-dia\/#webpage\",\"url\":\"https:\/\/www.adf.org.br\/home\/triduo-ao-imaculado-coracao-de-maria-2o-dia\/\",\"name\":\"Tr\\u00edduo ao Imaculado Cora\\u00e7\\u00e3o de Maria - 2\\u00ba Dia - Associa\\u00e7\\u00e3o Devotos de F\\u00e1tima\",\"isPartOf\":{\"@id\":\"https:\/\/www.adf.org.br\/home\/#website\"},\"primaryImageOfPage\":{\"@id\":\"https:\/\/www.adf.org.br\/home\/triduo-ao-imaculado-coracao-de-maria-2o-dia\/#primaryimage\"},\"datePublished\":\"2019-06-27T10:30:50+00:00\",\"dateModified\":\"2019-06-27T10:30:50+00:00\",\"author\":{\"@id\":\"https:\/\/www.adf.org.br\/home\/#\/schema\/person\/f35a5c5aa7728a3dedf4ea9aa1fc2753\"},\"description\":\"Reze a segunda ora\\u00e7\\u00e3o do Tr\\u00edduo ao Imaculado Cora\\u00e7\\u00e3o de Maria. Acesse aqui e saiba como inscrever seus pedidos na pr\\u00f3xima Santa Missa.\",\"breadcrumb\":{\"@id\":\"https:\/\/www.adf.org.br\/home\/triduo-ao-imaculado-coracao-de-maria-2o-dia\/#breadcrumb\"},\"inLanguage\":\"pt-BR\",\"potentialAction\":[{\"@type\":\"ReadAction\",\"target\":[\"https:\/\/www.adf.org.br\/home\/triduo-ao-imaculado-coracao-de-maria-2o-dia\/\"]}]},{\"@type\":\"BreadcrumbList\",\"@id\":\"https:\/\/www.adf.org.br\/home\/triduo-ao-imaculado-coracao-de-maria-2o-dia\/#breadcrumb\",\"itemListElement\":[{\"@type\":\"ListItem\",\"position\":1,\"name\":\"Home\",\"item\":\"https:\/\/www.adf.org.br\/home\/\"},{\"@type\":\"ListItem\",\"position\":2,\"name\":\"Tr\\u00edduo ao Imaculado Cora\\u00e7\\u00e3o de Maria &#8211; 2\\u00ba Dia\"}]},{\"@type\":\"Person\",\"@id\":\"https:\/\/www.adf.org.br\/home\/#\/schema\/person\/f35a5c5aa7728a3dedf4ea9aa1fc2753\",\"name\":\"Gabriel Barbosa\",\"image\":{\"@type\":\"ImageObject\",\"@id\":\"https:\/\/www.adf.org.br\/home\/#personlogo\",\"inLanguage\":\"pt-BR\",\"url\":\"https:\/\/secure.gravatar.com\/avatar\/2b2cb2f4637682c5605e8d36818f51ef?s=96&d=mm&r=g\",\"contentUrl\":\"https:\/\/secure.gravatar.com\/avatar\/2b2cb2f4637682c5605e8d36818f51ef?s=96&d=mm&r=g\",\"caption\":\"Gabriel Barbosa\"},\"url\":\"https:\/\/www.adf.org.br\/home\/author\/gabrielpmk-com-br\/\"}]}<\/script>\n<!-- \/ Yoast SEO plugin. -->","yoast_head_json":{"title":"Tr\u00edduo ao Imaculado Cora\u00e7\u00e3o de Maria - 2\u00ba Dia - Associa\u00e7\u00e3o Devotos de F\u00e1tima","description":"Reze a segunda ora\u00e7\u00e3o do Tr\u00edduo ao Imaculado Cora\u00e7\u00e3o de Maria. Acesse aqui e saiba como inscrever seus pedidos na pr\u00f3xima Santa Missa.","robots":{"index":"index","follow":"follow","max-snippet":"max-snippet:-1","max-image-preview":"max-image-preview:large","max-video-preview":"max-video-preview:-1"},"canonical":"https:\/\/www.adf.org.br\/home\/triduo-ao-imaculado-coracao-de-maria-2o-dia\/","og_locale":"pt_BR","og_type":"article","og_title":"Tr\u00edduo ao Imaculado Cora\u00e7\u00e3o de Maria - 2\u00ba Dia - Associa\u00e7\u00e3o Devotos de F\u00e1tima","og_description":"Reze a segunda ora\u00e7\u00e3o do Tr\u00edduo ao Imaculado Cora\u00e7\u00e3o de Maria. Acesse aqui e saiba como inscrever seus pedidos na pr\u00f3xima Santa Missa.","og_url":"https:\/\/www.adf.org.br\/home\/triduo-ao-imaculado-coracao-de-maria-2o-dia\/","og_site_name":"Associa\u00e7\u00e3o Devotos de F\u00e1tima","article_published_time":"2019-06-27T10:30:50+00:00","twitter_card":"summary_large_image","twitter_misc":{"Escrito por":"Gabriel Barbosa","Est. tempo de leitura":"5 minutos"},"schema":{"@context":"https:\/\/schema.org","@graph":[{"@type":"WebSite","@id":"https:\/\/www.adf.org.br\/home\/#website","url":"https:\/\/www.adf.org.br\/home\/","name":"Associa\u00e7\u00e3o Devotos de F\u00e1tima","description":"Associa\u00e7\u00e3o Devotos de F\u00e1tima","potentialAction":[{"@type":"SearchAction","target":{"@type":"EntryPoint","urlTemplate":"https:\/\/www.adf.org.br\/home\/?s={search_term_string}"},"query-input":"required name=search_term_string"}],"inLanguage":"pt-BR"},{"@type":"ImageObject","@id":"https:\/\/www.adf.org.br\/home\/triduo-ao-imaculado-coracao-de-maria-2o-dia\/#primaryimage","inLanguage":"pt-BR","url":"","contentUrl":""},{"@type":"WebPage","@id":"https:\/\/www.adf.org.br\/home\/triduo-ao-imaculado-coracao-de-maria-2o-dia\/#webpage","url":"https:\/\/www.adf.org.br\/home\/triduo-ao-imaculado-coracao-de-maria-2o-dia\/","name":"Tr\u00edduo ao Imaculado Cora\u00e7\u00e3o de Maria - 2\u00ba Dia - Associa\u00e7\u00e3o Devotos de F\u00e1tima","isPartOf":{"@id":"https:\/\/www.adf.org.br\/home\/#website"},"primaryImageOfPage":{"@id":"https:\/\/www.adf.org.br\/home\/triduo-ao-imaculado-coracao-de-maria-2o-dia\/#primaryimage"},"datePublished":"2019-06-27T10:30:50+00:00","dateModified":"2019-06-27T10:30:50+00:00","author":{"@id":"https:\/\/www.adf.org.br\/home\/#\/schema\/person\/f35a5c5aa7728a3dedf4ea9aa1fc2753"},"description":"Reze a segunda ora\u00e7\u00e3o do Tr\u00edduo ao Imaculado Cora\u00e7\u00e3o de Maria. Acesse aqui e saiba como inscrever seus pedidos na pr\u00f3xima Santa Missa.","breadcrumb":{"@id":"https:\/\/www.adf.org.br\/home\/triduo-ao-imaculado-coracao-de-maria-2o-dia\/#breadcrumb"},"inLanguage":"pt-BR","potentialAction":[{"@type":"ReadAction","target":["https:\/\/www.adf.org.br\/home\/triduo-ao-imaculado-coracao-de-maria-2o-dia\/"]}]},{"@type":"BreadcrumbList","@id":"https:\/\/www.adf.org.br\/home\/triduo-ao-imaculado-coracao-de-maria-2o-dia\/#breadcrumb","itemListElement":[{"@type":"ListItem","position":1,"name":"Home","item":"https:\/\/www.adf.org.br\/home\/"},{"@type":"ListItem","position":2,"name":"Tr\u00edduo ao Imaculado Cora\u00e7\u00e3o de Maria &#8211; 2\u00ba Dia"}]},{"@type":"Person","@id":"https:\/\/www.adf.org.br\/home\/#\/schema\/person\/f35a5c5aa7728a3dedf4ea9aa1fc2753","name":"Gabriel Barbosa","image":{"@type":"ImageObject","@id":"https:\/\/www.adf.org.br\/home\/#personlogo","inLanguage":"pt-BR","url":"https:\/\/secure.gravatar.com\/avatar\/2b2cb2f4637682c5605e8d36818f51ef?s=96&d=mm&r=g","contentUrl":"https:\/\/secure.gravatar.com\/avatar\/2b2cb2f4637682c5605e8d36818f51ef?s=96&d=mm&r=g","caption":"Gabriel Barbosa"},"url":"https:\/\/www.adf.org.br\/home\/author\/gabrielpmk-com-br\/"}]}},"_links":{"self":[{"href":"https:\/\/www.adf.org.br\/home\/wp-json\/wp\/v2\/posts\/53054"}],"collection":[{"href":"https:\/\/www.adf.org.br\/home\/wp-json\/wp\/v2\/posts"}],"about":[{"href":"https:\/\/www.adf.org.br\/home\/wp-json\/wp\/v2\/types\/post"}],"author":[{"embeddable":true,"href":"https:\/\/www.adf.org.br\/home\/wp-json\/wp\/v2\/users\/31"}],"replies":[{"embeddable":true,"href":"https:\/\/www.adf.org.br\/home\/wp-json\/wp\/v2\/comments?post=53054"}],"version-history":[{"count":0,"href":"https:\/\/www.adf.org.br\/home\/wp-json\/wp\/v2\/posts\/53054\/revisions"}],"wp:featuredmedia":[{"embeddable":true,"href":"https:\/\/www.adf.org.br\/home\/wp-json\/wp\/v2\/media\/53105"}],"wp:attachment":[{"href":"https:\/\/www.adf.org.br\/home\/wp-json\/wp\/v2\/media?parent=53054"}],"wp:term":[{"taxonomy":"category","embeddable":true,"href":"https:\/\/www.adf.org.br\/home\/wp-json\/wp\/v2\/categories?post=53054"},{"taxonomy":"post_tag","embeddable":true,"href":"https:\/\/www.adf.org.br\/home\/wp-json\/wp\/v2\/tags?post=53054"}],"curies":[{"name":"wp","href":"https:\/\/api.w.org\/{rel}","templated":true}]}}