{"id":53031,"date":"2019-06-26T08:09:53","date_gmt":"2019-06-26T11:09:53","guid":{"rendered":"http:\/\/www.adf.org.br\/home\/?p=53031"},"modified":"2019-06-26T08:09:53","modified_gmt":"2019-06-26T11:09:53","slug":"triduo-ao-imaculado-coracao-de-maria-1o-dia","status":"publish","type":"post","link":"https:\/\/www.adf.org.br\/home\/triduo-ao-imaculado-coracao-de-maria-1o-dia\/","title":{"rendered":"Tr\u00edduo ao Imaculado Cora\u00e7\u00e3o de Maria &#8211; 1\u00ba Dia"},"content":{"rendered":"<p style=\"text-align: center;\"><a href=\"https:\/\/adf.org.br\/apostolosdefatima?origem=11111\" target=\"_blank\" rel=\"noopener noreferrer\"><img loading=\"lazy\" class=\"alignnone wp-image-53033 size-full\" src=\"https:\/\/www.adf.org.br\/home\/wp-content\/uploads\/2019\/06\/Imaculado-Cora\u00e7\u00e3o-de-Maria-11.jpg\" alt=\"Imaculado Cora\u00e7\u00e3o de Maria 11\" width=\"358\" height=\"393\" \/><\/a><\/p>\n<p style=\"text-align: center;\"><span style=\"color: #ffffff;\">.<\/span><\/p>\n<p style=\"text-align: center;\"><span style=\"color: #000000; font-family: verdana, geneva, sans-serif; font-size: 12pt;\"><span style=\"font-weight: 400;\">No pr\u00f3ximo s\u00e1bado (29), iremos celebrar o <\/span><span style=\"color: #003366;\"><b>Dia do Imaculado Cora\u00e7\u00e3o de Maria<\/b><\/span><span style=\"font-weight: 400;\">, por isso preparemos nosso cora\u00e7\u00e3o e alma para esta ocasi\u00e3o t\u00e3o especial.<\/span><\/span><\/p>\n<p style=\"text-align: center;\"><span style=\"color: #ffffff;\">.<\/span><\/p>\n<h6 style=\"text-align: center;\"><span style=\"font-weight: 400; color: #000000; font-family: verdana, geneva, sans-serif; font-size: 14pt;\"><strong>Reze com toda sua f\u00e9 o Tr\u00edduo para Nossa Senhora:<\/strong> \u00a0\u00a0<\/span><\/h6>\n<p><span style=\"color: #ffffff;\">.<\/span><\/p>\n<p style=\"text-align: center;\"><span style=\"color: #003366; font-family: verdana, geneva, sans-serif; font-size: 14pt;\"><b>1\u00ba Dia: \u00a0Cora\u00e7\u00e3o de Maria, Cheio de Gra\u00e7a<br \/>\n<span style=\"color: #ffffff;\">.<\/span><\/b><\/span><\/p>\n<p style=\"text-align: left;\"><span style=\"color: #000000; font-family: verdana, geneva, sans-serif; font-size: 14pt;\"><b><span style=\"font-size: 12pt;\">Ladainha ao Imaculado Cora\u00e7\u00e3o de Maria<br \/>\n<\/span><br \/>\n<\/b><\/span><em><span style=\"font-weight: 400; color: #000000; font-family: verdana, geneva, sans-serif; font-size: 12pt;\">Senhor, <strong><span style=\"color: #003366;\">tende piedade de n\u00f3s<\/span><\/strong><\/span><\/em><\/p>\n<p style=\"text-align: left;\"><em><span style=\"font-weight: 400; color: #000000; font-family: verdana, geneva, sans-serif; font-size: 12pt;\">Cristo, tende piedade de n\u00f3s<\/span><\/em><\/p>\n<p style=\"text-align: left;\"><em><span style=\"font-weight: 400; color: #000000; font-family: verdana, geneva, sans-serif; font-size: 12pt;\">Senhor, tende piedade de n\u00f3s<\/span><\/em><\/p>\n<p style=\"text-align: left;\"><em><span style=\"font-weight: 400; color: #000000; font-family: verdana, geneva, sans-serif; font-size: 12pt;\">Cristo, <strong><span style=\"color: #003366;\">olhai-nos<\/span><\/strong>.<\/span><\/em><\/p>\n<p style=\"text-align: left;\"><em><span style=\"font-weight: 400; color: #000000; font-family: verdana, geneva, sans-serif; font-size: 12pt;\">Cristo, <strong><span style=\"color: #003366;\">escutai-nos<\/span><\/strong><\/span><\/em><\/p>\n<p style=\"text-align: left;\"><em><span style=\"font-weight: 400; color: #000000; font-family: verdana, geneva, sans-serif; font-size: 12pt;\">Deus Pai celestial,<\/span><\/em><\/p>\n<p style=\"text-align: left;\"><strong><span style=\"color: #003366;\"><em><span style=\"font-family: verdana, geneva, sans-serif; font-size: 12pt;\">Tem miseric\u00f3rdia de n\u00f3s.<\/span><\/em><\/span><\/strong><\/p>\n<p style=\"text-align: left;\"><em><span style=\"font-weight: 400; color: #000000; font-family: verdana, geneva, sans-serif; font-size: 12pt;\">Deus Filho Redentor do mundo,<\/span><\/em><\/p>\n<p style=\"text-align: left;\"><span style=\"color: #003366;\"><em><span style=\"font-weight: 400; font-family: verdana, geneva, sans-serif; font-size: 12pt;\">Tem miseric\u00f3rdia de n\u00f3s.<\/span><\/em><\/span><\/p>\n<p style=\"text-align: left;\"><em><span style=\"font-weight: 400; color: #000000; font-family: verdana, geneva, sans-serif; font-size: 12pt;\">Deus Esp\u00edrito Santo,<\/span><\/em><\/p>\n<p style=\"text-align: left;\"><span style=\"color: #003366;\"><em><span style=\"font-weight: 400; font-family: verdana, geneva, sans-serif; font-size: 12pt;\">Tem miseric\u00f3rdia de n\u00f3s.<\/span><\/em><\/span><\/p>\n<p style=\"text-align: left;\"><em><span style=\"font-weight: 400; color: #000000; font-family: verdana, geneva, sans-serif; font-size: 12pt;\">Santa Trindade, um s\u00f3 Deus,<\/span><\/em><\/p>\n<p style=\"text-align: left;\"><em><span style=\"font-weight: 400; color: #000000; font-family: verdana, geneva, sans-serif; font-size: 12pt;\"><span style=\"color: #003366;\">Tem miseric\u00f3rdia de n\u00f3s<\/span>.<\/span><\/em><\/p>\n<p style=\"text-align: left;\"><span style=\"color: #ffffff;\">.<\/span><\/p>\n<p style=\"text-align: left;\"><em><span style=\"font-weight: 400; color: #000000; font-family: verdana, geneva, sans-serif; font-size: 12pt;\"><span style=\"color: #003366;\">Santa Maria,<\/span> Cora\u00e7\u00e3o Imaculado de Maria, <strong><span style=\"color: #003366;\">rogai por n\u00f3s<\/span><\/strong><\/span><\/em><\/p>\n<p style=\"text-align: left;\"><em><span style=\"font-weight: 400; color: #000000; font-family: verdana, geneva, sans-serif; font-size: 12pt;\"><span style=\"color: #003366;\">Cora\u00e7\u00e3o de Maria<\/span>, cheio de gra\u00e7a, rogai por n\u00f3s<\/span><\/em><\/p>\n<p style=\"text-align: left;\"><em><span style=\"font-weight: 400; color: #000000; font-family: verdana, geneva, sans-serif; font-size: 12pt;\"><span style=\"color: #003366;\">Cora\u00e7\u00e3o de Maria<\/span>, vaso do amor mais puro, rogai por n\u00f3s<\/span><\/em><\/p>\n<p style=\"text-align: left;\"><em><span style=\"font-weight: 400; color: #000000; font-family: verdana, geneva, sans-serif; font-size: 12pt;\"><span style=\"color: #003366;\">Cora\u00e7\u00e3o de Maria<\/span>, consagrado \u00edntegro a Deus,rogai por n\u00f3s<\/span><\/em><\/p>\n<p style=\"text-align: left;\"><em><span style=\"font-weight: 400; color: #000000; font-family: verdana, geneva, sans-serif; font-size: 12pt;\"><span style=\"color: #003366;\">Cora\u00e7\u00e3o de Maria<\/span>, preservado de todo pecado,rogai por n\u00f3s<\/span><\/em><\/p>\n<p style=\"text-align: left;\"><em><span style=\"font-weight: 400; color: #000000; font-family: verdana, geneva, sans-serif; font-size: 12pt;\"><span style=\"color: #003366;\">Cora\u00e7\u00e3o de Maria<\/span>, morada da Sant\u00edssima Trindade, rogai por n\u00f3s<\/span><\/em><\/p>\n<p style=\"text-align: left;\"><em><span style=\"font-weight: 400; color: #000000; font-family: verdana, geneva, sans-serif; font-size: 12pt;\"><span style=\"color: #003366;\">Cora\u00e7\u00e3o de Maria<\/span>, del\u00edcia do Pai na Cria\u00e7\u00e3o, rogai por n\u00f3s<\/span><\/em><\/p>\n<p style=\"text-align: left;\"><em><span style=\"font-weight: 400; color: #000000; font-family: verdana, geneva, sans-serif; font-size: 12pt;\"><span style=\"color: #003366;\">Cora\u00e7\u00e3o de Maria<\/span>, instrumento do Filho na Reden\u00e7\u00e3o, rogai por n\u00f3s<\/span><\/em><\/p>\n<p style=\"text-align: left;\"><em><span style=\"font-weight: 400; color: #000000; font-family: verdana, geneva, sans-serif; font-size: 12pt;\"><span style=\"color: #003366;\">Cora\u00e7\u00e3o de Maria<\/span> a esposa do Esp\u00edrito Santo, rogai por n\u00f3s<\/span><\/em><\/p>\n<p style=\"text-align: left;\"><em><span style=\"font-weight: 400; color: #000000; font-family: verdana, geneva, sans-serif; font-size: 12pt;\"><span style=\"color: #003366;\">Cora\u00e7\u00e3o de Maria<\/span>, abismo e prod\u00edgio de humildade, rogai por n\u00f3s<\/span><\/em><\/p>\n<p style=\"text-align: left;\"><em><span style=\"font-weight: 400; color: #000000; font-family: verdana, geneva, sans-serif; font-size: 12pt;\"><span style=\"color: #003366;\">Cora\u00e7\u00e3o de Maria<\/span>, medianeiro de todas as gra\u00e7as, rogai por n\u00f3s<\/span><\/em><\/p>\n<p style=\"text-align: left;\"><em><span style=\"font-weight: 400; color: #000000; font-family: verdana, geneva, sans-serif; font-size: 12pt;\"><span style=\"color: #003366;\">Cora\u00e7\u00e3o de Maria<\/span>, batendo em un\u00edssono com o Cora\u00e7\u00e3o de Jesus, rogai por n\u00f3s<\/span><\/em><\/p>\n<p style=\"text-align: left;\"><em><span style=\"font-weight: 400; color: #000000; font-family: verdana, geneva, sans-serif; font-size: 12pt;\"><span style=\"color: #003366;\">Cora\u00e7\u00e3o de Maria<\/span>, gozando sempre da vis\u00e3o beat\u00edfica, rogai por n\u00f3s<\/span><\/em><\/p>\n<p style=\"text-align: left;\"><em><span style=\"font-weight: 400; color: #000000; font-family: verdana, geneva, sans-serif; font-size: 12pt;\"><span style=\"color: #003366;\">Cora\u00e7\u00e3o de Maria<\/span>, holocausto do amor divino, rogai por n\u00f3s<\/span><\/em><\/p>\n<p style=\"text-align: left;\"><em><span style=\"font-weight: 400; color: #000000; font-family: verdana, geneva, sans-serif; font-size: 12pt;\"><span style=\"color: #003366;\">Cora\u00e7\u00e3o de Maria<\/span>, advogado ante a justi\u00e7a divina, rogai por n\u00f3s<\/span><\/em><\/p>\n<p style=\"text-align: left;\"><em><span style=\"font-weight: 400; color: #000000; font-family: verdana, geneva, sans-serif; font-size: 12pt;\"><span style=\"color: #003366;\">Cora\u00e7\u00e3o de Maria<\/span>, transpassado por uma espada, rogai por n\u00f3s<\/span><\/em><\/p>\n<p style=\"text-align: left;\"><em><span style=\"font-weight: 400; color: #000000; font-family: verdana, geneva, sans-serif; font-size: 12pt;\"><span style=\"color: #003366;\">Cora\u00e7\u00e3o de Maria<\/span>, Coroado de espinhos por nossos pecados, rogai por n\u00f3s<\/span><\/em><\/p>\n<p style=\"text-align: left;\"><em><span style=\"font-weight: 400; color: #000000; font-family: verdana, geneva, sans-serif; font-size: 12pt;\"><span style=\"color: #003366;\">Cora\u00e7\u00e3o de Maria<\/span>, agonizando na paix\u00e3o de teu Filho, rogai por n\u00f3s<\/span><\/em><\/p>\n<p style=\"text-align: left;\"><em><span style=\"font-weight: 400; color: #000000; font-family: verdana, geneva, sans-serif; font-size: 12pt;\"><span style=\"color: #003366;\">Cora\u00e7\u00e3o de Maria<\/span>, exultando na Ressurrei\u00e7\u00e3o de teu Filho, rogai por n\u00f3s<\/span><\/em><\/p>\n<p style=\"text-align: left;\"><em><span style=\"font-weight: 400; color: #000000; font-family: verdana, geneva, sans-serif; font-size: 12pt;\"><span style=\"color: #003366;\">Cora\u00e7\u00e3o de Maria<\/span>, triunfando eternamente com Jesus, rogai por n\u00f3s<\/span><\/em><\/p>\n<p style=\"text-align: left;\"><em><span style=\"font-weight: 400; color: #000000; font-family: verdana, geneva, sans-serif; font-size: 12pt;\"><span style=\"color: #003366;\">Cora\u00e7\u00e3o de Maria<\/span>, fortaleza dos crist\u00e3os, rogai por n\u00f3s<\/span><\/em><\/p>\n<p style=\"text-align: left;\"><em><span style=\"font-weight: 400; color: #000000; font-family: verdana, geneva, sans-serif; font-size: 12pt;\"><span style=\"color: #003366;\">Cora\u00e7\u00e3o de Maria<\/span>, ref\u00fagio dos perseguidos, rogai por n\u00f3s<\/span><\/em><\/p>\n<p style=\"text-align: left;\"><em><span style=\"font-weight: 400; color: #000000; font-family: verdana, geneva, sans-serif; font-size: 12pt;\"><span style=\"color: #003366;\">Cora\u00e7\u00e3o de Maria<\/span>, esperan\u00e7a dos pecadores, rogai por n\u00f3s<\/span><\/em><\/p>\n<p style=\"text-align: left;\"><em><span style=\"font-weight: 400; color: #000000; font-family: verdana, geneva, sans-serif; font-size: 12pt;\"><span style=\"color: #003366;\">Cora\u00e7\u00e3o de Maria<\/span>, consolo dos moribundos, rogai por n\u00f3s<\/span><\/em><\/p>\n<p style=\"text-align: left;\"><em><span style=\"font-weight: 400; color: #000000; font-family: verdana, geneva, sans-serif; font-size: 12pt;\"><span style=\"color: #003366;\">Cora\u00e7\u00e3o de Maria<\/span>, al\u00edvio dos que sofrem, rogai por n\u00f3s<\/span><\/em><\/p>\n<p style=\"text-align: left;\"><em><span style=\"font-weight: 400; color: #000000; font-family: verdana, geneva, sans-serif; font-size: 12pt;\"><span style=\"color: #003366;\">Cora\u00e7\u00e3o de Maria<\/span>, la\u00e7o de uni\u00e3o com Cristo, rogai por n\u00f3s<\/span><\/em><\/p>\n<p style=\"text-align: left;\"><em><span style=\"font-weight: 400; color: #000000; font-family: verdana, geneva, sans-serif; font-size: 12pt;\"><span style=\"color: #003366;\">Cora\u00e7\u00e3o de Maria<\/span>, caminho seguro ao C\u00e9u, rogai por n\u00f3s<\/span><\/em><\/p>\n<p style=\"text-align: left;\"><em><span style=\"font-weight: 400; color: #000000; font-family: verdana, geneva, sans-serif; font-size: 12pt;\"><span style=\"color: #003366;\">Cora\u00e7\u00e3o de Maria<\/span>, prenda de paz e santidade, rogai por n\u00f3s<\/span><\/em><\/p>\n<p style=\"text-align: left;\"><em><span style=\"font-weight: 400; color: #000000; font-family: verdana, geneva, sans-serif; font-size: 12pt;\"><span style=\"color: #003366;\">Cora\u00e7\u00e3o de Maria<\/span>, vencedora das heresias, rogai por n\u00f3s<\/span><\/em><\/p>\n<p style=\"text-align: left;\"><em><span style=\"font-weight: 400; color: #000000; font-family: verdana, geneva, sans-serif; font-size: 12pt;\"><span style=\"color: #003366;\">Cora\u00e7\u00e3o de Maria<\/span>, da Rainha dos C\u00e9us e Terra, rogai por n\u00f3s<\/span><\/em><\/p>\n<p style=\"text-align: left;\"><em><span style=\"font-weight: 400; color: #000000; font-family: verdana, geneva, sans-serif; font-size: 12pt;\"><span style=\"color: #003366;\">Cora\u00e7\u00e3o de Maria<\/span>, da M\u00e3e de Deus e da Igreja, rogai por n\u00f3s<\/span><\/em><\/p>\n<p style=\"text-align: left;\"><em><span style=\"font-weight: 400; color: #000000; font-family: verdana, geneva, sans-serif; font-size: 12pt;\"><span style=\"color: #003366;\">Cora\u00e7\u00e3o de Maria<\/span>, que por fim triunfar\u00e1s, rogai por n\u00f3s<\/span><\/em><\/p>\n<p style=\"text-align: left;\"><span style=\"color: #ffffff;\">.<\/span><\/p>\n<p style=\"text-align: left;\"><span style=\"color: #003366;\"><strong><em><span style=\"font-family: verdana, geneva, sans-serif; font-size: 12pt;\">Cordeiro de Deus que tiras o pecado do mundo,<\/span><\/em><\/strong><\/span><\/p>\n<p style=\"text-align: left;\"><em><span style=\"font-weight: 400; color: #000000; font-family: verdana, geneva, sans-serif; font-size: 12pt;\">Perdoai-nos Senhor<\/span><\/em><\/p>\n<p style=\"text-align: left;\"><span style=\"color: #003366;\"><em><span style=\"font-family: verdana, geneva, sans-serif; font-size: 12pt;\">Cordeiro de Deus que tiras o pecado do mundo,<\/span><\/em><\/span><\/p>\n<p style=\"text-align: left;\"><em><span style=\"font-weight: 400; color: #000000; font-family: verdana, geneva, sans-serif; font-size: 12pt;\">Escutai-nos Senhor<\/span><\/em><\/p>\n<p style=\"text-align: left;\"><span style=\"color: #003366;\"><em><span style=\"font-family: verdana, geneva, sans-serif; font-size: 12pt;\">Cordeiro de Deus que tiras o pecado do mundo,<\/span><\/em><\/span><\/p>\n<p style=\"text-align: left;\"><em><span style=\"font-weight: 400; color: #000000; font-family: verdana, geneva, sans-serif; font-size: 12pt;\">Tem miseric\u00f3rdia de n\u00f3s.<\/span><\/em><\/p>\n<p style=\"text-align: left;\"><span style=\"color: #ffffff;\">.<\/span><\/p>\n<p style=\"text-align: left;\"><strong><em><span style=\"color: #000000; font-family: verdana, geneva, sans-serif; font-size: 12pt;\">V. <\/span><\/em><\/strong><em><span style=\"color: #000000; font-family: verdana, geneva, sans-serif; font-size: 12pt;\">Rogai por n\u00f3s Santa M\u00e3e de Deus<\/span><\/em><\/p>\n<p style=\"text-align: left;\"><em><span style=\"color: #000000; font-family: verdana, geneva, sans-serif; font-size: 12pt;\"><strong>R.<\/strong> Para que sejamos dignos de alcan\u00e7ar as promessas de Nosso Senhor Jesus Cristo<\/span><\/em><\/p>\n<p style=\"text-align: left;\"><span style=\"color: #ffffff;\">.<\/span><\/p>\n<p style=\"text-align: left;\"><span style=\"color: #003366;\"><em><span style=\"font-family: verdana, geneva, sans-serif; font-size: 12pt;\"><b>Oremos:\u00a0<\/b><\/span><\/em><\/span><em><span style=\"color: #000000; font-family: verdana, geneva, sans-serif; font-size: 12pt;\"><span style=\"font-weight: 400;\">V\u00f3s que nos tens preparado no Cora\u00e7\u00e3o Imaculado de Maria uma digna morada de teu Filho Jesus Cristo, concedei-nos a gra\u00e7a de viver sempre conforme a sua vontade e de cumprir seus desejos.\u00a0<\/span><span style=\"font-weight: 400;\">Por Cristo teu Filho, Nosso Senhor. Am\u00e9m<\/span><\/span><\/em><\/p>\n<p style=\"text-align: left;\"><span style=\"color: #ffffff;\">.<\/span><\/p>\n<p style=\"text-align: left;\"><span style=\"color: #003366;\"><em><span style=\"font-family: verdana, geneva, sans-serif; font-size: 12pt;\"><b>Ora\u00e7\u00e3o Final de Consagra\u00e7\u00e3o <\/b><\/span><\/em><\/span><\/p>\n<p style=\"text-align: left;\"><span style=\"color: #000000;\"><em><span style=\"font-family: verdana, geneva, sans-serif; font-size: 12pt;\"><b>Consagra\u00e7\u00e3o ao Imaculado Cora\u00e7\u00e3o de Maria<\/b><\/span><\/em><\/span><\/p>\n<p style=\"text-align: left;\"><em><span style=\"font-weight: 400; color: #000000; font-family: verdana, geneva, sans-serif; font-size: 12pt;\">\u00d3 Cora\u00e7\u00e3o Imaculado de Maria,<\/span><\/em><\/p>\n<p style=\"text-align: left;\"><em><span style=\"font-weight: 400; color: #000000; font-family: verdana, geneva, sans-serif; font-size: 12pt;\">Repleto de bondade, mostrai-nos o Vosso amor.<\/span><\/em><\/p>\n<p style=\"text-align: left;\"><em><span style=\"font-weight: 400; color: #000000; font-family: verdana, geneva, sans-serif; font-size: 12pt;\">A chama do vosso Cora\u00e7\u00e3o, \u00f3 Maria, des\u00e7a sobre todos os homens!<\/span><\/em><\/p>\n<p style=\"text-align: left;\"><em><span style=\"font-weight: 400; color: #000000; font-family: verdana, geneva, sans-serif; font-size: 12pt;\">N\u00f3s Vos amamos infinitamente!<\/span><\/em><\/p>\n<p style=\"text-align: left;\"><em><span style=\"font-weight: 400; color: #000000; font-family: verdana, geneva, sans-serif; font-size: 12pt;\">Imprimi nos nossos cora\u00e7\u00f5es o verdadeiro amor,<\/span><\/em><\/p>\n<p style=\"text-align: left;\"><em><span style=\"font-weight: 400; color: #000000; font-family: verdana, geneva, sans-serif; font-size: 12pt;\">para que sintamos o desejo de Vos buscar incessantemente.<\/span><\/em><\/p>\n<p style=\"text-align: left;\"><em><span style=\"font-weight: 400; color: #000000; font-family: verdana, geneva, sans-serif; font-size: 12pt;\">\u00d3 Maria, V\u00f3s que tendes um Cora\u00e7\u00e3o suave e humilde<\/span><\/em><\/p>\n<p style=\"text-align: left;\"><em><span style=\"font-weight: 400; color: #000000; font-family: verdana, geneva, sans-serif; font-size: 12pt;\">lembrai-vos de n\u00f3s quando ca\u00edrmos no pecado.<\/span><\/em><\/p>\n<p style=\"text-align: left;\"><em><span style=\"font-weight: 400; color: #000000; font-family: verdana, geneva, sans-serif; font-size: 12pt;\">V\u00f3s sabeis que todos os homens pecam.<\/span><\/em><\/p>\n<p style=\"text-align: left;\"><em><span style=\"font-weight: 400; color: #000000; font-family: verdana, geneva, sans-serif; font-size: 12pt;\">Concedei que, por meio de Vosso Imaculado e Materno Cora\u00e7\u00e3o,<\/span><\/em><\/p>\n<p style=\"text-align: left;\"><em><span style=\"font-weight: 400; color: #000000; font-family: verdana, geneva, sans-serif; font-size: 12pt;\">sejamos curados de toda doen\u00e7a espiritual.<\/span><\/em><\/p>\n<p style=\"text-align: left;\"><em><span style=\"font-weight: 400; color: #000000; font-family: verdana, geneva, sans-serif; font-size: 12pt;\">Fazei que possamos sempre contemplar a bondade de Vosso Materno Cora\u00e7\u00e3o<\/span><\/em><\/p>\n<p style=\"text-align: left;\"><em><span style=\"font-weight: 400; color: #000000; font-family: verdana, geneva, sans-serif; font-size: 12pt;\">e nos convertamos por meio da chama do Vosso Cora\u00e7\u00e3o.<\/span><\/em><\/p>\n<p style=\"text-align: left;\"><strong><em><span style=\"color: #000000; font-family: verdana, geneva, sans-serif; font-size: 12pt;\">Am\u00e9m.<\/span><\/em><\/strong><\/p>\n<p><span style=\"color: #ffffff;\">.<\/span><\/p>\n<hr \/>\n<p style=\"text-align: center;\"><span style=\"color: #800080; font-family: verdana, geneva, sans-serif; font-size: 14pt;\"><b>Voc\u00ea tem um pedido para fazer a Nossa Senhora? <\/b><\/span><\/p>\n<p style=\"text-align: center;\"><span style=\"color: #000000; font-family: verdana, geneva, sans-serif; font-size: 14pt;\">Para sua fam\u00edlia? <\/span><\/p>\n<p style=\"text-align: center;\"><span style=\"color: #000000; font-family: verdana, geneva, sans-serif; font-size: 14pt;\">Por um amigo? <\/span><\/p>\n<p style=\"text-align: center;\"><span style=\"color: #000000; font-family: verdana, geneva, sans-serif; font-size: 14pt;\">Pela pessoa que voc\u00ea ama?<\/span><\/p>\n<p style=\"text-align: center;\"><a href=\"https:\/\/adf.org.br\/apostolosdefatima?origem=11111#Participar\" target=\"_blank\" rel=\"noopener noreferrer\"><img loading=\"lazy\" class=\"alignnone wp-image-52866 size-medium\" src=\"https:\/\/www.adf.org.br\/home\/wp-content\/uploads\/2019\/06\/Nossa-Senhora-226x300.jpg\" alt=\"Nossa Senhora\" width=\"226\" height=\"300\" \/><\/a><\/p>\n<p style=\"text-align: center;\"><span style=\"color: #ffffff;\">.<\/span><\/p>\n<p style=\"text-align: center;\"><span style=\"color: #ffffff;\">.<\/span><span style=\"color: #000000; font-family: verdana, geneva, sans-serif; font-size: 12pt;\"><span style=\"font-weight: 400;\">Reze com todo seu cora\u00e7\u00e3o, pe\u00e7a e <\/span><a href=\"https:\/\/adf.org.br\/velario\/imaculado?origem=11111\" target=\"_blank\" rel=\"noopener noreferrer\"><span style=\"color: #0000ff;\"><strong>ACENDA AQUI UMA VELA<\/strong><\/span><\/a><span style=\"font-weight: 400;\"> para a Virgem Sant\u00edssima. <\/span><\/span><\/p>\n<p style=\"text-align: center;\"><span style=\"color: #ffffff;\">.<\/span><\/p>\n<p style=\"text-align: center;\"><span style=\"color: #800080;\"><em><span style=\"font-weight: 400; font-family: verdana, geneva, sans-serif; font-size: 12pt;\"><span style=\"font-size: 14pt;\">Ela escutar\u00e1 seus pedidos e seguramente vir\u00e1 em seu amparo<\/span>. <\/span><\/em><\/span><\/p>\n<p style=\"text-align: center;\"><span style=\"color: #ffffff;\">.<\/span><\/p>\n<hr \/>\n<p style=\"text-align: center;\"><a href=\"https:\/\/adf.org.br\/apostolosdefatima?origem=11111#Participar\" target=\"_blank\" rel=\"noopener noreferrer\"><img loading=\"lazy\" class=\"alignnone wp-image-52944 size-thumbnail\" src=\"https:\/\/www.adf.org.br\/home\/wp-content\/uploads\/2019\/06\/Ap\u00f3stolo-de-F\u00e1tima-3-150x150.png\" alt=\"Ap\u00f3stolo de F\u00e1tima\" width=\"150\" height=\"150\" \/><\/a><\/p>\n<p style=\"text-align: center;\"><span style=\"color: #ffffff;\">.<\/span><span style=\"color: #000000; font-family: verdana, geneva, sans-serif; font-size: 14pt;\"><b>Envie seu nome at\u00e9 o Santu\u00e1rio de F\u00e1tima, em Portugal!<\/b><\/span><\/p>\n<p style=\"text-align: center;\"><span style=\"color: #ffffff;\">.<\/span><\/p>\n<p style=\"text-align: center;\"><a href=\"https:\/\/adf.org.br\/apostolosdefatima?origem=11111#Participar\" target=\"_blank\" rel=\"noopener noreferrer\"><img loading=\"lazy\" class=\"alignnone wp-image-53034 size-full\" src=\"https:\/\/www.adf.org.br\/home\/wp-content\/uploads\/2019\/06\/Santu\u00e1rio-de-F\u00e1tima-Portugal-2.jpg\" alt=\"Santu\u00e1rio de F\u00e1tima, Portugal\" width=\"409\" height=\"280\" \/><\/a><\/p>\n<p style=\"text-align: center;\"><span style=\"color: #ffffff;\">.<\/span><\/p>\n<p style=\"text-align: center;\"><span style=\"font-weight: 400; color: #000000; font-family: verdana, geneva, sans-serif; font-size: 14pt;\">Ligue para:<br \/>\n<\/span><span style=\"color: #0000ff;\"><strong><span style=\"font-family: verdana, geneva, sans-serif; font-size: 24pt;\"><span style=\"color: #0000ff;\"><a style=\"color: #0000ff;\" href=\"tel:08006082128\" target=\"_blank\" rel=\"noopener noreferrer\">0800 608 2128<\/a><\/span><br \/>\n<\/span><\/strong><\/span><span style=\"color: #000000; font-family: verdana, geneva, sans-serif; font-size: 10pt;\"><i><span style=\"font-weight: 400;\"><strong>Dica:<\/strong> Se estiver no celular, somente tecle no n\u00famero para discar automaticamente.<\/span><\/i><\/span><\/p>\n<p style=\"text-align: center;\"><span style=\"color: #ffffff;\">.<\/span><\/p>\n<p style=\"text-align: center;\"><span style=\"text-decoration: underline;\"><span style=\"font-weight: 400; color: #000000; font-family: verdana, geneva, sans-serif; font-size: 12pt; text-decoration: underline;\">Fale com uma colaboradora da associa\u00e7\u00e3o e saiba como voc\u00ea pode encaminhar seu nome ao Sagrado Local onde Nossa Senhora de F\u00e1tima apareceu para os 3 Pastorinhos.<\/span><\/span><\/p>\n<p style=\"text-align: center;\"><span style=\"color: #ffffff;\">.<\/span><\/p>\n<p style=\"text-align: center;\"><span style=\"font-size: 14pt;\"><strong><span style=\"color: #000000; font-family: verdana, geneva, sans-serif;\">Liga\u00e7\u00e3o gratuita para todo o Brasil.<\/span><\/strong><\/span><\/p>\n<p style=\"text-align: center;\"><span style=\"color: #ffffff;\">.<\/span><\/p>\n<p style=\"text-align: center;\"><span style=\"font-weight: 400; color: #000000; font-family: verdana, geneva, sans-serif; font-size: 12pt;\"><strong>Hor\u00e1rio de Atendimento:<\/strong> De segunda a sexta-feira, das 08h \u00e0s 18h.<\/span><\/p>\n<p style=\"text-align: center;\"><span style=\"color: #ffffff;\">.<\/span><\/p>\n<p style=\"text-align: center;\"><span style=\"color: #003366; font-family: verdana, geneva, sans-serif; font-size: 14pt;\"><i><span style=\"font-weight: 400;\">Que o Imaculado Cora\u00e7\u00e3o de Maria aben\u00e7oe muito voc\u00ea e toda sua fam\u00edlia.<\/span><\/i><\/span><\/p>\n<p style=\"text-align: center;\"><span style=\"color: #ffffff;\">.<\/span><\/p>\n<hr \/>\n<p style=\"text-align: center;\"><a href=\"http:\/\/feedburner.google.com\/fb\/a\/mailverify?uri=devotosdefatima&amp;loc=pt_BR\" target=\"_blank\" rel=\"noopener noreferrer\"><img loading=\"lazy\" class=\"alignnone wp-image-53023 size-full\" src=\"https:\/\/www.adf.org.br\/home\/wp-content\/uploads\/2019\/06\/ADF-Bot\u00e3o-Feedburner-2.png\" alt=\"ADF - Bot\u00e3o Feedburner\" width=\"362\" height=\"192\" \/><\/a><\/p>\n<p style=\"text-align: center;\"><span style=\"color: #ffffff;\">.<\/span><\/p>\n","protected":false},"excerpt":{"rendered":"<p>. No pr\u00f3ximo s\u00e1bado (29), iremos celebrar o Dia do Imaculado Cora\u00e7\u00e3o de Maria, por isso preparemos nosso cora\u00e7\u00e3o e alma para esta ocasi\u00e3o t\u00e3o especial. . Reze com toda sua f\u00e9 o Tr\u00edduo para Nossa Senhora: \u00a0\u00a0 . 1\u00ba Dia: \u00a0Cora\u00e7\u00e3o de Maria, Cheio de Gra\u00e7a . Ladainha ao Imaculado Cora\u00e7\u00e3o de Maria Senhor, [&hellip;]<\/p>\n","protected":false},"author":31,"featured_media":53040,"comment_status":"open","ping_status":"open","sticky":false,"template":"","format":"standard","meta":[],"categories":[2323,14,2332],"tags":[3018,2242,139,38,57,3019],"yoast_head":"<!-- This site is optimized with the Yoast SEO plugin v17.4 - https:\/\/yoast.com\/wordpress\/plugins\/seo\/ -->\n<title>Tr\u00edduo ao Imaculado Cora\u00e7\u00e3o de Maria - 1\u00ba Dia - Associa\u00e7\u00e3o Devotos de F\u00e1tima<\/title>\n<meta name=\"description\" content=\"Reze a primeira ora\u00e7\u00e3o do Tr\u00edduo ao Imaculado Cora\u00e7\u00e3o de Maria. Clique aqui, fa\u00e7a seus pedidos de ora\u00e7\u00e3o e acenda uma vela para Nossa Senhora\" \/>\n<meta name=\"robots\" content=\"index, follow, max-snippet:-1, max-image-preview:large, max-video-preview:-1\" \/>\n<link rel=\"canonical\" href=\"https:\/\/www.adf.org.br\/home\/triduo-ao-imaculado-coracao-de-maria-1o-dia\/\" \/>\n<meta property=\"og:locale\" content=\"pt_BR\" \/>\n<meta property=\"og:type\" content=\"article\" \/>\n<meta property=\"og:title\" content=\"Tr\u00edduo ao Imaculado Cora\u00e7\u00e3o de Maria - 1\u00ba Dia - Associa\u00e7\u00e3o Devotos de F\u00e1tima\" \/>\n<meta property=\"og:description\" content=\"Reze a primeira ora\u00e7\u00e3o do Tr\u00edduo ao Imaculado Cora\u00e7\u00e3o de Maria. Clique aqui, fa\u00e7a seus pedidos de ora\u00e7\u00e3o e acenda uma vela para Nossa Senhora\" \/>\n<meta property=\"og:url\" content=\"https:\/\/www.adf.org.br\/home\/triduo-ao-imaculado-coracao-de-maria-1o-dia\/\" \/>\n<meta property=\"og:site_name\" content=\"Associa\u00e7\u00e3o Devotos de F\u00e1tima\" \/>\n<meta property=\"article:published_time\" content=\"2019-06-26T11:09:53+00:00\" \/>\n<meta name=\"twitter:card\" content=\"summary_large_image\" \/>\n<meta name=\"twitter:label1\" content=\"Escrito por\" \/>\n\t<meta name=\"twitter:data1\" content=\"Gabriel Barbosa\" \/>\n\t<meta name=\"twitter:label2\" content=\"Est. tempo de leitura\" \/>\n\t<meta name=\"twitter:data2\" content=\"5 minutos\" \/>\n<script type=\"application\/ld+json\" class=\"yoast-schema-graph\">{\"@context\":\"https:\/\/schema.org\",\"@graph\":[{\"@type\":\"WebSite\",\"@id\":\"https:\/\/www.adf.org.br\/home\/#website\",\"url\":\"https:\/\/www.adf.org.br\/home\/\",\"name\":\"Associa\\u00e7\\u00e3o Devotos de F\\u00e1tima\",\"description\":\"Associa\\u00e7\\u00e3o Devotos de F\\u00e1tima\",\"potentialAction\":[{\"@type\":\"SearchAction\",\"target\":{\"@type\":\"EntryPoint\",\"urlTemplate\":\"https:\/\/www.adf.org.br\/home\/?s={search_term_string}\"},\"query-input\":\"required name=search_term_string\"}],\"inLanguage\":\"pt-BR\"},{\"@type\":\"ImageObject\",\"@id\":\"https:\/\/www.adf.org.br\/home\/triduo-ao-imaculado-coracao-de-maria-1o-dia\/#primaryimage\",\"inLanguage\":\"pt-BR\",\"url\":\"\",\"contentUrl\":\"\"},{\"@type\":\"WebPage\",\"@id\":\"https:\/\/www.adf.org.br\/home\/triduo-ao-imaculado-coracao-de-maria-1o-dia\/#webpage\",\"url\":\"https:\/\/www.adf.org.br\/home\/triduo-ao-imaculado-coracao-de-maria-1o-dia\/\",\"name\":\"Tr\\u00edduo ao Imaculado Cora\\u00e7\\u00e3o de Maria - 1\\u00ba Dia - Associa\\u00e7\\u00e3o Devotos de F\\u00e1tima\",\"isPartOf\":{\"@id\":\"https:\/\/www.adf.org.br\/home\/#website\"},\"primaryImageOfPage\":{\"@id\":\"https:\/\/www.adf.org.br\/home\/triduo-ao-imaculado-coracao-de-maria-1o-dia\/#primaryimage\"},\"datePublished\":\"2019-06-26T11:09:53+00:00\",\"dateModified\":\"2019-06-26T11:09:53+00:00\",\"author\":{\"@id\":\"https:\/\/www.adf.org.br\/home\/#\/schema\/person\/f35a5c5aa7728a3dedf4ea9aa1fc2753\"},\"description\":\"Reze a primeira ora\\u00e7\\u00e3o do Tr\\u00edduo ao Imaculado Cora\\u00e7\\u00e3o de Maria. Clique aqui, fa\\u00e7a seus pedidos de ora\\u00e7\\u00e3o e acenda uma vela para Nossa Senhora\",\"breadcrumb\":{\"@id\":\"https:\/\/www.adf.org.br\/home\/triduo-ao-imaculado-coracao-de-maria-1o-dia\/#breadcrumb\"},\"inLanguage\":\"pt-BR\",\"potentialAction\":[{\"@type\":\"ReadAction\",\"target\":[\"https:\/\/www.adf.org.br\/home\/triduo-ao-imaculado-coracao-de-maria-1o-dia\/\"]}]},{\"@type\":\"BreadcrumbList\",\"@id\":\"https:\/\/www.adf.org.br\/home\/triduo-ao-imaculado-coracao-de-maria-1o-dia\/#breadcrumb\",\"itemListElement\":[{\"@type\":\"ListItem\",\"position\":1,\"name\":\"Home\",\"item\":\"https:\/\/www.adf.org.br\/home\/\"},{\"@type\":\"ListItem\",\"position\":2,\"name\":\"Tr\\u00edduo ao Imaculado Cora\\u00e7\\u00e3o de Maria &#8211; 1\\u00ba Dia\"}]},{\"@type\":\"Person\",\"@id\":\"https:\/\/www.adf.org.br\/home\/#\/schema\/person\/f35a5c5aa7728a3dedf4ea9aa1fc2753\",\"name\":\"Gabriel Barbosa\",\"image\":{\"@type\":\"ImageObject\",\"@id\":\"https:\/\/www.adf.org.br\/home\/#personlogo\",\"inLanguage\":\"pt-BR\",\"url\":\"https:\/\/secure.gravatar.com\/avatar\/2b2cb2f4637682c5605e8d36818f51ef?s=96&d=mm&r=g\",\"contentUrl\":\"https:\/\/secure.gravatar.com\/avatar\/2b2cb2f4637682c5605e8d36818f51ef?s=96&d=mm&r=g\",\"caption\":\"Gabriel Barbosa\"},\"url\":\"https:\/\/www.adf.org.br\/home\/author\/gabrielpmk-com-br\/\"}]}<\/script>\n<!-- \/ Yoast SEO plugin. -->","yoast_head_json":{"title":"Tr\u00edduo ao Imaculado Cora\u00e7\u00e3o de Maria - 1\u00ba Dia - Associa\u00e7\u00e3o Devotos de F\u00e1tima","description":"Reze a primeira ora\u00e7\u00e3o do Tr\u00edduo ao Imaculado Cora\u00e7\u00e3o de Maria. Clique aqui, fa\u00e7a seus pedidos de ora\u00e7\u00e3o e acenda uma vela para Nossa Senhora","robots":{"index":"index","follow":"follow","max-snippet":"max-snippet:-1","max-image-preview":"max-image-preview:large","max-video-preview":"max-video-preview:-1"},"canonical":"https:\/\/www.adf.org.br\/home\/triduo-ao-imaculado-coracao-de-maria-1o-dia\/","og_locale":"pt_BR","og_type":"article","og_title":"Tr\u00edduo ao Imaculado Cora\u00e7\u00e3o de Maria - 1\u00ba Dia - Associa\u00e7\u00e3o Devotos de F\u00e1tima","og_description":"Reze a primeira ora\u00e7\u00e3o do Tr\u00edduo ao Imaculado Cora\u00e7\u00e3o de Maria. Clique aqui, fa\u00e7a seus pedidos de ora\u00e7\u00e3o e acenda uma vela para Nossa Senhora","og_url":"https:\/\/www.adf.org.br\/home\/triduo-ao-imaculado-coracao-de-maria-1o-dia\/","og_site_name":"Associa\u00e7\u00e3o Devotos de F\u00e1tima","article_published_time":"2019-06-26T11:09:53+00:00","twitter_card":"summary_large_image","twitter_misc":{"Escrito por":"Gabriel Barbosa","Est. tempo de leitura":"5 minutos"},"schema":{"@context":"https:\/\/schema.org","@graph":[{"@type":"WebSite","@id":"https:\/\/www.adf.org.br\/home\/#website","url":"https:\/\/www.adf.org.br\/home\/","name":"Associa\u00e7\u00e3o Devotos de F\u00e1tima","description":"Associa\u00e7\u00e3o Devotos de F\u00e1tima","potentialAction":[{"@type":"SearchAction","target":{"@type":"EntryPoint","urlTemplate":"https:\/\/www.adf.org.br\/home\/?s={search_term_string}"},"query-input":"required name=search_term_string"}],"inLanguage":"pt-BR"},{"@type":"ImageObject","@id":"https:\/\/www.adf.org.br\/home\/triduo-ao-imaculado-coracao-de-maria-1o-dia\/#primaryimage","inLanguage":"pt-BR","url":"","contentUrl":""},{"@type":"WebPage","@id":"https:\/\/www.adf.org.br\/home\/triduo-ao-imaculado-coracao-de-maria-1o-dia\/#webpage","url":"https:\/\/www.adf.org.br\/home\/triduo-ao-imaculado-coracao-de-maria-1o-dia\/","name":"Tr\u00edduo ao Imaculado Cora\u00e7\u00e3o de Maria - 1\u00ba Dia - Associa\u00e7\u00e3o Devotos de F\u00e1tima","isPartOf":{"@id":"https:\/\/www.adf.org.br\/home\/#website"},"primaryImageOfPage":{"@id":"https:\/\/www.adf.org.br\/home\/triduo-ao-imaculado-coracao-de-maria-1o-dia\/#primaryimage"},"datePublished":"2019-06-26T11:09:53+00:00","dateModified":"2019-06-26T11:09:53+00:00","author":{"@id":"https:\/\/www.adf.org.br\/home\/#\/schema\/person\/f35a5c5aa7728a3dedf4ea9aa1fc2753"},"description":"Reze a primeira ora\u00e7\u00e3o do Tr\u00edduo ao Imaculado Cora\u00e7\u00e3o de Maria. Clique aqui, fa\u00e7a seus pedidos de ora\u00e7\u00e3o e acenda uma vela para Nossa Senhora","breadcrumb":{"@id":"https:\/\/www.adf.org.br\/home\/triduo-ao-imaculado-coracao-de-maria-1o-dia\/#breadcrumb"},"inLanguage":"pt-BR","potentialAction":[{"@type":"ReadAction","target":["https:\/\/www.adf.org.br\/home\/triduo-ao-imaculado-coracao-de-maria-1o-dia\/"]}]},{"@type":"BreadcrumbList","@id":"https:\/\/www.adf.org.br\/home\/triduo-ao-imaculado-coracao-de-maria-1o-dia\/#breadcrumb","itemListElement":[{"@type":"ListItem","position":1,"name":"Home","item":"https:\/\/www.adf.org.br\/home\/"},{"@type":"ListItem","position":2,"name":"Tr\u00edduo ao Imaculado Cora\u00e7\u00e3o de Maria &#8211; 1\u00ba Dia"}]},{"@type":"Person","@id":"https:\/\/www.adf.org.br\/home\/#\/schema\/person\/f35a5c5aa7728a3dedf4ea9aa1fc2753","name":"Gabriel Barbosa","image":{"@type":"ImageObject","@id":"https:\/\/www.adf.org.br\/home\/#personlogo","inLanguage":"pt-BR","url":"https:\/\/secure.gravatar.com\/avatar\/2b2cb2f4637682c5605e8d36818f51ef?s=96&d=mm&r=g","contentUrl":"https:\/\/secure.gravatar.com\/avatar\/2b2cb2f4637682c5605e8d36818f51ef?s=96&d=mm&r=g","caption":"Gabriel Barbosa"},"url":"https:\/\/www.adf.org.br\/home\/author\/gabrielpmk-com-br\/"}]}},"_links":{"self":[{"href":"https:\/\/www.adf.org.br\/home\/wp-json\/wp\/v2\/posts\/53031"}],"collection":[{"href":"https:\/\/www.adf.org.br\/home\/wp-json\/wp\/v2\/posts"}],"about":[{"href":"https:\/\/www.adf.org.br\/home\/wp-json\/wp\/v2\/types\/post"}],"author":[{"embeddable":true,"href":"https:\/\/www.adf.org.br\/home\/wp-json\/wp\/v2\/users\/31"}],"replies":[{"embeddable":true,"href":"https:\/\/www.adf.org.br\/home\/wp-json\/wp\/v2\/comments?post=53031"}],"version-history":[{"count":0,"href":"https:\/\/www.adf.org.br\/home\/wp-json\/wp\/v2\/posts\/53031\/revisions"}],"wp:featuredmedia":[{"embeddable":true,"href":"https:\/\/www.adf.org.br\/home\/wp-json\/wp\/v2\/media\/53040"}],"wp:attachment":[{"href":"https:\/\/www.adf.org.br\/home\/wp-json\/wp\/v2\/media?parent=53031"}],"wp:term":[{"taxonomy":"category","embeddable":true,"href":"https:\/\/www.adf.org.br\/home\/wp-json\/wp\/v2\/categories?post=53031"},{"taxonomy":"post_tag","embeddable":true,"href":"https:\/\/www.adf.org.br\/home\/wp-json\/wp\/v2\/tags?post=53031"}],"curies":[{"name":"wp","href":"https:\/\/api.w.org\/{rel}","templated":true}]}}