{"id":52844,"date":"2019-06-12T07:30:46","date_gmt":"2019-06-12T10:30:46","guid":{"rendered":"http:\/\/www.adf.org.br\/home\/?p=52844"},"modified":"2019-06-12T07:30:46","modified_gmt":"2019-06-12T10:30:46","slug":"os-tres-pastorinhos-de-fatima-apostola-da-mensagem-lucia","status":"publish","type":"post","link":"https:\/\/www.adf.org.br\/home\/os-tres-pastorinhos-de-fatima-apostola-da-mensagem-lucia\/","title":{"rendered":"Os Tr\u00eas Pastorinhos de F\u00e1tima: Ap\u00f3stola da Mensagem &#8211; L\u00facia"},"content":{"rendered":"<figure id=\"attachment_52846\" aria-describedby=\"caption-attachment-52846\" style=\"width: 454px\" class=\"wp-caption aligncenter\"><a href=\"https:\/\/adf.org.br\/apostolosdefatima?origem=10984\" target=\"_blank\" rel=\"noopener noreferrer\"><img loading=\"lazy\" class=\"wp-image-52846 size-full\" src=\"https:\/\/www.adf.org.br\/home\/wp-content\/uploads\/2019\/06\/Irm\u00e3-L\u00facia.jpg\" alt=\"Irm\u00e3 L\u00facia\" width=\"454\" height=\"531\" \/><\/a><figcaption id=\"caption-attachment-52846\" class=\"wp-caption-text\">Irm\u00e3 L\u00facia (pastorinha) quando estava no Convento<\/figcaption><\/figure>\n<p>&nbsp;<\/p>\n<p><span style=\"font-weight: 400; font-family: verdana, geneva, sans-serif; font-size: 12pt; color: #000000;\"><span style=\"color: #003366; font-size: 24pt;\">Q<\/span>uisera gritar a todo o mundo o pedido de Jesus e de Maria, mas fazia o que podia, entregando aos superiores os pedidos que recebera e, nas suas cartas, sem declarar a proced\u00eancia do pedido, ia inflamando os cora\u00e7\u00f5es nesse amor que levava dentro de si.<\/span><\/p>\n<p><span style=\"color: #ffffff;\">.<\/span><\/p>\n<p style=\"padding-left: 90px;\"><span style=\"font-family: verdana, geneva, sans-serif; font-size: 12pt; color: #003366;\">Depois de tratar com o confessor e de receber a sua aprova\u00e7\u00e3o, parece que ter\u00e1 sido a sua m\u00e3e a primeira confidente desse desejo de Maria Sant\u00edssima. <\/span><\/p>\n<p><span style=\"color: #ffffff;\">.<\/span><\/p>\n<p><span style=\"font-weight: 400; font-family: verdana, geneva, sans-serif; font-size: 12pt; color: #000000;\">A Irm\u00e3 Dores (<em>nome utilizado pela pastorinha L\u00facia ap\u00f3s sua entrada no convento<\/em>) escreveu a sua m\u00e3e em 24 de julho de 1927, partilhando com ela o desejo de Nossa Senhora e convidando-a a entrar tamb\u00e9m na corrente de repara\u00e7\u00e3o. Diz assim:<\/span><\/p>\n<p><span style=\"color: #ffffff;\">.<\/span><\/p>\n<blockquote><p><em><span style=\"font-weight: 400; font-family: verdana, geneva, sans-serif; font-size: 12pt; color: #000000;\">\u201cQueria tamb\u00e9m que a m\u00e3e me desse a consola\u00e7\u00e3o de abra\u00e7ar uma devo\u00e7\u00e3o que sei \u00e9 do agrado de Deus, e que foi a nossa querida M\u00e3e do C\u00e9u quem a pediu. Logo que tive conhecimento dela, desejei abra\u00e7\u00e1-la, e fazer com que todos os demais a abra\u00e7assem.<\/span><\/em><\/p>\n<p><em><span style=\"font-weight: 400; font-family: verdana, geneva, sans-serif; font-size: 12pt; color: #000000;\">\u201cEspero, portanto, que a m\u00e3e me responder\u00e1 a dizer, que a faz, e vai procurar com que todas as pessoas que a\u00ed v\u00e3o a abracem tamb\u00e9m. N\u00e3o poder\u00e1 nunca dar-me consola\u00e7\u00e3o maior do que esta.<\/span><\/em><\/p>\n<p><span style=\"color: #000000;\"><em><span style=\"font-weight: 400; font-family: verdana, geneva, sans-serif; font-size: 12pt;\">\u201cConsta s\u00f3 em fazer o que vai escrito neste santinho. A confiss\u00e3o pode ser noutro dia, e os 15 minutos \u00e9 o que me parece que vai fazer mais confus\u00e3o. Mas \u00e9 muito f\u00e1cil.<\/span><\/em><\/span><\/p>\n<p><span style=\"color: #003366;\"><em><span style=\"font-weight: 400; font-family: verdana, geneva, sans-serif; font-size: 12pt;\">&#8220;Quem n\u00e3o pode pensar nos mist\u00e9rios do ros\u00e1rio? Na Anuncia\u00e7\u00e3o do Anjo e na humildade da nossa querida M\u00e3e, que ao ver-se exaltada, chama-se escrava? Na paix\u00e3o de Jesus, que tanto sofreu por amor? E a nossa M\u00e3e Sant\u00edssima junto de Jesus no Calv\u00e1rio? <\/span><\/em><\/span><\/p>\n<p style=\"padding-left: 90px;\"><span style=\"color: #003366;\"><em><span style=\"font-weight: 400; font-family: verdana, geneva, sans-serif; font-size: 12pt;\"><strong>&#8220;Quem n\u00e3o pode assim nestes santos pensamentos, passar 15 minutos, junto da M\u00e3e mais terna das m\u00e3es?!<\/strong>&#8230;\u201d*<\/span><\/em><\/span><\/p>\n<\/blockquote>\n<p><span style=\"color: #ffffff;\">.<\/span><\/p>\n<p><span style=\"font-weight: 400; font-family: verdana, geneva, sans-serif; font-size: 12pt; color: #000000;\">Discretamente, sempre que se proporciona, a Irm\u00e3 Dores, oculta no anonimato, daqui em diante, n\u00e3o perder\u00e1 ocasi\u00e3o que se lhe ofere\u00e7a para semear esta devo\u00e7\u00e3o. O Padre Apar\u00edcio, seu diretor espiritual, prometeu-lhe fazer o que pudesse nesse sentido, o que p\u00f4s em pr\u00e1tica desde o princ\u00edpio, servindo-se do seu minist\u00e9rio sacerdotal. <\/span><\/p>\n<p><span style=\"color: #ffffff;\">.<\/span><\/p>\n<p><span style=\"font-family: verdana, geneva, sans-serif; font-size: 12pt; color: #000000;\"><span style=\"font-weight: 400;\">Tudo era feito a t\u00edtulo particular, sem nada oficial. L\u00facia sofria, ao ver a lentid\u00e3o com que se opunha em pr\u00e1tica o desejo do C\u00e9u. <span style=\"color: #003366;\">E ouvindo o eco da queixa que lhe foi dirigida por Maria, <\/span><\/span><span style=\"color: #003366;\"><i><span style=\"font-weight: 400;\"><strong>Tu ao menos procura consolar-me<\/strong>*, <\/span><\/i><\/span><span style=\"font-weight: 400;\"><span style=\"color: #003366;\">d\u00e1 voltas \u00e0 imagina\u00e7\u00e3o para <strong>multiplicar pequenos gestos que o amor torna grandes &#8211; o amor \u00e9 inventivo &#8211; e assim manter sempre bem alta a chama do amor que d\u00e1 a Deus e aos irm\u00e3os<\/strong><\/span>. \u00a0<\/span><\/span><\/p>\n<p><span style=\"color: #ffffff;\">.<\/span><\/p>\n<p style=\"text-align: right;\"><span style=\"font-size: 8pt;\"><span style=\"font-weight: 400; font-family: verdana, geneva, sans-serif; color: #000000;\">*P. Ant\u00f4nio Maria Martins, Novos Documentos de F\u00e1tima, p. 118.<br \/>\n<\/span><span style=\"font-weight: 400; font-family: verdana, geneva, sans-serif; color: #000000;\">*O Meu Caminho, I, P.50.<\/span><\/span><\/p>\n<p><span style=\"color: #ffffff;\">.<\/span><\/p>\n<p style=\"text-align: right;\"><span style=\"font-family: verdana, geneva, sans-serif; font-size: 10pt; color: #000000;\"><b>Fonte: <\/b><i><span style=\"font-weight: 400;\">Um caminho<\/span><\/i> <i><span style=\"font-weight: 400;\">sob o olhar de Maria &#8211; Biografia da Irm\u00e3 Maria L\u00facia e Jesus e do Cora\u00e7\u00e3o Imaculado<\/span><\/i><span style=\"font-weight: 400;\"> por Carmelo de Coimbra<\/span><\/span><\/p>\n<p><span style=\"color: #ffffff;\">.<\/span><\/p>\n<hr \/>\n<p><a href=\"https:\/\/adf.org.br\/apostolosdefatima?origem=10984\" target=\"_blank\" rel=\"noopener noreferrer\"><img loading=\"lazy\" class=\"aligncenter wp-image-52847 size-thumbnail\" src=\"https:\/\/www.adf.org.br\/home\/wp-content\/uploads\/2019\/06\/Ap\u00f3stolo-de-F\u00e1tima-1-150x150.png\" alt=\"Ap\u00f3stolo de F\u00e1tima\" width=\"150\" height=\"150\" \/><\/a><\/p>\n<p style=\"text-align: center;\"><span style=\"font-family: verdana, geneva, sans-serif; font-size: 14pt; color: #800080;\"><b>Sabia que \u00e9 poss\u00edvel voc\u00ea ser um Ap\u00f3stolo de F\u00e1tima, assim como a Pastorinha L\u00facia?<\/b><\/span><\/p>\n<p><span style=\"color: #ffffff;\">.<\/span><\/p>\n<p style=\"text-align: center;\"><span style=\"font-weight: 400; font-family: verdana, geneva, sans-serif; font-size: 12pt; color: #000000;\">Sim! E \u00e9 mais f\u00e1cil do que voc\u00ea imagina\u2026<\/span><\/p>\n<p><span style=\"color: #ffffff;\">.<\/span><\/p>\n<h6 style=\"text-align: center;\"><span style=\"font-family: verdana, geneva, sans-serif; font-size: 12pt; color: #000000;\"><b>Entre em contato gratuitamente com o n\u00famero:<br \/>\n<\/b><\/span><span style=\"font-family: verdana, geneva, sans-serif; font-size: 12pt; color: #000000;\"><b><span style=\"color: #ffffff;\">.<\/span><br \/>\n<\/b><\/span><strong><span style=\"font-family: verdana, geneva, sans-serif; font-size: 24pt; color: #0000ff;\"><a style=\"color: #0000ff;\" href=\"tel:08006082128\" target=\"_blank\" rel=\"noopener noreferrer\">0800 608 2128<\/a><br \/>\n<\/span><\/strong><span style=\"font-family: verdana, geneva, sans-serif; font-size: 10pt; color: #000000;\"><b><i>Dica:<\/i><\/b><i><span style=\"font-weight: 400;\"> Se estiver no celular, somente tecle no n\u00famero para discar automaticamente.<\/span><\/i><\/span><\/h6>\n<p style=\"text-align: center;\"><span style=\"color: #ffffff;\">.<\/span><\/p>\n<p style=\"text-align: center;\"><span style=\"font-family: verdana, geneva, sans-serif; font-size: 14pt; color: #000000;\"><strong>E saiba como \u00e9 simples ser um <\/strong><a href=\"https:\/\/adf.org.br\/apostolosdefatima?origem=10984\" target=\"_blank\" rel=\"noopener noreferrer\"><span style=\"color: #0000ff;\"><strong>Ap\u00f3stolo de F\u00e1tima<\/strong><\/span><\/a><span style=\"font-weight: 400;\">. <\/span><\/span><\/p>\n<p style=\"text-align: center;\"><span style=\"color: #ffffff;\">.<\/span><\/p>\n<p style=\"text-align: center;\"><span style=\"text-decoration: underline;\"><span style=\"font-weight: 400; font-family: verdana, geneva, sans-serif; font-size: 12pt; color: #000000; text-decoration: underline;\">Al\u00e9m de ajudar a divulgar sua Santa Devo\u00e7\u00e3o sem sair de casa, voc\u00ea poder\u00e1 receber <strong>um lindo ter\u00e7o de Nossa Senhora de F\u00e1tima<\/strong>, j\u00e1 bento, e muitos outros presentes espirituais de agradecimento.<\/span><\/span><\/p>\n<p><span style=\"color: #ffffff;\">.<\/span><\/p>\n<p style=\"text-align: center;\"><strong><span style=\"font-family: verdana, geneva, sans-serif; font-size: 12pt; color: #000000;\">Ligue:<br \/>\n<\/span><span style=\"font-family: verdana, geneva, sans-serif; font-size: 24pt; color: #0000ff;\"><a style=\"color: #0000ff;\" href=\"tel:08006082128\" target=\"_blank\" rel=\"noopener noreferrer\">0800 608 2128<\/a><br \/>\n<\/span><\/strong><span style=\"font-family: verdana, geneva, sans-serif; font-size: 10pt; color: #000000;\"><b><i>Dica:<\/i><\/b><i><span style=\"font-weight: 400;\"> Se estiver no celular, somente tecle no n\u00famero para discar automaticamente.<\/span><\/i><\/span><\/p>\n<p><span style=\"color: #ffffff;\">.<\/span><\/p>\n<p style=\"text-align: center;\"><span style=\"font-weight: 400; font-family: verdana, geneva, sans-serif; font-size: 12pt; color: #000000;\">E aproveite para colocar seu nome e suas inten\u00e7\u00f5es na pr\u00f3xima Santa Missa dedicada \u00e0 Virgem Sant\u00edssima que faremos celebrar. <\/span><\/p>\n<p style=\"text-align: center;\"><span style=\"color: #ffffff;\">.<\/span><\/p>\n<p style=\"text-align: center;\"><span style=\"font-weight: 400; font-family: verdana, geneva, sans-serif; font-size: 12pt; color: #800080;\">Muitos precisam de Nossa Senhora, mas poucos A chamam com seu cora\u00e7\u00e3o.<\/span><\/p>\n<p><span style=\"color: #ffffff;\">.<\/span><\/p>\n<hr \/>\n<p><a href=\"http:\/\/feedburner.google.com\/fb\/a\/mailverify?uri=devotosdefatima&amp;loc=pt_BR\" target=\"_blank\" rel=\"noopener noreferrer\"><img loading=\"lazy\" class=\"wp-image-52845 size-full aligncenter\" src=\"https:\/\/www.adf.org.br\/home\/wp-content\/uploads\/2019\/06\/ADF-Bot\u00e3o-Feedburner.png\" alt=\"ADF - Bot\u00e3o Feedburner\" width=\"362\" height=\"192\" \/><\/a><\/p>\n<p style=\"text-align: center;\"><span style=\"color: #ffffff;\">.<\/span><\/p>\n","protected":false},"excerpt":{"rendered":"<p>&nbsp; Quisera gritar a todo o mundo o pedido de Jesus e de Maria, mas fazia o que podia, entregando aos superiores os pedidos que recebera e, nas suas cartas, sem declarar a proced\u00eancia do pedido, ia inflamando os cora\u00e7\u00f5es nesse amor que levava dentro de si. . Depois de tratar com o confessor e [&hellip;]<\/p>\n","protected":false},"author":31,"featured_media":52863,"comment_status":"open","ping_status":"open","sticky":false,"template":"","format":"standard","meta":[],"categories":[20,2323,56],"tags":[2242,2990,57,682],"yoast_head":"<!-- This site is optimized with the Yoast SEO plugin v17.4 - https:\/\/yoast.com\/wordpress\/plugins\/seo\/ -->\n<title>Os Tr\u00eas Pastorinhos de F\u00e1tima: Ap\u00f3stola da Mensagem - L\u00facia - Associa\u00e7\u00e3o Devotos de F\u00e1tima<\/title>\n<meta name=\"description\" content=\"O que voc\u00ea faria para divulgar o desejo de Nossa Senhora ao mundo?Veja o que a pastorinha L\u00facia fez e inspire-se em ser um Ap\u00f3stolo de F\u00e1tima\" \/>\n<meta name=\"robots\" content=\"index, follow, max-snippet:-1, max-image-preview:large, max-video-preview:-1\" \/>\n<link rel=\"canonical\" href=\"https:\/\/www.adf.org.br\/home\/os-tres-pastorinhos-de-fatima-apostola-da-mensagem-lucia\/\" \/>\n<meta property=\"og:locale\" content=\"pt_BR\" \/>\n<meta property=\"og:type\" content=\"article\" \/>\n<meta property=\"og:title\" content=\"Os Tr\u00eas Pastorinhos de F\u00e1tima: Ap\u00f3stola da Mensagem - L\u00facia - Associa\u00e7\u00e3o Devotos de F\u00e1tima\" \/>\n<meta property=\"og:description\" content=\"O que voc\u00ea faria para divulgar o desejo de Nossa Senhora ao mundo?Veja o que a pastorinha L\u00facia fez e inspire-se em ser um Ap\u00f3stolo de F\u00e1tima\" \/>\n<meta property=\"og:url\" content=\"https:\/\/www.adf.org.br\/home\/os-tres-pastorinhos-de-fatima-apostola-da-mensagem-lucia\/\" \/>\n<meta property=\"og:site_name\" content=\"Associa\u00e7\u00e3o Devotos de F\u00e1tima\" \/>\n<meta property=\"article:published_time\" content=\"2019-06-12T10:30:46+00:00\" \/>\n<meta name=\"twitter:card\" content=\"summary_large_image\" \/>\n<meta name=\"twitter:label1\" content=\"Escrito por\" \/>\n\t<meta name=\"twitter:data1\" content=\"Gabriel Barbosa\" \/>\n\t<meta name=\"twitter:label2\" content=\"Est. tempo de leitura\" \/>\n\t<meta name=\"twitter:data2\" content=\"3 minutos\" \/>\n<script type=\"application\/ld+json\" class=\"yoast-schema-graph\">{\"@context\":\"https:\/\/schema.org\",\"@graph\":[{\"@type\":\"WebSite\",\"@id\":\"https:\/\/www.adf.org.br\/home\/#website\",\"url\":\"https:\/\/www.adf.org.br\/home\/\",\"name\":\"Associa\\u00e7\\u00e3o Devotos de F\\u00e1tima\",\"description\":\"Associa\\u00e7\\u00e3o Devotos de F\\u00e1tima\",\"potentialAction\":[{\"@type\":\"SearchAction\",\"target\":{\"@type\":\"EntryPoint\",\"urlTemplate\":\"https:\/\/www.adf.org.br\/home\/?s={search_term_string}\"},\"query-input\":\"required name=search_term_string\"}],\"inLanguage\":\"pt-BR\"},{\"@type\":\"ImageObject\",\"@id\":\"https:\/\/www.adf.org.br\/home\/os-tres-pastorinhos-de-fatima-apostola-da-mensagem-lucia\/#primaryimage\",\"inLanguage\":\"pt-BR\",\"url\":\"\",\"contentUrl\":\"\"},{\"@type\":\"WebPage\",\"@id\":\"https:\/\/www.adf.org.br\/home\/os-tres-pastorinhos-de-fatima-apostola-da-mensagem-lucia\/#webpage\",\"url\":\"https:\/\/www.adf.org.br\/home\/os-tres-pastorinhos-de-fatima-apostola-da-mensagem-lucia\/\",\"name\":\"Os Tr\\u00eas Pastorinhos de F\\u00e1tima: Ap\\u00f3stola da Mensagem - L\\u00facia - Associa\\u00e7\\u00e3o Devotos de F\\u00e1tima\",\"isPartOf\":{\"@id\":\"https:\/\/www.adf.org.br\/home\/#website\"},\"primaryImageOfPage\":{\"@id\":\"https:\/\/www.adf.org.br\/home\/os-tres-pastorinhos-de-fatima-apostola-da-mensagem-lucia\/#primaryimage\"},\"datePublished\":\"2019-06-12T10:30:46+00:00\",\"dateModified\":\"2019-06-12T10:30:46+00:00\",\"author\":{\"@id\":\"https:\/\/www.adf.org.br\/home\/#\/schema\/person\/f35a5c5aa7728a3dedf4ea9aa1fc2753\"},\"description\":\"O que voc\\u00ea faria para divulgar o desejo de Nossa Senhora ao mundo?Veja o que a pastorinha L\\u00facia fez e inspire-se em ser um Ap\\u00f3stolo de F\\u00e1tima\",\"breadcrumb\":{\"@id\":\"https:\/\/www.adf.org.br\/home\/os-tres-pastorinhos-de-fatima-apostola-da-mensagem-lucia\/#breadcrumb\"},\"inLanguage\":\"pt-BR\",\"potentialAction\":[{\"@type\":\"ReadAction\",\"target\":[\"https:\/\/www.adf.org.br\/home\/os-tres-pastorinhos-de-fatima-apostola-da-mensagem-lucia\/\"]}]},{\"@type\":\"BreadcrumbList\",\"@id\":\"https:\/\/www.adf.org.br\/home\/os-tres-pastorinhos-de-fatima-apostola-da-mensagem-lucia\/#breadcrumb\",\"itemListElement\":[{\"@type\":\"ListItem\",\"position\":1,\"name\":\"Home\",\"item\":\"https:\/\/www.adf.org.br\/home\/\"},{\"@type\":\"ListItem\",\"position\":2,\"name\":\"Os Tr\\u00eas Pastorinhos de F\\u00e1tima: Ap\\u00f3stola da Mensagem &#8211; L\\u00facia\"}]},{\"@type\":\"Person\",\"@id\":\"https:\/\/www.adf.org.br\/home\/#\/schema\/person\/f35a5c5aa7728a3dedf4ea9aa1fc2753\",\"name\":\"Gabriel Barbosa\",\"image\":{\"@type\":\"ImageObject\",\"@id\":\"https:\/\/www.adf.org.br\/home\/#personlogo\",\"inLanguage\":\"pt-BR\",\"url\":\"https:\/\/secure.gravatar.com\/avatar\/2b2cb2f4637682c5605e8d36818f51ef?s=96&d=mm&r=g\",\"contentUrl\":\"https:\/\/secure.gravatar.com\/avatar\/2b2cb2f4637682c5605e8d36818f51ef?s=96&d=mm&r=g\",\"caption\":\"Gabriel Barbosa\"},\"url\":\"https:\/\/www.adf.org.br\/home\/author\/gabrielpmk-com-br\/\"}]}<\/script>\n<!-- \/ Yoast SEO plugin. -->","yoast_head_json":{"title":"Os Tr\u00eas Pastorinhos de F\u00e1tima: Ap\u00f3stola da Mensagem - L\u00facia - Associa\u00e7\u00e3o Devotos de F\u00e1tima","description":"O que voc\u00ea faria para divulgar o desejo de Nossa Senhora ao mundo?Veja o que a pastorinha L\u00facia fez e inspire-se em ser um Ap\u00f3stolo de F\u00e1tima","robots":{"index":"index","follow":"follow","max-snippet":"max-snippet:-1","max-image-preview":"max-image-preview:large","max-video-preview":"max-video-preview:-1"},"canonical":"https:\/\/www.adf.org.br\/home\/os-tres-pastorinhos-de-fatima-apostola-da-mensagem-lucia\/","og_locale":"pt_BR","og_type":"article","og_title":"Os Tr\u00eas Pastorinhos de F\u00e1tima: Ap\u00f3stola da Mensagem - L\u00facia - Associa\u00e7\u00e3o Devotos de F\u00e1tima","og_description":"O que voc\u00ea faria para divulgar o desejo de Nossa Senhora ao mundo?Veja o que a pastorinha L\u00facia fez e inspire-se em ser um Ap\u00f3stolo de F\u00e1tima","og_url":"https:\/\/www.adf.org.br\/home\/os-tres-pastorinhos-de-fatima-apostola-da-mensagem-lucia\/","og_site_name":"Associa\u00e7\u00e3o Devotos de F\u00e1tima","article_published_time":"2019-06-12T10:30:46+00:00","twitter_card":"summary_large_image","twitter_misc":{"Escrito por":"Gabriel Barbosa","Est. tempo de leitura":"3 minutos"},"schema":{"@context":"https:\/\/schema.org","@graph":[{"@type":"WebSite","@id":"https:\/\/www.adf.org.br\/home\/#website","url":"https:\/\/www.adf.org.br\/home\/","name":"Associa\u00e7\u00e3o Devotos de F\u00e1tima","description":"Associa\u00e7\u00e3o Devotos de F\u00e1tima","potentialAction":[{"@type":"SearchAction","target":{"@type":"EntryPoint","urlTemplate":"https:\/\/www.adf.org.br\/home\/?s={search_term_string}"},"query-input":"required name=search_term_string"}],"inLanguage":"pt-BR"},{"@type":"ImageObject","@id":"https:\/\/www.adf.org.br\/home\/os-tres-pastorinhos-de-fatima-apostola-da-mensagem-lucia\/#primaryimage","inLanguage":"pt-BR","url":"","contentUrl":""},{"@type":"WebPage","@id":"https:\/\/www.adf.org.br\/home\/os-tres-pastorinhos-de-fatima-apostola-da-mensagem-lucia\/#webpage","url":"https:\/\/www.adf.org.br\/home\/os-tres-pastorinhos-de-fatima-apostola-da-mensagem-lucia\/","name":"Os Tr\u00eas Pastorinhos de F\u00e1tima: Ap\u00f3stola da Mensagem - L\u00facia - Associa\u00e7\u00e3o Devotos de F\u00e1tima","isPartOf":{"@id":"https:\/\/www.adf.org.br\/home\/#website"},"primaryImageOfPage":{"@id":"https:\/\/www.adf.org.br\/home\/os-tres-pastorinhos-de-fatima-apostola-da-mensagem-lucia\/#primaryimage"},"datePublished":"2019-06-12T10:30:46+00:00","dateModified":"2019-06-12T10:30:46+00:00","author":{"@id":"https:\/\/www.adf.org.br\/home\/#\/schema\/person\/f35a5c5aa7728a3dedf4ea9aa1fc2753"},"description":"O que voc\u00ea faria para divulgar o desejo de Nossa Senhora ao mundo?Veja o que a pastorinha L\u00facia fez e inspire-se em ser um Ap\u00f3stolo de F\u00e1tima","breadcrumb":{"@id":"https:\/\/www.adf.org.br\/home\/os-tres-pastorinhos-de-fatima-apostola-da-mensagem-lucia\/#breadcrumb"},"inLanguage":"pt-BR","potentialAction":[{"@type":"ReadAction","target":["https:\/\/www.adf.org.br\/home\/os-tres-pastorinhos-de-fatima-apostola-da-mensagem-lucia\/"]}]},{"@type":"BreadcrumbList","@id":"https:\/\/www.adf.org.br\/home\/os-tres-pastorinhos-de-fatima-apostola-da-mensagem-lucia\/#breadcrumb","itemListElement":[{"@type":"ListItem","position":1,"name":"Home","item":"https:\/\/www.adf.org.br\/home\/"},{"@type":"ListItem","position":2,"name":"Os Tr\u00eas Pastorinhos de F\u00e1tima: Ap\u00f3stola da Mensagem &#8211; L\u00facia"}]},{"@type":"Person","@id":"https:\/\/www.adf.org.br\/home\/#\/schema\/person\/f35a5c5aa7728a3dedf4ea9aa1fc2753","name":"Gabriel Barbosa","image":{"@type":"ImageObject","@id":"https:\/\/www.adf.org.br\/home\/#personlogo","inLanguage":"pt-BR","url":"https:\/\/secure.gravatar.com\/avatar\/2b2cb2f4637682c5605e8d36818f51ef?s=96&d=mm&r=g","contentUrl":"https:\/\/secure.gravatar.com\/avatar\/2b2cb2f4637682c5605e8d36818f51ef?s=96&d=mm&r=g","caption":"Gabriel Barbosa"},"url":"https:\/\/www.adf.org.br\/home\/author\/gabrielpmk-com-br\/"}]}},"_links":{"self":[{"href":"https:\/\/www.adf.org.br\/home\/wp-json\/wp\/v2\/posts\/52844"}],"collection":[{"href":"https:\/\/www.adf.org.br\/home\/wp-json\/wp\/v2\/posts"}],"about":[{"href":"https:\/\/www.adf.org.br\/home\/wp-json\/wp\/v2\/types\/post"}],"author":[{"embeddable":true,"href":"https:\/\/www.adf.org.br\/home\/wp-json\/wp\/v2\/users\/31"}],"replies":[{"embeddable":true,"href":"https:\/\/www.adf.org.br\/home\/wp-json\/wp\/v2\/comments?post=52844"}],"version-history":[{"count":0,"href":"https:\/\/www.adf.org.br\/home\/wp-json\/wp\/v2\/posts\/52844\/revisions"}],"wp:featuredmedia":[{"embeddable":true,"href":"https:\/\/www.adf.org.br\/home\/wp-json\/wp\/v2\/media\/52863"}],"wp:attachment":[{"href":"https:\/\/www.adf.org.br\/home\/wp-json\/wp\/v2\/media?parent=52844"}],"wp:term":[{"taxonomy":"category","embeddable":true,"href":"https:\/\/www.adf.org.br\/home\/wp-json\/wp\/v2\/categories?post=52844"},{"taxonomy":"post_tag","embeddable":true,"href":"https:\/\/www.adf.org.br\/home\/wp-json\/wp\/v2\/tags?post=52844"}],"curies":[{"name":"wp","href":"https:\/\/api.w.org\/{rel}","templated":true}]}}