{"id":52696,"date":"2019-06-13T07:30:10","date_gmt":"2019-06-13T10:30:10","guid":{"rendered":"http:\/\/www.adf.org.br\/home\/?p=52696"},"modified":"2019-06-13T07:30:10","modified_gmt":"2019-06-13T10:30:10","slug":"santo-antonio-afugenta-o-demonio","status":"publish","type":"post","link":"https:\/\/www.adf.org.br\/home\/santo-antonio-afugenta-o-demonio\/","title":{"rendered":"O dem\u00f4nio n\u00e3o coloca as m\u00e3os nos filhos de Maria! Santo Ant\u00f4nio o afugentou"},"content":{"rendered":"<figure id=\"attachment_52827\" aria-describedby=\"caption-attachment-52827\" style=\"width: 396px\" class=\"wp-caption aligncenter\"><a href=\"https:\/\/adf.org.br\/velario\/santoantonio?origem=10968\" target=\"_blank\" rel=\"noopener noreferrer\"><img loading=\"lazy\" class=\"wp-image-52827 size-full\" src=\"https:\/\/www.adf.org.br\/home\/wp-content\/uploads\/2019\/06\/St-antonio-Nossa-Senhora-2.jpg\" alt=\"Santo Ant\u00f4nio Nossa Senhora e o Menino Jesus\" width=\"396\" height=\"477\" \/><\/a><figcaption id=\"caption-attachment-52827\" class=\"wp-caption-text\"><span style=\"font-size: 12pt; color: #000000; font-family: georgia, palatino, serif;\">Nossa Senhora, Menino Jesus e Santo Ant\u00f4nio.<\/span><\/figcaption><\/figure>\n<p><span style=\"font-size: 12pt; color: #000000; font-family: verdana, geneva, sans-serif;\"><span style=\"font-size: 24pt;\">N<\/span>a casa de D. Mart\u00edm de Bulh\u00f5es e D. Teresa Taveira, que se situava mesmo pertinho da S\u00e9 de Lisboa, reinava uma grande alegria.<br \/>\n<span style=\"color: #ffffff;\">.<\/span><\/span><\/p>\n<p style=\"padding-left: 60px;\"><span style=\"font-size: 12pt; color: #800080; font-family: verdana, geneva, sans-serif;\"><strong>Era o dia 15 de Agosto de 1195, festividade da Assun\u00e7\u00e3o de Nossa Senhora.<\/strong> <\/span><\/p>\n<p><span style=\"font-size: 12pt; color: #000000; font-family: verdana, geneva, sans-serif;\"><span style=\"color: #ffffff;\">.<\/span><br \/>\nNaquele lar crist\u00e3o tinha nascido um menino a quem puseram o nome de Fernando, que, mais tarde, havia de ser o famoso Santo Ant\u00f4nio de Lisboa.<\/span><\/p>\n<h4><span style=\"font-size: 12pt; color: #000000; font-family: verdana, geneva, sans-serif;\"><strong>Fernando teve uma aprimorada educa\u00e7\u00e3o crist\u00e3.<\/strong> <\/span><\/h4>\n<p><span style=\"font-size: 12pt; color: #000000; font-family: verdana, geneva, sans-serif;\">Sua m\u00e3e ensinou-o a pronunciar com muito amor o nome de Maria e a cantar, quando j\u00e1 era maior, o hino <a style=\"color: #000000;\" href=\"https:\/\/adf.org.br\/velario\/santoantonio?origem=10968\" target=\"_blank\" rel=\"noopener noreferrer\"><em>\u201cOh, gloriosa Senhora!\u201d <\/em><\/a><\/span><\/p>\n<p><span style=\"font-size: 12pt; color: #000000; font-family: verdana, geneva, sans-serif;\">Assim, quando contava apenas cinco anos, diante de uma imagem de <strong><a style=\"color: #000000;\" href=\"https:\/\/adf.org.br\/velario\/santoantonio?origem=10968\" target=\"_blank\" rel=\"noopener noreferrer\">Nossa Senhora<\/a><\/strong>, consagrou-lhe o seu corpo fazendo voto de virgindade.<\/span><\/p>\n<p><span style=\"font-size: 12pt; color: #000000; font-family: verdana, geneva, sans-serif;\">Ingressou na Escola da S\u00e9, dando a todos um magn\u00edfico exemplo de virtudes.<\/span><\/p>\n<p style=\"padding-left: 60px;\"><span style=\"font-size: 12pt; color: #000000; font-family: verdana, geneva, sans-serif;\"><strong>Estudava, pensava em Deus, ajudava \u00e0 missa e cantava no coro os louvores divinos.<\/strong> <\/span><\/p>\n<p><span style=\"font-size: 12pt; color: #000000; font-family: verdana, geneva, sans-serif;\"><span style=\"color: #000080;\">O dem\u00f4nio invejoso de tanta inoc\u00eancia<\/span>, apareceu-lhe numa forma espantosa, a ver se o afastava da vida de piedade.<\/span><\/p>\n<p><span style=\"font-size: 12pt; color: #000000; font-family: verdana, geneva, sans-serif;\">Perseguido por uma tenta\u00e7\u00e3o horr\u00edvel, subiu as escadas do coro e fez na parede o sinal da cruz que ali\u00a0<\/span><span style=\"font-size: 12pt; color: #000000; font-family: verdana, geneva, sans-serif;\">ficou gravado para sempre. <\/span><\/p>\n<p><span style=\"font-size: 12pt; color: #000000; font-family: verdana, geneva, sans-serif;\">Nesse momento, a vis\u00e3o infernal desapareceu.<\/span><\/p>\n<p style=\"text-align: right;\"><strong><span style=\"font-size: 10pt; color: #000000; font-family: georgia, palatino, serif;\">Extra\u00eddo do livro Santo Ant\u00f4nio de Lisboa, Editorial Miss\u00f5es, Lisboa\/PT<\/span><\/strong><\/p>\n<hr \/>\n<h1 style=\"text-align: left;\"><span style=\"color: #000000; font-family: verdana, geneva, sans-serif; font-size: 12pt;\"><strong>No dia de Hoje faremos celebrar uma Santa Missa dedicada a Santo Ant\u00f4nio.<\/strong> <\/span><\/h1>\n<p style=\"text-align: left; padding-left: 30px;\"><span style=\"color: #000000; font-family: verdana, geneva, sans-serif; font-size: 12pt;\">As colaboradoras da Associa\u00e7\u00e3o est\u00e3o recolhendo as inten\u00e7\u00f5es para levar at\u00e9 o altar da Missa. Para incluir seus pedidos de ora\u00e7\u00e3o ligue, sem custos, para<\/span><\/p>\n<p style=\"text-align: center;\"><span style=\"color: #0000ff; font-size: 36pt;\"><a style=\"color: #0000ff;\" href=\"tel:08006082128\" target=\"_blank\" rel=\"noopener noreferrer\"><span style=\"text-decoration: underline;\"><span style=\"font-family: verdana, geneva, sans-serif;\">0800 608 2128<br \/>\n<\/span><\/span><\/a><\/span><span style=\"font-size: 12pt; color: #000000; font-family: verdana, geneva, sans-serif;\">Se voc\u00ea estiver lendo do celular, tecle no n\u00famero e discar\u00e1 automaticamente<\/span><\/p>\n<p style=\"text-align: left;\"><span style=\"font-size: 12pt; color: #000000; font-family: verdana, geneva, sans-serif;\">Caso prefira, voc\u00ea pode acender uma Vela para <span style=\"color: #0000ff;\"><a style=\"color: #0000ff;\" href=\"https:\/\/adf.org.br\/velario\/santoantonio?origem=10968\" target=\"_blank\" rel=\"noopener noreferrer\">Santo Ant\u00f4nio clicando aqui!<\/a><\/span><\/span><\/p>\n","protected":false},"excerpt":{"rendered":"<p>Na casa de D. Mart\u00edm de Bulh\u00f5es e D. Teresa Taveira, que se situava mesmo pertinho da S\u00e9 de Lisboa, reinava uma grande alegria. . Era o dia 15 de Agosto de 1195, festividade da Assun\u00e7\u00e3o de Nossa Senhora. . Naquele lar crist\u00e3o tinha nascido um menino a quem puseram o nome de Fernando, que, [&hellip;]<\/p>\n","protected":false},"author":27,"featured_media":52824,"comment_status":"open","ping_status":"open","sticky":false,"template":"","format":"standard","meta":[],"categories":[20],"tags":[38,2230],"yoast_head":"<!-- This site is optimized with the Yoast SEO plugin v17.4 - https:\/\/yoast.com\/wordpress\/plugins\/seo\/ -->\n<title>O dem\u00f4nio n\u00e3o coloca as m\u00e3os nos filhos de Maria! Santo Ant\u00f4nio o afugentou<\/title>\n<meta name=\"description\" content=\"Nossa Senhora ajudou Santo Ant\u00f4nio a se livrar do dem\u00f4nio! Leia essa hist\u00f3ria\" \/>\n<meta name=\"robots\" content=\"index, follow, max-snippet:-1, max-image-preview:large, max-video-preview:-1\" \/>\n<link rel=\"canonical\" href=\"https:\/\/www.adf.org.br\/home\/santo-antonio-afugenta-o-demonio\/\" \/>\n<meta property=\"og:locale\" content=\"pt_BR\" \/>\n<meta property=\"og:type\" content=\"article\" \/>\n<meta property=\"og:title\" content=\"O dem\u00f4nio n\u00e3o coloca as m\u00e3os nos filhos de Maria! Santo Ant\u00f4nio o afugentou\" \/>\n<meta property=\"og:description\" content=\"Nossa Senhora ajudou Santo Ant\u00f4nio a se livrar do dem\u00f4nio! Leia essa hist\u00f3ria\" \/>\n<meta property=\"og:url\" content=\"https:\/\/www.adf.org.br\/home\/santo-antonio-afugenta-o-demonio\/\" \/>\n<meta property=\"og:site_name\" content=\"Associa\u00e7\u00e3o Devotos de F\u00e1tima\" \/>\n<meta property=\"article:published_time\" content=\"2019-06-13T10:30:10+00:00\" \/>\n<meta name=\"twitter:card\" content=\"summary_large_image\" \/>\n<meta name=\"twitter:label1\" content=\"Escrito por\" \/>\n\t<meta name=\"twitter:data1\" content=\"Gabriel Barbosa\" \/>\n\t<meta name=\"twitter:label2\" content=\"Est. tempo de leitura\" \/>\n\t<meta name=\"twitter:data2\" content=\"1 minuto\" \/>\n<script type=\"application\/ld+json\" class=\"yoast-schema-graph\">{\"@context\":\"https:\/\/schema.org\",\"@graph\":[{\"@type\":\"WebSite\",\"@id\":\"https:\/\/www.adf.org.br\/home\/#website\",\"url\":\"https:\/\/www.adf.org.br\/home\/\",\"name\":\"Associa\\u00e7\\u00e3o Devotos de F\\u00e1tima\",\"description\":\"Associa\\u00e7\\u00e3o Devotos de F\\u00e1tima\",\"potentialAction\":[{\"@type\":\"SearchAction\",\"target\":{\"@type\":\"EntryPoint\",\"urlTemplate\":\"https:\/\/www.adf.org.br\/home\/?s={search_term_string}\"},\"query-input\":\"required name=search_term_string\"}],\"inLanguage\":\"pt-BR\"},{\"@type\":\"ImageObject\",\"@id\":\"https:\/\/www.adf.org.br\/home\/santo-antonio-afugenta-o-demonio\/#primaryimage\",\"inLanguage\":\"pt-BR\",\"url\":\"\",\"contentUrl\":\"\"},{\"@type\":\"WebPage\",\"@id\":\"https:\/\/www.adf.org.br\/home\/santo-antonio-afugenta-o-demonio\/#webpage\",\"url\":\"https:\/\/www.adf.org.br\/home\/santo-antonio-afugenta-o-demonio\/\",\"name\":\"O dem\\u00f4nio n\\u00e3o coloca as m\\u00e3os nos filhos de Maria! Santo Ant\\u00f4nio o afugentou\",\"isPartOf\":{\"@id\":\"https:\/\/www.adf.org.br\/home\/#website\"},\"primaryImageOfPage\":{\"@id\":\"https:\/\/www.adf.org.br\/home\/santo-antonio-afugenta-o-demonio\/#primaryimage\"},\"datePublished\":\"2019-06-13T10:30:10+00:00\",\"dateModified\":\"2019-06-13T10:30:10+00:00\",\"author\":{\"@id\":\"https:\/\/www.adf.org.br\/home\/#\/schema\/person\/affa494ecf91434f3620f5392de44327\"},\"description\":\"Nossa Senhora ajudou Santo Ant\\u00f4nio a se livrar do dem\\u00f4nio! Leia essa hist\\u00f3ria\",\"breadcrumb\":{\"@id\":\"https:\/\/www.adf.org.br\/home\/santo-antonio-afugenta-o-demonio\/#breadcrumb\"},\"inLanguage\":\"pt-BR\",\"potentialAction\":[{\"@type\":\"ReadAction\",\"target\":[\"https:\/\/www.adf.org.br\/home\/santo-antonio-afugenta-o-demonio\/\"]}]},{\"@type\":\"BreadcrumbList\",\"@id\":\"https:\/\/www.adf.org.br\/home\/santo-antonio-afugenta-o-demonio\/#breadcrumb\",\"itemListElement\":[{\"@type\":\"ListItem\",\"position\":1,\"name\":\"Home\",\"item\":\"https:\/\/www.adf.org.br\/home\/\"},{\"@type\":\"ListItem\",\"position\":2,\"name\":\"O dem\\u00f4nio n\\u00e3o coloca as m\\u00e3os nos filhos de Maria! Santo Ant\\u00f4nio o afugentou\"}]},{\"@type\":\"Person\",\"@id\":\"https:\/\/www.adf.org.br\/home\/#\/schema\/person\/affa494ecf91434f3620f5392de44327\",\"name\":\"Gabriel Barbosa\",\"image\":{\"@type\":\"ImageObject\",\"@id\":\"https:\/\/www.adf.org.br\/home\/#personlogo\",\"inLanguage\":\"pt-BR\",\"url\":\"https:\/\/secure.gravatar.com\/avatar\/ecf2eab02e30486a7038f8b2858de06a?s=96&d=mm&r=g\",\"contentUrl\":\"https:\/\/secure.gravatar.com\/avatar\/ecf2eab02e30486a7038f8b2858de06a?s=96&d=mm&r=g\",\"caption\":\"Gabriel Barbosa\"},\"url\":\"https:\/\/www.adf.org.br\/home\/author\/gabriel-aascj\/\"}]}<\/script>\n<!-- \/ Yoast SEO plugin. -->","yoast_head_json":{"title":"O dem\u00f4nio n\u00e3o coloca as m\u00e3os nos filhos de Maria! Santo Ant\u00f4nio o afugentou","description":"Nossa Senhora ajudou Santo Ant\u00f4nio a se livrar do dem\u00f4nio! Leia essa hist\u00f3ria","robots":{"index":"index","follow":"follow","max-snippet":"max-snippet:-1","max-image-preview":"max-image-preview:large","max-video-preview":"max-video-preview:-1"},"canonical":"https:\/\/www.adf.org.br\/home\/santo-antonio-afugenta-o-demonio\/","og_locale":"pt_BR","og_type":"article","og_title":"O dem\u00f4nio n\u00e3o coloca as m\u00e3os nos filhos de Maria! Santo Ant\u00f4nio o afugentou","og_description":"Nossa Senhora ajudou Santo Ant\u00f4nio a se livrar do dem\u00f4nio! Leia essa hist\u00f3ria","og_url":"https:\/\/www.adf.org.br\/home\/santo-antonio-afugenta-o-demonio\/","og_site_name":"Associa\u00e7\u00e3o Devotos de F\u00e1tima","article_published_time":"2019-06-13T10:30:10+00:00","twitter_card":"summary_large_image","twitter_misc":{"Escrito por":"Gabriel Barbosa","Est. tempo de leitura":"1 minuto"},"schema":{"@context":"https:\/\/schema.org","@graph":[{"@type":"WebSite","@id":"https:\/\/www.adf.org.br\/home\/#website","url":"https:\/\/www.adf.org.br\/home\/","name":"Associa\u00e7\u00e3o Devotos de F\u00e1tima","description":"Associa\u00e7\u00e3o Devotos de F\u00e1tima","potentialAction":[{"@type":"SearchAction","target":{"@type":"EntryPoint","urlTemplate":"https:\/\/www.adf.org.br\/home\/?s={search_term_string}"},"query-input":"required name=search_term_string"}],"inLanguage":"pt-BR"},{"@type":"ImageObject","@id":"https:\/\/www.adf.org.br\/home\/santo-antonio-afugenta-o-demonio\/#primaryimage","inLanguage":"pt-BR","url":"","contentUrl":""},{"@type":"WebPage","@id":"https:\/\/www.adf.org.br\/home\/santo-antonio-afugenta-o-demonio\/#webpage","url":"https:\/\/www.adf.org.br\/home\/santo-antonio-afugenta-o-demonio\/","name":"O dem\u00f4nio n\u00e3o coloca as m\u00e3os nos filhos de Maria! Santo Ant\u00f4nio o afugentou","isPartOf":{"@id":"https:\/\/www.adf.org.br\/home\/#website"},"primaryImageOfPage":{"@id":"https:\/\/www.adf.org.br\/home\/santo-antonio-afugenta-o-demonio\/#primaryimage"},"datePublished":"2019-06-13T10:30:10+00:00","dateModified":"2019-06-13T10:30:10+00:00","author":{"@id":"https:\/\/www.adf.org.br\/home\/#\/schema\/person\/affa494ecf91434f3620f5392de44327"},"description":"Nossa Senhora ajudou Santo Ant\u00f4nio a se livrar do dem\u00f4nio! Leia essa hist\u00f3ria","breadcrumb":{"@id":"https:\/\/www.adf.org.br\/home\/santo-antonio-afugenta-o-demonio\/#breadcrumb"},"inLanguage":"pt-BR","potentialAction":[{"@type":"ReadAction","target":["https:\/\/www.adf.org.br\/home\/santo-antonio-afugenta-o-demonio\/"]}]},{"@type":"BreadcrumbList","@id":"https:\/\/www.adf.org.br\/home\/santo-antonio-afugenta-o-demonio\/#breadcrumb","itemListElement":[{"@type":"ListItem","position":1,"name":"Home","item":"https:\/\/www.adf.org.br\/home\/"},{"@type":"ListItem","position":2,"name":"O dem\u00f4nio n\u00e3o coloca as m\u00e3os nos filhos de Maria! Santo Ant\u00f4nio o afugentou"}]},{"@type":"Person","@id":"https:\/\/www.adf.org.br\/home\/#\/schema\/person\/affa494ecf91434f3620f5392de44327","name":"Gabriel Barbosa","image":{"@type":"ImageObject","@id":"https:\/\/www.adf.org.br\/home\/#personlogo","inLanguage":"pt-BR","url":"https:\/\/secure.gravatar.com\/avatar\/ecf2eab02e30486a7038f8b2858de06a?s=96&d=mm&r=g","contentUrl":"https:\/\/secure.gravatar.com\/avatar\/ecf2eab02e30486a7038f8b2858de06a?s=96&d=mm&r=g","caption":"Gabriel Barbosa"},"url":"https:\/\/www.adf.org.br\/home\/author\/gabriel-aascj\/"}]}},"_links":{"self":[{"href":"https:\/\/www.adf.org.br\/home\/wp-json\/wp\/v2\/posts\/52696"}],"collection":[{"href":"https:\/\/www.adf.org.br\/home\/wp-json\/wp\/v2\/posts"}],"about":[{"href":"https:\/\/www.adf.org.br\/home\/wp-json\/wp\/v2\/types\/post"}],"author":[{"embeddable":true,"href":"https:\/\/www.adf.org.br\/home\/wp-json\/wp\/v2\/users\/27"}],"replies":[{"embeddable":true,"href":"https:\/\/www.adf.org.br\/home\/wp-json\/wp\/v2\/comments?post=52696"}],"version-history":[{"count":0,"href":"https:\/\/www.adf.org.br\/home\/wp-json\/wp\/v2\/posts\/52696\/revisions"}],"wp:featuredmedia":[{"embeddable":true,"href":"https:\/\/www.adf.org.br\/home\/wp-json\/wp\/v2\/media\/52824"}],"wp:attachment":[{"href":"https:\/\/www.adf.org.br\/home\/wp-json\/wp\/v2\/media?parent=52696"}],"wp:term":[{"taxonomy":"category","embeddable":true,"href":"https:\/\/www.adf.org.br\/home\/wp-json\/wp\/v2\/categories?post=52696"},{"taxonomy":"post_tag","embeddable":true,"href":"https:\/\/www.adf.org.br\/home\/wp-json\/wp\/v2\/tags?post=52696"}],"curies":[{"name":"wp","href":"https:\/\/api.w.org\/{rel}","templated":true}]}}