{"id":52593,"date":"2019-05-27T07:30:50","date_gmt":"2019-05-27T10:30:50","guid":{"rendered":"http:\/\/www.adf.org.br\/home\/?p=52593"},"modified":"2019-05-27T07:30:50","modified_gmt":"2019-05-27T10:30:50","slug":"os-tres-pastorinhos-de-fatima-ultimos-dias-de-jacinta","status":"publish","type":"post","link":"https:\/\/www.adf.org.br\/home\/os-tres-pastorinhos-de-fatima-ultimos-dias-de-jacinta\/","title":{"rendered":"Os Tr\u00eas Pastorinhos de F\u00e1tima: \u00daltimos dias de Jacinta"},"content":{"rendered":"<figure id=\"attachment_52594\" aria-describedby=\"caption-attachment-52594\" style=\"width: 260px\" class=\"wp-caption aligncenter\"><a href=\"https:\/\/adf.org.br\/apostolosdefatima?origem=10812\" target=\"_blank\" rel=\"noopener noreferrer\"><img loading=\"lazy\" class=\"wp-image-52594 size-full\" src=\"https:\/\/www.adf.org.br\/home\/wp-content\/uploads\/2019\/05\/Jacinta-marto-fatima-portugal-1917.jpg\" alt=\"Jacinta-marto-fatima-portugal-1917\" width=\"260\" height=\"396\" \/><\/a><figcaption id=\"caption-attachment-52594\" class=\"wp-caption-text\">A pequena Jacinta com um ter\u00e7o de Nossa Senhora nas m\u00e3os<\/figcaption><\/figure>\n<p style=\"text-align: center;\"><span style=\"color: #ffffff;\">.<\/span><\/p>\n<h6 style=\"text-align: center;\"><span style=\"color: #800080;\"><strong><span style=\"font-family: verdana, geneva, sans-serif; font-size: 14pt;\">Os Tr\u00eas Pastorinhos de F\u00e1tima: \u00daltimos dias da pequena Jacinta<\/span><\/strong><\/span><br \/>\n<span style=\"color: #ffffff;\">.<\/span><\/h6>\n<p><span style=\"font-weight: 400; font-family: verdana, geneva, sans-serif; font-size: 12pt; color: #000000;\"><span style=\"font-size: 18pt;\">E<\/span>m fins de outubro de 1918, Jacinta e Francisco adoeceram, quase ao mesmo tempo. <\/span><\/p>\n<p><span style=\"font-weight: 400; font-family: verdana, geneva, sans-serif; font-size: 12pt; color: #000000;\">[&#8230;] Levada para o Hospital Dona Estef\u00e2nia, em Lisboa, onde permaneceu pouco tempo, Jacinta foi favorecida com novas visitas de Nossa Senhora, que lhe anunciou o dia e a hora em que haveria de morrer. Quatro dias antes de a levar para o C\u00e9u, a Sant\u00edssima Virgem tirou-lhe todas as dores.<\/span><\/p>\n<p><span style=\"font-weight: 400; font-family: verdana, geneva, sans-serif; font-size: 12pt; color: #000000;\">Nas v\u00e9speras de sua morte, algu\u00e9m perguntou-lhe se queria ver a m\u00e3e. Jacinta respondeu:<\/span><\/p>\n<p><span style=\"color: #ffffff;\">.<\/span><\/p>\n<p style=\"padding-left: 90px;\"><span style=\"font-family: verdana, geneva, sans-serif; font-size: 12pt; color: #800080;\"><span style=\"font-weight: 400;\">&#8211; <\/span><i><span style=\"font-weight: 400;\">\u201dA minha fam\u00edlia durar\u00e1 pouco tempo e em breve se encontrar\u00e3o no C\u00e9u\u2026 Nossa Senhora aparecer\u00e1 outra vez, mas n\u00e3o a mim, porque com certeza morro, como Ela me disse\u2026\u201d*<\/span><\/i><\/span><\/p>\n<p><span style=\"color: #ffffff;\">.<\/span><\/p>\n<p><span style=\"font-weight: 400; font-family: verdana, geneva, sans-serif; font-size: 12pt; color: #000000;\"><strong>Nossa Senhora veio buscar Jacinta no dia 20 de fevereiro de 1920<\/strong>. Francisco entregara sua alma a Deus no dia 04 de abril do ano anterior.<\/span><\/p>\n<p><span style=\"font-weight: 400; font-family: verdana, geneva, sans-serif; font-size: 12pt; color: #000000;\">Jacinta foi sepultada no cemit\u00e9rio de Vila Nova de Our\u00e9m. Francisco o fora, anteriormente, no cemit\u00e9rio de F\u00e1tima.<\/span><\/p>\n<p><span style=\"color: #ffffff;\">.<\/span><\/p>\n<p style=\"padding-left: 90px;\"><span style=\"font-family: verdana, geneva, sans-serif; font-size: 12pt; color: #000000;\"><span style=\"font-weight: 400;\">Em 12 de setembro de 1935, os restos mortais de Jacinta foram transladados para o cemit\u00e9rio de F\u00e1tima, onde foram depositados num jazigo novo especialmente constru\u00eddo para ela e seu irm\u00e3o. Na l\u00e1pide, uma inscri\u00e7\u00e3o singela dizia: <\/span><i><span style=\"font-weight: 400;\"><span style=\"color: #800080;\">\u201cAqui repousam os restos mortais de Francisco e Jacinta, a quem Nossa Senhora apareceu\u201d<\/span>.<\/span><\/i><\/span><\/p>\n<p><span style=\"color: #ffffff;\">.<\/span><\/p>\n<p><span style=\"font-weight: 400; font-family: verdana, geneva, sans-serif; font-size: 12pt; color: #000000;\">Mais tarde (em 1951 e 1952, respectivamente), os preciosos despojos foram levados para a cripta da Bas\u00edlica de F\u00e1tima onde se encontram.<\/span><\/p>\n<p><span style=\"color: #ffffff;\">.<\/span><\/p>\n<p><span style=\"font-weight: 400; font-family: verdana, geneva, sans-serif; font-size: 12pt; color: #000000;\">Os processos can\u00f4nicos preparat\u00f3rios para a beatifica\u00e7\u00e3o dos dois videntes de F\u00e1tima foram oficialmente iniciados em 1949. A heroicidade das virtudes de Francisco e Jacinta foi oficialmente reconhecida pela Santa S\u00e9 em 13 de maio de 1989. <\/span><\/p>\n<p><span style=\"color: #ffffff;\">.<\/span><\/p>\n<p style=\"text-align: right;\"><span style=\"font-weight: 400; font-family: verdana, geneva, sans-serif; font-size: 10pt; color: #000000;\">*Pe. Jo\u00e3o M. DE MARCHI I.M.C.<\/span><\/p>\n<p>&nbsp;<\/p>\n<p style=\"text-align: right;\"><span style=\"font-family: verdana, geneva, sans-serif; font-size: 10pt; color: #000000;\"><b>Fonte: <\/b><i><span style=\"font-weight: 400;\">As apari\u00e7\u00f5es e a mensagem de F\u00e1tima conforme os manuscritos da Irm\u00e3 L\u00facia <\/span><\/i><span style=\"font-weight: 400;\">de Antonio Augusto Borelli Machado<\/span><\/span><\/p>\n<p><span style=\"color: #ffffff;\">.<\/span><\/p>\n<hr \/>\n<p style=\"text-align: center;\"><span style=\"color: #ffffff;\">.<\/span><\/p>\n<p style=\"text-align: center;\"><span style=\"font-family: verdana, geneva, sans-serif; font-size: 14pt; color: #000000;\"><b>Gostaria de rezar com este lindo ter\u00e7o de <a href=\"https:\/\/adf.org.br\/apostolosdefatima?origem=10812\" target=\"_blank\" rel=\"noopener noreferrer\"><span style=\"color: #0000ff;\">Nossa Senhora de F\u00e1tima<\/span><\/a>, que inclusive j\u00e1 est\u00e1 bento?<\/b><\/span><\/p>\n<p style=\"text-align: center;\"><span style=\"color: #ffffff;\">.<\/span><\/p>\n<p><a href=\"https:\/\/adf.org.br\/apostolosdefatima?origem=10812\" target=\"_blank\" rel=\"noopener noreferrer\"><img loading=\"lazy\" class=\"aligncenter wp-image-52554 size-full\" src=\"https:\/\/www.adf.org.br\/home\/wp-content\/uploads\/2019\/05\/Ter\u00e7o-de-Nossa-Senhora-de-F\u00e1tima-3.jpg\" alt=\"Ter\u00e7o de Nossa Senhora de F\u00e1tima 3\" width=\"620\" height=\"393\" \/><\/a><\/p>\n<p>&nbsp;<\/p>\n<p style=\"text-align: center;\"><strong><span style=\"font-family: verdana, geneva, sans-serif; font-size: 14pt; color: #000000;\">Ligue para:<\/span><\/strong><\/p>\n<p style=\"text-align: center;\"><span style=\"font-size: 24pt;\"><strong><a href=\"tel:08006082128\" target=\"_blank\" rel=\"noopener noreferrer\"><span style=\"font-family: verdana, geneva, sans-serif; color: #0000ff;\">0800 608 2128<br \/>\n<\/span><\/a><\/strong><\/span><span style=\"font-size: 10pt;\"><em><span style=\"font-weight: 400; font-family: verdana, geneva, sans-serif; color: #000000;\">Se estiver no celular, somente tecle no n\u00famero para discar automaticamente.<\/span><\/em><\/span><\/p>\n<p style=\"text-align: center;\"><span style=\"color: #ffffff;\">.<\/span><\/p>\n<p style=\"text-align: center;\"><span style=\"font-weight: 400; font-family: verdana, geneva, sans-serif; font-size: 12pt; color: #000000;\">Fale com uma colaboradora da Associa\u00e7\u00e3o Devotos de F\u00e1tima <\/span><span style=\"font-weight: 400; font-family: verdana, geneva, sans-serif; font-size: 12pt; color: #000000;\">e <\/span><\/p>\n<p style=\"text-align: center;\"><span style=\"font-weight: 400; font-family: verdana, geneva, sans-serif; font-size: 12pt; color: #000000;\">saiba como receber este ter\u00e7o e outras surpresas incr\u00edveis que v\u00e3o ajudar voc\u00ea a fortalecer cada vez mais sua F\u00e9 e Devo\u00e7\u00e3o.<\/span><\/p>\n<p style=\"text-align: center;\"><span style=\"color: #ffffff;\">.<\/span><\/p>\n<p style=\"text-align: center;\"><span style=\"font-weight: 400; font-family: verdana, geneva, sans-serif; font-size: 12pt; color: #000000;\">Ligue <span style=\"font-size: 14pt;\"><strong>GRATUITAMENTE<\/strong><\/span> para:<\/span><\/p>\n<p style=\"text-align: center;\"><strong><span style=\"font-family: verdana, geneva, sans-serif; font-size: 24pt; color: #0000ff;\"><a style=\"color: #0000ff;\" href=\"tel:08006082128\" target=\"_blank\" rel=\"noopener noreferrer\">0800 608 2128<\/a><br \/>\n<\/span><\/strong><span style=\"font-size: 10pt;\"><em><span style=\"font-weight: 400; font-family: verdana, geneva, sans-serif; color: #000000;\">Se estiver no celular, somente tecle no n\u00famero para discar automaticamente.<\/span><\/em><\/span><\/p>\n<p style=\"text-align: center;\"><span style=\"color: #ffffff;\">.<\/span><\/p>\n<p style=\"text-align: center;\"><strong><span style=\"font-family: verdana, geneva, sans-serif; font-size: 12pt; color: #000000;\">Voc\u00ea ir\u00e1 ver que ajudar na divulga\u00e7\u00e3o da devo\u00e7\u00e3o a <span style=\"text-decoration: underline;\">Nossa Amada M\u00e3ezinha de F\u00e1tima<\/span> \u00e9 mais f\u00e1cil e simples do que imagina. <\/span><\/strong><\/p>\n<p style=\"text-align: center;\"><span style=\"color: #ffffff;\">.<\/span><\/p>\n<p style=\"text-align: center;\"><span style=\"font-family: verdana, geneva, sans-serif; font-size: 12pt; color: #000000;\"><span style=\"font-weight: 400;\">Ou\u00e7a e atenda o chamado de <\/span><a href=\"https:\/\/adf.org.br\/apostolosdefatima?origem=10812\" target=\"_blank\" rel=\"noopener noreferrer\"><strong><span style=\"color: #0000ff;\">Nossa Senhora<\/span><\/strong><\/a><span style=\"font-weight: 400;\">, assim como os Tr\u00eas Pastorinhos. Ela est\u00e1 esperando por voc\u00ea!<\/span><\/span><\/p>\n<p style=\"text-align: center;\"><span style=\"color: #ffffff;\">.<\/span><\/p>\n<p style=\"text-align: center;\"><span style=\"font-family: verdana, geneva, sans-serif; font-size: 12pt; color: #000000;\"><i><span style=\"font-weight: 400;\"><span style=\"color: #800080;\">Que a Sant\u00edssima Virgem de F\u00e1tima o proteja e ampare a cada momento.<\/span><br \/>\n<span style=\"color: #ffffff;\">.<\/span><\/span><\/i><\/span><\/p>\n","protected":false},"excerpt":{"rendered":"<p>. Os Tr\u00eas Pastorinhos de F\u00e1tima: \u00daltimos dias da pequena Jacinta . Em fins de outubro de 1918, Jacinta e Francisco adoeceram, quase ao mesmo tempo. [&#8230;] Levada para o Hospital Dona Estef\u00e2nia, em Lisboa, onde permaneceu pouco tempo, Jacinta foi favorecida com novas visitas de Nossa Senhora, que lhe anunciou o dia e a [&hellip;]<\/p>\n","protected":false},"author":31,"featured_media":52599,"comment_status":"open","ping_status":"open","sticky":false,"template":"","format":"standard","meta":[],"categories":[20,118,56],"tags":[79,57,1485,2949],"yoast_head":"<!-- This site is optimized with the Yoast SEO plugin v17.4 - https:\/\/yoast.com\/wordpress\/plugins\/seo\/ -->\n<title>Os Tr\u00eas Pastorinhos de F\u00e1tima: \u00daltimos dias de Jacinta - Associa\u00e7\u00e3o Devotos de F\u00e1tima<\/title>\n<meta name=\"description\" content=\"Nos \u00faltimos dias de vida, Jacinta recebeu a visita de Nossa Senhora de F\u00e1tima...Leia aqui o relato completo. Voc\u00ea vai se emocionar.\" \/>\n<meta name=\"robots\" content=\"index, follow, max-snippet:-1, max-image-preview:large, max-video-preview:-1\" \/>\n<link rel=\"canonical\" href=\"https:\/\/www.adf.org.br\/home\/os-tres-pastorinhos-de-fatima-ultimos-dias-de-jacinta\/\" \/>\n<meta property=\"og:locale\" content=\"pt_BR\" \/>\n<meta property=\"og:type\" content=\"article\" \/>\n<meta property=\"og:title\" content=\"Os Tr\u00eas Pastorinhos de F\u00e1tima: \u00daltimos dias de Jacinta - Associa\u00e7\u00e3o Devotos de F\u00e1tima\" \/>\n<meta property=\"og:description\" content=\"Nos \u00faltimos dias de vida, Jacinta recebeu a visita de Nossa Senhora de F\u00e1tima...Leia aqui o relato completo. Voc\u00ea vai se emocionar.\" \/>\n<meta property=\"og:url\" content=\"https:\/\/www.adf.org.br\/home\/os-tres-pastorinhos-de-fatima-ultimos-dias-de-jacinta\/\" \/>\n<meta property=\"og:site_name\" content=\"Associa\u00e7\u00e3o Devotos de F\u00e1tima\" \/>\n<meta property=\"article:published_time\" content=\"2019-05-27T10:30:50+00:00\" \/>\n<meta name=\"twitter:card\" content=\"summary_large_image\" \/>\n<meta name=\"twitter:label1\" content=\"Escrito por\" \/>\n\t<meta name=\"twitter:data1\" content=\"Gabriel Barbosa\" \/>\n\t<meta name=\"twitter:label2\" content=\"Est. tempo de leitura\" \/>\n\t<meta name=\"twitter:data2\" content=\"2 minutos\" \/>\n<script type=\"application\/ld+json\" class=\"yoast-schema-graph\">{\"@context\":\"https:\/\/schema.org\",\"@graph\":[{\"@type\":\"WebSite\",\"@id\":\"https:\/\/www.adf.org.br\/home\/#website\",\"url\":\"https:\/\/www.adf.org.br\/home\/\",\"name\":\"Associa\\u00e7\\u00e3o Devotos de F\\u00e1tima\",\"description\":\"Associa\\u00e7\\u00e3o Devotos de F\\u00e1tima\",\"potentialAction\":[{\"@type\":\"SearchAction\",\"target\":{\"@type\":\"EntryPoint\",\"urlTemplate\":\"https:\/\/www.adf.org.br\/home\/?s={search_term_string}\"},\"query-input\":\"required name=search_term_string\"}],\"inLanguage\":\"pt-BR\"},{\"@type\":\"ImageObject\",\"@id\":\"https:\/\/www.adf.org.br\/home\/os-tres-pastorinhos-de-fatima-ultimos-dias-de-jacinta\/#primaryimage\",\"inLanguage\":\"pt-BR\",\"url\":\"\",\"contentUrl\":\"\"},{\"@type\":\"WebPage\",\"@id\":\"https:\/\/www.adf.org.br\/home\/os-tres-pastorinhos-de-fatima-ultimos-dias-de-jacinta\/#webpage\",\"url\":\"https:\/\/www.adf.org.br\/home\/os-tres-pastorinhos-de-fatima-ultimos-dias-de-jacinta\/\",\"name\":\"Os Tr\\u00eas Pastorinhos de F\\u00e1tima: \\u00daltimos dias de Jacinta - Associa\\u00e7\\u00e3o Devotos de F\\u00e1tima\",\"isPartOf\":{\"@id\":\"https:\/\/www.adf.org.br\/home\/#website\"},\"primaryImageOfPage\":{\"@id\":\"https:\/\/www.adf.org.br\/home\/os-tres-pastorinhos-de-fatima-ultimos-dias-de-jacinta\/#primaryimage\"},\"datePublished\":\"2019-05-27T10:30:50+00:00\",\"dateModified\":\"2019-05-27T10:30:50+00:00\",\"author\":{\"@id\":\"https:\/\/www.adf.org.br\/home\/#\/schema\/person\/f35a5c5aa7728a3dedf4ea9aa1fc2753\"},\"description\":\"Nos \\u00faltimos dias de vida, Jacinta recebeu a visita de Nossa Senhora de F\\u00e1tima...Leia aqui o relato completo. Voc\\u00ea vai se emocionar.\",\"breadcrumb\":{\"@id\":\"https:\/\/www.adf.org.br\/home\/os-tres-pastorinhos-de-fatima-ultimos-dias-de-jacinta\/#breadcrumb\"},\"inLanguage\":\"pt-BR\",\"potentialAction\":[{\"@type\":\"ReadAction\",\"target\":[\"https:\/\/www.adf.org.br\/home\/os-tres-pastorinhos-de-fatima-ultimos-dias-de-jacinta\/\"]}]},{\"@type\":\"BreadcrumbList\",\"@id\":\"https:\/\/www.adf.org.br\/home\/os-tres-pastorinhos-de-fatima-ultimos-dias-de-jacinta\/#breadcrumb\",\"itemListElement\":[{\"@type\":\"ListItem\",\"position\":1,\"name\":\"Home\",\"item\":\"https:\/\/www.adf.org.br\/home\/\"},{\"@type\":\"ListItem\",\"position\":2,\"name\":\"Os Tr\\u00eas Pastorinhos de F\\u00e1tima: \\u00daltimos dias de Jacinta\"}]},{\"@type\":\"Person\",\"@id\":\"https:\/\/www.adf.org.br\/home\/#\/schema\/person\/f35a5c5aa7728a3dedf4ea9aa1fc2753\",\"name\":\"Gabriel Barbosa\",\"image\":{\"@type\":\"ImageObject\",\"@id\":\"https:\/\/www.adf.org.br\/home\/#personlogo\",\"inLanguage\":\"pt-BR\",\"url\":\"https:\/\/secure.gravatar.com\/avatar\/2b2cb2f4637682c5605e8d36818f51ef?s=96&d=mm&r=g\",\"contentUrl\":\"https:\/\/secure.gravatar.com\/avatar\/2b2cb2f4637682c5605e8d36818f51ef?s=96&d=mm&r=g\",\"caption\":\"Gabriel Barbosa\"},\"url\":\"https:\/\/www.adf.org.br\/home\/author\/gabrielpmk-com-br\/\"}]}<\/script>\n<!-- \/ Yoast SEO plugin. -->","yoast_head_json":{"title":"Os Tr\u00eas Pastorinhos de F\u00e1tima: \u00daltimos dias de Jacinta - Associa\u00e7\u00e3o Devotos de F\u00e1tima","description":"Nos \u00faltimos dias de vida, Jacinta recebeu a visita de Nossa Senhora de F\u00e1tima...Leia aqui o relato completo. Voc\u00ea vai se emocionar.","robots":{"index":"index","follow":"follow","max-snippet":"max-snippet:-1","max-image-preview":"max-image-preview:large","max-video-preview":"max-video-preview:-1"},"canonical":"https:\/\/www.adf.org.br\/home\/os-tres-pastorinhos-de-fatima-ultimos-dias-de-jacinta\/","og_locale":"pt_BR","og_type":"article","og_title":"Os Tr\u00eas Pastorinhos de F\u00e1tima: \u00daltimos dias de Jacinta - Associa\u00e7\u00e3o Devotos de F\u00e1tima","og_description":"Nos \u00faltimos dias de vida, Jacinta recebeu a visita de Nossa Senhora de F\u00e1tima...Leia aqui o relato completo. Voc\u00ea vai se emocionar.","og_url":"https:\/\/www.adf.org.br\/home\/os-tres-pastorinhos-de-fatima-ultimos-dias-de-jacinta\/","og_site_name":"Associa\u00e7\u00e3o Devotos de F\u00e1tima","article_published_time":"2019-05-27T10:30:50+00:00","twitter_card":"summary_large_image","twitter_misc":{"Escrito por":"Gabriel Barbosa","Est. tempo de leitura":"2 minutos"},"schema":{"@context":"https:\/\/schema.org","@graph":[{"@type":"WebSite","@id":"https:\/\/www.adf.org.br\/home\/#website","url":"https:\/\/www.adf.org.br\/home\/","name":"Associa\u00e7\u00e3o Devotos de F\u00e1tima","description":"Associa\u00e7\u00e3o Devotos de F\u00e1tima","potentialAction":[{"@type":"SearchAction","target":{"@type":"EntryPoint","urlTemplate":"https:\/\/www.adf.org.br\/home\/?s={search_term_string}"},"query-input":"required name=search_term_string"}],"inLanguage":"pt-BR"},{"@type":"ImageObject","@id":"https:\/\/www.adf.org.br\/home\/os-tres-pastorinhos-de-fatima-ultimos-dias-de-jacinta\/#primaryimage","inLanguage":"pt-BR","url":"","contentUrl":""},{"@type":"WebPage","@id":"https:\/\/www.adf.org.br\/home\/os-tres-pastorinhos-de-fatima-ultimos-dias-de-jacinta\/#webpage","url":"https:\/\/www.adf.org.br\/home\/os-tres-pastorinhos-de-fatima-ultimos-dias-de-jacinta\/","name":"Os Tr\u00eas Pastorinhos de F\u00e1tima: \u00daltimos dias de Jacinta - Associa\u00e7\u00e3o Devotos de F\u00e1tima","isPartOf":{"@id":"https:\/\/www.adf.org.br\/home\/#website"},"primaryImageOfPage":{"@id":"https:\/\/www.adf.org.br\/home\/os-tres-pastorinhos-de-fatima-ultimos-dias-de-jacinta\/#primaryimage"},"datePublished":"2019-05-27T10:30:50+00:00","dateModified":"2019-05-27T10:30:50+00:00","author":{"@id":"https:\/\/www.adf.org.br\/home\/#\/schema\/person\/f35a5c5aa7728a3dedf4ea9aa1fc2753"},"description":"Nos \u00faltimos dias de vida, Jacinta recebeu a visita de Nossa Senhora de F\u00e1tima...Leia aqui o relato completo. Voc\u00ea vai se emocionar.","breadcrumb":{"@id":"https:\/\/www.adf.org.br\/home\/os-tres-pastorinhos-de-fatima-ultimos-dias-de-jacinta\/#breadcrumb"},"inLanguage":"pt-BR","potentialAction":[{"@type":"ReadAction","target":["https:\/\/www.adf.org.br\/home\/os-tres-pastorinhos-de-fatima-ultimos-dias-de-jacinta\/"]}]},{"@type":"BreadcrumbList","@id":"https:\/\/www.adf.org.br\/home\/os-tres-pastorinhos-de-fatima-ultimos-dias-de-jacinta\/#breadcrumb","itemListElement":[{"@type":"ListItem","position":1,"name":"Home","item":"https:\/\/www.adf.org.br\/home\/"},{"@type":"ListItem","position":2,"name":"Os Tr\u00eas Pastorinhos de F\u00e1tima: \u00daltimos dias de Jacinta"}]},{"@type":"Person","@id":"https:\/\/www.adf.org.br\/home\/#\/schema\/person\/f35a5c5aa7728a3dedf4ea9aa1fc2753","name":"Gabriel Barbosa","image":{"@type":"ImageObject","@id":"https:\/\/www.adf.org.br\/home\/#personlogo","inLanguage":"pt-BR","url":"https:\/\/secure.gravatar.com\/avatar\/2b2cb2f4637682c5605e8d36818f51ef?s=96&d=mm&r=g","contentUrl":"https:\/\/secure.gravatar.com\/avatar\/2b2cb2f4637682c5605e8d36818f51ef?s=96&d=mm&r=g","caption":"Gabriel Barbosa"},"url":"https:\/\/www.adf.org.br\/home\/author\/gabrielpmk-com-br\/"}]}},"_links":{"self":[{"href":"https:\/\/www.adf.org.br\/home\/wp-json\/wp\/v2\/posts\/52593"}],"collection":[{"href":"https:\/\/www.adf.org.br\/home\/wp-json\/wp\/v2\/posts"}],"about":[{"href":"https:\/\/www.adf.org.br\/home\/wp-json\/wp\/v2\/types\/post"}],"author":[{"embeddable":true,"href":"https:\/\/www.adf.org.br\/home\/wp-json\/wp\/v2\/users\/31"}],"replies":[{"embeddable":true,"href":"https:\/\/www.adf.org.br\/home\/wp-json\/wp\/v2\/comments?post=52593"}],"version-history":[{"count":0,"href":"https:\/\/www.adf.org.br\/home\/wp-json\/wp\/v2\/posts\/52593\/revisions"}],"wp:featuredmedia":[{"embeddable":true,"href":"https:\/\/www.adf.org.br\/home\/wp-json\/wp\/v2\/media\/52599"}],"wp:attachment":[{"href":"https:\/\/www.adf.org.br\/home\/wp-json\/wp\/v2\/media?parent=52593"}],"wp:term":[{"taxonomy":"category","embeddable":true,"href":"https:\/\/www.adf.org.br\/home\/wp-json\/wp\/v2\/categories?post=52593"},{"taxonomy":"post_tag","embeddable":true,"href":"https:\/\/www.adf.org.br\/home\/wp-json\/wp\/v2\/tags?post=52593"}],"curies":[{"name":"wp","href":"https:\/\/api.w.org\/{rel}","templated":true}]}}