{"id":52494,"date":"2019-05-25T00:30:39","date_gmt":"2019-05-25T03:30:39","guid":{"rendered":"http:\/\/www.adf.org.br\/home\/?p=52494"},"modified":"2019-05-25T00:30:39","modified_gmt":"2019-05-25T03:30:39","slug":"nossa-senhora-de-fatima-e-padre-pio-um-amor-incondicional","status":"publish","type":"post","link":"https:\/\/www.adf.org.br\/home\/nossa-senhora-de-fatima-e-padre-pio-um-amor-incondicional\/","title":{"rendered":"Nossa Senhora de F\u00e1tima e Padre Pio: Um amor incondicional"},"content":{"rendered":"<p style=\"text-align: center;\"><a href=\"https:\/\/adf.org.br\/apostolosdefatima?origem=10744\" target=\"_blank\" rel=\"noopener noreferrer\"><img loading=\"lazy\" class=\"alignnone wp-image-52496 size-full\" src=\"https:\/\/www.adf.org.br\/home\/wp-content\/uploads\/2019\/05\/Padre-Pio-e-Nossa-Senhora-de-F\u00e1tima.jpg\" alt=\"Padre Pio e Nossa Senhora de F\u00e1tima\" width=\"383\" height=\"458\" \/><\/a><\/p>\n<p>&nbsp;<\/p>\n<p><span style=\"color: #000000; font-family: verdana, geneva, sans-serif; font-size: 12pt;\"><span style=\"font-weight: 400;\"><strong><span style=\"font-size: 18pt;\">H<\/span><\/strong>oje, 25 de Maio comemoramos o natal\u00edcio de <\/span><b>S\u00e3o Pio de Pietrelcina<\/b><span style=\"font-weight: 400;\">, um dos mais extraordin\u00e1rios santos da Igreja Cat\u00f3lica. <\/span><\/span><\/p>\n<p><span style=\"color: #ffffff;\">.<\/span><\/p>\n<p><span style=\"color: #000000; font-family: verdana, geneva, sans-serif; font-size: 12pt;\"><span style=\"font-weight: 400;\">Padre Pio era um grande devoto de<\/span> <a href=\"https:\/\/adf.org.br\/apostolosdefatima?origem=10744\" target=\"_blank\" rel=\"noopener noreferrer\"><span style=\"color: #0000ff;\"><b>Nossa Senhora<\/b><\/span><\/a><span style=\"font-weight: 400;\">, por isso para celebrarmos o seu nascimento confira abaixo <em>um fato que comprova como era especial a rela\u00e7\u00e3o que o santo tinha com a Sant\u00edssima Virgem<\/em>:<\/span><\/span><\/p>\n<p><span style=\"color: #ffffff;\">.<\/span><\/p>\n<h6><span style=\"color: #000000; font-family: verdana, geneva, sans-serif; font-size: 14pt;\"><b>A Visita Inesperada e o Milagre ao Filho Amado<\/b><\/span><\/h6>\n<p><span style=\"color: #ffffff;\">.<\/span><\/p>\n<p><span style=\"font-weight: 400; color: #000000; font-family: verdana, geneva, sans-serif; font-size: 12pt;\">A sa\u00fade do Padre Pio foi prec\u00e1ria desde sua mocidade, e declinou rapidamente na sua senilidade.<\/span><\/p>\n<p><span style=\"color: #ffffff;\">.<\/span><\/p>\n<p><span style=\"font-weight: 400; color: #000000; font-family: verdana, geneva, sans-serif; font-size: 12pt;\">Em abril de 1959, <strong>quando tinha 72 anos, caiu gravemente doente, afetado por uma pleurisia<\/strong>. Ele cessou de atender as confiss\u00f5es, de tomar conhecimento da sua correspond\u00eancia, de dar b\u00ean\u00e7\u00e3o do Sant\u00edssimo Sacramento aos fi\u00e9is, e de celebrar a Missa, devendo permanecer praticamente imobilizado na sua cama. <\/span><\/p>\n<p><span style=\"color: #ffffff;\">.<\/span><\/p>\n<p style=\"padding-left: 90px;\"><span style=\"font-weight: 400; color: #800080; font-family: verdana, geneva, sans-serif; font-size: 12pt;\">Em maio desse ano, teve uma violenta reca\u00edda. Os sintomas indicavam um agravamento muito perigoso. Estava t\u00e3o abalado que, segundo os m\u00e9dicos, dava para ter morrido tr\u00eas vezes. <\/span><\/p>\n<p><span style=\"color: #ffffff;\">.<\/span><\/p>\n<p><span style=\"color: #000000; font-family: verdana, geneva, sans-serif; font-size: 12pt;\">No dia 05 de agosto chegou a San Giovanni Rotondo, num helic\u00f3ptero, a Imagem Peregrina de Nossa Senhora de F\u00e1tima (a mesma que choraria em Nova Orleans em 1972, e que viria v\u00e1rias vezes ao Brasil).<\/span><\/p>\n<p><span style=\"color: #ffffff;\">.<\/span><\/p>\n<figure id=\"attachment_52498\" aria-describedby=\"caption-attachment-52498\" style=\"width: 220px\" class=\"wp-caption alignleft\"><a href=\"https:\/\/adf.org.br\/apostolosdefatima?origem=10744\" target=\"_blank\" rel=\"noopener noreferrer\"><img loading=\"lazy\" class=\"wp-image-52498 size-medium\" src=\"https:\/\/www.adf.org.br\/home\/wp-content\/uploads\/2019\/05\/Padre-Pio-Len\u00e7o-220x300.jpeg\" alt=\"Padre Pio Len\u00e7o\" width=\"220\" height=\"300\" \/><\/a><figcaption id=\"caption-attachment-52498\" class=\"wp-caption-text\">Padre Pio<\/figcaption><\/figure>\n<p><span style=\"font-weight: 400; color: #800080; font-family: verdana, geneva, sans-serif; font-size: 12pt;\"><strong><span style=\"color: #000000;\">Quando o helic\u00f3ptero ia aterrissar, desviou-se bruscamente de sua rota e tomou dire\u00e7\u00e3o do<\/span> <span style=\"color: #000000;\">convento capuchinho para receber do Padre Pio a primeira sauda\u00e7\u00e3o.<\/span><\/strong> <\/span><\/p>\n<p><span style=\"color: #ffffff;\">.<\/span><\/p>\n<p><span style=\"font-weight: 400; color: #800080; font-family: verdana, geneva, sans-serif; font-size: 12pt;\"><em>Em p\u00e9 junto \u00e0 janela do coro, ele fez um gesto de m\u00e3o e depois agitou um len\u00e7o, enquanto as l\u00e1grimas inundavam seu rosto<\/em>. <span style=\"color: #000000;\">Mas esse esfor\u00e7o o obrigou, pouco depois, a se p\u00f4r novamente na cama.<\/span><\/span><\/p>\n<p><span style=\"color: #ffffff;\">.<\/span><\/p>\n<p><span style=\"font-weight: 400; color: #000000; font-family: verdana, geneva, sans-serif; font-size: 12pt;\">No dia seguinte, 6 de agosto, antes de ser levada no helic\u00f3ptero para outra cidade, a Imagem Peregrina deu 3 voltas acima do convento.<\/span><\/p>\n<p><span style=\"color: #ffffff;\">.<\/span><\/p>\n<p><span style=\"font-weight: 400; color: #000000; font-family: verdana, geneva, sans-serif; font-size: 12pt;\"><strong>Vendo partir a Virgem, o Padre a \u201crepreendeu\u201d, n\u00e3o sem certa desilus\u00e3o:<\/strong> <em><span style=\"color: #800080;\">\u201cAssim, tu vais embora sem me dar uma b\u00ean\u00e7\u00e3o?\u201d.<\/span><\/em> <strong>Subitamente ele teve um arrepio, seguido de uma sensa\u00e7\u00e3o de calor e de bem estar<\/strong>. <\/span><\/p>\n<p><span style=\"color: #ffffff;\">.<\/span><\/p>\n<p><span style=\"font-weight: 400; color: #000000; font-family: verdana, geneva, sans-serif; font-size: 12pt;\">Totalmente restabelecido, contou isso ao Padre Giustino, que estava ao lado dele; contente ele tamb\u00e9m, n\u00e3o p\u00f4de se impedir de comunicar sua alegria aos outros frades. <\/span><\/p>\n<p><span style=\"color: #ffffff;\">.<\/span><\/p>\n<p style=\"padding-left: 90px;\"><span style=\"font-weight: 400; color: #000000; font-family: verdana, geneva, sans-serif; font-size: 12pt;\">Aludindo \u00e0 sua doen\u00e7a, o Padre Pio declarou no dia 7 ao Padre Alberto de San Giovanni, da comunidade franciscana de San Severo: <span style=\"color: #800080;\"><em>\u201cA Madonna tinha-me dado a doen\u00e7a, a Madonna tirou-me a doen\u00e7a.\u201d<\/em><\/span><\/span><\/p>\n<p><span style=\"color: #ffffff;\">.<\/span><\/p>\n<p style=\"text-align: right;\"><span style=\"color: #000000; font-family: verdana, geneva, sans-serif; font-size: 10pt;\"><b>Fonte: <\/b><span style=\"font-weight: 400;\"><em>Padre Pio &#8211; Vida, milagres e ora\u00e7\u00f5es<\/em> de Giovanni Cavagnari<\/span><\/span><\/p>\n<p style=\"text-align: right;\"><span style=\"color: #ffffff;\">.<\/span><\/p>\n<hr \/>\n<h6 style=\"text-align: center;\"><span style=\"color: #000000; font-family: verdana, geneva, sans-serif; font-size: 14pt;\"><b>Nossa Senhora jamais esquece de seus filhos! <\/b><span style=\"font-weight: 400;\">\u2764\ufe0f<\/span><\/span><\/h6>\n<p><span style=\"color: #ffffff;\">.<\/span><\/p>\n<p style=\"text-align: center;\"><span style=\"font-weight: 400; color: #000000; font-family: verdana, geneva, sans-serif; font-size: 12pt;\">Abra seu cora\u00e7\u00e3o para <strong><a href=\"https:\/\/adf.org.br\/apostolosdefatima?origem=10744\" target=\"_blank\" rel=\"noopener noreferrer\"><span style=\"color: #0000ff;\">Sant\u00edssima Virgem<\/span><\/a> <\/strong>e manifeste sua gratid\u00e3o diante\u2026<\/span><\/p>\n<p><span style=\"color: #ffffff;\">.<\/span><\/p>\n<p style=\"text-align: left;\"><em><span style=\"font-weight: 400; color: #000000; font-family: verdana, geneva, sans-serif; font-size: 12pt;\">\u2026 da gra\u00e7a do p\u00e3o de cada dia;<br \/>\n<\/span><span style=\"font-weight: 400; color: #000000; font-family: verdana, geneva, sans-serif; font-size: 12pt;\">\u2026 da gra\u00e7a de sua fam\u00edlia;<br \/>\n<\/span><span style=\"font-weight: 400; color: #000000; font-family: verdana, geneva, sans-serif; font-size: 12pt;\">\u2026 da gra\u00e7a de sua casa;<br \/>\n<\/span><span style=\"font-weight: 400; color: #000000; font-family: verdana, geneva, sans-serif; font-size: 12pt;\">\u2026 de todas as gra\u00e7as recebidas e as que certamente voc\u00ea ainda ir\u00e1 receber.<\/span><\/em><\/p>\n<p style=\"text-align: center;\"><span style=\"color: #ffffff;\">.<\/span><\/p>\n<h6 style=\"text-align: center;\"><span style=\"color: #000000; font-family: verdana, geneva, sans-serif; font-size: 14pt;\"><b>Como?<\/b><\/span><\/h6>\n<p><span style=\"color: #ffffff;\">.<\/span><\/p>\n<p style=\"text-align: center;\"><span style=\"color: #000000; font-family: verdana, geneva, sans-serif; font-size: 12pt;\"><span style=\"font-weight: 400;\">Sigamos o exemplo do Santo Padre Pio que propagou a sua f\u00e9, amor e devo\u00e7\u00e3o a <\/span><strong><a href=\"https:\/\/adf.org.br\/apostolosdefatima?origem=10744\" target=\"_blank\" rel=\"noopener noreferrer\"><span style=\"color: #0000ff;\">Nossa Senhora de F\u00e1tima<\/span><\/a><\/strong><\/span><span style=\"font-family: verdana, geneva, sans-serif; font-size: 12pt;\">.<\/span><\/p>\n<p><span style=\"color: #ffffff;\">.<\/span><\/p>\n<p style=\"text-align: center;\"><span style=\"color: #000000; font-family: verdana, geneva, sans-serif; font-size: 12pt;\"><a href=\"https:\/\/adf.org.br\/apostolosdefatima?origem=10744\" target=\"_blank\" rel=\"noopener noreferrer\"><span style=\"color: #0000ff; font-size: 14pt;\"><b>Clique aqui<\/b><\/span><\/a> <strong>e descubra uma forma muito simples de lev\u00e1-la a todos os lares brasileiros e do mundo.<\/strong><\/span><\/p>\n<p><span style=\"color: #ffffff;\">.<\/span><\/p>\n<p style=\"text-align: center;\"><span style=\"color: #000000; font-family: verdana, geneva, sans-serif; font-size: 12pt;\"><span style=\"font-weight: 400;\">Como agradecimento, voc\u00ea poder\u00e1 ganhar uma <strong>estampa de Nossa Senhora de F\u00e1tima<\/strong> e um <strong>lindo ter\u00e7o<\/strong>, j\u00e1 bentos por um sacerdote, al\u00e9m de outros incr\u00edveis presentes espirituais.<\/span><a href=\"https:\/\/adf.org.br\/apostolosdefatima?origem=10744#Participar\" target=\"_blank\" rel=\"noopener noreferrer\"><span style=\"color: #0000ff; font-size: 14pt;\"><b><br \/>\n(Confira aqui) <\/b><\/span><\/a><\/span><\/p>\n<p><span style=\"color: #ffffff;\">.<\/span><\/p>\n<p style=\"text-align: center;\"><span style=\"color: #800080; font-family: verdana, geneva, sans-serif; font-size: 12pt;\"><i><span style=\"font-weight: 400;\">Que a Sant\u00edssima Virgem e S\u00e3o Pio de Pietrelcina intercedam sempre por voc\u00ea.<\/span><\/i><\/span><\/p>\n<p style=\"text-align: center;\"><span style=\"color: #ffffff;\">.<\/span><\/p>\n","protected":false},"excerpt":{"rendered":"<p>&nbsp; Hoje, 25 de Maio comemoramos o natal\u00edcio de S\u00e3o Pio de Pietrelcina, um dos mais extraordin\u00e1rios santos da Igreja Cat\u00f3lica. . Padre Pio era um grande devoto de Nossa Senhora, por isso para celebrarmos o seu nascimento confira abaixo um fato que comprova como era especial a rela\u00e7\u00e3o que o santo tinha com a [&hellip;]<\/p>\n","protected":false},"author":31,"featured_media":52497,"comment_status":"open","ping_status":"open","sticky":false,"template":"","format":"standard","meta":[],"categories":[20,56,23],"tags":[2242,57,27,2939],"yoast_head":"<!-- This site is optimized with the Yoast SEO plugin v17.4 - https:\/\/yoast.com\/wordpress\/plugins\/seo\/ -->\n<title>Nossa Senhora de F\u00e1tima e Padre Pio: Um amor incondicional - Associa\u00e7\u00e3o Devotos de F\u00e1tima<\/title>\n<meta name=\"description\" content=\"Confira est\u00e1 bonita hist\u00f3ria sobre o Padre Pio e Nossa Senhora de F\u00e1tima. Acesse aqui e saiba como receber um lindo ter\u00e7o de Nossa Senhora.\" \/>\n<meta name=\"robots\" content=\"index, follow, max-snippet:-1, max-image-preview:large, max-video-preview:-1\" \/>\n<link rel=\"canonical\" href=\"https:\/\/www.adf.org.br\/home\/nossa-senhora-de-fatima-e-padre-pio-um-amor-incondicional\/\" \/>\n<meta property=\"og:locale\" content=\"pt_BR\" \/>\n<meta property=\"og:type\" content=\"article\" \/>\n<meta property=\"og:title\" content=\"Nossa Senhora de F\u00e1tima e Padre Pio: Um amor incondicional - Associa\u00e7\u00e3o Devotos de F\u00e1tima\" \/>\n<meta property=\"og:description\" content=\"Confira est\u00e1 bonita hist\u00f3ria sobre o Padre Pio e Nossa Senhora de F\u00e1tima. Acesse aqui e saiba como receber um lindo ter\u00e7o de Nossa Senhora.\" \/>\n<meta property=\"og:url\" content=\"https:\/\/www.adf.org.br\/home\/nossa-senhora-de-fatima-e-padre-pio-um-amor-incondicional\/\" \/>\n<meta property=\"og:site_name\" content=\"Associa\u00e7\u00e3o Devotos de F\u00e1tima\" \/>\n<meta property=\"article:published_time\" content=\"2019-05-25T03:30:39+00:00\" \/>\n<meta name=\"twitter:card\" content=\"summary_large_image\" \/>\n<meta name=\"twitter:label1\" content=\"Escrito por\" \/>\n\t<meta name=\"twitter:data1\" content=\"Gabriel Barbosa\" \/>\n\t<meta name=\"twitter:label2\" content=\"Est. tempo de leitura\" \/>\n\t<meta name=\"twitter:data2\" content=\"3 minutos\" \/>\n<script type=\"application\/ld+json\" class=\"yoast-schema-graph\">{\"@context\":\"https:\/\/schema.org\",\"@graph\":[{\"@type\":\"WebSite\",\"@id\":\"https:\/\/www.adf.org.br\/home\/#website\",\"url\":\"https:\/\/www.adf.org.br\/home\/\",\"name\":\"Associa\\u00e7\\u00e3o Devotos de F\\u00e1tima\",\"description\":\"Associa\\u00e7\\u00e3o Devotos de F\\u00e1tima\",\"potentialAction\":[{\"@type\":\"SearchAction\",\"target\":{\"@type\":\"EntryPoint\",\"urlTemplate\":\"https:\/\/www.adf.org.br\/home\/?s={search_term_string}\"},\"query-input\":\"required name=search_term_string\"}],\"inLanguage\":\"pt-BR\"},{\"@type\":\"ImageObject\",\"@id\":\"https:\/\/www.adf.org.br\/home\/nossa-senhora-de-fatima-e-padre-pio-um-amor-incondicional\/#primaryimage\",\"inLanguage\":\"pt-BR\",\"url\":\"\",\"contentUrl\":\"\"},{\"@type\":\"WebPage\",\"@id\":\"https:\/\/www.adf.org.br\/home\/nossa-senhora-de-fatima-e-padre-pio-um-amor-incondicional\/#webpage\",\"url\":\"https:\/\/www.adf.org.br\/home\/nossa-senhora-de-fatima-e-padre-pio-um-amor-incondicional\/\",\"name\":\"Nossa Senhora de F\\u00e1tima e Padre Pio: Um amor incondicional - Associa\\u00e7\\u00e3o Devotos de F\\u00e1tima\",\"isPartOf\":{\"@id\":\"https:\/\/www.adf.org.br\/home\/#website\"},\"primaryImageOfPage\":{\"@id\":\"https:\/\/www.adf.org.br\/home\/nossa-senhora-de-fatima-e-padre-pio-um-amor-incondicional\/#primaryimage\"},\"datePublished\":\"2019-05-25T03:30:39+00:00\",\"dateModified\":\"2019-05-25T03:30:39+00:00\",\"author\":{\"@id\":\"https:\/\/www.adf.org.br\/home\/#\/schema\/person\/f35a5c5aa7728a3dedf4ea9aa1fc2753\"},\"description\":\"Confira est\\u00e1 bonita hist\\u00f3ria sobre o Padre Pio e Nossa Senhora de F\\u00e1tima. Acesse aqui e saiba como receber um lindo ter\\u00e7o de Nossa Senhora.\",\"breadcrumb\":{\"@id\":\"https:\/\/www.adf.org.br\/home\/nossa-senhora-de-fatima-e-padre-pio-um-amor-incondicional\/#breadcrumb\"},\"inLanguage\":\"pt-BR\",\"potentialAction\":[{\"@type\":\"ReadAction\",\"target\":[\"https:\/\/www.adf.org.br\/home\/nossa-senhora-de-fatima-e-padre-pio-um-amor-incondicional\/\"]}]},{\"@type\":\"BreadcrumbList\",\"@id\":\"https:\/\/www.adf.org.br\/home\/nossa-senhora-de-fatima-e-padre-pio-um-amor-incondicional\/#breadcrumb\",\"itemListElement\":[{\"@type\":\"ListItem\",\"position\":1,\"name\":\"Home\",\"item\":\"https:\/\/www.adf.org.br\/home\/\"},{\"@type\":\"ListItem\",\"position\":2,\"name\":\"Nossa Senhora de F\\u00e1tima e Padre Pio: Um amor incondicional\"}]},{\"@type\":\"Person\",\"@id\":\"https:\/\/www.adf.org.br\/home\/#\/schema\/person\/f35a5c5aa7728a3dedf4ea9aa1fc2753\",\"name\":\"Gabriel Barbosa\",\"image\":{\"@type\":\"ImageObject\",\"@id\":\"https:\/\/www.adf.org.br\/home\/#personlogo\",\"inLanguage\":\"pt-BR\",\"url\":\"https:\/\/secure.gravatar.com\/avatar\/2b2cb2f4637682c5605e8d36818f51ef?s=96&d=mm&r=g\",\"contentUrl\":\"https:\/\/secure.gravatar.com\/avatar\/2b2cb2f4637682c5605e8d36818f51ef?s=96&d=mm&r=g\",\"caption\":\"Gabriel Barbosa\"},\"url\":\"https:\/\/www.adf.org.br\/home\/author\/gabrielpmk-com-br\/\"}]}<\/script>\n<!-- \/ Yoast SEO plugin. -->","yoast_head_json":{"title":"Nossa Senhora de F\u00e1tima e Padre Pio: Um amor incondicional - Associa\u00e7\u00e3o Devotos de F\u00e1tima","description":"Confira est\u00e1 bonita hist\u00f3ria sobre o Padre Pio e Nossa Senhora de F\u00e1tima. Acesse aqui e saiba como receber um lindo ter\u00e7o de Nossa Senhora.","robots":{"index":"index","follow":"follow","max-snippet":"max-snippet:-1","max-image-preview":"max-image-preview:large","max-video-preview":"max-video-preview:-1"},"canonical":"https:\/\/www.adf.org.br\/home\/nossa-senhora-de-fatima-e-padre-pio-um-amor-incondicional\/","og_locale":"pt_BR","og_type":"article","og_title":"Nossa Senhora de F\u00e1tima e Padre Pio: Um amor incondicional - Associa\u00e7\u00e3o Devotos de F\u00e1tima","og_description":"Confira est\u00e1 bonita hist\u00f3ria sobre o Padre Pio e Nossa Senhora de F\u00e1tima. Acesse aqui e saiba como receber um lindo ter\u00e7o de Nossa Senhora.","og_url":"https:\/\/www.adf.org.br\/home\/nossa-senhora-de-fatima-e-padre-pio-um-amor-incondicional\/","og_site_name":"Associa\u00e7\u00e3o Devotos de F\u00e1tima","article_published_time":"2019-05-25T03:30:39+00:00","twitter_card":"summary_large_image","twitter_misc":{"Escrito por":"Gabriel Barbosa","Est. tempo de leitura":"3 minutos"},"schema":{"@context":"https:\/\/schema.org","@graph":[{"@type":"WebSite","@id":"https:\/\/www.adf.org.br\/home\/#website","url":"https:\/\/www.adf.org.br\/home\/","name":"Associa\u00e7\u00e3o Devotos de F\u00e1tima","description":"Associa\u00e7\u00e3o Devotos de F\u00e1tima","potentialAction":[{"@type":"SearchAction","target":{"@type":"EntryPoint","urlTemplate":"https:\/\/www.adf.org.br\/home\/?s={search_term_string}"},"query-input":"required name=search_term_string"}],"inLanguage":"pt-BR"},{"@type":"ImageObject","@id":"https:\/\/www.adf.org.br\/home\/nossa-senhora-de-fatima-e-padre-pio-um-amor-incondicional\/#primaryimage","inLanguage":"pt-BR","url":"","contentUrl":""},{"@type":"WebPage","@id":"https:\/\/www.adf.org.br\/home\/nossa-senhora-de-fatima-e-padre-pio-um-amor-incondicional\/#webpage","url":"https:\/\/www.adf.org.br\/home\/nossa-senhora-de-fatima-e-padre-pio-um-amor-incondicional\/","name":"Nossa Senhora de F\u00e1tima e Padre Pio: Um amor incondicional - Associa\u00e7\u00e3o Devotos de F\u00e1tima","isPartOf":{"@id":"https:\/\/www.adf.org.br\/home\/#website"},"primaryImageOfPage":{"@id":"https:\/\/www.adf.org.br\/home\/nossa-senhora-de-fatima-e-padre-pio-um-amor-incondicional\/#primaryimage"},"datePublished":"2019-05-25T03:30:39+00:00","dateModified":"2019-05-25T03:30:39+00:00","author":{"@id":"https:\/\/www.adf.org.br\/home\/#\/schema\/person\/f35a5c5aa7728a3dedf4ea9aa1fc2753"},"description":"Confira est\u00e1 bonita hist\u00f3ria sobre o Padre Pio e Nossa Senhora de F\u00e1tima. Acesse aqui e saiba como receber um lindo ter\u00e7o de Nossa Senhora.","breadcrumb":{"@id":"https:\/\/www.adf.org.br\/home\/nossa-senhora-de-fatima-e-padre-pio-um-amor-incondicional\/#breadcrumb"},"inLanguage":"pt-BR","potentialAction":[{"@type":"ReadAction","target":["https:\/\/www.adf.org.br\/home\/nossa-senhora-de-fatima-e-padre-pio-um-amor-incondicional\/"]}]},{"@type":"BreadcrumbList","@id":"https:\/\/www.adf.org.br\/home\/nossa-senhora-de-fatima-e-padre-pio-um-amor-incondicional\/#breadcrumb","itemListElement":[{"@type":"ListItem","position":1,"name":"Home","item":"https:\/\/www.adf.org.br\/home\/"},{"@type":"ListItem","position":2,"name":"Nossa Senhora de F\u00e1tima e Padre Pio: Um amor incondicional"}]},{"@type":"Person","@id":"https:\/\/www.adf.org.br\/home\/#\/schema\/person\/f35a5c5aa7728a3dedf4ea9aa1fc2753","name":"Gabriel Barbosa","image":{"@type":"ImageObject","@id":"https:\/\/www.adf.org.br\/home\/#personlogo","inLanguage":"pt-BR","url":"https:\/\/secure.gravatar.com\/avatar\/2b2cb2f4637682c5605e8d36818f51ef?s=96&d=mm&r=g","contentUrl":"https:\/\/secure.gravatar.com\/avatar\/2b2cb2f4637682c5605e8d36818f51ef?s=96&d=mm&r=g","caption":"Gabriel Barbosa"},"url":"https:\/\/www.adf.org.br\/home\/author\/gabrielpmk-com-br\/"}]}},"_links":{"self":[{"href":"https:\/\/www.adf.org.br\/home\/wp-json\/wp\/v2\/posts\/52494"}],"collection":[{"href":"https:\/\/www.adf.org.br\/home\/wp-json\/wp\/v2\/posts"}],"about":[{"href":"https:\/\/www.adf.org.br\/home\/wp-json\/wp\/v2\/types\/post"}],"author":[{"embeddable":true,"href":"https:\/\/www.adf.org.br\/home\/wp-json\/wp\/v2\/users\/31"}],"replies":[{"embeddable":true,"href":"https:\/\/www.adf.org.br\/home\/wp-json\/wp\/v2\/comments?post=52494"}],"version-history":[{"count":0,"href":"https:\/\/www.adf.org.br\/home\/wp-json\/wp\/v2\/posts\/52494\/revisions"}],"wp:featuredmedia":[{"embeddable":true,"href":"https:\/\/www.adf.org.br\/home\/wp-json\/wp\/v2\/media\/52497"}],"wp:attachment":[{"href":"https:\/\/www.adf.org.br\/home\/wp-json\/wp\/v2\/media?parent=52494"}],"wp:term":[{"taxonomy":"category","embeddable":true,"href":"https:\/\/www.adf.org.br\/home\/wp-json\/wp\/v2\/categories?post=52494"},{"taxonomy":"post_tag","embeddable":true,"href":"https:\/\/www.adf.org.br\/home\/wp-json\/wp\/v2\/tags?post=52494"}],"curies":[{"name":"wp","href":"https:\/\/api.w.org\/{rel}","templated":true}]}}