{"id":52481,"date":"2019-05-21T07:30:34","date_gmt":"2019-05-21T10:30:34","guid":{"rendered":"http:\/\/www.adf.org.br\/home\/?p=52481"},"modified":"2019-05-21T07:30:34","modified_gmt":"2019-05-21T10:30:34","slug":"oracao-especial-para-nossa-senhora","status":"publish","type":"post","link":"https:\/\/www.adf.org.br\/home\/oracao-especial-para-nossa-senhora\/","title":{"rendered":"Ora\u00e7\u00e3o Especial para Nossa Senhora"},"content":{"rendered":"<h6 style=\"text-align: center;\"><a href=\"https:\/\/adf.org.br\/apostolosdefatima?origem=10741\" target=\"_blank\" rel=\"noopener noreferrer\"><img loading=\"lazy\" class=\"alignnone wp-image-50146 size-full\" src=\"https:\/\/www.adf.org.br\/home\/wp-content\/uploads\/2019\/02\/n-sra-fatima.jpg\" alt=\"n-sra-fatima\" width=\"620\" height=\"310\" \/><\/a><\/h6>\n<p><span style=\"color: #ffffff;\">.<\/span><\/p>\n<h6 style=\"text-align: center;\"><span style=\"font-family: verdana, geneva, sans-serif; font-size: 12pt; color: #000000;\"><b><span style=\"color: #800080; font-size: 14pt;\"><span style=\"color: #000000;\">Ora\u00e7\u00e3o pedindo a Nossa Senhora que venha logo o Reino de Maria<\/span><br \/>\n<\/span><\/b><\/span><span style=\"font-family: verdana, geneva, sans-serif; font-size: 12pt; color: #000000;\"><b><br \/>\n<\/b><\/span><span style=\"font-family: verdana, geneva, sans-serif; font-size: 12pt; color: #000000;\">(Plinio Corr\u00eaa de Oliveira)<\/span><\/h6>\n<p><span style=\"color: #ffffff;\">.<\/span><\/p>\n<p><span style=\"font-family: verdana, geneva, sans-serif; font-size: 12pt; color: #800080;\"><i><span style=\"font-weight: 400;\">Vinde, Senhora, acendei o fogo de vosso Reino, que \u00e9 chegado o tempo.<\/span><\/i><\/span><\/p>\n<p><span style=\"color: #ffffff;\">.<\/span><\/p>\n<p><span style=\"font-family: verdana, geneva, sans-serif; font-size: 12pt; color: #000000;\"><i><span style=\"font-weight: 400;\">Considerai o pecado de Revolu\u00e7\u00e3o que enche a Terra, encharca os subconscientes, deforma as consci\u00eancias, de tal maneira que se pode dizer que quase ningu\u00e9m mais vos \u00e9 inteiramente fiel.<\/span><\/i><\/span><\/p>\n<p style=\"padding-left: 60px;\"><span style=\"color: #ffffff;\">.<\/span><\/p>\n<p><span style=\"font-family: verdana, geneva, sans-serif; font-size: 12pt; color: #800080;\"><i><span style=\"font-weight: 400;\">Ponde em n\u00f3s uma recusa inflex\u00edvel desse estado de abomina\u00e7\u00e3o universal.<\/span><\/i><\/span><\/p>\n<p><span style=\"color: #ffffff;\">.<\/span><\/p>\n<p style=\"text-align: left;\"><span style=\"font-family: verdana, geneva, sans-serif; font-size: 12pt; color: #000000;\"><i><span style=\"font-weight: 400;\">Fazei cessar em n\u00f3s mesmos as in\u00fameras concess\u00f5es, em virtude das quais esta abomina\u00e7\u00e3o penetrou em nossas almas.<\/span><\/i><\/span><\/p>\n<p style=\"text-align: left;\"><span style=\"color: #ffffff;\">.<\/span><\/p>\n<p><span style=\"font-family: verdana, geneva, sans-serif; font-size: 12pt; color: #800080;\"><i><span style=\"font-weight: 400;\">Vinde para quebrar, arrancar, destruir e queimar. Vinde para que, de toda essa ignom\u00ednia (vergonha), n\u00e3o reste mais pedra sobre pedra. <\/span><\/i><\/span><\/p>\n<p><span style=\"color: #ffffff;\">.<\/span><\/p>\n<p><span style=\"font-family: verdana, geneva, sans-serif; font-size: 12pt; color: #000000;\"><i><span style=\"font-weight: 400;\">Pelo mist\u00e9rio de vosso segredo de F\u00e1tima, vinde triunfar em nossas almas e nas dos que escolhestes para serem as executoras de vossa c\u00f3lera e as pedras vivas de vosso Reino. <\/span><\/i><\/span><\/p>\n<p><span style=\"color: #ffffff;\">.<\/span><\/p>\n<p><span style=\"font-family: verdana, geneva, sans-serif; font-size: 12pt; color: #800080;\"><i><span style=\"font-weight: 400;\">Desdobrai sobre n\u00f3s as irradia\u00e7\u00f5es das virtudes excelsas que recebeis da plenitude do pr\u00f3prio Deus.<\/span><\/i><\/span><\/p>\n<p><span style=\"color: #ffffff;\">.<\/span><\/p>\n<p><span style=\"font-family: verdana, geneva, sans-serif; font-size: 12pt; color: #000000;\"><i><span style=\"font-weight: 400;\">Fazei de n\u00f3s escravos e guerreiros de vosso Reino. <\/span><\/i><\/span><\/p>\n<p><span style=\"color: #ffffff;\">.<\/span><\/p>\n<p><span style=\"font-family: verdana, geneva, sans-serif; font-size: 12pt; color: #800080;\"><i><span style=\"font-weight: 400;\">Sapientiale et Immaculatum Mari\u00e6, opus tuum fac.<\/span><\/i><\/span><\/p>\n<p>&nbsp;<\/p>\n<p style=\"text-align: right;\"><span style=\"font-family: verdana, geneva, sans-serif; font-size: 10pt; color: #000000;\"><b>Fonte: <\/b><em><span style=\"font-weight: 400;\">Ora\u00e7\u00f5es do Fiel Cat\u00f3lico <\/span><\/em><span style=\"font-weight: 400;\">do<\/span><span style=\"font-weight: 400;\"> Padre David Francisquini<\/span><\/span><\/p>\n<p>&nbsp;<\/p>\n<hr \/>\n<p>&nbsp;<\/p>\n<p style=\"text-align: center;\"><span style=\"font-size: 14pt;\"><strong><span style=\"font-family: verdana, geneva, sans-serif; color: #000000;\">Nossa Senhora sempre nos ampara e indica os melhores caminhos para a Salva\u00e7\u00e3o.<\/span><\/strong><\/span><\/p>\n<p>&nbsp;<\/p>\n<p style=\"text-align: center;\"><span style=\"font-family: verdana, geneva, sans-serif; font-size: 12pt; color: #000000;\"><span style=\"font-weight: 400;\">Acenda a <a href=\"http:\/\/www.adf.org.br\/velapermanente?origem=10741\" target=\"_blank\" rel=\"noopener noreferrer\"><span style=\"color: #0000ff;\">Vela Permanente<\/span><\/a> e coloque seu NOME e suas INTEN\u00c7\u00d5ES na Missa dedicada aos devotos e <\/span><a href=\"https:\/\/adf.org.br\/apostolosdefatima?origem=10741\" target=\"_blank\" rel=\"noopener noreferrer\"><span style=\"color: #0000ff;\"><b>Ap\u00f3stolos de Nossa Senhora de F\u00e1tima <\/b><\/span><\/a><span style=\"font-weight: 400;\">que ser\u00e1 celebrada no pr\u00f3ximo s\u00e1bado. <\/span><\/span><\/p>\n<p><span style=\"color: #ffffff;\">.<\/span><\/p>\n<p style=\"text-align: center;\"><span style=\"font-family: verdana, geneva, sans-serif; font-size: 12pt; color: #000000;\"><span style=\"font-weight: 400;\">Saiba como ligando <\/span><span style=\"font-size: 14pt;\"><b>GRATUITAMENTE<\/b><\/span><span style=\"font-weight: 400;\"> para:<\/span><\/span><\/p>\n<p style=\"text-align: center;\"><a href=\"tel:08006082128\" target=\"_blank\" rel=\"noopener noreferrer\"><span style=\"font-size: 24pt;\"><strong><span style=\"font-family: verdana, geneva, sans-serif; color: #0000ff;\">0800 608 2128<\/span><\/strong><\/span><\/a><\/p>\n<p style=\"text-align: center;\"><span style=\"font-size: 10pt;\"><em><span style=\"font-weight: 400; font-family: verdana, geneva, sans-serif; color: #000000;\">Se estiver no celular, somente tecle no n\u00famero para discar automaticamente.\u00a0<\/span><\/em><\/span><\/p>\n<p><span style=\"color: #ffffff;\">.<\/span><\/p>\n<p style=\"text-align: center;\"><span style=\"color: #800080;\"><strong><span style=\"font-family: verdana, geneva, sans-serif; font-size: 12pt;\">Com apenas <span style=\"color: #000000;\">um telefonema voc\u00ea estar\u00e1 respondendo ao chamado de Nossa Senhora<\/span>, por isso \u00e9 muito importante voc\u00ea ligar!<\/span><\/strong><\/span><\/p>\n<p><span style=\"color: #ffffff;\">.<\/span><\/p>\n<p style=\"text-align: center;\"><span style=\"font-family: verdana, geneva, sans-serif; font-size: 12pt; color: #000000;\"><i><span style=\"font-weight: 400;\">Que a Virgem Sant\u00edssima multiplique muitas b\u00ean\u00e7\u00e3os em sua vida.<\/span><\/i><\/span><\/p>\n<p style=\"text-align: center;\"><span style=\"color: #ffffff;\">.<\/span><\/p>\n","protected":false},"excerpt":{"rendered":"<p>. Ora\u00e7\u00e3o pedindo a Nossa Senhora que venha logo o Reino de Maria (Plinio Corr\u00eaa de Oliveira) . Vinde, Senhora, acendei o fogo de vosso Reino, que \u00e9 chegado o tempo. . Considerai o pecado de Revolu\u00e7\u00e3o que enche a Terra, encharca os subconscientes, deforma as consci\u00eancias, de tal maneira que se pode dizer que [&hellip;]<\/p>\n","protected":false},"author":31,"featured_media":52492,"comment_status":"open","ping_status":"open","sticky":false,"template":"","format":"standard","meta":[],"categories":[20,56,14],"tags":[2242,57,2928,443],"yoast_head":"<!-- This site is optimized with the Yoast SEO plugin v17.4 - https:\/\/yoast.com\/wordpress\/plugins\/seo\/ -->\n<title>Ora\u00e7\u00e3o Especial para Nossa Senhora - Associa\u00e7\u00e3o Devotos de F\u00e1tima<\/title>\n<meta name=\"description\" content=\"Reze esta ora\u00e7\u00e3o pedindo a Nossa Senhora que venha logo o Reino de Maria. Acesse aqui para colocar suas inten\u00e7\u00f5es na Missa de Nossa Senhora.\" \/>\n<meta name=\"robots\" content=\"index, follow, max-snippet:-1, max-image-preview:large, max-video-preview:-1\" \/>\n<link rel=\"canonical\" href=\"https:\/\/www.adf.org.br\/home\/oracao-especial-para-nossa-senhora\/\" \/>\n<meta property=\"og:locale\" content=\"pt_BR\" \/>\n<meta property=\"og:type\" content=\"article\" \/>\n<meta property=\"og:title\" content=\"Ora\u00e7\u00e3o Especial para Nossa Senhora - Associa\u00e7\u00e3o Devotos de F\u00e1tima\" \/>\n<meta property=\"og:description\" content=\"Reze esta ora\u00e7\u00e3o pedindo a Nossa Senhora que venha logo o Reino de Maria. Acesse aqui para colocar suas inten\u00e7\u00f5es na Missa de Nossa Senhora.\" \/>\n<meta property=\"og:url\" content=\"https:\/\/www.adf.org.br\/home\/oracao-especial-para-nossa-senhora\/\" \/>\n<meta property=\"og:site_name\" content=\"Associa\u00e7\u00e3o Devotos de F\u00e1tima\" \/>\n<meta property=\"article:published_time\" content=\"2019-05-21T10:30:34+00:00\" \/>\n<meta name=\"twitter:card\" content=\"summary_large_image\" \/>\n<meta name=\"twitter:label1\" content=\"Escrito por\" \/>\n\t<meta name=\"twitter:data1\" content=\"Gabriel Barbosa\" \/>\n\t<meta name=\"twitter:label2\" content=\"Est. tempo de leitura\" \/>\n\t<meta name=\"twitter:data2\" content=\"2 minutos\" \/>\n<script type=\"application\/ld+json\" class=\"yoast-schema-graph\">{\"@context\":\"https:\/\/schema.org\",\"@graph\":[{\"@type\":\"WebSite\",\"@id\":\"https:\/\/www.adf.org.br\/home\/#website\",\"url\":\"https:\/\/www.adf.org.br\/home\/\",\"name\":\"Associa\\u00e7\\u00e3o Devotos de F\\u00e1tima\",\"description\":\"Associa\\u00e7\\u00e3o Devotos de F\\u00e1tima\",\"potentialAction\":[{\"@type\":\"SearchAction\",\"target\":{\"@type\":\"EntryPoint\",\"urlTemplate\":\"https:\/\/www.adf.org.br\/home\/?s={search_term_string}\"},\"query-input\":\"required name=search_term_string\"}],\"inLanguage\":\"pt-BR\"},{\"@type\":\"ImageObject\",\"@id\":\"https:\/\/www.adf.org.br\/home\/oracao-especial-para-nossa-senhora\/#primaryimage\",\"inLanguage\":\"pt-BR\",\"url\":\"\",\"contentUrl\":\"\"},{\"@type\":\"WebPage\",\"@id\":\"https:\/\/www.adf.org.br\/home\/oracao-especial-para-nossa-senhora\/#webpage\",\"url\":\"https:\/\/www.adf.org.br\/home\/oracao-especial-para-nossa-senhora\/\",\"name\":\"Ora\\u00e7\\u00e3o Especial para Nossa Senhora - Associa\\u00e7\\u00e3o Devotos de F\\u00e1tima\",\"isPartOf\":{\"@id\":\"https:\/\/www.adf.org.br\/home\/#website\"},\"primaryImageOfPage\":{\"@id\":\"https:\/\/www.adf.org.br\/home\/oracao-especial-para-nossa-senhora\/#primaryimage\"},\"datePublished\":\"2019-05-21T10:30:34+00:00\",\"dateModified\":\"2019-05-21T10:30:34+00:00\",\"author\":{\"@id\":\"https:\/\/www.adf.org.br\/home\/#\/schema\/person\/f35a5c5aa7728a3dedf4ea9aa1fc2753\"},\"description\":\"Reze esta ora\\u00e7\\u00e3o pedindo a Nossa Senhora que venha logo o Reino de Maria. Acesse aqui para colocar suas inten\\u00e7\\u00f5es na Missa de Nossa Senhora.\",\"breadcrumb\":{\"@id\":\"https:\/\/www.adf.org.br\/home\/oracao-especial-para-nossa-senhora\/#breadcrumb\"},\"inLanguage\":\"pt-BR\",\"potentialAction\":[{\"@type\":\"ReadAction\",\"target\":[\"https:\/\/www.adf.org.br\/home\/oracao-especial-para-nossa-senhora\/\"]}]},{\"@type\":\"BreadcrumbList\",\"@id\":\"https:\/\/www.adf.org.br\/home\/oracao-especial-para-nossa-senhora\/#breadcrumb\",\"itemListElement\":[{\"@type\":\"ListItem\",\"position\":1,\"name\":\"Home\",\"item\":\"https:\/\/www.adf.org.br\/home\/\"},{\"@type\":\"ListItem\",\"position\":2,\"name\":\"Ora\\u00e7\\u00e3o Especial para Nossa Senhora\"}]},{\"@type\":\"Person\",\"@id\":\"https:\/\/www.adf.org.br\/home\/#\/schema\/person\/f35a5c5aa7728a3dedf4ea9aa1fc2753\",\"name\":\"Gabriel Barbosa\",\"image\":{\"@type\":\"ImageObject\",\"@id\":\"https:\/\/www.adf.org.br\/home\/#personlogo\",\"inLanguage\":\"pt-BR\",\"url\":\"https:\/\/secure.gravatar.com\/avatar\/2b2cb2f4637682c5605e8d36818f51ef?s=96&d=mm&r=g\",\"contentUrl\":\"https:\/\/secure.gravatar.com\/avatar\/2b2cb2f4637682c5605e8d36818f51ef?s=96&d=mm&r=g\",\"caption\":\"Gabriel Barbosa\"},\"url\":\"https:\/\/www.adf.org.br\/home\/author\/gabrielpmk-com-br\/\"}]}<\/script>\n<!-- \/ Yoast SEO plugin. -->","yoast_head_json":{"title":"Ora\u00e7\u00e3o Especial para Nossa Senhora - Associa\u00e7\u00e3o Devotos de F\u00e1tima","description":"Reze esta ora\u00e7\u00e3o pedindo a Nossa Senhora que venha logo o Reino de Maria. Acesse aqui para colocar suas inten\u00e7\u00f5es na Missa de Nossa Senhora.","robots":{"index":"index","follow":"follow","max-snippet":"max-snippet:-1","max-image-preview":"max-image-preview:large","max-video-preview":"max-video-preview:-1"},"canonical":"https:\/\/www.adf.org.br\/home\/oracao-especial-para-nossa-senhora\/","og_locale":"pt_BR","og_type":"article","og_title":"Ora\u00e7\u00e3o Especial para Nossa Senhora - Associa\u00e7\u00e3o Devotos de F\u00e1tima","og_description":"Reze esta ora\u00e7\u00e3o pedindo a Nossa Senhora que venha logo o Reino de Maria. Acesse aqui para colocar suas inten\u00e7\u00f5es na Missa de Nossa Senhora.","og_url":"https:\/\/www.adf.org.br\/home\/oracao-especial-para-nossa-senhora\/","og_site_name":"Associa\u00e7\u00e3o Devotos de F\u00e1tima","article_published_time":"2019-05-21T10:30:34+00:00","twitter_card":"summary_large_image","twitter_misc":{"Escrito por":"Gabriel Barbosa","Est. tempo de leitura":"2 minutos"},"schema":{"@context":"https:\/\/schema.org","@graph":[{"@type":"WebSite","@id":"https:\/\/www.adf.org.br\/home\/#website","url":"https:\/\/www.adf.org.br\/home\/","name":"Associa\u00e7\u00e3o Devotos de F\u00e1tima","description":"Associa\u00e7\u00e3o Devotos de F\u00e1tima","potentialAction":[{"@type":"SearchAction","target":{"@type":"EntryPoint","urlTemplate":"https:\/\/www.adf.org.br\/home\/?s={search_term_string}"},"query-input":"required name=search_term_string"}],"inLanguage":"pt-BR"},{"@type":"ImageObject","@id":"https:\/\/www.adf.org.br\/home\/oracao-especial-para-nossa-senhora\/#primaryimage","inLanguage":"pt-BR","url":"","contentUrl":""},{"@type":"WebPage","@id":"https:\/\/www.adf.org.br\/home\/oracao-especial-para-nossa-senhora\/#webpage","url":"https:\/\/www.adf.org.br\/home\/oracao-especial-para-nossa-senhora\/","name":"Ora\u00e7\u00e3o Especial para Nossa Senhora - Associa\u00e7\u00e3o Devotos de F\u00e1tima","isPartOf":{"@id":"https:\/\/www.adf.org.br\/home\/#website"},"primaryImageOfPage":{"@id":"https:\/\/www.adf.org.br\/home\/oracao-especial-para-nossa-senhora\/#primaryimage"},"datePublished":"2019-05-21T10:30:34+00:00","dateModified":"2019-05-21T10:30:34+00:00","author":{"@id":"https:\/\/www.adf.org.br\/home\/#\/schema\/person\/f35a5c5aa7728a3dedf4ea9aa1fc2753"},"description":"Reze esta ora\u00e7\u00e3o pedindo a Nossa Senhora que venha logo o Reino de Maria. Acesse aqui para colocar suas inten\u00e7\u00f5es na Missa de Nossa Senhora.","breadcrumb":{"@id":"https:\/\/www.adf.org.br\/home\/oracao-especial-para-nossa-senhora\/#breadcrumb"},"inLanguage":"pt-BR","potentialAction":[{"@type":"ReadAction","target":["https:\/\/www.adf.org.br\/home\/oracao-especial-para-nossa-senhora\/"]}]},{"@type":"BreadcrumbList","@id":"https:\/\/www.adf.org.br\/home\/oracao-especial-para-nossa-senhora\/#breadcrumb","itemListElement":[{"@type":"ListItem","position":1,"name":"Home","item":"https:\/\/www.adf.org.br\/home\/"},{"@type":"ListItem","position":2,"name":"Ora\u00e7\u00e3o Especial para Nossa Senhora"}]},{"@type":"Person","@id":"https:\/\/www.adf.org.br\/home\/#\/schema\/person\/f35a5c5aa7728a3dedf4ea9aa1fc2753","name":"Gabriel Barbosa","image":{"@type":"ImageObject","@id":"https:\/\/www.adf.org.br\/home\/#personlogo","inLanguage":"pt-BR","url":"https:\/\/secure.gravatar.com\/avatar\/2b2cb2f4637682c5605e8d36818f51ef?s=96&d=mm&r=g","contentUrl":"https:\/\/secure.gravatar.com\/avatar\/2b2cb2f4637682c5605e8d36818f51ef?s=96&d=mm&r=g","caption":"Gabriel Barbosa"},"url":"https:\/\/www.adf.org.br\/home\/author\/gabrielpmk-com-br\/"}]}},"_links":{"self":[{"href":"https:\/\/www.adf.org.br\/home\/wp-json\/wp\/v2\/posts\/52481"}],"collection":[{"href":"https:\/\/www.adf.org.br\/home\/wp-json\/wp\/v2\/posts"}],"about":[{"href":"https:\/\/www.adf.org.br\/home\/wp-json\/wp\/v2\/types\/post"}],"author":[{"embeddable":true,"href":"https:\/\/www.adf.org.br\/home\/wp-json\/wp\/v2\/users\/31"}],"replies":[{"embeddable":true,"href":"https:\/\/www.adf.org.br\/home\/wp-json\/wp\/v2\/comments?post=52481"}],"version-history":[{"count":0,"href":"https:\/\/www.adf.org.br\/home\/wp-json\/wp\/v2\/posts\/52481\/revisions"}],"wp:featuredmedia":[{"embeddable":true,"href":"https:\/\/www.adf.org.br\/home\/wp-json\/wp\/v2\/media\/52492"}],"wp:attachment":[{"href":"https:\/\/www.adf.org.br\/home\/wp-json\/wp\/v2\/media?parent=52481"}],"wp:term":[{"taxonomy":"category","embeddable":true,"href":"https:\/\/www.adf.org.br\/home\/wp-json\/wp\/v2\/categories?post=52481"},{"taxonomy":"post_tag","embeddable":true,"href":"https:\/\/www.adf.org.br\/home\/wp-json\/wp\/v2\/tags?post=52481"}],"curies":[{"name":"wp","href":"https:\/\/api.w.org\/{rel}","templated":true}]}}