{"id":52465,"date":"2019-05-20T07:30:01","date_gmt":"2019-05-20T10:30:01","guid":{"rendered":"http:\/\/www.adf.org.br\/home\/?p=52465"},"modified":"2019-05-20T07:30:01","modified_gmt":"2019-05-20T10:30:01","slug":"o-destino-da-principal-confidente-de-nossa-senhora-de-fatima-lucia","status":"publish","type":"post","link":"https:\/\/www.adf.org.br\/home\/o-destino-da-principal-confidente-de-nossa-senhora-de-fatima-lucia\/","title":{"rendered":"O destino da principal confidente de Nossa Senhora de F\u00e1tima: L\u00facia"},"content":{"rendered":"<p style=\"text-align: center;\"><a href=\"https:\/\/adf.org.br\/apostolosdefatima?origem=10735\" target=\"_blank\" rel=\"noopener noreferrer\"><img loading=\"lazy\" class=\"alignnone wp-image-52466 size-full\" src=\"https:\/\/www.adf.org.br\/home\/wp-content\/uploads\/2019\/05\/Irm\u00e3-L\u00facia.jpg\" alt=\"Irm\u00e3 L\u00facia\" width=\"454\" height=\"531\" \/><\/a><\/p>\n<p><span style=\"font-weight: 400; font-family: verdana, geneva, sans-serif; font-size: 12pt; color: #000000;\"><span style=\"font-size: 24pt; color: #800080;\"><strong>D<\/strong><\/span>os tr\u00eas pastorinhos que apascentavam as ovelhas na Cova da Iria a 13 de Maio de 1917, <strong>s\u00f3 L\u00facia sobrevivia ainda em maio de 1920,<\/strong> e via-se frequentemente no local das apari\u00e7\u00f5es, sempre modesta e piedosa, rezando o ter\u00e7o com o povo. <strong>Mas um dia desapareceu tamb\u00e9m inesperadamente da terra natal.<\/strong><\/span><\/p>\n<p><span style=\"color: #ffffff;\">.<\/span><\/p>\n<p style=\"padding-left: 90px;\"><span style=\"font-weight: 400; font-family: verdana, geneva, sans-serif; font-size: 12pt; color: #000000;\">O fato suscitou admira\u00e7\u00e3o e foi muito comentado por amigos e inimigos, tanto que o zeloso administrador da Vila Nova de Our\u00e9m julgou seu dever intervir.<\/span><\/p>\n<p><span style=\"color: #ffffff;\">.<\/span><\/p>\n<p><span style=\"font-weight: 400; font-family: verdana, geneva, sans-serif; font-size: 12pt; color: #000000;\">Mandou comparecer na sua presen\u00e7a a m\u00e3e da vidente e pediu-lhe explica\u00e7\u00f5es.\u00a0<\/span><span style=\"font-family: verdana, geneva, sans-serif; color: #000000;\">Ela, por\u00e9m, com a costumada franqueza declarou:<\/span><\/p>\n<p><span style=\"color: #ffffff;\">.<\/span><\/p>\n<p style=\"padding-left: 90px;\"><span style=\"font-weight: 400; font-family: verdana, geneva, sans-serif; font-size: 12pt; color: #800080;\">&#8211; <em>Minha filha est\u00e1 onde ela quer e onde que quero. N\u00e3o tenho que dar mais satisfa\u00e7\u00f5es.<\/em><\/span><\/p>\n<p><span style=\"color: #ffffff;\">.<\/span><\/p>\n<p><span style=\"font-weight: 400; font-family: verdana, geneva, sans-serif; font-size: 12pt; color: #000000;\">O administrador n\u00e3o insistiu.<\/span><\/p>\n<p><span style=\"color: #ffffff;\">.<\/span><\/p>\n<p><span style=\"font-weight: 400; font-family: verdana, geneva, sans-serif; font-size: 12pt; color: #000000;\">De fato, a L\u00facia, em 17 de maio de 1921, tinha sido admitida no asilo de Vilar (Porto), dirigido pelas religiosas de santa Dorat\u00e9ia, onde pouco depois ouviu a voz do Senhor que a chamava \u00e0 vida religiosa.<\/span><\/p>\n<p><span style=\"color: #ffffff;\">.<\/span><\/p>\n<p><span style=\"font-weight: 400; font-family: verdana, geneva, sans-serif; font-size: 12pt; color: #000000;\">Partiu para Tui, antiga cidade espanhola na margem direita do Minho, que a separa da fronteira norte de Portugal, e a <strong>2 de outubro de 1926 entrou no noviciado<\/strong> que a Prov\u00edncia Portuguesa do Instituto da B. Paula Frassinetti ali abriu depois da expuls\u00e3o de Portugal em 1910.<\/span><\/p>\n<p><span style=\"color: #ffffff;\">.<\/span><\/p>\n<p style=\"padding-left: 90px;\"><span style=\"color: #000000;\"><span style=\"font-family: verdana, geneva, sans-serif; font-size: 12pt;\">Com o h\u00e1bito tomou o nome de <strong><span style=\"color: #800080;\">Maria L\u00facia das Dores <\/span><\/strong><\/span><\/span><span style=\"font-family: verdana, geneva, sans-serif; font-size: 12pt; color: #000000;\"><span style=\"color: #800080;\"><span style=\"color: #000000;\">e foi destinada aos trabalhos dom\u00e9sticos no grau de Irm\u00e3 Coadjutora, <strong><em>sendo desde o primeiro dia a edifica\u00e7\u00e3o das suas irm\u00e3s pela<\/em><\/strong><\/span><\/span><\/span><span style=\"color: #000000;\"><strong><em><span style=\"font-family: verdana, geneva, sans-serif; font-size: 12pt;\"> profunda humildade, perfeit\u00edssima obedi\u00eancia, alegria constante, extraordin\u00e1rio esp\u00edrito de ora\u00e7\u00e3o, observ\u00e2ncia exata das regras.<\/span><\/em><\/strong><\/span><\/p>\n<p><span style=\"color: #ffffff;\">.<\/span><\/p>\n<p><span style=\"font-weight: 400; font-family: verdana, geneva, sans-serif; font-size: 12pt; color: #000000;\">Fez profiss\u00e3o religiosa dos votos temporais a 3 de outubro de 1928 e passados seis anos, a <strong>3 de outubro de 1934, a de votos perp\u00e9tuos. <\/strong><\/span><\/p>\n<p><span style=\"color: #ffffff;\">.<\/span><\/p>\n<p style=\"text-align: right;\"><span style=\"font-size: 10pt; font-family: verdana, geneva, sans-serif; color: #000000;\"><b>Fonte: <\/b><i><span style=\"font-weight: 400;\">Nossa Senhora da F\u00e1tima <\/span><\/i><span style=\"font-weight: 400;\">da P. L. Gonzaga A. da Fonseca S. J.<\/span><\/span><\/p>\n<p style=\"text-align: right;\">.<\/p>\n<hr \/>\n<p>&nbsp;<\/p>\n<p style=\"text-align: center;\"><span style=\"font-size: 14pt; color: #800080;\"><strong><span style=\"font-family: verdana, geneva, sans-serif;\">Seja um Ap\u00f3stolo de F\u00e1tima e contribua para a divulga\u00e7\u00e3o de sua devo\u00e7\u00e3o!<\/span><\/strong><\/span><\/p>\n<p>&nbsp;<\/p>\n<h6 style=\"text-align: center;\"><span style=\"font-weight: 400; font-family: verdana, geneva, sans-serif; font-size: 12pt; color: #000000;\">Ligue <strong>GRATUITAMENTE<\/strong> para:<\/span><\/h6>\n<p style=\"text-align: center;\"><a href=\"tel:08006082128\" target=\"_blank\" rel=\"noopener noreferrer\"><span style=\"font-size: 24pt; color: #0000ff;\"><strong><span style=\"font-family: verdana, geneva, sans-serif;\">0800 608 2128<\/span><\/strong><\/span><\/a><\/p>\n<p><span style=\"color: #ffffff;\">.<\/span><\/p>\n<p style=\"text-align: center;\"><span style=\"font-weight: 400; font-family: verdana, geneva, sans-serif; font-size: 12pt; color: #000000;\">E saiba como fazer sua inscri\u00e7\u00e3o e contribuir para que Nossa Senhora alcance os lares do Brasil e at\u00e9 do mundo.<\/span><\/p>\n<p>&nbsp;<\/p>\n<p><span style=\"font-family: verdana, geneva, sans-serif; font-size: 12pt; color: #000000;\"><span style=\"font-weight: 400;\">Sendo um <\/span><a href=\"https:\/\/adf.org.br\/apostolosdefatima?origem=10735\" target=\"_blank\" rel=\"noopener noreferrer\"><span style=\"color: #0000ff;\"><b>Ap\u00f3stolo de F\u00e1tima <\/b><\/span><\/a><span style=\"font-weight: 400;\">voc\u00ea poder\u00e1<\/span>:<\/span><\/p>\n<p><span style=\"color: #ffffff;\">.<\/span><\/p>\n<p><span style=\"font-family: verdana, geneva, sans-serif; font-size: 12pt; color: #000000;\"><span style=\"font-weight: 400;\">&#8211; Colocar seus pedidos em mais de <\/span><b>60 Missas <\/b><span style=\"font-weight: 400;\">que ser\u00e3o celebradas ao longo do ano;<\/span><\/span><span style=\"font-family: verdana, geneva, sans-serif; font-size: 12pt; color: #000000;\"><span style=\"font-weight: 400;\"><br \/>\n<\/span><\/span><span style=\"font-weight: 400; font-family: verdana, geneva, sans-serif; font-size: 12pt; color: #000000;\">&#8211; Enviar <strong>seu nome ao Santu\u00e1rio de F\u00e1tima<\/strong>, em Portugal;<\/span><span style=\"font-weight: 400; font-family: verdana, geneva, sans-serif; font-size: 12pt; color: #000000;\"><br \/>\n<\/span><span style=\"font-weight: 400; font-family: verdana, geneva, sans-serif; font-size: 12pt; color: #000000;\">&#8211; Ter uma <strong>Vig\u00edlia Perp\u00e9tua de Ora\u00e7\u00f5es<\/strong> &#8211; Nossos volunt\u00e1rios se revezam recitando o Santo Ros\u00e1rio por cada ap\u00f3stolo, sendo rezados mais de 50 Ter\u00e7os por dia;<\/span><span style=\"font-weight: 400; font-family: verdana, geneva, sans-serif; font-size: 12pt; color: #000000;\"><br \/>\n<\/span><span style=\"font-weight: 400; font-family: verdana, geneva, sans-serif; font-size: 12pt; color: #000000;\">&#8211; E muito mais!<\/span><\/p>\n<p><span style=\"color: #ffffff;\">.<\/span><\/p>\n<h6 style=\"text-align: center;\"><span style=\"font-family: verdana, geneva, sans-serif; font-size: 14pt; color: #000000;\">Diga<\/span><a href=\"https:\/\/adf.org.br\/apostolosdefatima?origem=10735\" target=\"_blank\" rel=\"noopener noreferrer\"><strong><span style=\"font-family: verdana, geneva, sans-serif; font-size: 14pt; color: #000000;\"> <span style=\"color: #0000ff;\">SIM<\/span> <\/span><\/strong><\/a><span style=\"font-family: verdana, geneva, sans-serif; font-size: 14pt; color: #000000;\">para Nossa Senhora!<\/span><\/h6>\n<p>&nbsp;<\/p>\n<p style=\"text-align: center;\"><strong><span style=\"font-family: verdana, geneva, sans-serif; font-size: 12pt; color: #000000;\">Ligue: <\/span><\/strong><\/p>\n<p style=\"text-align: center;\"><a href=\"tel:08006082128\" target=\"_blank\" rel=\"noopener noreferrer\"><span style=\"color: #0000ff;\"><strong><span style=\"font-family: verdana, geneva, sans-serif; font-size: 24pt;\">0800 608 2128<\/span><\/strong><\/span><\/a><\/p>\n<p style=\"text-align: center;\"><span style=\"color: #000000;\"><em><span style=\"font-family: verdana, geneva, sans-serif;\">Se estiver no celular, somente clique sobre o n\u00famero para discar automaticamente.<\/span><\/em><\/span><\/p>\n<p style=\"text-align: center;\"><span style=\"color: #ffffff;\">.<\/span><\/p>\n<p style=\"text-align: center;\"><span style=\"color: #800080;\"><em><span style=\"font-weight: 400; font-family: verdana, geneva, sans-serif; font-size: 12pt;\">Muitas gra\u00e7as est\u00e3o reservadas para voc\u00ea, mas para isso \u00e9 preciso que voc\u00ea atenda a este importante chamado da Virgem Sant\u00edssima.<\/span><\/em><\/span><\/p>\n<hr \/>\n<p style=\"text-align: center;\"><span style=\"color: #ffffff;\">.<\/span><\/p>\n<p style=\"text-align: center;\"><span style=\"font-family: verdana, geneva, sans-serif; color: #003366; font-size: 18pt;\"><b>WhatsApp da Associa\u00e7\u00e3o Devotos de F\u00e1tima<\/b><\/span><\/p>\n<p style=\"text-align: center;\"><span style=\"color: #ffffff;\">.<\/span><br \/>\n<span style=\"color: #000000; font-family: verdana, geneva, sans-serif; font-size: 12pt;\"><a href=\"https:\/\/bit.ly\/2Y4VQcs\" target=\"_blank\" rel=\"noopener noreferrer\"><span style=\"color: #0000ff;\"><b>Inscreva-se aqui<\/b><\/span><\/a><span style=\"font-weight: 400;\"> no Zap de Nossa Senhora de F\u00e1tima.\u00a0<\/span><\/span><\/p>\n<p style=\"text-align: center;\"><span style=\"color: #000000; font-family: verdana, geneva, sans-serif; font-size: 12pt;\"><span style=\"font-weight: 400;\">ou <\/span><\/span><\/p>\n<p style=\"text-align: center;\"><span style=\"color: #000000; font-family: verdana, geneva, sans-serif; font-size: 12pt;\"><span style=\"font-weight: 400;\">envie uma mensagem para <\/span><a href=\"https:\/\/bit.ly\/2Y4VQcs\" target=\"_blank\" rel=\"noopener noreferrer\"><span style=\"color: #0000ff;\"><b>(11) 96723 1000<\/b><\/span><\/a><span style=\"font-weight: 400;\"> e receba conte\u00fados de inspira\u00e7\u00e3o cat\u00f3lica que poder\u00e3o fortalecer cada vez mais sua F\u00e9.<\/span><\/span><\/p>\n<p style=\"text-align: left;\"><span style=\"color: #ffffff;\">.<\/span><\/p>\n","protected":false},"excerpt":{"rendered":"<p>Dos tr\u00eas pastorinhos que apascentavam as ovelhas na Cova da Iria a 13 de Maio de 1917, s\u00f3 L\u00facia sobrevivia ainda em maio de 1920, e via-se frequentemente no local das apari\u00e7\u00f5es, sempre modesta e piedosa, rezando o ter\u00e7o com o povo. Mas um dia desapareceu tamb\u00e9m inesperadamente da terra natal. . O fato suscitou [&hellip;]<\/p>\n","protected":false},"author":31,"featured_media":52467,"comment_status":"open","ping_status":"open","sticky":false,"template":"","format":"standard","meta":[],"categories":[20,56],"tags":[2242,198,2647,57,58],"yoast_head":"<!-- This site is optimized with the Yoast SEO plugin v17.4 - https:\/\/yoast.com\/wordpress\/plugins\/seo\/ -->\n<title>O destino da principal confidente de Nossa Senhora de F\u00e1tima: L\u00facia - Associa\u00e7\u00e3o Devotos de F\u00e1tima<\/title>\n<meta name=\"description\" content=\"Dos tr\u00eas pastorinhos que viram Nossa Senhora de F\u00e1tima, apenas L\u00facia sobrevivia ainda em maio de 1920. Confira o destino dela aqui.\" \/>\n<meta name=\"robots\" content=\"index, follow, max-snippet:-1, max-image-preview:large, max-video-preview:-1\" \/>\n<link rel=\"canonical\" href=\"https:\/\/www.adf.org.br\/home\/o-destino-da-principal-confidente-de-nossa-senhora-de-fatima-lucia\/\" \/>\n<meta property=\"og:locale\" content=\"pt_BR\" \/>\n<meta property=\"og:type\" content=\"article\" \/>\n<meta property=\"og:title\" content=\"O destino da principal confidente de Nossa Senhora de F\u00e1tima: L\u00facia - Associa\u00e7\u00e3o Devotos de F\u00e1tima\" \/>\n<meta property=\"og:description\" content=\"Dos tr\u00eas pastorinhos que viram Nossa Senhora de F\u00e1tima, apenas L\u00facia sobrevivia ainda em maio de 1920. Confira o destino dela aqui.\" \/>\n<meta property=\"og:url\" content=\"https:\/\/www.adf.org.br\/home\/o-destino-da-principal-confidente-de-nossa-senhora-de-fatima-lucia\/\" \/>\n<meta property=\"og:site_name\" content=\"Associa\u00e7\u00e3o Devotos de F\u00e1tima\" \/>\n<meta property=\"article:published_time\" content=\"2019-05-20T10:30:01+00:00\" \/>\n<meta name=\"twitter:card\" content=\"summary_large_image\" \/>\n<meta name=\"twitter:label1\" content=\"Escrito por\" \/>\n\t<meta name=\"twitter:data1\" content=\"Gabriel Barbosa\" \/>\n\t<meta name=\"twitter:label2\" content=\"Est. tempo de leitura\" \/>\n\t<meta name=\"twitter:data2\" content=\"3 minutos\" \/>\n<script type=\"application\/ld+json\" class=\"yoast-schema-graph\">{\"@context\":\"https:\/\/schema.org\",\"@graph\":[{\"@type\":\"WebSite\",\"@id\":\"https:\/\/www.adf.org.br\/home\/#website\",\"url\":\"https:\/\/www.adf.org.br\/home\/\",\"name\":\"Associa\\u00e7\\u00e3o Devotos de F\\u00e1tima\",\"description\":\"Associa\\u00e7\\u00e3o Devotos de F\\u00e1tima\",\"potentialAction\":[{\"@type\":\"SearchAction\",\"target\":{\"@type\":\"EntryPoint\",\"urlTemplate\":\"https:\/\/www.adf.org.br\/home\/?s={search_term_string}\"},\"query-input\":\"required name=search_term_string\"}],\"inLanguage\":\"pt-BR\"},{\"@type\":\"ImageObject\",\"@id\":\"https:\/\/www.adf.org.br\/home\/o-destino-da-principal-confidente-de-nossa-senhora-de-fatima-lucia\/#primaryimage\",\"inLanguage\":\"pt-BR\",\"url\":\"\",\"contentUrl\":\"\"},{\"@type\":\"WebPage\",\"@id\":\"https:\/\/www.adf.org.br\/home\/o-destino-da-principal-confidente-de-nossa-senhora-de-fatima-lucia\/#webpage\",\"url\":\"https:\/\/www.adf.org.br\/home\/o-destino-da-principal-confidente-de-nossa-senhora-de-fatima-lucia\/\",\"name\":\"O destino da principal confidente de Nossa Senhora de F\\u00e1tima: L\\u00facia - Associa\\u00e7\\u00e3o Devotos de F\\u00e1tima\",\"isPartOf\":{\"@id\":\"https:\/\/www.adf.org.br\/home\/#website\"},\"primaryImageOfPage\":{\"@id\":\"https:\/\/www.adf.org.br\/home\/o-destino-da-principal-confidente-de-nossa-senhora-de-fatima-lucia\/#primaryimage\"},\"datePublished\":\"2019-05-20T10:30:01+00:00\",\"dateModified\":\"2019-05-20T10:30:01+00:00\",\"author\":{\"@id\":\"https:\/\/www.adf.org.br\/home\/#\/schema\/person\/f35a5c5aa7728a3dedf4ea9aa1fc2753\"},\"description\":\"Dos tr\\u00eas pastorinhos que viram Nossa Senhora de F\\u00e1tima, apenas L\\u00facia sobrevivia ainda em maio de 1920. Confira o destino dela aqui.\",\"breadcrumb\":{\"@id\":\"https:\/\/www.adf.org.br\/home\/o-destino-da-principal-confidente-de-nossa-senhora-de-fatima-lucia\/#breadcrumb\"},\"inLanguage\":\"pt-BR\",\"potentialAction\":[{\"@type\":\"ReadAction\",\"target\":[\"https:\/\/www.adf.org.br\/home\/o-destino-da-principal-confidente-de-nossa-senhora-de-fatima-lucia\/\"]}]},{\"@type\":\"BreadcrumbList\",\"@id\":\"https:\/\/www.adf.org.br\/home\/o-destino-da-principal-confidente-de-nossa-senhora-de-fatima-lucia\/#breadcrumb\",\"itemListElement\":[{\"@type\":\"ListItem\",\"position\":1,\"name\":\"Home\",\"item\":\"https:\/\/www.adf.org.br\/home\/\"},{\"@type\":\"ListItem\",\"position\":2,\"name\":\"O destino da principal confidente de Nossa Senhora de F\\u00e1tima: L\\u00facia\"}]},{\"@type\":\"Person\",\"@id\":\"https:\/\/www.adf.org.br\/home\/#\/schema\/person\/f35a5c5aa7728a3dedf4ea9aa1fc2753\",\"name\":\"Gabriel Barbosa\",\"image\":{\"@type\":\"ImageObject\",\"@id\":\"https:\/\/www.adf.org.br\/home\/#personlogo\",\"inLanguage\":\"pt-BR\",\"url\":\"https:\/\/secure.gravatar.com\/avatar\/2b2cb2f4637682c5605e8d36818f51ef?s=96&d=mm&r=g\",\"contentUrl\":\"https:\/\/secure.gravatar.com\/avatar\/2b2cb2f4637682c5605e8d36818f51ef?s=96&d=mm&r=g\",\"caption\":\"Gabriel Barbosa\"},\"url\":\"https:\/\/www.adf.org.br\/home\/author\/gabrielpmk-com-br\/\"}]}<\/script>\n<!-- \/ Yoast SEO plugin. -->","yoast_head_json":{"title":"O destino da principal confidente de Nossa Senhora de F\u00e1tima: L\u00facia - Associa\u00e7\u00e3o Devotos de F\u00e1tima","description":"Dos tr\u00eas pastorinhos que viram Nossa Senhora de F\u00e1tima, apenas L\u00facia sobrevivia ainda em maio de 1920. Confira o destino dela aqui.","robots":{"index":"index","follow":"follow","max-snippet":"max-snippet:-1","max-image-preview":"max-image-preview:large","max-video-preview":"max-video-preview:-1"},"canonical":"https:\/\/www.adf.org.br\/home\/o-destino-da-principal-confidente-de-nossa-senhora-de-fatima-lucia\/","og_locale":"pt_BR","og_type":"article","og_title":"O destino da principal confidente de Nossa Senhora de F\u00e1tima: L\u00facia - Associa\u00e7\u00e3o Devotos de F\u00e1tima","og_description":"Dos tr\u00eas pastorinhos que viram Nossa Senhora de F\u00e1tima, apenas L\u00facia sobrevivia ainda em maio de 1920. Confira o destino dela aqui.","og_url":"https:\/\/www.adf.org.br\/home\/o-destino-da-principal-confidente-de-nossa-senhora-de-fatima-lucia\/","og_site_name":"Associa\u00e7\u00e3o Devotos de F\u00e1tima","article_published_time":"2019-05-20T10:30:01+00:00","twitter_card":"summary_large_image","twitter_misc":{"Escrito por":"Gabriel Barbosa","Est. tempo de leitura":"3 minutos"},"schema":{"@context":"https:\/\/schema.org","@graph":[{"@type":"WebSite","@id":"https:\/\/www.adf.org.br\/home\/#website","url":"https:\/\/www.adf.org.br\/home\/","name":"Associa\u00e7\u00e3o Devotos de F\u00e1tima","description":"Associa\u00e7\u00e3o Devotos de F\u00e1tima","potentialAction":[{"@type":"SearchAction","target":{"@type":"EntryPoint","urlTemplate":"https:\/\/www.adf.org.br\/home\/?s={search_term_string}"},"query-input":"required name=search_term_string"}],"inLanguage":"pt-BR"},{"@type":"ImageObject","@id":"https:\/\/www.adf.org.br\/home\/o-destino-da-principal-confidente-de-nossa-senhora-de-fatima-lucia\/#primaryimage","inLanguage":"pt-BR","url":"","contentUrl":""},{"@type":"WebPage","@id":"https:\/\/www.adf.org.br\/home\/o-destino-da-principal-confidente-de-nossa-senhora-de-fatima-lucia\/#webpage","url":"https:\/\/www.adf.org.br\/home\/o-destino-da-principal-confidente-de-nossa-senhora-de-fatima-lucia\/","name":"O destino da principal confidente de Nossa Senhora de F\u00e1tima: L\u00facia - Associa\u00e7\u00e3o Devotos de F\u00e1tima","isPartOf":{"@id":"https:\/\/www.adf.org.br\/home\/#website"},"primaryImageOfPage":{"@id":"https:\/\/www.adf.org.br\/home\/o-destino-da-principal-confidente-de-nossa-senhora-de-fatima-lucia\/#primaryimage"},"datePublished":"2019-05-20T10:30:01+00:00","dateModified":"2019-05-20T10:30:01+00:00","author":{"@id":"https:\/\/www.adf.org.br\/home\/#\/schema\/person\/f35a5c5aa7728a3dedf4ea9aa1fc2753"},"description":"Dos tr\u00eas pastorinhos que viram Nossa Senhora de F\u00e1tima, apenas L\u00facia sobrevivia ainda em maio de 1920. Confira o destino dela aqui.","breadcrumb":{"@id":"https:\/\/www.adf.org.br\/home\/o-destino-da-principal-confidente-de-nossa-senhora-de-fatima-lucia\/#breadcrumb"},"inLanguage":"pt-BR","potentialAction":[{"@type":"ReadAction","target":["https:\/\/www.adf.org.br\/home\/o-destino-da-principal-confidente-de-nossa-senhora-de-fatima-lucia\/"]}]},{"@type":"BreadcrumbList","@id":"https:\/\/www.adf.org.br\/home\/o-destino-da-principal-confidente-de-nossa-senhora-de-fatima-lucia\/#breadcrumb","itemListElement":[{"@type":"ListItem","position":1,"name":"Home","item":"https:\/\/www.adf.org.br\/home\/"},{"@type":"ListItem","position":2,"name":"O destino da principal confidente de Nossa Senhora de F\u00e1tima: L\u00facia"}]},{"@type":"Person","@id":"https:\/\/www.adf.org.br\/home\/#\/schema\/person\/f35a5c5aa7728a3dedf4ea9aa1fc2753","name":"Gabriel Barbosa","image":{"@type":"ImageObject","@id":"https:\/\/www.adf.org.br\/home\/#personlogo","inLanguage":"pt-BR","url":"https:\/\/secure.gravatar.com\/avatar\/2b2cb2f4637682c5605e8d36818f51ef?s=96&d=mm&r=g","contentUrl":"https:\/\/secure.gravatar.com\/avatar\/2b2cb2f4637682c5605e8d36818f51ef?s=96&d=mm&r=g","caption":"Gabriel Barbosa"},"url":"https:\/\/www.adf.org.br\/home\/author\/gabrielpmk-com-br\/"}]}},"_links":{"self":[{"href":"https:\/\/www.adf.org.br\/home\/wp-json\/wp\/v2\/posts\/52465"}],"collection":[{"href":"https:\/\/www.adf.org.br\/home\/wp-json\/wp\/v2\/posts"}],"about":[{"href":"https:\/\/www.adf.org.br\/home\/wp-json\/wp\/v2\/types\/post"}],"author":[{"embeddable":true,"href":"https:\/\/www.adf.org.br\/home\/wp-json\/wp\/v2\/users\/31"}],"replies":[{"embeddable":true,"href":"https:\/\/www.adf.org.br\/home\/wp-json\/wp\/v2\/comments?post=52465"}],"version-history":[{"count":0,"href":"https:\/\/www.adf.org.br\/home\/wp-json\/wp\/v2\/posts\/52465\/revisions"}],"wp:featuredmedia":[{"embeddable":true,"href":"https:\/\/www.adf.org.br\/home\/wp-json\/wp\/v2\/media\/52467"}],"wp:attachment":[{"href":"https:\/\/www.adf.org.br\/home\/wp-json\/wp\/v2\/media?parent=52465"}],"wp:term":[{"taxonomy":"category","embeddable":true,"href":"https:\/\/www.adf.org.br\/home\/wp-json\/wp\/v2\/categories?post=52465"},{"taxonomy":"post_tag","embeddable":true,"href":"https:\/\/www.adf.org.br\/home\/wp-json\/wp\/v2\/tags?post=52465"}],"curies":[{"name":"wp","href":"https:\/\/api.w.org\/{rel}","templated":true}]}}