{"id":52435,"date":"2019-05-16T16:36:55","date_gmt":"2019-05-16T19:36:55","guid":{"rendered":"http:\/\/www.adf.org.br\/home\/?p=52435"},"modified":"2019-05-16T16:36:55","modified_gmt":"2019-05-16T19:36:55","slug":"convite-missa-em-honra-santo-padre-pio-voce-nao-vai-querer-perder-esta-celebracao","status":"publish","type":"post","link":"https:\/\/www.adf.org.br\/home\/convite-missa-em-honra-santo-padre-pio-voce-nao-vai-querer-perder-esta-celebracao\/","title":{"rendered":"CONVITE: Missa em honra a Santo Padre Pio &#8211; Voc\u00ea n\u00e3o vai querer perder esta celebra\u00e7\u00e3o!"},"content":{"rendered":"<h6 style=\"text-align: center;\"><a href=\"https:\/\/www.facebook.com\/events\/390439148173461\/\" target=\"_blank\" rel=\"noopener noreferrer\"><img loading=\"lazy\" class=\"alignnone wp-image-52438 \" src=\"https:\/\/www.adf.org.br\/home\/wp-content\/uploads\/2019\/05\/Missa-do-Padre-Pio.png\" alt=\"Missa do Padre Pio\" width=\"568\" height=\"327\" \/><\/a><\/h6>\n<h6 style=\"text-align: center;\"><span style=\"color: #ffffff;\">.<\/span><\/h6>\n<h6 style=\"text-align: center;\"><span style=\"font-family: verdana, geneva, sans-serif; font-size: 18pt; color: #800080;\"><b>CONVITE ESPECIAL<\/b><\/span><\/h6>\n<p><span style=\"color: #ffffff;\">.<\/span><\/p>\n<p><span style=\"font-family: verdana, geneva, sans-serif; font-size: 12pt; color: #000000;\"><span style=\"font-weight: 400;\">No dia 25 de Maio \u00e9 comemorado o nascimento de um dos santos mais devotos de <\/span><span style=\"font-weight: 400;\">Nossa Senhora de F\u00e1tima<\/span><span style=\"font-weight: 400;\">: <\/span><b>S\u00e3o Pio de Pietrelcina<\/b><span style=\"font-weight: 400;\">. <\/span><\/span><\/p>\n<p><span style=\"font-family: verdana, geneva, sans-serif; font-size: 12pt; color: #000000;\"><span style=\"font-weight: 400;\">E para celebrar esta ocasi\u00e3o t\u00e3o especial, a Associa\u00e7\u00e3o Regina Fidei convida todos os devotos e<\/span> <a href=\"https:\/\/adf.org.br\/apostolosdefatima?origem=10719\" target=\"_blank\" rel=\"noopener noreferrer\"><span style=\"color: #0000ff;\">Ap\u00f3stolos de Nossa Senhora<\/span><\/a><span style=\"font-weight: 400;\"> a participarem da Missa Especial em homenagem a Santo Padre Pio. <\/span><\/span><\/p>\n<p><span style=\"color: #ffffff;\">.<\/span><\/p>\n<p><span style=\"font-family: verdana, geneva, sans-serif; font-size: 12pt; color: #000000;\"><b>Marque na sua agenda:<\/b><\/span><\/p>\n<p><span style=\"color: #ffffff;\">.<\/span><\/p>\n<p><span style=\"font-family: verdana, geneva, sans-serif; font-size: 12pt; color: #800080;\"><b>MISSA DE COMEMORA\u00c7\u00c3O DO NASCIMENTO DO PADRE PIO<\/b><\/span><\/p>\n<p><span style=\"color: #ffffff;\">.<\/span><\/p>\n<p><span style=\"font-family: verdana, geneva, sans-serif; font-size: 12pt; color: #000000;\"><b>Data:<\/b><span style=\"font-weight: 400;\"> 25 de Maio (S\u00e1bado)<br \/>\n<\/span><\/span><span style=\"font-family: verdana, geneva, sans-serif; font-size: 12pt; color: #000000;\"><b>Hor\u00e1rio:<\/b><span style=\"font-weight: 400;\"> 12h<br \/>\n<\/span><\/span><span style=\"font-family: verdana, geneva, sans-serif; font-size: 12pt; color: #000000;\"><b>Local:<\/b><span style=\"font-weight: 400;\"> Igreja da Ordem Terceira do Carmo<br \/>\n<\/span><\/span><span style=\"font-family: verdana, geneva, sans-serif; font-size: 12pt; color: #000000;\"><b>Endere\u00e7o:<\/b><span style=\"font-weight: 400;\"> Av. Rangel Pestana, 230 \u2013 S\u00e9 \u2013 S\u00e3o Paulo \u2013 SP<\/span><\/span><\/p>\n<p><span style=\"color: #ffffff;\">.<\/span><\/p>\n<p><a href=\"https:\/\/www.facebook.com\/events\/390439148173461\/\" target=\"_blank\" rel=\"noopener noreferrer\"><span style=\"font-family: verdana, geneva, sans-serif; font-size: 14pt; color: #0000ff;\"><b>Clique aqui para confirmar sua presen\u00e7a.<\/b><\/span><\/a><\/p>\n<p><span style=\"color: #ffffff;\">.<\/span><\/p>\n<p><span style=\"font-family: verdana, geneva, sans-serif; font-size: 12pt; color: #000000;\"><span style=\"font-weight: 400;\">Aqueles que puderem fazer parte deste aben\u00e7oado momento ainda <\/span><b>poder\u00e3o receber uma b\u00ean\u00e7\u00e3o individual com a rel\u00edquia do sangue do Padre Pio<\/b><span style=\"font-weight: 400;\">.<\/span><\/span><\/p>\n<p><span style=\"color: #ffffff;\">.<\/span><\/p>\n<p style=\"text-align: center;\"><span style=\"color: #800080;\"><span style=\"font-family: verdana, geneva, sans-serif; font-size: 12pt;\"><i><span style=\"font-weight: 400;\">\u201cQue Nossa Senhora perfume a tua alma e fa\u00e7a com que nela sempre flores\u00e7am novas virtudes.\u201d<br \/>\n<\/span><\/i><\/span><span style=\"font-weight: 400; font-family: verdana, geneva, sans-serif; font-size: 12pt;\">(S\u00e3o Pio de Pietrelcina)<\/span><\/span><\/p>\n<p><span style=\"color: #ffffff;\">.<\/span><\/p>\n<p style=\"text-align: center;\"><span style=\"font-family: verdana, geneva, sans-serif; font-size: 12pt; color: #000000;\"><i><span style=\"font-weight: 400;\">Que Nossa Senhora e Santo Padre Pio derramem uma chuva de gra\u00e7as sobre voc\u00ea!<\/span><\/i><\/span><\/p>\n<p style=\"text-align: center;\"><span style=\"color: #ffffff;\">.<\/span><\/p>\n","protected":false},"excerpt":{"rendered":"<p>. CONVITE ESPECIAL . No dia 25 de Maio \u00e9 comemorado o nascimento de um dos santos mais devotos de Nossa Senhora de F\u00e1tima: S\u00e3o Pio de Pietrelcina. E para celebrar esta ocasi\u00e3o t\u00e3o especial, a Associa\u00e7\u00e3o Regina Fidei convida todos os devotos e Ap\u00f3stolos de Nossa Senhora a participarem da Missa Especial em homenagem [&hellip;]<\/p>\n","protected":false},"author":31,"featured_media":52437,"comment_status":"open","ping_status":"open","sticky":false,"template":"","format":"standard","meta":[],"categories":[20,23],"tags":[2242,503,2926,2151,27],"yoast_head":"<!-- This site is optimized with the Yoast SEO plugin v17.4 - https:\/\/yoast.com\/wordpress\/plugins\/seo\/ -->\n<title>CONVITE: Missa em honra a Santo Padre Pio - Voc\u00ea n\u00e3o vai querer perder esta celebra\u00e7\u00e3o! - Associa\u00e7\u00e3o Devotos de F\u00e1tima<\/title>\n<meta name=\"description\" content=\"Missa Especial em honra a Santo Padre Pio ser\u00e1 celebrada no dia 25 de Maio \u00e0s 12h, na Igreja da Ordem Terceira do Carmo, em S\u00e3o Paulo. Leia.\" \/>\n<meta name=\"robots\" content=\"index, follow, max-snippet:-1, max-image-preview:large, max-video-preview:-1\" \/>\n<link rel=\"canonical\" href=\"https:\/\/www.adf.org.br\/home\/convite-missa-em-honra-santo-padre-pio-voce-nao-vai-querer-perder-esta-celebracao\/\" \/>\n<meta property=\"og:locale\" content=\"pt_BR\" \/>\n<meta property=\"og:type\" content=\"article\" \/>\n<meta property=\"og:title\" content=\"CONVITE: Missa em honra a Santo Padre Pio - Voc\u00ea n\u00e3o vai querer perder esta celebra\u00e7\u00e3o! - Associa\u00e7\u00e3o Devotos de F\u00e1tima\" \/>\n<meta property=\"og:description\" content=\"Missa Especial em honra a Santo Padre Pio ser\u00e1 celebrada no dia 25 de Maio \u00e0s 12h, na Igreja da Ordem Terceira do Carmo, em S\u00e3o Paulo. Leia.\" \/>\n<meta property=\"og:url\" content=\"https:\/\/www.adf.org.br\/home\/convite-missa-em-honra-santo-padre-pio-voce-nao-vai-querer-perder-esta-celebracao\/\" \/>\n<meta property=\"og:site_name\" content=\"Associa\u00e7\u00e3o Devotos de F\u00e1tima\" \/>\n<meta property=\"article:published_time\" content=\"2019-05-16T19:36:55+00:00\" \/>\n<meta name=\"twitter:card\" content=\"summary_large_image\" \/>\n<meta name=\"twitter:label1\" content=\"Escrito por\" \/>\n\t<meta name=\"twitter:data1\" content=\"Gabriel Barbosa\" \/>\n\t<meta name=\"twitter:label2\" content=\"Est. tempo de leitura\" \/>\n\t<meta name=\"twitter:data2\" content=\"1 minuto\" \/>\n<script type=\"application\/ld+json\" class=\"yoast-schema-graph\">{\"@context\":\"https:\/\/schema.org\",\"@graph\":[{\"@type\":\"WebSite\",\"@id\":\"https:\/\/www.adf.org.br\/home\/#website\",\"url\":\"https:\/\/www.adf.org.br\/home\/\",\"name\":\"Associa\\u00e7\\u00e3o Devotos de F\\u00e1tima\",\"description\":\"Associa\\u00e7\\u00e3o Devotos de F\\u00e1tima\",\"potentialAction\":[{\"@type\":\"SearchAction\",\"target\":{\"@type\":\"EntryPoint\",\"urlTemplate\":\"https:\/\/www.adf.org.br\/home\/?s={search_term_string}\"},\"query-input\":\"required name=search_term_string\"}],\"inLanguage\":\"pt-BR\"},{\"@type\":\"ImageObject\",\"@id\":\"https:\/\/www.adf.org.br\/home\/convite-missa-em-honra-santo-padre-pio-voce-nao-vai-querer-perder-esta-celebracao\/#primaryimage\",\"inLanguage\":\"pt-BR\",\"url\":\"\",\"contentUrl\":\"\"},{\"@type\":\"WebPage\",\"@id\":\"https:\/\/www.adf.org.br\/home\/convite-missa-em-honra-santo-padre-pio-voce-nao-vai-querer-perder-esta-celebracao\/#webpage\",\"url\":\"https:\/\/www.adf.org.br\/home\/convite-missa-em-honra-santo-padre-pio-voce-nao-vai-querer-perder-esta-celebracao\/\",\"name\":\"CONVITE: Missa em honra a Santo Padre Pio - Voc\\u00ea n\\u00e3o vai querer perder esta celebra\\u00e7\\u00e3o! - Associa\\u00e7\\u00e3o Devotos de F\\u00e1tima\",\"isPartOf\":{\"@id\":\"https:\/\/www.adf.org.br\/home\/#website\"},\"primaryImageOfPage\":{\"@id\":\"https:\/\/www.adf.org.br\/home\/convite-missa-em-honra-santo-padre-pio-voce-nao-vai-querer-perder-esta-celebracao\/#primaryimage\"},\"datePublished\":\"2019-05-16T19:36:55+00:00\",\"dateModified\":\"2019-05-16T19:36:55+00:00\",\"author\":{\"@id\":\"https:\/\/www.adf.org.br\/home\/#\/schema\/person\/f35a5c5aa7728a3dedf4ea9aa1fc2753\"},\"description\":\"Missa Especial em honra a Santo Padre Pio ser\\u00e1 celebrada no dia 25 de Maio \\u00e0s 12h, na Igreja da Ordem Terceira do Carmo, em S\\u00e3o Paulo. Leia.\",\"breadcrumb\":{\"@id\":\"https:\/\/www.adf.org.br\/home\/convite-missa-em-honra-santo-padre-pio-voce-nao-vai-querer-perder-esta-celebracao\/#breadcrumb\"},\"inLanguage\":\"pt-BR\",\"potentialAction\":[{\"@type\":\"ReadAction\",\"target\":[\"https:\/\/www.adf.org.br\/home\/convite-missa-em-honra-santo-padre-pio-voce-nao-vai-querer-perder-esta-celebracao\/\"]}]},{\"@type\":\"BreadcrumbList\",\"@id\":\"https:\/\/www.adf.org.br\/home\/convite-missa-em-honra-santo-padre-pio-voce-nao-vai-querer-perder-esta-celebracao\/#breadcrumb\",\"itemListElement\":[{\"@type\":\"ListItem\",\"position\":1,\"name\":\"Home\",\"item\":\"https:\/\/www.adf.org.br\/home\/\"},{\"@type\":\"ListItem\",\"position\":2,\"name\":\"CONVITE: Missa em honra a Santo Padre Pio &#8211; Voc\\u00ea n\\u00e3o vai querer perder esta celebra\\u00e7\\u00e3o!\"}]},{\"@type\":\"Person\",\"@id\":\"https:\/\/www.adf.org.br\/home\/#\/schema\/person\/f35a5c5aa7728a3dedf4ea9aa1fc2753\",\"name\":\"Gabriel Barbosa\",\"image\":{\"@type\":\"ImageObject\",\"@id\":\"https:\/\/www.adf.org.br\/home\/#personlogo\",\"inLanguage\":\"pt-BR\",\"url\":\"https:\/\/secure.gravatar.com\/avatar\/2b2cb2f4637682c5605e8d36818f51ef?s=96&d=mm&r=g\",\"contentUrl\":\"https:\/\/secure.gravatar.com\/avatar\/2b2cb2f4637682c5605e8d36818f51ef?s=96&d=mm&r=g\",\"caption\":\"Gabriel Barbosa\"},\"url\":\"https:\/\/www.adf.org.br\/home\/author\/gabrielpmk-com-br\/\"}]}<\/script>\n<!-- \/ Yoast SEO plugin. -->","yoast_head_json":{"title":"CONVITE: Missa em honra a Santo Padre Pio - Voc\u00ea n\u00e3o vai querer perder esta celebra\u00e7\u00e3o! - Associa\u00e7\u00e3o Devotos de F\u00e1tima","description":"Missa Especial em honra a Santo Padre Pio ser\u00e1 celebrada no dia 25 de Maio \u00e0s 12h, na Igreja da Ordem Terceira do Carmo, em S\u00e3o Paulo. Leia.","robots":{"index":"index","follow":"follow","max-snippet":"max-snippet:-1","max-image-preview":"max-image-preview:large","max-video-preview":"max-video-preview:-1"},"canonical":"https:\/\/www.adf.org.br\/home\/convite-missa-em-honra-santo-padre-pio-voce-nao-vai-querer-perder-esta-celebracao\/","og_locale":"pt_BR","og_type":"article","og_title":"CONVITE: Missa em honra a Santo Padre Pio - Voc\u00ea n\u00e3o vai querer perder esta celebra\u00e7\u00e3o! - Associa\u00e7\u00e3o Devotos de F\u00e1tima","og_description":"Missa Especial em honra a Santo Padre Pio ser\u00e1 celebrada no dia 25 de Maio \u00e0s 12h, na Igreja da Ordem Terceira do Carmo, em S\u00e3o Paulo. Leia.","og_url":"https:\/\/www.adf.org.br\/home\/convite-missa-em-honra-santo-padre-pio-voce-nao-vai-querer-perder-esta-celebracao\/","og_site_name":"Associa\u00e7\u00e3o Devotos de F\u00e1tima","article_published_time":"2019-05-16T19:36:55+00:00","twitter_card":"summary_large_image","twitter_misc":{"Escrito por":"Gabriel Barbosa","Est. tempo de leitura":"1 minuto"},"schema":{"@context":"https:\/\/schema.org","@graph":[{"@type":"WebSite","@id":"https:\/\/www.adf.org.br\/home\/#website","url":"https:\/\/www.adf.org.br\/home\/","name":"Associa\u00e7\u00e3o Devotos de F\u00e1tima","description":"Associa\u00e7\u00e3o Devotos de F\u00e1tima","potentialAction":[{"@type":"SearchAction","target":{"@type":"EntryPoint","urlTemplate":"https:\/\/www.adf.org.br\/home\/?s={search_term_string}"},"query-input":"required name=search_term_string"}],"inLanguage":"pt-BR"},{"@type":"ImageObject","@id":"https:\/\/www.adf.org.br\/home\/convite-missa-em-honra-santo-padre-pio-voce-nao-vai-querer-perder-esta-celebracao\/#primaryimage","inLanguage":"pt-BR","url":"","contentUrl":""},{"@type":"WebPage","@id":"https:\/\/www.adf.org.br\/home\/convite-missa-em-honra-santo-padre-pio-voce-nao-vai-querer-perder-esta-celebracao\/#webpage","url":"https:\/\/www.adf.org.br\/home\/convite-missa-em-honra-santo-padre-pio-voce-nao-vai-querer-perder-esta-celebracao\/","name":"CONVITE: Missa em honra a Santo Padre Pio - Voc\u00ea n\u00e3o vai querer perder esta celebra\u00e7\u00e3o! - Associa\u00e7\u00e3o Devotos de F\u00e1tima","isPartOf":{"@id":"https:\/\/www.adf.org.br\/home\/#website"},"primaryImageOfPage":{"@id":"https:\/\/www.adf.org.br\/home\/convite-missa-em-honra-santo-padre-pio-voce-nao-vai-querer-perder-esta-celebracao\/#primaryimage"},"datePublished":"2019-05-16T19:36:55+00:00","dateModified":"2019-05-16T19:36:55+00:00","author":{"@id":"https:\/\/www.adf.org.br\/home\/#\/schema\/person\/f35a5c5aa7728a3dedf4ea9aa1fc2753"},"description":"Missa Especial em honra a Santo Padre Pio ser\u00e1 celebrada no dia 25 de Maio \u00e0s 12h, na Igreja da Ordem Terceira do Carmo, em S\u00e3o Paulo. Leia.","breadcrumb":{"@id":"https:\/\/www.adf.org.br\/home\/convite-missa-em-honra-santo-padre-pio-voce-nao-vai-querer-perder-esta-celebracao\/#breadcrumb"},"inLanguage":"pt-BR","potentialAction":[{"@type":"ReadAction","target":["https:\/\/www.adf.org.br\/home\/convite-missa-em-honra-santo-padre-pio-voce-nao-vai-querer-perder-esta-celebracao\/"]}]},{"@type":"BreadcrumbList","@id":"https:\/\/www.adf.org.br\/home\/convite-missa-em-honra-santo-padre-pio-voce-nao-vai-querer-perder-esta-celebracao\/#breadcrumb","itemListElement":[{"@type":"ListItem","position":1,"name":"Home","item":"https:\/\/www.adf.org.br\/home\/"},{"@type":"ListItem","position":2,"name":"CONVITE: Missa em honra a Santo Padre Pio &#8211; Voc\u00ea n\u00e3o vai querer perder esta celebra\u00e7\u00e3o!"}]},{"@type":"Person","@id":"https:\/\/www.adf.org.br\/home\/#\/schema\/person\/f35a5c5aa7728a3dedf4ea9aa1fc2753","name":"Gabriel Barbosa","image":{"@type":"ImageObject","@id":"https:\/\/www.adf.org.br\/home\/#personlogo","inLanguage":"pt-BR","url":"https:\/\/secure.gravatar.com\/avatar\/2b2cb2f4637682c5605e8d36818f51ef?s=96&d=mm&r=g","contentUrl":"https:\/\/secure.gravatar.com\/avatar\/2b2cb2f4637682c5605e8d36818f51ef?s=96&d=mm&r=g","caption":"Gabriel Barbosa"},"url":"https:\/\/www.adf.org.br\/home\/author\/gabrielpmk-com-br\/"}]}},"_links":{"self":[{"href":"https:\/\/www.adf.org.br\/home\/wp-json\/wp\/v2\/posts\/52435"}],"collection":[{"href":"https:\/\/www.adf.org.br\/home\/wp-json\/wp\/v2\/posts"}],"about":[{"href":"https:\/\/www.adf.org.br\/home\/wp-json\/wp\/v2\/types\/post"}],"author":[{"embeddable":true,"href":"https:\/\/www.adf.org.br\/home\/wp-json\/wp\/v2\/users\/31"}],"replies":[{"embeddable":true,"href":"https:\/\/www.adf.org.br\/home\/wp-json\/wp\/v2\/comments?post=52435"}],"version-history":[{"count":0,"href":"https:\/\/www.adf.org.br\/home\/wp-json\/wp\/v2\/posts\/52435\/revisions"}],"wp:featuredmedia":[{"embeddable":true,"href":"https:\/\/www.adf.org.br\/home\/wp-json\/wp\/v2\/media\/52437"}],"wp:attachment":[{"href":"https:\/\/www.adf.org.br\/home\/wp-json\/wp\/v2\/media?parent=52435"}],"wp:term":[{"taxonomy":"category","embeddable":true,"href":"https:\/\/www.adf.org.br\/home\/wp-json\/wp\/v2\/categories?post=52435"},{"taxonomy":"post_tag","embeddable":true,"href":"https:\/\/www.adf.org.br\/home\/wp-json\/wp\/v2\/tags?post=52435"}],"curies":[{"name":"wp","href":"https:\/\/api.w.org\/{rel}","templated":true}]}}