{"id":52395,"date":"2021-04-24T00:30:06","date_gmt":"2021-04-24T03:30:06","guid":{"rendered":"http:\/\/www.adf.org.br\/home\/?p=52395"},"modified":"2021-04-22T20:33:27","modified_gmt":"2021-04-22T23:33:27","slug":"acenda-a-vela-da-cura-e-reze-por-quem-voce-ama","status":"publish","type":"post","link":"https:\/\/www.adf.org.br\/home\/acenda-a-vela-da-cura-e-reze-por-quem-voce-ama\/","title":{"rendered":"Acenda a Vela da Cura e reze por quem voc\u00ea ama"},"content":{"rendered":"<p style=\"text-align: center;\"><span style=\"color: #ffffff;\">.<\/span><\/p>\n<p style=\"text-align: center;\"><span style=\"color: #800080;\"><strong><span style=\"font-family: verdana, geneva, sans-serif; font-size: 12pt;\">Voc\u00ea conhece algu\u00e9m que esteja doente e precisa urgentemente de uma gra\u00e7a?<\/span><\/strong><\/span><\/p>\n<p>&nbsp;<\/p>\n<p><a href=\"https:\/\/adf.org.br\/velario\/lourdes?origem=18588\" target=\"_blank\" rel=\"noopener noreferrer\"><img loading=\"lazy\" class=\"aligncenter wp-image-205 \" src=\"https:\/\/www.adf.org.br\/home\/wp-content\/uploads\/2020\/04\/1_VelaDeLourdes.jpg\" alt=\"\" width=\"610\" height=\"356\" srcset=\"https:\/\/www.adf.org.br\/home\/wp-content\/uploads\/2020\/04\/1_VelaDeLourdes.jpg 600w, https:\/\/www.adf.org.br\/home\/wp-content\/uploads\/2020\/04\/1_VelaDeLourdes-300x175.jpg 300w\" sizes=\"(max-width: 610px) 100vw, 610px\" \/><\/a><\/p>\n<p style=\"text-align: center;\"><span style=\"color: #ffffff;\">.<\/span><\/p>\n<h6 style=\"text-align: center;\"><span style=\"font-family: verdana, geneva, sans-serif; font-size: 14pt; color: #000000;\"><span style=\"font-weight: 400;\">Pe\u00e7a o amparo de <\/span><a href=\"https:\/\/adf.org.br\/apostolosdacura?origem=18588\" target=\"_blank\" rel=\"noopener noreferrer\"><span style=\"color: #0000ff;\"><b>Nossa Senhora de Lourdes<\/b><\/span><\/a><span style=\"font-weight: 400;\">, a Padroeira dos Enfermos. \u00a0<\/span><\/span><\/h6>\n<p style=\"text-align: center;\"><span style=\"color: #ffffff;\">.<\/span><span style=\"font-family: verdana, geneva, sans-serif; font-size: 12pt; color: #000000;\"><span style=\"font-weight: 400;\"><span style=\"font-size: 12pt;\"><br \/>\n<\/span><\/span><\/span><span style=\"font-family: verdana, geneva, sans-serif;\"><span style=\"font-size: 12pt; color: #000000;\"><span style=\"font-weight: 400;\"><span style=\"font-size: 12pt;\">Acenda a<\/span><\/span><\/span><span style=\"font-size: 12pt; color: #000000;\"><span style=\"font-weight: 400;\"><a href=\"https:\/\/adf.org.br\/velario\/lourdes?origem=18588\" target=\"_blank\" rel=\"noopener noreferrer\"><span style=\"color: #0000ff; font-size: 14pt;\"><strong style=\"font-size: 12pt;\"> Vela da Cura <\/strong><\/span><\/a><span style=\"font-size: 12pt;\">e fa\u00e7a seus pedidos de ora\u00e7\u00e3o por todas aquelas pessoas que voc\u00ea ama.\u00a0<\/span><\/span><\/span><\/span><\/p>\n<p style=\"text-align: center;\"><span style=\"color: #ffffff;\">.<\/span><\/p>\n<p style=\"text-align: center;\"><span style=\"font-family: verdana, geneva, sans-serif; color: #000000; font-size: 12pt;\">S\u00e3o in\u00fameros os testemunhos de pessoas que recorreram a ELA pela restaura\u00e7\u00e3o do corpo, mas principalmente da alma e foram atendidas com seu aux\u00edlio.<\/span><\/p>\n<p><span style=\"color: #ffffff;\">.<\/span><\/p>\n<p style=\"text-align: center;\"><span style=\"font-family: verdana, geneva, sans-serif; font-size: 12pt; color: #000000;\">Conhe\u00e7a <span style=\"font-weight: 400;\">o grupo <\/span><span style=\"font-size: 14pt;\"><b><a href=\"https:\/\/adf.org.br\/apostolosdacura?origem=18588\" target=\"_blank\" rel=\"noopener noreferrer\"><span style=\"color: #0000ff;\">Ap\u00f3stolos da Cura<\/span>\u00a0<span style=\"color: #0000ff;\">de Nossa Senhora de Lourdes<\/span><\/a>\u00a0<\/b><\/span><span style=\"font-weight: 400;\">e\u2026<\/span><\/span><\/p>\n<p>&nbsp;<\/p>\n<p style=\"text-align: left;\"><span style=\"font-family: verdana, geneva, sans-serif; font-size: 12pt; color: #000000;\"><a href=\"https:\/\/adf.org.br\/apostolosdacura?origem=18588\" target=\"_blank\" rel=\"noopener noreferrer\"><img loading=\"lazy\" class=\"wp-image-52396 size-full alignleft\" src=\"https:\/\/www.adf.org.br\/home\/wp-content\/uploads\/2019\/05\/Medalha-Nossa-Senhora-de-Lourdes.png\" alt=\"Medalha Nossa Senhora de Lourdes\" width=\"123\" height=\"181\" \/><\/a>&#8211; Saiba como receber uma bel\u00edssima<b> medalha de Nossa Senhora de Lourdes<\/b>;<\/span><\/p>\n<p style=\"text-align: left;\"><span style=\"font-family: verdana, geneva, sans-serif; font-size: 12pt; color: #000000;\"><b>&#8211; Colocar seu nome em mais de 60 Missas <\/b>que ser\u00e3o celebradas ao longo do ano;<\/span><\/p>\n<p style=\"text-align: left;\"><span style=\"font-family: verdana, geneva, sans-serif; color: #000000; font-size: 12pt;\">&#8211; E muito mais!<\/span><\/p>\n<p style=\"text-align: right;\"><span style=\"color: #ffffff;\">.<\/span><\/p>\n<p><a href=\"https:\/\/adf.org.br\/apostolosdacura?origem=18588\" target=\"_blank\" rel=\"noopener noreferrer\"><span style=\"font-size: 14pt;\"><strong><span style=\"color: #0000ff; font-family: verdana, geneva, sans-serif;\">Acesse aqui <\/span><\/strong><\/span><\/a><span style=\"color: #0000ff; font-family: verdana, geneva, sans-serif; font-size: 12pt;\"><span style=\"color: #000000;\">e veja como propagar esta linda devo\u00e7\u00e3o.\u00a0<\/span><\/span><\/p>\n<p style=\"text-align: center;\"><span style=\"color: #ffffff;\">.<\/span><\/p>\n<p style=\"text-align: center;\"><strong><span style=\"font-family: verdana, geneva, sans-serif; font-size: 12pt; color: #000000;\">N\u00e3o \u00e9 por acaso que Nossa Senhora est\u00e1 pedindo sua ajuda nesta admir\u00e1vel Miss\u00e3o!<\/span><\/strong><\/p>\n<p>&nbsp;<\/p>\n<p style=\"text-align: center;\"><span style=\"color: #800080;\"><span style=\"font-family: verdana, geneva, sans-serif; font-size: 12pt;\"><i><span style=\"font-weight: 400;\"><strong>&#8220;\u00d3 v\u00f3s todos que tendes sede, vinde \u00e0s \u00e1guas e recebereis do Senhor a salva\u00e7\u00e3o.&#8221;<\/strong><br \/>\n<\/span><\/i><\/span><span style=\"font-weight: 400; font-family: verdana, geneva, sans-serif; font-size: 12pt;\">Nossa Senhora de Lourdes<\/span><\/span><span style=\"color: #ffffff;\">.<\/span><\/p>\n","protected":false},"excerpt":{"rendered":"<p>. Voc\u00ea conhece algu\u00e9m que esteja doente e precisa urgentemente de uma gra\u00e7a? &nbsp; . Pe\u00e7a o amparo de Nossa Senhora de Lourdes, a Padroeira dos Enfermos. \u00a0 . Acenda a Vela da Cura e fa\u00e7a seus pedidos de ora\u00e7\u00e3o por todas aquelas pessoas que voc\u00ea ama.\u00a0 . S\u00e3o in\u00fameros os testemunhos de pessoas que [&hellip;]<\/p>\n","protected":false},"author":31,"featured_media":205,"comment_status":"open","ping_status":"open","sticky":false,"template":"","format":"standard","meta":[],"categories":[20,2332],"tags":[2923,54,2924],"yoast_head":"<!-- This site is optimized with the Yoast SEO plugin v17.4 - https:\/\/yoast.com\/wordpress\/plugins\/seo\/ -->\n<title>Acenda a Vela da Cura e reze por quem voc\u00ea ama<\/title>\n<meta name=\"description\" content=\"Conhece algu\u00e9m que esteja passando por uma enfermidade? Acenda a vela em louvor a Nossa Senhora de Lourdes, a Padroeira da Sa\u00fade.\" \/>\n<meta name=\"robots\" content=\"index, follow, max-snippet:-1, max-image-preview:large, max-video-preview:-1\" \/>\n<link rel=\"canonical\" href=\"https:\/\/www.adf.org.br\/home\/acenda-a-vela-da-cura-e-reze-por-quem-voce-ama\/\" \/>\n<meta property=\"og:locale\" content=\"pt_BR\" \/>\n<meta property=\"og:type\" content=\"article\" \/>\n<meta property=\"og:title\" content=\"Acenda a Vela da Cura e reze por quem voc\u00ea ama\" \/>\n<meta property=\"og:description\" content=\"Conhece algu\u00e9m que esteja passando por uma enfermidade? Acenda a vela em louvor a Nossa Senhora de Lourdes, a Padroeira da Sa\u00fade.\" \/>\n<meta property=\"og:url\" content=\"https:\/\/www.adf.org.br\/home\/acenda-a-vela-da-cura-e-reze-por-quem-voce-ama\/\" \/>\n<meta property=\"og:site_name\" content=\"Associa\u00e7\u00e3o Devotos de F\u00e1tima\" \/>\n<meta property=\"article:published_time\" content=\"2021-04-24T03:30:06+00:00\" \/>\n<meta property=\"article:modified_time\" content=\"2021-04-22T23:33:27+00:00\" \/>\n<meta property=\"og:image\" content=\"https:\/\/www.adf.org.br\/home\/wp-content\/uploads\/2020\/04\/1_VelaDeLourdes.jpg\" \/>\n\t<meta property=\"og:image:width\" content=\"600\" \/>\n\t<meta property=\"og:image:height\" content=\"350\" \/>\n<meta name=\"twitter:card\" content=\"summary_large_image\" \/>\n<meta name=\"twitter:label1\" content=\"Escrito por\" \/>\n\t<meta name=\"twitter:data1\" content=\"Gabriel Barbosa\" \/>\n\t<meta name=\"twitter:label2\" content=\"Est. tempo de leitura\" \/>\n\t<meta name=\"twitter:data2\" content=\"1 minuto\" \/>\n<script type=\"application\/ld+json\" class=\"yoast-schema-graph\">{\"@context\":\"https:\/\/schema.org\",\"@graph\":[{\"@type\":\"WebSite\",\"@id\":\"https:\/\/www.adf.org.br\/home\/#website\",\"url\":\"https:\/\/www.adf.org.br\/home\/\",\"name\":\"Associa\\u00e7\\u00e3o Devotos de F\\u00e1tima\",\"description\":\"Associa\\u00e7\\u00e3o Devotos de F\\u00e1tima\",\"potentialAction\":[{\"@type\":\"SearchAction\",\"target\":{\"@type\":\"EntryPoint\",\"urlTemplate\":\"https:\/\/www.adf.org.br\/home\/?s={search_term_string}\"},\"query-input\":\"required name=search_term_string\"}],\"inLanguage\":\"pt-BR\"},{\"@type\":\"ImageObject\",\"@id\":\"https:\/\/www.adf.org.br\/home\/acenda-a-vela-da-cura-e-reze-por-quem-voce-ama\/#primaryimage\",\"inLanguage\":\"pt-BR\",\"url\":\"https:\/\/www.adf.org.br\/home\/wp-content\/uploads\/2020\/04\/1_VelaDeLourdes.jpg\",\"contentUrl\":\"https:\/\/www.adf.org.br\/home\/wp-content\/uploads\/2020\/04\/1_VelaDeLourdes.jpg\",\"width\":600,\"height\":350},{\"@type\":\"WebPage\",\"@id\":\"https:\/\/www.adf.org.br\/home\/acenda-a-vela-da-cura-e-reze-por-quem-voce-ama\/#webpage\",\"url\":\"https:\/\/www.adf.org.br\/home\/acenda-a-vela-da-cura-e-reze-por-quem-voce-ama\/\",\"name\":\"Acenda a Vela da Cura e reze por quem voc\\u00ea ama\",\"isPartOf\":{\"@id\":\"https:\/\/www.adf.org.br\/home\/#website\"},\"primaryImageOfPage\":{\"@id\":\"https:\/\/www.adf.org.br\/home\/acenda-a-vela-da-cura-e-reze-por-quem-voce-ama\/#primaryimage\"},\"datePublished\":\"2021-04-24T03:30:06+00:00\",\"dateModified\":\"2021-04-22T23:33:27+00:00\",\"author\":{\"@id\":\"https:\/\/www.adf.org.br\/home\/#\/schema\/person\/f35a5c5aa7728a3dedf4ea9aa1fc2753\"},\"description\":\"Conhece algu\\u00e9m que esteja passando por uma enfermidade? Acenda a vela em louvor a Nossa Senhora de Lourdes, a Padroeira da Sa\\u00fade.\",\"breadcrumb\":{\"@id\":\"https:\/\/www.adf.org.br\/home\/acenda-a-vela-da-cura-e-reze-por-quem-voce-ama\/#breadcrumb\"},\"inLanguage\":\"pt-BR\",\"potentialAction\":[{\"@type\":\"ReadAction\",\"target\":[\"https:\/\/www.adf.org.br\/home\/acenda-a-vela-da-cura-e-reze-por-quem-voce-ama\/\"]}]},{\"@type\":\"BreadcrumbList\",\"@id\":\"https:\/\/www.adf.org.br\/home\/acenda-a-vela-da-cura-e-reze-por-quem-voce-ama\/#breadcrumb\",\"itemListElement\":[{\"@type\":\"ListItem\",\"position\":1,\"name\":\"Home\",\"item\":\"https:\/\/www.adf.org.br\/home\/\"},{\"@type\":\"ListItem\",\"position\":2,\"name\":\"Acenda a Vela da Cura e reze por quem voc\\u00ea ama\"}]},{\"@type\":\"Person\",\"@id\":\"https:\/\/www.adf.org.br\/home\/#\/schema\/person\/f35a5c5aa7728a3dedf4ea9aa1fc2753\",\"name\":\"Gabriel Barbosa\",\"image\":{\"@type\":\"ImageObject\",\"@id\":\"https:\/\/www.adf.org.br\/home\/#personlogo\",\"inLanguage\":\"pt-BR\",\"url\":\"https:\/\/secure.gravatar.com\/avatar\/2b2cb2f4637682c5605e8d36818f51ef?s=96&d=mm&r=g\",\"contentUrl\":\"https:\/\/secure.gravatar.com\/avatar\/2b2cb2f4637682c5605e8d36818f51ef?s=96&d=mm&r=g\",\"caption\":\"Gabriel Barbosa\"},\"url\":\"https:\/\/www.adf.org.br\/home\/author\/gabrielpmk-com-br\/\"}]}<\/script>\n<!-- \/ Yoast SEO plugin. -->","yoast_head_json":{"title":"Acenda a Vela da Cura e reze por quem voc\u00ea ama","description":"Conhece algu\u00e9m que esteja passando por uma enfermidade? Acenda a vela em louvor a Nossa Senhora de Lourdes, a Padroeira da Sa\u00fade.","robots":{"index":"index","follow":"follow","max-snippet":"max-snippet:-1","max-image-preview":"max-image-preview:large","max-video-preview":"max-video-preview:-1"},"canonical":"https:\/\/www.adf.org.br\/home\/acenda-a-vela-da-cura-e-reze-por-quem-voce-ama\/","og_locale":"pt_BR","og_type":"article","og_title":"Acenda a Vela da Cura e reze por quem voc\u00ea ama","og_description":"Conhece algu\u00e9m que esteja passando por uma enfermidade? Acenda a vela em louvor a Nossa Senhora de Lourdes, a Padroeira da Sa\u00fade.","og_url":"https:\/\/www.adf.org.br\/home\/acenda-a-vela-da-cura-e-reze-por-quem-voce-ama\/","og_site_name":"Associa\u00e7\u00e3o Devotos de F\u00e1tima","article_published_time":"2021-04-24T03:30:06+00:00","article_modified_time":"2021-04-22T23:33:27+00:00","og_image":[{"width":600,"height":350,"url":"https:\/\/www.adf.org.br\/home\/wp-content\/uploads\/2020\/04\/1_VelaDeLourdes.jpg","type":"image\/jpeg"}],"twitter_card":"summary_large_image","twitter_misc":{"Escrito por":"Gabriel Barbosa","Est. tempo de leitura":"1 minuto"},"schema":{"@context":"https:\/\/schema.org","@graph":[{"@type":"WebSite","@id":"https:\/\/www.adf.org.br\/home\/#website","url":"https:\/\/www.adf.org.br\/home\/","name":"Associa\u00e7\u00e3o Devotos de F\u00e1tima","description":"Associa\u00e7\u00e3o Devotos de F\u00e1tima","potentialAction":[{"@type":"SearchAction","target":{"@type":"EntryPoint","urlTemplate":"https:\/\/www.adf.org.br\/home\/?s={search_term_string}"},"query-input":"required name=search_term_string"}],"inLanguage":"pt-BR"},{"@type":"ImageObject","@id":"https:\/\/www.adf.org.br\/home\/acenda-a-vela-da-cura-e-reze-por-quem-voce-ama\/#primaryimage","inLanguage":"pt-BR","url":"https:\/\/www.adf.org.br\/home\/wp-content\/uploads\/2020\/04\/1_VelaDeLourdes.jpg","contentUrl":"https:\/\/www.adf.org.br\/home\/wp-content\/uploads\/2020\/04\/1_VelaDeLourdes.jpg","width":600,"height":350},{"@type":"WebPage","@id":"https:\/\/www.adf.org.br\/home\/acenda-a-vela-da-cura-e-reze-por-quem-voce-ama\/#webpage","url":"https:\/\/www.adf.org.br\/home\/acenda-a-vela-da-cura-e-reze-por-quem-voce-ama\/","name":"Acenda a Vela da Cura e reze por quem voc\u00ea ama","isPartOf":{"@id":"https:\/\/www.adf.org.br\/home\/#website"},"primaryImageOfPage":{"@id":"https:\/\/www.adf.org.br\/home\/acenda-a-vela-da-cura-e-reze-por-quem-voce-ama\/#primaryimage"},"datePublished":"2021-04-24T03:30:06+00:00","dateModified":"2021-04-22T23:33:27+00:00","author":{"@id":"https:\/\/www.adf.org.br\/home\/#\/schema\/person\/f35a5c5aa7728a3dedf4ea9aa1fc2753"},"description":"Conhece algu\u00e9m que esteja passando por uma enfermidade? Acenda a vela em louvor a Nossa Senhora de Lourdes, a Padroeira da Sa\u00fade.","breadcrumb":{"@id":"https:\/\/www.adf.org.br\/home\/acenda-a-vela-da-cura-e-reze-por-quem-voce-ama\/#breadcrumb"},"inLanguage":"pt-BR","potentialAction":[{"@type":"ReadAction","target":["https:\/\/www.adf.org.br\/home\/acenda-a-vela-da-cura-e-reze-por-quem-voce-ama\/"]}]},{"@type":"BreadcrumbList","@id":"https:\/\/www.adf.org.br\/home\/acenda-a-vela-da-cura-e-reze-por-quem-voce-ama\/#breadcrumb","itemListElement":[{"@type":"ListItem","position":1,"name":"Home","item":"https:\/\/www.adf.org.br\/home\/"},{"@type":"ListItem","position":2,"name":"Acenda a Vela da Cura e reze por quem voc\u00ea ama"}]},{"@type":"Person","@id":"https:\/\/www.adf.org.br\/home\/#\/schema\/person\/f35a5c5aa7728a3dedf4ea9aa1fc2753","name":"Gabriel Barbosa","image":{"@type":"ImageObject","@id":"https:\/\/www.adf.org.br\/home\/#personlogo","inLanguage":"pt-BR","url":"https:\/\/secure.gravatar.com\/avatar\/2b2cb2f4637682c5605e8d36818f51ef?s=96&d=mm&r=g","contentUrl":"https:\/\/secure.gravatar.com\/avatar\/2b2cb2f4637682c5605e8d36818f51ef?s=96&d=mm&r=g","caption":"Gabriel Barbosa"},"url":"https:\/\/www.adf.org.br\/home\/author\/gabrielpmk-com-br\/"}]}},"_links":{"self":[{"href":"https:\/\/www.adf.org.br\/home\/wp-json\/wp\/v2\/posts\/52395"}],"collection":[{"href":"https:\/\/www.adf.org.br\/home\/wp-json\/wp\/v2\/posts"}],"about":[{"href":"https:\/\/www.adf.org.br\/home\/wp-json\/wp\/v2\/types\/post"}],"author":[{"embeddable":true,"href":"https:\/\/www.adf.org.br\/home\/wp-json\/wp\/v2\/users\/31"}],"replies":[{"embeddable":true,"href":"https:\/\/www.adf.org.br\/home\/wp-json\/wp\/v2\/comments?post=52395"}],"version-history":[{"count":13,"href":"https:\/\/www.adf.org.br\/home\/wp-json\/wp\/v2\/posts\/52395\/revisions"}],"predecessor-version":[{"id":64188,"href":"https:\/\/www.adf.org.br\/home\/wp-json\/wp\/v2\/posts\/52395\/revisions\/64188"}],"wp:featuredmedia":[{"embeddable":true,"href":"https:\/\/www.adf.org.br\/home\/wp-json\/wp\/v2\/media\/205"}],"wp:attachment":[{"href":"https:\/\/www.adf.org.br\/home\/wp-json\/wp\/v2\/media?parent=52395"}],"wp:term":[{"taxonomy":"category","embeddable":true,"href":"https:\/\/www.adf.org.br\/home\/wp-json\/wp\/v2\/categories?post=52395"},{"taxonomy":"post_tag","embeddable":true,"href":"https:\/\/www.adf.org.br\/home\/wp-json\/wp\/v2\/tags?post=52395"}],"curies":[{"name":"wp","href":"https:\/\/api.w.org\/{rel}","templated":true}]}}