{"id":52270,"date":"2019-05-12T00:00:14","date_gmt":"2019-05-12T03:00:14","guid":{"rendered":"http:\/\/www.adf.org.br\/home\/?p=52270"},"modified":"2019-05-12T00:00:14","modified_gmt":"2019-05-12T03:00:14","slug":"em-homenagem-ao-dia-de-nossa-senhora-de-fatima-faca-essa-oracao","status":"publish","type":"post","link":"https:\/\/www.adf.org.br\/home\/em-homenagem-ao-dia-de-nossa-senhora-de-fatima-faca-essa-oracao\/","title":{"rendered":"O Dia de Nossa Senhora de F\u00e1tima se aproxima, fa\u00e7a essa ora\u00e7\u00e3o em Vossa homenagem"},"content":{"rendered":"<p style=\"text-align: center;\"><span style=\"font-size: 12pt; color: #000000; font-family: verdana, geneva, sans-serif;\"><span style=\"font-size: 18pt;\"><strong>O<\/strong><\/span>\u00a0<strong>Santo Ros\u00e1rio<\/strong>\u00a0\u00e9 certamente uma das pr\u00e1ticas de piedade com que mais louvor se presta \u00e0 Nossa Senhora de F\u00e1tima,<br \/>\nreunindo as principais ora\u00e7\u00f5es da Igreja.<\/span><\/p>\n<figure id=\"attachment_52268\" aria-describedby=\"caption-attachment-52268\" style=\"width: 235px\" class=\"wp-caption aligncenter\"><img loading=\"lazy\" class=\"wp-image-52268\" src=\"https:\/\/www.adf.org.br\/home\/wp-content\/uploads\/2019\/05\/20110914122732_D0074058.jpg\" alt=\"Nossa Senhora de F\u00e1tima e o Santo Ros\u00e1rio\" width=\"235\" height=\"353\" \/><figcaption id=\"caption-attachment-52268\" class=\"wp-caption-text\"><em><span style=\"color: #333333;\">Nossa Senhora de F\u00e1tima e o Santo Ros\u00e1rio<\/span><\/em><\/figcaption><\/figure>\n<p style=\"text-align: center;\"><span style=\"color: #800080; font-size: 18pt;\"><span style=\"font-family: verdana, geneva, sans-serif;\">Ora\u00e7\u00e3o ao Santo Ros\u00e1rio:<\/span><\/span><\/p>\n<p style=\"padding-left: 60px;\"><span style=\"color: #ffffff;\">.<\/span><br \/>\n<span style=\"color: #800080; font-size: 18pt;\"><span style=\"font-family: verdana, geneva, sans-serif;\">O Sinal da Cruz<\/span><\/span><\/p>\n<p><em><span style=\"font-size: 12pt; color: #000000; font-family: verdana, geneva, sans-serif;\">Em nome do Pai, do Filho e do Esp\u00edrito Santo.<\/span><\/em><\/p>\n<p><em><span style=\"font-size: 12pt; color: #000000; font-family: verdana, geneva, sans-serif;\">Am\u00e9m.<\/span><\/em><\/p>\n<p style=\"padding-left: 60px;\"><span style=\"font-size: 14pt; color: #000000; font-family: verdana, geneva, sans-serif;\"><span style=\"color: #ffffff;\">.<\/span><br \/>\n<span style=\"color: #800080; font-size: 18pt;\">O Credo<\/span><\/span><\/p>\n<p><em><span style=\"font-size: 12pt; color: #000000; font-family: verdana, geneva, sans-serif;\">Creio em Deus,<\/span><\/em><\/p>\n<p><em><span style=\"font-size: 12pt; color: #000000; font-family: verdana, geneva, sans-serif;\">Pai- todo-poderoso, criador do C\u00e9u e da terra.<\/span><\/em><\/p>\n<p style=\"padding-left: 30px;\"><strong><em><span style=\"font-size: 12pt; color: #000000; font-family: verdana, geneva, sans-serif;\">E em Jesus Cristo seu \u00fanico Filho, Nosso Senhor,<\/span><\/em><\/strong><\/p>\n<p><em><span style=\"font-size: 12pt; color: #000000; font-family: verdana, geneva, sans-serif;\">que foi concebido pelo poder do Esp\u00edrito Santo;<\/span><\/em><\/p>\n<p><em><span style=\"font-size: 12pt; color: #000000; font-family: verdana, geneva, sans-serif;\">nasceu da Virgem Maria, padeceu sob P\u00f4ncio Pilatos;<\/span><\/em><\/p>\n<p style=\"padding-left: 30px;\"><strong><em><span style=\"font-size: 12pt; color: #000000; font-family: verdana, geneva, sans-serif;\">foi crucificado, morto e sepultado; desceu \u00e0 mans\u00e3o dos mortos;<\/span><\/em><\/strong><\/p>\n<p><em><span style=\"font-size: 12pt; color: #000000; font-family: verdana, geneva, sans-serif;\">ressuscitou ao terceiro dia, subiu aos c\u00e9us,<\/span><\/em><\/p>\n<p><em><span style=\"font-size: 12pt; color: #000000; font-family: verdana, geneva, sans-serif;\">est\u00e1 sentado \u00e0 direita de Deus Pai todo-poderoso,<\/span><\/em><\/p>\n<p><em><span style=\"font-size: 12pt; color: #000000; font-family: verdana, geneva, sans-serif;\">donde h\u00e1 de vir a julgar os vivos e os mortos.<\/span><\/em><\/p>\n<p><strong><em><span style=\"font-size: 12pt; color: #000000; font-family: verdana, geneva, sans-serif;\">Creio no Esp\u00edrito Santo, na Santa Igreja Cat\u00f3lica,<\/span><\/em><\/strong><\/p>\n<p style=\"padding-left: 30px;\"><strong><em><span style=\"font-size: 12pt; color: #000000; font-family: verdana, geneva, sans-serif;\">na Comunh\u00e3o dos Santos, na remiss\u00e3o dos pecados,<\/span><\/em><\/strong><\/p>\n<p style=\"padding-left: 30px;\"><strong><em><span style=\"font-size: 12pt; color: #000000; font-family: verdana, geneva, sans-serif;\">na ressurrei\u00e7\u00e3o da carne e na vida eterna.<\/span><\/em><\/strong><\/p>\n<p><em><span style=\"font-size: 12pt; color: #000000; font-family: verdana, geneva, sans-serif;\">Am\u00e9m.<\/span><\/em><\/p>\n<p style=\"padding-left: 60px;\"><span style=\"font-size: 14pt; color: #000000; font-family: verdana, geneva, sans-serif;\"><strong><span style=\"color: #ffffff;\">.<\/span><br \/>\n<\/strong><span style=\"font-size: 18pt;\"><span style=\"color: #800080;\">Pai\u00a0<\/span><span style=\"color: #800080;\">Nosso\u00a0<\/span><\/span><\/span><\/p>\n<p><em><span style=\"font-size: 12pt; color: #000000; font-family: verdana, geneva, sans-serif;\">Pai Nosso, que estais no c\u00e9u,<\/span><\/em><\/p>\n<p><em><span style=\"font-size: 12pt; color: #000000; font-family: verdana, geneva, sans-serif;\">santificado seja vosso nome.<\/span><\/em><\/p>\n<p style=\"padding-left: 30px;\"><strong><em><span style=\"font-size: 12pt; color: #000000; font-family: verdana, geneva, sans-serif;\">Venha a n\u00f3s o vosso reino.<\/span><\/em><\/strong><\/p>\n<p style=\"padding-left: 30px;\"><strong><em><span style=\"font-size: 12pt; color: #000000; font-family: verdana, geneva, sans-serif;\">Seja feita a vossa vontade, assim na terra como no c\u00e9u.<\/span><\/em><\/strong><\/p>\n<p><em><span style=\"font-size: 12pt; color: #000000; font-family: verdana, geneva, sans-serif;\">O p\u00e3o nosso de cada dia nos dai hoje.<\/span><\/em><\/p>\n<p><strong><em><span style=\"font-size: 12pt; color: #000000; font-family: verdana, geneva, sans-serif;\">Perdoai as nossas ofensas,<\/span><\/em><\/strong><\/p>\n<p><em><span style=\"font-size: 12pt; color: #000000; font-family: verdana, geneva, sans-serif;\">assim como n\u00f3s perdoamos a quem nos tem ofendido.<\/span><\/em><\/p>\n<p><strong><em><span style=\"font-size: 12pt; color: #000000; font-family: verdana, geneva, sans-serif;\">E n\u00e3o nos deixeis cair em tenta\u00e7\u00e3o,<\/span><\/em><\/strong><\/p>\n<p style=\"padding-left: 30px;\"><strong><em><span style=\"font-size: 12pt; color: #000000; font-family: verdana, geneva, sans-serif;\">mas livrai-nos do mal.<\/span><\/em><\/strong><\/p>\n<p><em><span style=\"font-size: 12pt; color: #000000; font-family: verdana, geneva, sans-serif;\">Am\u00e9m.<\/span><\/em><\/p>\n<p><a href=\"https:\/\/adf.org.br\/velario\/maes?origem=9947\" target=\"_blank\" rel=\"noopener noreferrer\"><img loading=\"lazy\" class=\"aligncenter wp-image-52156\" src=\"https:\/\/www.adf.org.br\/home\/wp-content\/uploads\/2019\/05\/topo_adf_dia_das_maes.jpg\" alt=\"topo_adf_dia_das_maes\" width=\"472\" height=\"118\" \/><\/a><\/p>\n<p style=\"padding-left: 60px;\"><span style=\"font-size: 12pt; color: #000000; font-family: verdana, geneva, sans-serif;\"><strong><span style=\"color: #ffffff;\">.<\/span><br \/>\n<\/strong><span style=\"font-size: 18pt; color: #800080;\">Ave Maria<\/span><\/span><\/p>\n<p><strong><em><span style=\"font-size: 12pt; color: #000000; font-family: verdana, geneva, sans-serif;\">Ave Maria, cheia de gra\u00e7a,<\/span><\/em><\/strong><\/p>\n<p><em><span style=\"font-size: 12pt; color: #000000; font-family: verdana, geneva, sans-serif;\">o Senhor \u00e9 convosco.<\/span><\/em><\/p>\n<p><strong><em><span style=\"font-size: 12pt; color: #000000; font-family: verdana, geneva, sans-serif;\">Bendita sois v\u00f3s entre as mulheres,<\/span><\/em><\/strong><\/p>\n<p style=\"padding-left: 30px;\"><strong><em><span style=\"font-size: 12pt; color: #000000; font-family: verdana, geneva, sans-serif;\">bendito \u00e9 o fruto de vosso ventre Jesus.<\/span><\/em><\/strong><\/p>\n<p><em><span style=\"font-size: 12pt; color: #000000; font-family: verdana, geneva, sans-serif;\">Santa Maria, M\u00e3e de Deus,<\/span><\/em><\/p>\n<p style=\"padding-left: 30px;\"><strong><em><span style=\"font-size: 12pt; color: #000000; font-family: verdana, geneva, sans-serif;\">rogai por n\u00f3s pecadores agora e na hora de nossa morte.<\/span><\/em><\/strong><\/p>\n<p><em><span style=\"font-size: 12pt; color: #000000; font-family: verdana, geneva, sans-serif;\">Am\u00e9m!<\/span><\/em><\/p>\n<p style=\"padding-left: 60px;\"><span style=\"font-size: 12pt; color: #000000; font-family: verdana, geneva, sans-serif;\"><strong><span style=\"color: #ffffff;\">.<\/span><br \/>\n<\/strong><span style=\"font-size: 18pt; color: #800080;\">Gl\u00f3ria<\/span><\/span><\/p>\n<p><em><span style=\"font-size: 12pt; color: #000000; font-family: verdana, geneva, sans-serif;\">Gl\u00f3ria ao Pai,<\/span><\/em><\/p>\n<p style=\"padding-left: 30px;\"><strong><em><span style=\"font-size: 12pt; color: #000000; font-family: verdana, geneva, sans-serif;\">ao Filho e ao Esp\u00edrito Santo.<\/span><\/em><\/strong><\/p>\n<p><em><span style=\"font-size: 12pt; color: #000000; font-family: verdana, geneva, sans-serif;\">Como era no princ\u00edpio,<\/span><\/em><\/p>\n<p><em><span style=\"font-size: 12pt; color: #000000; font-family: verdana, geneva, sans-serif;\">agora e sempre.<\/span><\/em><\/p>\n<p><em><span style=\"font-size: 12pt; color: #000000; font-family: verdana, geneva, sans-serif;\">Am\u00e9m.<\/span><\/em><\/p>\n<p style=\"padding-left: 60px;\"><span style=\"font-size: 12pt; color: #000000; font-family: verdana, geneva, sans-serif;\"><strong><span style=\"color: #ffffff;\">.<\/span><br \/>\n<\/strong><span style=\"font-size: 18pt; color: #800080;\">Salve Rainha<\/span><\/span><\/p>\n<p><em><span style=\"font-size: 12pt; color: #000000; font-family: verdana, geneva, sans-serif;\">Salve Rainha, M\u00e3e de miseric\u00f3rdia, vida,<\/span><\/em><\/p>\n<p><em><span style=\"font-size: 12pt; color: #000000; font-family: verdana, geneva, sans-serif;\">do\u00e7ura e esperan\u00e7a nossa, salve.<\/span><\/em><\/p>\n<p><strong><em><span style=\"font-size: 12pt; color: #000000; font-family: verdana, geneva, sans-serif;\">A v\u00f3s bradamos degredados filhos de Eva.<\/span><\/em><\/strong><\/p>\n<p style=\"padding-left: 30px;\"><strong><em><span style=\"font-size: 12pt; color: #000000; font-family: verdana, geneva, sans-serif;\">A v\u00f3s suspiramos gemendo e chorando neste vale de l\u00e1grimas.<\/span><\/em><\/strong><\/p>\n<p><strong><em><span style=\"font-size: 12pt; color: #000000; font-family: verdana, geneva, sans-serif;\">Eia, pois, advogada nossa:<\/span><\/em><\/strong><\/p>\n<p><strong><em><span style=\"font-size: 12pt; color: #000000; font-family: verdana, geneva, sans-serif;\">esses vossos olhos misericordiosos, a n\u00f3s volvei.<\/span><\/em><\/strong><\/p>\n<p><em><span style=\"font-size: 12pt; color: #000000; font-family: verdana, geneva, sans-serif;\">E depois deste desterro, mostrai-nos Jesus,<\/span><\/em><\/p>\n<p style=\"padding-left: 30px;\"><strong><em><span style=\"font-size: 12pt; color: #000000; font-family: verdana, geneva, sans-serif;\">bendito fruto de vosso ventre.<\/span><\/em><\/strong><\/p>\n<p><strong><em><span style=\"font-size: 12pt; color: #000000; font-family: verdana, geneva, sans-serif;\">\u00d3 clemente, \u00d3 piedosa,<\/span><\/em><\/strong><\/p>\n<p><strong><em><span style=\"font-size: 12pt; color: #000000; font-family: verdana, geneva, sans-serif;\">\u00f3 doce sempre Virgem Maria!<\/span><\/em><\/strong><\/p>\n<p><em><span style=\"font-size: 12pt; color: #000000; font-family: verdana, geneva, sans-serif;\">Rogai por n\u00f3s, Santa M\u00e3e de Deus,<\/span><\/em><\/p>\n<p><em><span style=\"font-size: 12pt; color: #000000; font-family: verdana, geneva, sans-serif;\">para que sejamos dignos das promessas de Cristo.<\/span><\/em><\/p>\n<p><span style=\"font-size: 12pt; color: #000000; font-family: verdana, geneva, sans-serif;\">Depois de cada\u00a0<strong>dezena pode-se recitar a seguinte ora\u00e7\u00e3o, como indicou a Sant\u00edssima Virgem Maria em F\u00e1tima:<\/strong><\/span><\/p>\n<p style=\"padding-left: 60px;\"><span style=\"font-size: 12pt; color: #000000; font-family: verdana, geneva, sans-serif;\"><em>\u201c\u00d3 meu Jesus, perdoai-nos e livrai-nos do fogo do inferno,<\/em><\/span><\/p>\n<p style=\"padding-left: 60px;\"><span style=\"font-size: 12pt; color: #000000; font-family: verdana, geneva, sans-serif;\"><em>levai as almas todas para o c\u00e9u,<\/em><\/span><\/p>\n<p style=\"padding-left: 60px;\"><span style=\"font-size: 12pt; color: #000000; font-family: verdana, geneva, sans-serif;\"><em>e socorrei principalmente as que mais necessitarem da vossa miseric\u00f3rdia\u201d.<\/em><\/span><\/p>\n<p style=\"padding-left: 60px;\"><span style=\"font-size: 12pt; color: #000000; font-family: verdana, geneva, sans-serif;\"><strong><span style=\"color: #ffffff;\">.<\/span><br \/>\n<\/strong><span style=\"font-size: 18pt; color: #800080;\">A maneira correta de se rezar o Ros\u00e1rio<\/span><\/span><\/p>\n<p><span style=\"font-size: 12pt; color: #000000; font-family: verdana, geneva, sans-serif;\">Para recitar o Ros\u00e1rio com verdadeiro proveito deve-se estar em estado de gra\u00e7a ou pelo menos ter a firme resolu\u00e7\u00e3o de renunciar o pecado mortal.<\/span><\/p>\n<blockquote><p><span style=\"font-size: 12pt; color: #000000; font-family: verdana, geneva, sans-serif;\">1. Segurando o Crucifixo, fazer o Sinal da Cruz e em seguida rezar o Credo.<\/span><\/p>\n<p><span style=\"font-size: 12pt; color: #000000; font-family: verdana, geneva, sans-serif;\">2. Na primeira conta grande, recitar um Pai Nosso.<\/span><\/p>\n<p><span style=\"font-size: 12pt; color: #000000; font-family: verdana, geneva, sans-serif;\">3. Em cada uma das tr\u00eas contas pequenas, recitar um Ave Maria.<\/span><\/p>\n<p><span style=\"font-size: 12pt; color: #000000; font-family: verdana, geneva, sans-serif;\">4. Recitar um Gl\u00f3ria antes da seguinte conta grande.<\/span><\/p>\n<p><span style=\"font-size: 12pt; color: #000000; font-family: verdana, geneva, sans-serif;\">5. Anunciar o primeiro Mist\u00e9rio do Ros\u00e1rio do dia e recitar um Pai Nosso na seguinte conta grande.<\/span><\/p>\n<p><span style=\"font-size: 12pt; color: #000000; font-family: verdana, geneva, sans-serif;\">6. Em cada uma das dez seguintes contas pequenas (uma dezena) recitar um Ave Maria enquanto se faz uma reflex\u00e3o sobre o mist\u00e9rio.<\/span><\/p>\n<p><span style=\"font-size: 12pt; color: #000000; font-family: verdana, geneva, sans-serif;\">7. Recitar um Gl\u00f3ria depois das dez Ave Marias. Tamb\u00e9m se pode rezar a ora\u00e7\u00e3o de F\u00e1tima.<\/span><\/p>\n<p><span style=\"font-size: 12pt; color: #000000; font-family: verdana, geneva, sans-serif;\">8. Cada uma das seguintes dezenas \u00e9 recitada da mesma forma: anunciando o correspondente mist\u00e9rio, recitando um Pai Nosso, dez Ave Marias e um Gl\u00f3ria enquanto se medita o mist\u00e9rio.<\/span><\/p>\n<h5><span style=\"font-size: 12pt; color: #000000; font-family: verdana, geneva, sans-serif;\">9. Ao se terminar o quinto mist\u00e9rio o Ros\u00e1rio costuma ser conclu\u00eddo com a ora\u00e7\u00e3o da Salve Rainha.<\/span><\/h5>\n<\/blockquote>\n<hr \/>\n<p style=\"text-align: center;\"><span style=\"font-size: 14pt; color: #000000; font-family: verdana, geneva, sans-serif;\">Amanh\u00e3 ser\u00e1 celebrada a <strong>Santa Missa de Nossa Senhora de F\u00e1tima<\/strong>, n\u00e3o deixe de registrar seus pedidos&#8230;<\/span><\/p>\n<p style=\"text-align: center;\"><span style=\"font-size: 14pt; color: #0000ff; font-family: verdana, geneva, sans-serif;\"><a style=\"color: #0000ff;\" href=\"https:\/\/adf.org.br\/velario\/fatima?origem=9947\" target=\"_blank\" rel=\"noopener noreferrer\">Clique aqui e coloque suas inten\u00e7\u00f5es na Missa!<\/a><\/span><\/p>\n","protected":false},"excerpt":{"rendered":"<p>O\u00a0Santo Ros\u00e1rio\u00a0\u00e9 certamente uma das pr\u00e1ticas de piedade com que mais louvor se presta \u00e0 Nossa Senhora de F\u00e1tima, reunindo as principais ora\u00e7\u00f5es da Igreja. Ora\u00e7\u00e3o ao Santo Ros\u00e1rio: . O Sinal da Cruz Em nome do Pai, do Filho e do Esp\u00edrito Santo. Am\u00e9m. . O Credo Creio em Deus, Pai- todo-poderoso, criador do [&hellip;]<\/p>\n","protected":false},"author":27,"featured_media":52273,"comment_status":"open","ping_status":"open","sticky":false,"template":"","format":"standard","meta":[],"categories":[20],"tags":[2874,490,116],"yoast_head":"<!-- This site is optimized with the Yoast SEO plugin v17.4 - https:\/\/yoast.com\/wordpress\/plugins\/seo\/ -->\n<title>O Dia de Nossa Senhora de F\u00e1tima se aproxima, fa\u00e7a essa ora\u00e7\u00e3o em Vossa homenagem<\/title>\n<meta name=\"description\" content=\"Essa \u00e9 a Ora\u00e7\u00e3o que Nossa Senhora de F\u00e1tima gostaria que todos os seus Filhos colocassem em pr\u00e1tica... N\u00e3o deixe de rezar o Santo Ros\u00e1rio\" \/>\n<meta name=\"robots\" content=\"index, follow, max-snippet:-1, max-image-preview:large, max-video-preview:-1\" \/>\n<link rel=\"canonical\" href=\"https:\/\/www.adf.org.br\/home\/em-homenagem-ao-dia-de-nossa-senhora-de-fatima-faca-essa-oracao\/\" \/>\n<meta property=\"og:locale\" content=\"pt_BR\" \/>\n<meta property=\"og:type\" content=\"article\" \/>\n<meta property=\"og:title\" content=\"O Dia de Nossa Senhora de F\u00e1tima se aproxima, fa\u00e7a essa ora\u00e7\u00e3o em Vossa homenagem\" \/>\n<meta property=\"og:description\" content=\"Essa \u00e9 a Ora\u00e7\u00e3o que Nossa Senhora de F\u00e1tima gostaria que todos os seus Filhos colocassem em pr\u00e1tica... N\u00e3o deixe de rezar o Santo Ros\u00e1rio\" \/>\n<meta property=\"og:url\" content=\"https:\/\/www.adf.org.br\/home\/em-homenagem-ao-dia-de-nossa-senhora-de-fatima-faca-essa-oracao\/\" \/>\n<meta property=\"og:site_name\" content=\"Associa\u00e7\u00e3o Devotos de F\u00e1tima\" \/>\n<meta property=\"article:published_time\" content=\"2019-05-12T03:00:14+00:00\" \/>\n<meta name=\"twitter:card\" content=\"summary_large_image\" \/>\n<meta name=\"twitter:label1\" content=\"Escrito por\" \/>\n\t<meta name=\"twitter:data1\" content=\"Gabriel Barbosa\" \/>\n\t<meta name=\"twitter:label2\" content=\"Est. tempo de leitura\" \/>\n\t<meta name=\"twitter:data2\" content=\"3 minutos\" \/>\n<script type=\"application\/ld+json\" class=\"yoast-schema-graph\">{\"@context\":\"https:\/\/schema.org\",\"@graph\":[{\"@type\":\"WebSite\",\"@id\":\"https:\/\/www.adf.org.br\/home\/#website\",\"url\":\"https:\/\/www.adf.org.br\/home\/\",\"name\":\"Associa\\u00e7\\u00e3o Devotos de F\\u00e1tima\",\"description\":\"Associa\\u00e7\\u00e3o Devotos de F\\u00e1tima\",\"potentialAction\":[{\"@type\":\"SearchAction\",\"target\":{\"@type\":\"EntryPoint\",\"urlTemplate\":\"https:\/\/www.adf.org.br\/home\/?s={search_term_string}\"},\"query-input\":\"required name=search_term_string\"}],\"inLanguage\":\"pt-BR\"},{\"@type\":\"ImageObject\",\"@id\":\"https:\/\/www.adf.org.br\/home\/em-homenagem-ao-dia-de-nossa-senhora-de-fatima-faca-essa-oracao\/#primaryimage\",\"inLanguage\":\"pt-BR\",\"url\":\"\",\"contentUrl\":\"\"},{\"@type\":\"WebPage\",\"@id\":\"https:\/\/www.adf.org.br\/home\/em-homenagem-ao-dia-de-nossa-senhora-de-fatima-faca-essa-oracao\/#webpage\",\"url\":\"https:\/\/www.adf.org.br\/home\/em-homenagem-ao-dia-de-nossa-senhora-de-fatima-faca-essa-oracao\/\",\"name\":\"O Dia de Nossa Senhora de F\\u00e1tima se aproxima, fa\\u00e7a essa ora\\u00e7\\u00e3o em Vossa homenagem\",\"isPartOf\":{\"@id\":\"https:\/\/www.adf.org.br\/home\/#website\"},\"primaryImageOfPage\":{\"@id\":\"https:\/\/www.adf.org.br\/home\/em-homenagem-ao-dia-de-nossa-senhora-de-fatima-faca-essa-oracao\/#primaryimage\"},\"datePublished\":\"2019-05-12T03:00:14+00:00\",\"dateModified\":\"2019-05-12T03:00:14+00:00\",\"author\":{\"@id\":\"https:\/\/www.adf.org.br\/home\/#\/schema\/person\/affa494ecf91434f3620f5392de44327\"},\"description\":\"Essa \\u00e9 a Ora\\u00e7\\u00e3o que Nossa Senhora de F\\u00e1tima gostaria que todos os seus Filhos colocassem em pr\\u00e1tica... N\\u00e3o deixe de rezar o Santo Ros\\u00e1rio\",\"breadcrumb\":{\"@id\":\"https:\/\/www.adf.org.br\/home\/em-homenagem-ao-dia-de-nossa-senhora-de-fatima-faca-essa-oracao\/#breadcrumb\"},\"inLanguage\":\"pt-BR\",\"potentialAction\":[{\"@type\":\"ReadAction\",\"target\":[\"https:\/\/www.adf.org.br\/home\/em-homenagem-ao-dia-de-nossa-senhora-de-fatima-faca-essa-oracao\/\"]}]},{\"@type\":\"BreadcrumbList\",\"@id\":\"https:\/\/www.adf.org.br\/home\/em-homenagem-ao-dia-de-nossa-senhora-de-fatima-faca-essa-oracao\/#breadcrumb\",\"itemListElement\":[{\"@type\":\"ListItem\",\"position\":1,\"name\":\"Home\",\"item\":\"https:\/\/www.adf.org.br\/home\/\"},{\"@type\":\"ListItem\",\"position\":2,\"name\":\"O Dia de Nossa Senhora de F\\u00e1tima se aproxima, fa\\u00e7a essa ora\\u00e7\\u00e3o em Vossa homenagem\"}]},{\"@type\":\"Person\",\"@id\":\"https:\/\/www.adf.org.br\/home\/#\/schema\/person\/affa494ecf91434f3620f5392de44327\",\"name\":\"Gabriel Barbosa\",\"image\":{\"@type\":\"ImageObject\",\"@id\":\"https:\/\/www.adf.org.br\/home\/#personlogo\",\"inLanguage\":\"pt-BR\",\"url\":\"https:\/\/secure.gravatar.com\/avatar\/ecf2eab02e30486a7038f8b2858de06a?s=96&d=mm&r=g\",\"contentUrl\":\"https:\/\/secure.gravatar.com\/avatar\/ecf2eab02e30486a7038f8b2858de06a?s=96&d=mm&r=g\",\"caption\":\"Gabriel Barbosa\"},\"url\":\"https:\/\/www.adf.org.br\/home\/author\/gabriel-aascj\/\"}]}<\/script>\n<!-- \/ Yoast SEO plugin. -->","yoast_head_json":{"title":"O Dia de Nossa Senhora de F\u00e1tima se aproxima, fa\u00e7a essa ora\u00e7\u00e3o em Vossa homenagem","description":"Essa \u00e9 a Ora\u00e7\u00e3o que Nossa Senhora de F\u00e1tima gostaria que todos os seus Filhos colocassem em pr\u00e1tica... N\u00e3o deixe de rezar o Santo Ros\u00e1rio","robots":{"index":"index","follow":"follow","max-snippet":"max-snippet:-1","max-image-preview":"max-image-preview:large","max-video-preview":"max-video-preview:-1"},"canonical":"https:\/\/www.adf.org.br\/home\/em-homenagem-ao-dia-de-nossa-senhora-de-fatima-faca-essa-oracao\/","og_locale":"pt_BR","og_type":"article","og_title":"O Dia de Nossa Senhora de F\u00e1tima se aproxima, fa\u00e7a essa ora\u00e7\u00e3o em Vossa homenagem","og_description":"Essa \u00e9 a Ora\u00e7\u00e3o que Nossa Senhora de F\u00e1tima gostaria que todos os seus Filhos colocassem em pr\u00e1tica... N\u00e3o deixe de rezar o Santo Ros\u00e1rio","og_url":"https:\/\/www.adf.org.br\/home\/em-homenagem-ao-dia-de-nossa-senhora-de-fatima-faca-essa-oracao\/","og_site_name":"Associa\u00e7\u00e3o Devotos de F\u00e1tima","article_published_time":"2019-05-12T03:00:14+00:00","twitter_card":"summary_large_image","twitter_misc":{"Escrito por":"Gabriel Barbosa","Est. tempo de leitura":"3 minutos"},"schema":{"@context":"https:\/\/schema.org","@graph":[{"@type":"WebSite","@id":"https:\/\/www.adf.org.br\/home\/#website","url":"https:\/\/www.adf.org.br\/home\/","name":"Associa\u00e7\u00e3o Devotos de F\u00e1tima","description":"Associa\u00e7\u00e3o Devotos de F\u00e1tima","potentialAction":[{"@type":"SearchAction","target":{"@type":"EntryPoint","urlTemplate":"https:\/\/www.adf.org.br\/home\/?s={search_term_string}"},"query-input":"required name=search_term_string"}],"inLanguage":"pt-BR"},{"@type":"ImageObject","@id":"https:\/\/www.adf.org.br\/home\/em-homenagem-ao-dia-de-nossa-senhora-de-fatima-faca-essa-oracao\/#primaryimage","inLanguage":"pt-BR","url":"","contentUrl":""},{"@type":"WebPage","@id":"https:\/\/www.adf.org.br\/home\/em-homenagem-ao-dia-de-nossa-senhora-de-fatima-faca-essa-oracao\/#webpage","url":"https:\/\/www.adf.org.br\/home\/em-homenagem-ao-dia-de-nossa-senhora-de-fatima-faca-essa-oracao\/","name":"O Dia de Nossa Senhora de F\u00e1tima se aproxima, fa\u00e7a essa ora\u00e7\u00e3o em Vossa homenagem","isPartOf":{"@id":"https:\/\/www.adf.org.br\/home\/#website"},"primaryImageOfPage":{"@id":"https:\/\/www.adf.org.br\/home\/em-homenagem-ao-dia-de-nossa-senhora-de-fatima-faca-essa-oracao\/#primaryimage"},"datePublished":"2019-05-12T03:00:14+00:00","dateModified":"2019-05-12T03:00:14+00:00","author":{"@id":"https:\/\/www.adf.org.br\/home\/#\/schema\/person\/affa494ecf91434f3620f5392de44327"},"description":"Essa \u00e9 a Ora\u00e7\u00e3o que Nossa Senhora de F\u00e1tima gostaria que todos os seus Filhos colocassem em pr\u00e1tica... N\u00e3o deixe de rezar o Santo Ros\u00e1rio","breadcrumb":{"@id":"https:\/\/www.adf.org.br\/home\/em-homenagem-ao-dia-de-nossa-senhora-de-fatima-faca-essa-oracao\/#breadcrumb"},"inLanguage":"pt-BR","potentialAction":[{"@type":"ReadAction","target":["https:\/\/www.adf.org.br\/home\/em-homenagem-ao-dia-de-nossa-senhora-de-fatima-faca-essa-oracao\/"]}]},{"@type":"BreadcrumbList","@id":"https:\/\/www.adf.org.br\/home\/em-homenagem-ao-dia-de-nossa-senhora-de-fatima-faca-essa-oracao\/#breadcrumb","itemListElement":[{"@type":"ListItem","position":1,"name":"Home","item":"https:\/\/www.adf.org.br\/home\/"},{"@type":"ListItem","position":2,"name":"O Dia de Nossa Senhora de F\u00e1tima se aproxima, fa\u00e7a essa ora\u00e7\u00e3o em Vossa homenagem"}]},{"@type":"Person","@id":"https:\/\/www.adf.org.br\/home\/#\/schema\/person\/affa494ecf91434f3620f5392de44327","name":"Gabriel Barbosa","image":{"@type":"ImageObject","@id":"https:\/\/www.adf.org.br\/home\/#personlogo","inLanguage":"pt-BR","url":"https:\/\/secure.gravatar.com\/avatar\/ecf2eab02e30486a7038f8b2858de06a?s=96&d=mm&r=g","contentUrl":"https:\/\/secure.gravatar.com\/avatar\/ecf2eab02e30486a7038f8b2858de06a?s=96&d=mm&r=g","caption":"Gabriel Barbosa"},"url":"https:\/\/www.adf.org.br\/home\/author\/gabriel-aascj\/"}]}},"_links":{"self":[{"href":"https:\/\/www.adf.org.br\/home\/wp-json\/wp\/v2\/posts\/52270"}],"collection":[{"href":"https:\/\/www.adf.org.br\/home\/wp-json\/wp\/v2\/posts"}],"about":[{"href":"https:\/\/www.adf.org.br\/home\/wp-json\/wp\/v2\/types\/post"}],"author":[{"embeddable":true,"href":"https:\/\/www.adf.org.br\/home\/wp-json\/wp\/v2\/users\/27"}],"replies":[{"embeddable":true,"href":"https:\/\/www.adf.org.br\/home\/wp-json\/wp\/v2\/comments?post=52270"}],"version-history":[{"count":0,"href":"https:\/\/www.adf.org.br\/home\/wp-json\/wp\/v2\/posts\/52270\/revisions"}],"wp:featuredmedia":[{"embeddable":true,"href":"https:\/\/www.adf.org.br\/home\/wp-json\/wp\/v2\/media\/52273"}],"wp:attachment":[{"href":"https:\/\/www.adf.org.br\/home\/wp-json\/wp\/v2\/media?parent=52270"}],"wp:term":[{"taxonomy":"category","embeddable":true,"href":"https:\/\/www.adf.org.br\/home\/wp-json\/wp\/v2\/categories?post=52270"},{"taxonomy":"post_tag","embeddable":true,"href":"https:\/\/www.adf.org.br\/home\/wp-json\/wp\/v2\/tags?post=52270"}],"curies":[{"name":"wp","href":"https:\/\/api.w.org\/{rel}","templated":true}]}}