{"id":52032,"date":"2019-10-09T00:30:58","date_gmt":"2019-10-09T03:30:58","guid":{"rendered":"http:\/\/www.adf.org.br\/home\/?p=52032"},"modified":"2019-10-09T00:30:58","modified_gmt":"2019-10-09T03:30:58","slug":"devocao-mariana","status":"publish","type":"post","link":"https:\/\/www.adf.org.br\/home\/devocao-mariana\/","title":{"rendered":"Qual \u00e9 a devo\u00e7\u00e3o Mariana mais aclamada no Brasil? Descubra aqui."},"content":{"rendered":"<p style=\"padding-left: 60px;\"><span style=\"font-size: 12pt; color: #000000; font-family: verdana, geneva, sans-serif;\"><span style=\"font-size: 18pt;\"><strong>T<\/strong><\/span>udo come\u00e7ou em 1717 quando a Virgem Sant\u00edssima se revelou como\u00a0<span style=\"color: #0000ff;\"><a style=\"color: #0000ff;\" href=\"http:\/\/www.knowload.com.br\/aparecida\/?origem=8736&amp;ref=J10798232H\" target=\"_blank\" rel=\"noopener noreferrer\">Nossa Senhora Aparecida.<\/a><\/span><br \/>\n<\/span><span style=\"font-size: 12pt; color: #000000; font-family: verdana, geneva, sans-serif;\">Desde ent\u00e3o o culto a Ela fora adotado com enorme desenvoltura atingindo\u00a0o territ\u00f3rio Brasileiro.\u00a0<\/span><\/p>\n<p><span style=\"font-size: 12pt; color: #000000; font-family: verdana, geneva, sans-serif;\">Essa apari\u00e7\u00e3o trouxe para uma popula\u00e7\u00e3o pobre, um novo apego e um conceito de\u00a0<strong>esperan\u00e7a.<\/strong>\u00a0Abrindo as portas para diversos milagres que ocorreram ao longo dos anos.<\/span><\/p>\n<p style=\"padding-left: 60px;\"><em><span style=\"font-size: 12pt; color: #000000; font-family: verdana, geneva, sans-serif;\">Voc\u00ea j\u00e1 se perguntou, porque entre todas as apari\u00e7\u00f5es Nossa Senhora apareceu na etnia negra?<\/span><\/em><\/p>\n<p><strong><span style=\"font-size: 12pt; color: #000000; font-family: verdana, geneva, sans-serif;\">Repense na escravid\u00e3o que acontecia no Brasil&#8230; Ela libertou um escravo das correntes.<\/span><\/strong><\/p>\n<p><span style=\"font-size: 12pt; color: #000000; font-family: verdana, geneva, sans-serif;\">Um fato curioso que POUCOS conhecem, \u00e9 que:<\/span><\/p>\n<p style=\"padding-left: 120px;\"><strong><span style=\"font-size: 12pt; color: #000000; font-family: verdana, geneva, sans-serif;\">A liberta\u00e7\u00e3o dos escravos aconteceu gra\u00e7as a intercess\u00e3o de Nossa Senhora Aparecida.<\/span><\/strong><\/p>\n<p><span style=\"font-size: 12pt; color: #000000; font-family: verdana, geneva, sans-serif;\">S\u00e3o fatos como estes que transformaram o catolicismo no Brasil e se voc\u00ea se sentiu curioso para saber quais foram as mudan\u00e7as que Ela trouxera para n\u00f3s, recomendamos para voc\u00ea a leitura do Livro Digital abaixo:<br \/>\n<span style=\"color: #ffffff;\">.<\/span><\/span><\/p>\n<figure id=\"attachment_57612\" aria-describedby=\"caption-attachment-57612\" style=\"width: 284px\" class=\"wp-caption aligncenter\"><a style=\"color: #000000;\" href=\"http:\/\/www.knowload.com.br\/aparecida\/?origem=8736&amp;ref=J10798232H\" target=\"_blank\" rel=\"noopener noreferrer\"><img loading=\"lazy\" class=\"wp-image-57612\" src=\"https:\/\/www.aascj.org.br\/home\/wp-content\/uploads\/2019\/02\/e_book_nsa_tesouros_escondidos-240x300.png\" alt=\"e_book_nsa_tesouros_escondidos\" width=\"284\" height=\"355\" \/><\/a><figcaption id=\"caption-attachment-57612\" class=\"wp-caption-text\"><span style=\"font-size: 12pt; color: #000000; font-family: georgia, palatino, serif;\">Clique na imagem e saiba mais sobre esse material!<\/span><\/figcaption><\/figure>\n<p><span style=\"font-size: 12pt; color: #000000; font-family: verdana, geneva, sans-serif;\"><span style=\"color: #ffffff;\">.<\/span><br \/>\nA\u00a0<em><strong><span style=\"color: #800080;\">Cole\u00e7\u00e3o o Livro Cat\u00f3lico<\/span><\/strong>\u00a0reuniu neste e-book exclusivo os segredos que nunca te contaram a respeito dessa devo\u00e7\u00e3o Mariana.\u00a0<\/em><\/span><\/p>\n<p><span style=\"font-size: 12pt; color: #000000; font-family: verdana, geneva, sans-serif;\">Os milagres impressionantes, detalhes sobre a manta que a cobre, coroa e muito mais!<\/span><\/p>\n<p><strong><span style=\"font-size: 12pt; color: #000000; font-family: verdana, geneva, sans-serif;\">Inclusive a forte rela\u00e7\u00e3o que a Princesa Isabel tinha com Nossa Senhora.<\/span><\/strong><\/p>\n<p style=\"padding-left: 60px;\"><span style=\"color: #000000; font-size: 12pt; font-family: verdana, geneva, sans-serif;\">Saiba mais\u00a0<span style=\"color: #0000ff;\"><a style=\"color: #0000ff;\" href=\"http:\/\/www.knowload.com.br\/aparecida\/?origem=8736&amp;ref=J10798232H\" target=\"_blank\" rel=\"noopener noreferrer\">clicando aqui.<\/a><\/span><\/span><\/p>\n<p><span style=\"font-size: 12pt; color: #000000; font-family: verdana, geneva, sans-serif;\">A leitura f\u00e1cil deste livro digital abrir\u00e1 seus olhos sobre a maior devo\u00e7\u00e3o no Brasil. Clique aqui e saiba como recebe-lo!<\/span><\/p>\n<p><strong><span style=\"font-size: 12pt; color: #000000; font-family: verdana, geneva, sans-serif;\">Este e-book cont\u00e9m mais de 100 p\u00e1ginas:<\/span><\/strong><\/p>\n<p style=\"padding-left: 60px;\"><strong><em><span style=\"font-size: 12pt; color: #000000; font-family: verdana, geneva, sans-serif;\">\u2013 A hist\u00f3ria e mist\u00e9rios de nossa Senhora de Aparecida.<\/span><\/em><\/strong><\/p>\n<p style=\"padding-left: 60px;\"><strong><em><span style=\"font-size: 12pt; color: #000000; font-family: verdana, geneva, sans-serif;\">\u2013 Os milagres que marcaram hist\u00f3rias e alguns que ocorreram ao longo do ano, voc\u00ea ir\u00e1 se emocionar.<\/span><\/em><\/strong><\/p>\n<p style=\"padding-left: 60px;\"><strong><em><span style=\"font-size: 12pt; color: #000000; font-family: verdana, geneva, sans-serif;\">\u2013 Fotos que retratam cada milagre operado por Ela.<\/span><\/em><\/strong><\/p>\n<p style=\"padding-left: 60px;\"><strong><em><span style=\"font-size: 12pt; color: #000000; font-family: verdana, geneva, sans-serif;\">\u2013 Ora\u00e7\u00f5es, Novenas e muito mais&#8230;<\/span><\/em><\/strong><\/p>\n<p><span style=\"font-size: 12pt; color: #000000; font-family: verdana, geneva, sans-serif;\">Este e-book ser\u00e1 enviado para o seu e-mail, clique e veja como.<\/span><\/p>\n<p><strong><span style=\"font-size: 12pt; color: #000000; font-family: verdana, geneva, sans-serif;\">Assim como a apari\u00e7\u00e3o de Lourdes e F\u00e1tima, Nossa Senhora Aparecida conta com todos conhecendo a propagando essa devo\u00e7\u00e3o.<\/span><\/strong><\/p>\n<p style=\"text-align: left;\"><span style=\"font-size: 12pt; color: #000000; font-family: verdana, geneva, sans-serif;\">Conhe\u00e7a todos os detalhes dessa revela\u00e7\u00e3o atrav\u00e9s do Livro Digital\u00a0<a href=\"http:\/\/www.knowload.com.br\/aparecida\/?origem=8736&amp;ref=J10798232H\" target=\"_blank\" rel=\"noopener noreferrer\"><span style=\"color: #0000ff;\"><strong>&#8220;Nossa Senhora Aparecida- Tesouros Escondidos.&#8221;<\/strong><\/span><\/a><\/span><\/p>\n<h1 style=\"text-align: center;\"><em><span style=\"font-size: 14pt; color: #800080; font-family: georgia, palatino, serif;\">Nossa Senhora Aparecida, rogai por n\u00f3s!<\/span><\/em><\/h1>\n","protected":false},"excerpt":{"rendered":"<p>Tudo come\u00e7ou em 1717 quando a Virgem Sant\u00edssima se revelou como\u00a0Nossa Senhora Aparecida. Desde ent\u00e3o o culto a Ela fora adotado com enorme desenvoltura atingindo\u00a0o territ\u00f3rio Brasileiro.\u00a0 Essa apari\u00e7\u00e3o trouxe para uma popula\u00e7\u00e3o pobre, um novo apego e um conceito de\u00a0esperan\u00e7a.\u00a0Abrindo as portas para diversos milagres que ocorreram ao longo dos anos. Voc\u00ea j\u00e1 se [&hellip;]<\/p>\n","protected":false},"author":27,"featured_media":52033,"comment_status":"open","ping_status":"open","sticky":false,"template":"","format":"standard","meta":[],"categories":[2224,20],"tags":[2318,92,57,2320],"yoast_head":"<!-- This site is optimized with the Yoast SEO plugin v17.4 - https:\/\/yoast.com\/wordpress\/plugins\/seo\/ -->\n<title>Qual a devo\u00e7\u00e3o Mariana, mais aclamada no Brasil? Descubra<\/title>\n<meta name=\"description\" content=\"Qual a Devo\u00e7\u00e3o Mariana mais aclamada no Brasil? Descubra nessa mat\u00e9ria\" \/>\n<meta name=\"robots\" content=\"index, follow, max-snippet:-1, max-image-preview:large, max-video-preview:-1\" \/>\n<link rel=\"canonical\" href=\"https:\/\/www.adf.org.br\/home\/devocao-mariana\/\" \/>\n<meta property=\"og:locale\" content=\"pt_BR\" \/>\n<meta property=\"og:type\" content=\"article\" \/>\n<meta property=\"og:title\" content=\"Qual a devo\u00e7\u00e3o Mariana, mais aclamada no Brasil? Descubra\" \/>\n<meta property=\"og:description\" content=\"Qual a Devo\u00e7\u00e3o Mariana mais aclamada no Brasil? Descubra nessa mat\u00e9ria\" \/>\n<meta property=\"og:url\" content=\"https:\/\/www.adf.org.br\/home\/devocao-mariana\/\" \/>\n<meta property=\"og:site_name\" content=\"Associa\u00e7\u00e3o Devotos de F\u00e1tima\" \/>\n<meta property=\"article:published_time\" content=\"2019-10-09T03:30:58+00:00\" \/>\n<meta name=\"twitter:card\" content=\"summary_large_image\" \/>\n<meta name=\"twitter:label1\" content=\"Escrito por\" \/>\n\t<meta name=\"twitter:data1\" content=\"Gabriel Barbosa\" \/>\n\t<meta name=\"twitter:label2\" content=\"Est. tempo de leitura\" \/>\n\t<meta name=\"twitter:data2\" content=\"2 minutos\" \/>\n<script type=\"application\/ld+json\" class=\"yoast-schema-graph\">{\"@context\":\"https:\/\/schema.org\",\"@graph\":[{\"@type\":\"WebSite\",\"@id\":\"https:\/\/www.adf.org.br\/home\/#website\",\"url\":\"https:\/\/www.adf.org.br\/home\/\",\"name\":\"Associa\\u00e7\\u00e3o Devotos de F\\u00e1tima\",\"description\":\"Associa\\u00e7\\u00e3o Devotos de F\\u00e1tima\",\"potentialAction\":[{\"@type\":\"SearchAction\",\"target\":{\"@type\":\"EntryPoint\",\"urlTemplate\":\"https:\/\/www.adf.org.br\/home\/?s={search_term_string}\"},\"query-input\":\"required name=search_term_string\"}],\"inLanguage\":\"pt-BR\"},{\"@type\":\"ImageObject\",\"@id\":\"https:\/\/www.adf.org.br\/home\/devocao-mariana\/#primaryimage\",\"inLanguage\":\"pt-BR\",\"url\":\"\",\"contentUrl\":\"\"},{\"@type\":\"WebPage\",\"@id\":\"https:\/\/www.adf.org.br\/home\/devocao-mariana\/#webpage\",\"url\":\"https:\/\/www.adf.org.br\/home\/devocao-mariana\/\",\"name\":\"Qual a devo\\u00e7\\u00e3o Mariana, mais aclamada no Brasil? Descubra\",\"isPartOf\":{\"@id\":\"https:\/\/www.adf.org.br\/home\/#website\"},\"primaryImageOfPage\":{\"@id\":\"https:\/\/www.adf.org.br\/home\/devocao-mariana\/#primaryimage\"},\"datePublished\":\"2019-10-09T03:30:58+00:00\",\"dateModified\":\"2019-10-09T03:30:58+00:00\",\"author\":{\"@id\":\"https:\/\/www.adf.org.br\/home\/#\/schema\/person\/affa494ecf91434f3620f5392de44327\"},\"description\":\"Qual a Devo\\u00e7\\u00e3o Mariana mais aclamada no Brasil? Descubra nessa mat\\u00e9ria\",\"breadcrumb\":{\"@id\":\"https:\/\/www.adf.org.br\/home\/devocao-mariana\/#breadcrumb\"},\"inLanguage\":\"pt-BR\",\"potentialAction\":[{\"@type\":\"ReadAction\",\"target\":[\"https:\/\/www.adf.org.br\/home\/devocao-mariana\/\"]}]},{\"@type\":\"BreadcrumbList\",\"@id\":\"https:\/\/www.adf.org.br\/home\/devocao-mariana\/#breadcrumb\",\"itemListElement\":[{\"@type\":\"ListItem\",\"position\":1,\"name\":\"Home\",\"item\":\"https:\/\/www.adf.org.br\/home\/\"},{\"@type\":\"ListItem\",\"position\":2,\"name\":\"Qual \\u00e9 a devo\\u00e7\\u00e3o Mariana mais aclamada no Brasil? Descubra aqui.\"}]},{\"@type\":\"Person\",\"@id\":\"https:\/\/www.adf.org.br\/home\/#\/schema\/person\/affa494ecf91434f3620f5392de44327\",\"name\":\"Gabriel Barbosa\",\"image\":{\"@type\":\"ImageObject\",\"@id\":\"https:\/\/www.adf.org.br\/home\/#personlogo\",\"inLanguage\":\"pt-BR\",\"url\":\"https:\/\/secure.gravatar.com\/avatar\/ecf2eab02e30486a7038f8b2858de06a?s=96&d=mm&r=g\",\"contentUrl\":\"https:\/\/secure.gravatar.com\/avatar\/ecf2eab02e30486a7038f8b2858de06a?s=96&d=mm&r=g\",\"caption\":\"Gabriel Barbosa\"},\"url\":\"https:\/\/www.adf.org.br\/home\/author\/gabriel-aascj\/\"}]}<\/script>\n<!-- \/ Yoast SEO plugin. -->","yoast_head_json":{"title":"Qual a devo\u00e7\u00e3o Mariana, mais aclamada no Brasil? Descubra","description":"Qual a Devo\u00e7\u00e3o Mariana mais aclamada no Brasil? Descubra nessa mat\u00e9ria","robots":{"index":"index","follow":"follow","max-snippet":"max-snippet:-1","max-image-preview":"max-image-preview:large","max-video-preview":"max-video-preview:-1"},"canonical":"https:\/\/www.adf.org.br\/home\/devocao-mariana\/","og_locale":"pt_BR","og_type":"article","og_title":"Qual a devo\u00e7\u00e3o Mariana, mais aclamada no Brasil? Descubra","og_description":"Qual a Devo\u00e7\u00e3o Mariana mais aclamada no Brasil? Descubra nessa mat\u00e9ria","og_url":"https:\/\/www.adf.org.br\/home\/devocao-mariana\/","og_site_name":"Associa\u00e7\u00e3o Devotos de F\u00e1tima","article_published_time":"2019-10-09T03:30:58+00:00","twitter_card":"summary_large_image","twitter_misc":{"Escrito por":"Gabriel Barbosa","Est. tempo de leitura":"2 minutos"},"schema":{"@context":"https:\/\/schema.org","@graph":[{"@type":"WebSite","@id":"https:\/\/www.adf.org.br\/home\/#website","url":"https:\/\/www.adf.org.br\/home\/","name":"Associa\u00e7\u00e3o Devotos de F\u00e1tima","description":"Associa\u00e7\u00e3o Devotos de F\u00e1tima","potentialAction":[{"@type":"SearchAction","target":{"@type":"EntryPoint","urlTemplate":"https:\/\/www.adf.org.br\/home\/?s={search_term_string}"},"query-input":"required name=search_term_string"}],"inLanguage":"pt-BR"},{"@type":"ImageObject","@id":"https:\/\/www.adf.org.br\/home\/devocao-mariana\/#primaryimage","inLanguage":"pt-BR","url":"","contentUrl":""},{"@type":"WebPage","@id":"https:\/\/www.adf.org.br\/home\/devocao-mariana\/#webpage","url":"https:\/\/www.adf.org.br\/home\/devocao-mariana\/","name":"Qual a devo\u00e7\u00e3o Mariana, mais aclamada no Brasil? Descubra","isPartOf":{"@id":"https:\/\/www.adf.org.br\/home\/#website"},"primaryImageOfPage":{"@id":"https:\/\/www.adf.org.br\/home\/devocao-mariana\/#primaryimage"},"datePublished":"2019-10-09T03:30:58+00:00","dateModified":"2019-10-09T03:30:58+00:00","author":{"@id":"https:\/\/www.adf.org.br\/home\/#\/schema\/person\/affa494ecf91434f3620f5392de44327"},"description":"Qual a Devo\u00e7\u00e3o Mariana mais aclamada no Brasil? Descubra nessa mat\u00e9ria","breadcrumb":{"@id":"https:\/\/www.adf.org.br\/home\/devocao-mariana\/#breadcrumb"},"inLanguage":"pt-BR","potentialAction":[{"@type":"ReadAction","target":["https:\/\/www.adf.org.br\/home\/devocao-mariana\/"]}]},{"@type":"BreadcrumbList","@id":"https:\/\/www.adf.org.br\/home\/devocao-mariana\/#breadcrumb","itemListElement":[{"@type":"ListItem","position":1,"name":"Home","item":"https:\/\/www.adf.org.br\/home\/"},{"@type":"ListItem","position":2,"name":"Qual \u00e9 a devo\u00e7\u00e3o Mariana mais aclamada no Brasil? Descubra aqui."}]},{"@type":"Person","@id":"https:\/\/www.adf.org.br\/home\/#\/schema\/person\/affa494ecf91434f3620f5392de44327","name":"Gabriel Barbosa","image":{"@type":"ImageObject","@id":"https:\/\/www.adf.org.br\/home\/#personlogo","inLanguage":"pt-BR","url":"https:\/\/secure.gravatar.com\/avatar\/ecf2eab02e30486a7038f8b2858de06a?s=96&d=mm&r=g","contentUrl":"https:\/\/secure.gravatar.com\/avatar\/ecf2eab02e30486a7038f8b2858de06a?s=96&d=mm&r=g","caption":"Gabriel Barbosa"},"url":"https:\/\/www.adf.org.br\/home\/author\/gabriel-aascj\/"}]}},"_links":{"self":[{"href":"https:\/\/www.adf.org.br\/home\/wp-json\/wp\/v2\/posts\/52032"}],"collection":[{"href":"https:\/\/www.adf.org.br\/home\/wp-json\/wp\/v2\/posts"}],"about":[{"href":"https:\/\/www.adf.org.br\/home\/wp-json\/wp\/v2\/types\/post"}],"author":[{"embeddable":true,"href":"https:\/\/www.adf.org.br\/home\/wp-json\/wp\/v2\/users\/27"}],"replies":[{"embeddable":true,"href":"https:\/\/www.adf.org.br\/home\/wp-json\/wp\/v2\/comments?post=52032"}],"version-history":[{"count":0,"href":"https:\/\/www.adf.org.br\/home\/wp-json\/wp\/v2\/posts\/52032\/revisions"}],"wp:featuredmedia":[{"embeddable":true,"href":"https:\/\/www.adf.org.br\/home\/wp-json\/wp\/v2\/media\/52033"}],"wp:attachment":[{"href":"https:\/\/www.adf.org.br\/home\/wp-json\/wp\/v2\/media?parent=52032"}],"wp:term":[{"taxonomy":"category","embeddable":true,"href":"https:\/\/www.adf.org.br\/home\/wp-json\/wp\/v2\/categories?post=52032"},{"taxonomy":"post_tag","embeddable":true,"href":"https:\/\/www.adf.org.br\/home\/wp-json\/wp\/v2\/tags?post=52032"}],"curies":[{"name":"wp","href":"https:\/\/api.w.org\/{rel}","templated":true}]}}