{"id":51988,"date":"2019-04-30T08:00:54","date_gmt":"2019-04-30T11:00:54","guid":{"rendered":"http:\/\/www.adf.org.br\/home\/?p=51988"},"modified":"2019-04-30T08:00:54","modified_gmt":"2019-04-30T11:00:54","slug":"intencoes-de-missa-da-semana-protecao-pelas-familias","status":"publish","type":"post","link":"https:\/\/www.adf.org.br\/home\/intencoes-de-missa-da-semana-protecao-pelas-familias\/","title":{"rendered":"Inten\u00e7\u00f5es de Missa da Semana: Prote\u00e7\u00e3o pelas Fam\u00edlias! Inclua sua Fam\u00edlia em Ora\u00e7\u00e3o"},"content":{"rendered":"<h3 style=\"text-align: center;\"><strong><span style=\"font-size: 12pt; color: #000000; font-family: verdana, geneva, sans-serif;\">Pe\u00e7a a prote\u00e7\u00e3o de Nossa Senhora de F\u00e1tima para sua Fam\u00edlia,<br \/>\nligando para&#8230;<\/span><\/strong><\/h3>\n<p style=\"text-align: center;\"><span style=\"color: #0000ff;\"><a style=\"color: #0000ff;\" href=\"tel:08006082128\" target=\"_blank\" rel=\"noopener noreferrer\"><span style=\"font-size: 24pt; font-family: verdana, geneva, sans-serif;\">0800 608 2128<\/span><\/a><\/span><\/p>\n<p style=\"text-align: center;\"><img loading=\"lazy\" class=\"alignnone wp-image-51994\" src=\"https:\/\/www.adf.org.br\/home\/wp-content\/uploads\/2019\/04\/Prote\u00e7\u00e3o-de-Nossa-Senhora-1.png\" alt=\"Prote\u00e7\u00e3o de Nossa Senhora (1)\" width=\"283\" height=\"213\" \/><br \/>\n<span style=\"color: #ffffff;\">.<\/span><\/p>\n<p style=\"padding-left: 60px;\"><span style=\"font-weight: 400; font-size: 12pt; color: #000000; font-family: verdana, geneva, sans-serif;\"><span style=\"font-size: 18pt;\"><strong>C<\/strong><\/span>om os novos costumes e tradi\u00e7\u00f5es constitu\u00eddos ao longo dos anos, a\u00a0Fam\u00edlia &#8211; uma das maiores armas contra o dem\u00f4nio &#8211; perdeu o seu valor!<\/span><\/p>\n<p><span style=\"font-weight: 400; font-size: 12pt; color: #000000; font-family: verdana, geneva, sans-serif;\"><strong>A Sagrada Fam\u00edlia;<\/strong> <em>Maria, Jos\u00e9 e o Menino Jesus<\/em>, foram os primeiros a demonstrarem o que de fato \u00e9 uma fam\u00edlia.\u00a0<\/span><span style=\"font-size: 12pt; color: #000000; font-family: verdana, geneva, sans-serif;\">Afinal, passaram por diversos problemas, persegui\u00e7\u00f5es, mas se mantiveram unidos, acima de tudo.\u00a0<\/span><\/p>\n<p style=\"padding-left: 60px;\"><em><span style=\"font-size: 12pt; color: #000000; font-family: verdana, geneva, sans-serif;\">Diferente de outrora, s\u00e3o poucos que seguem o mesmo exemplo!<\/span><\/em><\/p>\n<p><span style=\"font-weight: 400; font-size: 12pt; color: #000000; font-family: verdana, geneva, sans-serif;\">A mulher, homem e filhos,<span style=\"color: #000080;\"><strong> eis que Deus apresentou para cada pecador o fundamento e o princ\u00edpio da salva\u00e7\u00e3o;<\/strong> <\/span><\/span><\/p>\n<p style=\"padding-left: 60px;\"><span style=\"color: #000080; font-size: 12pt; font-family: verdana, geneva, sans-serif;\"><span style=\"color: #000000; font-family: verdana, geneva, sans-serif;\"><i>O mundo contribui de certa forma para que as fam\u00edlias sejam destru\u00eddas. Bord\u00e9is, ideologia de g\u00eaneros e etc&#8230;<\/i><\/span><\/span><\/p>\n<h2><span style=\"font-weight: 400; font-size: 12pt; color: #000000; font-family: verdana, geneva, sans-serif;\">Basta voc\u00ea ligar a TV para ter um vislumbre dessas trag\u00e9dias\u2026<\/span><\/h2>\n<p style=\"padding-left: 60px;\"><em><span style=\"font-size: 12pt; font-family: verdana, geneva, sans-serif;\"><strong><span style=\"color: #000000;\">&#8230; Trai\u00e7\u00e3o \u00e9 o foco de novelas&#8230;<\/span><\/strong><\/span><\/em><\/p>\n<p style=\"padding-left: 60px;\"><em><strong><span style=\"font-size: 12pt; color: #000000; font-family: verdana, geneva, sans-serif;\">&#8230; Famosos que casam em Igrejas, mas por pura quest\u00e3o de status social&#8230;<\/span><\/strong><\/em><\/p>\n<p><span style=\"font-weight: 400; font-size: 12pt; color: #000000; font-family: verdana, geneva, sans-serif;\">Em luta ao resgate e prote\u00e7\u00e3o das Fam\u00edlias Tradicionais, essa semana estamos recolhendo \u00e0s inten\u00e7\u00f5es para pedir a Prote\u00e7\u00e3o de Nossa Senhora de F\u00e1tima nas Fam\u00edlias. <\/span><\/p>\n<p style=\"text-align: center;\"><span style=\"font-weight: 400; font-size: 12pt; color: #000000; font-family: verdana, geneva, sans-serif;\">Para que a sua esteja protegida pela Gra\u00e7a de Maria, registre o nome de seus familiares ligando no n\u00famero abaixo:<\/span><\/p>\n<p style=\"text-align: center;\"><span style=\"font-size: 12pt; color: #000000; font-family: verdana, geneva, sans-serif;\"><span style=\"color: #0000ff;\"><a style=\"color: #0000ff;\" href=\"tel:08006082128\" target=\"_blank\" rel=\"noopener noreferrer\"><span style=\"font-size: 24pt;\"><strong>0800 608 2128<\/strong><span style=\"font-weight: 400;\"><br \/>\n<\/span><\/span><\/a><\/span><em><span style=\"font-weight: 400; font-size: 10pt;\">Se voc\u00ea estiver lendo do celular, tecle no n\u00famero que ser\u00e1 discado automaticamente<\/span><\/em><\/span><\/p>\n<p><span style=\"font-weight: 400; color: #000000; font-family: verdana, geneva, sans-serif;\"><span style=\"font-size: 12pt;\"><span style=\"color: #ffffff;\">.<\/span><br \/>\nNa \u00faltima apari\u00e7\u00e3o de Nossa Senhora em 13 de Outubro de 1917, Nossa Senhora revelou os pilares da Igreja: <\/span><\/span><\/p>\n<p style=\"padding-left: 60px;\"><span style=\"font-weight: 400; color: #000000; font-family: verdana, geneva, sans-serif;\"><span style=\"font-size: 12pt;\"><span style=\"color: #ff0000;\">&#8220;<\/span><em><span style=\"color: #ff0000;\">Apareceram junto ao Sol a Sagrada Fam\u00edlias; S\u00e3o Jos\u00e9, com o Menino Jesus no Bra\u00e7o e Nossa Senhora do Ros\u00e1rio&#8221;<\/span>,\u00a0<\/em>disse Irm\u00e3 L\u00facia em suas mem\u00f3rias.\u00a0<\/span><\/span><\/p>\n<p style=\"text-align: center;\"><span style=\"font-size: 12pt; color: #000000; font-family: verdana, geneva, sans-serif;\">Portanto, n\u00e3o deixe de proteger um dos maiores Tesouros que Deus concedeu a humanidade! Pe\u00e7a a prote\u00e7\u00e3o da sua fam\u00edlia.\u00a0<\/span><\/p>\n<p style=\"text-align: left;\"><em><strong><span style=\"font-size: 12pt; color: #000000; font-family: georgia, palatino, serif;\">Equipe de Apostolado,<\/span><\/strong><\/em><br \/>\n<span style=\"font-size: 12pt; color: #000000; font-family: georgia, palatino, serif;\">Associa\u00e7\u00e3o Devotos de F\u00e1tima!<\/span><\/p>\n<p>&nbsp;<\/p>\n","protected":false},"excerpt":{"rendered":"<p>Pe\u00e7a a prote\u00e7\u00e3o de Nossa Senhora de F\u00e1tima para sua Fam\u00edlia, ligando para&#8230; 0800 608 2128 . Com os novos costumes e tradi\u00e7\u00f5es constitu\u00eddos ao longo dos anos, a\u00a0Fam\u00edlia &#8211; uma das maiores armas contra o dem\u00f4nio &#8211; perdeu o seu valor! A Sagrada Fam\u00edlia; Maria, Jos\u00e9 e o Menino Jesus, foram os primeiros a [&hellip;]<\/p>\n","protected":false},"author":27,"featured_media":52049,"comment_status":"open","ping_status":"open","sticky":false,"template":"","format":"standard","meta":[],"categories":[20,2473],"tags":[2866,2868,38,2869],"yoast_head":"<!-- This site is optimized with the Yoast SEO plugin v17.4 - https:\/\/yoast.com\/wordpress\/plugins\/seo\/ -->\n<title>Inten\u00e7\u00f5es de Missa da Semana: Prote\u00e7\u00e3o pelas Fam\u00edlias! Inclua a sua Fam\u00edlia em Ora\u00e7\u00e3o<\/title>\n<meta name=\"description\" content=\"Pe\u00e7a para Nossa Senhora proteger a sua fam\u00edlia... Ligue para 0800 608 2128 e registre seus pedidos na Missa\" \/>\n<meta name=\"robots\" content=\"index, follow, max-snippet:-1, max-image-preview:large, max-video-preview:-1\" \/>\n<link rel=\"canonical\" href=\"https:\/\/www.adf.org.br\/home\/intencoes-de-missa-da-semana-protecao-pelas-familias\/\" \/>\n<meta property=\"og:locale\" content=\"pt_BR\" \/>\n<meta property=\"og:type\" content=\"article\" \/>\n<meta property=\"og:title\" content=\"Inten\u00e7\u00f5es de Missa da Semana: Prote\u00e7\u00e3o pelas Fam\u00edlias! Inclua a sua Fam\u00edlia em Ora\u00e7\u00e3o\" \/>\n<meta property=\"og:description\" content=\"Pe\u00e7a para Nossa Senhora proteger a sua fam\u00edlia... Ligue para 0800 608 2128 e registre seus pedidos na Missa\" \/>\n<meta property=\"og:url\" content=\"https:\/\/www.adf.org.br\/home\/intencoes-de-missa-da-semana-protecao-pelas-familias\/\" \/>\n<meta property=\"og:site_name\" content=\"Associa\u00e7\u00e3o Devotos de F\u00e1tima\" \/>\n<meta property=\"article:published_time\" content=\"2019-04-30T11:00:54+00:00\" \/>\n<meta name=\"twitter:card\" content=\"summary_large_image\" \/>\n<meta name=\"twitter:label1\" content=\"Escrito por\" \/>\n\t<meta name=\"twitter:data1\" content=\"Gabriel Barbosa\" \/>\n\t<meta name=\"twitter:label2\" content=\"Est. tempo de leitura\" \/>\n\t<meta name=\"twitter:data2\" content=\"2 minutos\" \/>\n<script type=\"application\/ld+json\" class=\"yoast-schema-graph\">{\"@context\":\"https:\/\/schema.org\",\"@graph\":[{\"@type\":\"WebSite\",\"@id\":\"https:\/\/www.adf.org.br\/home\/#website\",\"url\":\"https:\/\/www.adf.org.br\/home\/\",\"name\":\"Associa\\u00e7\\u00e3o Devotos de F\\u00e1tima\",\"description\":\"Associa\\u00e7\\u00e3o Devotos de F\\u00e1tima\",\"potentialAction\":[{\"@type\":\"SearchAction\",\"target\":{\"@type\":\"EntryPoint\",\"urlTemplate\":\"https:\/\/www.adf.org.br\/home\/?s={search_term_string}\"},\"query-input\":\"required name=search_term_string\"}],\"inLanguage\":\"pt-BR\"},{\"@type\":\"ImageObject\",\"@id\":\"https:\/\/www.adf.org.br\/home\/intencoes-de-missa-da-semana-protecao-pelas-familias\/#primaryimage\",\"inLanguage\":\"pt-BR\",\"url\":\"\",\"contentUrl\":\"\"},{\"@type\":\"WebPage\",\"@id\":\"https:\/\/www.adf.org.br\/home\/intencoes-de-missa-da-semana-protecao-pelas-familias\/#webpage\",\"url\":\"https:\/\/www.adf.org.br\/home\/intencoes-de-missa-da-semana-protecao-pelas-familias\/\",\"name\":\"Inten\\u00e7\\u00f5es de Missa da Semana: Prote\\u00e7\\u00e3o pelas Fam\\u00edlias! Inclua a sua Fam\\u00edlia em Ora\\u00e7\\u00e3o\",\"isPartOf\":{\"@id\":\"https:\/\/www.adf.org.br\/home\/#website\"},\"primaryImageOfPage\":{\"@id\":\"https:\/\/www.adf.org.br\/home\/intencoes-de-missa-da-semana-protecao-pelas-familias\/#primaryimage\"},\"datePublished\":\"2019-04-30T11:00:54+00:00\",\"dateModified\":\"2019-04-30T11:00:54+00:00\",\"author\":{\"@id\":\"https:\/\/www.adf.org.br\/home\/#\/schema\/person\/affa494ecf91434f3620f5392de44327\"},\"description\":\"Pe\\u00e7a para Nossa Senhora proteger a sua fam\\u00edlia... Ligue para 0800 608 2128 e registre seus pedidos na Missa\",\"breadcrumb\":{\"@id\":\"https:\/\/www.adf.org.br\/home\/intencoes-de-missa-da-semana-protecao-pelas-familias\/#breadcrumb\"},\"inLanguage\":\"pt-BR\",\"potentialAction\":[{\"@type\":\"ReadAction\",\"target\":[\"https:\/\/www.adf.org.br\/home\/intencoes-de-missa-da-semana-protecao-pelas-familias\/\"]}]},{\"@type\":\"BreadcrumbList\",\"@id\":\"https:\/\/www.adf.org.br\/home\/intencoes-de-missa-da-semana-protecao-pelas-familias\/#breadcrumb\",\"itemListElement\":[{\"@type\":\"ListItem\",\"position\":1,\"name\":\"Home\",\"item\":\"https:\/\/www.adf.org.br\/home\/\"},{\"@type\":\"ListItem\",\"position\":2,\"name\":\"Inten\\u00e7\\u00f5es de Missa da Semana: Prote\\u00e7\\u00e3o pelas Fam\\u00edlias! Inclua sua Fam\\u00edlia em Ora\\u00e7\\u00e3o\"}]},{\"@type\":\"Person\",\"@id\":\"https:\/\/www.adf.org.br\/home\/#\/schema\/person\/affa494ecf91434f3620f5392de44327\",\"name\":\"Gabriel Barbosa\",\"image\":{\"@type\":\"ImageObject\",\"@id\":\"https:\/\/www.adf.org.br\/home\/#personlogo\",\"inLanguage\":\"pt-BR\",\"url\":\"https:\/\/secure.gravatar.com\/avatar\/ecf2eab02e30486a7038f8b2858de06a?s=96&d=mm&r=g\",\"contentUrl\":\"https:\/\/secure.gravatar.com\/avatar\/ecf2eab02e30486a7038f8b2858de06a?s=96&d=mm&r=g\",\"caption\":\"Gabriel Barbosa\"},\"url\":\"https:\/\/www.adf.org.br\/home\/author\/gabriel-aascj\/\"}]}<\/script>\n<!-- \/ Yoast SEO plugin. -->","yoast_head_json":{"title":"Inten\u00e7\u00f5es de Missa da Semana: Prote\u00e7\u00e3o pelas Fam\u00edlias! Inclua a sua Fam\u00edlia em Ora\u00e7\u00e3o","description":"Pe\u00e7a para Nossa Senhora proteger a sua fam\u00edlia... Ligue para 0800 608 2128 e registre seus pedidos na Missa","robots":{"index":"index","follow":"follow","max-snippet":"max-snippet:-1","max-image-preview":"max-image-preview:large","max-video-preview":"max-video-preview:-1"},"canonical":"https:\/\/www.adf.org.br\/home\/intencoes-de-missa-da-semana-protecao-pelas-familias\/","og_locale":"pt_BR","og_type":"article","og_title":"Inten\u00e7\u00f5es de Missa da Semana: Prote\u00e7\u00e3o pelas Fam\u00edlias! Inclua a sua Fam\u00edlia em Ora\u00e7\u00e3o","og_description":"Pe\u00e7a para Nossa Senhora proteger a sua fam\u00edlia... Ligue para 0800 608 2128 e registre seus pedidos na Missa","og_url":"https:\/\/www.adf.org.br\/home\/intencoes-de-missa-da-semana-protecao-pelas-familias\/","og_site_name":"Associa\u00e7\u00e3o Devotos de F\u00e1tima","article_published_time":"2019-04-30T11:00:54+00:00","twitter_card":"summary_large_image","twitter_misc":{"Escrito por":"Gabriel Barbosa","Est. tempo de leitura":"2 minutos"},"schema":{"@context":"https:\/\/schema.org","@graph":[{"@type":"WebSite","@id":"https:\/\/www.adf.org.br\/home\/#website","url":"https:\/\/www.adf.org.br\/home\/","name":"Associa\u00e7\u00e3o Devotos de F\u00e1tima","description":"Associa\u00e7\u00e3o Devotos de F\u00e1tima","potentialAction":[{"@type":"SearchAction","target":{"@type":"EntryPoint","urlTemplate":"https:\/\/www.adf.org.br\/home\/?s={search_term_string}"},"query-input":"required name=search_term_string"}],"inLanguage":"pt-BR"},{"@type":"ImageObject","@id":"https:\/\/www.adf.org.br\/home\/intencoes-de-missa-da-semana-protecao-pelas-familias\/#primaryimage","inLanguage":"pt-BR","url":"","contentUrl":""},{"@type":"WebPage","@id":"https:\/\/www.adf.org.br\/home\/intencoes-de-missa-da-semana-protecao-pelas-familias\/#webpage","url":"https:\/\/www.adf.org.br\/home\/intencoes-de-missa-da-semana-protecao-pelas-familias\/","name":"Inten\u00e7\u00f5es de Missa da Semana: Prote\u00e7\u00e3o pelas Fam\u00edlias! Inclua a sua Fam\u00edlia em Ora\u00e7\u00e3o","isPartOf":{"@id":"https:\/\/www.adf.org.br\/home\/#website"},"primaryImageOfPage":{"@id":"https:\/\/www.adf.org.br\/home\/intencoes-de-missa-da-semana-protecao-pelas-familias\/#primaryimage"},"datePublished":"2019-04-30T11:00:54+00:00","dateModified":"2019-04-30T11:00:54+00:00","author":{"@id":"https:\/\/www.adf.org.br\/home\/#\/schema\/person\/affa494ecf91434f3620f5392de44327"},"description":"Pe\u00e7a para Nossa Senhora proteger a sua fam\u00edlia... Ligue para 0800 608 2128 e registre seus pedidos na Missa","breadcrumb":{"@id":"https:\/\/www.adf.org.br\/home\/intencoes-de-missa-da-semana-protecao-pelas-familias\/#breadcrumb"},"inLanguage":"pt-BR","potentialAction":[{"@type":"ReadAction","target":["https:\/\/www.adf.org.br\/home\/intencoes-de-missa-da-semana-protecao-pelas-familias\/"]}]},{"@type":"BreadcrumbList","@id":"https:\/\/www.adf.org.br\/home\/intencoes-de-missa-da-semana-protecao-pelas-familias\/#breadcrumb","itemListElement":[{"@type":"ListItem","position":1,"name":"Home","item":"https:\/\/www.adf.org.br\/home\/"},{"@type":"ListItem","position":2,"name":"Inten\u00e7\u00f5es de Missa da Semana: Prote\u00e7\u00e3o pelas Fam\u00edlias! Inclua sua Fam\u00edlia em Ora\u00e7\u00e3o"}]},{"@type":"Person","@id":"https:\/\/www.adf.org.br\/home\/#\/schema\/person\/affa494ecf91434f3620f5392de44327","name":"Gabriel Barbosa","image":{"@type":"ImageObject","@id":"https:\/\/www.adf.org.br\/home\/#personlogo","inLanguage":"pt-BR","url":"https:\/\/secure.gravatar.com\/avatar\/ecf2eab02e30486a7038f8b2858de06a?s=96&d=mm&r=g","contentUrl":"https:\/\/secure.gravatar.com\/avatar\/ecf2eab02e30486a7038f8b2858de06a?s=96&d=mm&r=g","caption":"Gabriel Barbosa"},"url":"https:\/\/www.adf.org.br\/home\/author\/gabriel-aascj\/"}]}},"_links":{"self":[{"href":"https:\/\/www.adf.org.br\/home\/wp-json\/wp\/v2\/posts\/51988"}],"collection":[{"href":"https:\/\/www.adf.org.br\/home\/wp-json\/wp\/v2\/posts"}],"about":[{"href":"https:\/\/www.adf.org.br\/home\/wp-json\/wp\/v2\/types\/post"}],"author":[{"embeddable":true,"href":"https:\/\/www.adf.org.br\/home\/wp-json\/wp\/v2\/users\/27"}],"replies":[{"embeddable":true,"href":"https:\/\/www.adf.org.br\/home\/wp-json\/wp\/v2\/comments?post=51988"}],"version-history":[{"count":0,"href":"https:\/\/www.adf.org.br\/home\/wp-json\/wp\/v2\/posts\/51988\/revisions"}],"wp:featuredmedia":[{"embeddable":true,"href":"https:\/\/www.adf.org.br\/home\/wp-json\/wp\/v2\/media\/52049"}],"wp:attachment":[{"href":"https:\/\/www.adf.org.br\/home\/wp-json\/wp\/v2\/media?parent=51988"}],"wp:term":[{"taxonomy":"category","embeddable":true,"href":"https:\/\/www.adf.org.br\/home\/wp-json\/wp\/v2\/categories?post=51988"},{"taxonomy":"post_tag","embeddable":true,"href":"https:\/\/www.adf.org.br\/home\/wp-json\/wp\/v2\/tags?post=51988"}],"curies":[{"name":"wp","href":"https:\/\/api.w.org\/{rel}","templated":true}]}}