{"id":51973,"date":"2019-04-28T00:30:35","date_gmt":"2019-04-28T03:30:35","guid":{"rendered":"http:\/\/www.adf.org.br\/home\/?p=51973"},"modified":"2019-04-28T00:30:35","modified_gmt":"2019-04-28T03:30:35","slug":"jesus-nos-convida-para-viver-junto-da-misericordia-de-maria","status":"publish","type":"post","link":"https:\/\/www.adf.org.br\/home\/jesus-nos-convida-para-viver-junto-da-misericordia-de-maria\/","title":{"rendered":"Jesus nos convida viver a Miseric\u00f3rdia de Maria! Entenda"},"content":{"rendered":"<figure id=\"attachment_51974\" aria-describedby=\"caption-attachment-51974\" style=\"width: 263px\" class=\"wp-caption aligncenter\"><img loading=\"lazy\" class=\"wp-image-51974\" src=\"https:\/\/www.adf.org.br\/home\/wp-content\/uploads\/2019\/04\/Maria-e-Divina-Miseric\u00f3rdia.jpg\" alt=\"Maria e a Divina Miseric\u00f3rdia\" width=\"263\" height=\"376\" \/><figcaption id=\"caption-attachment-51974\" class=\"wp-caption-text\"><span style=\"font-size: 12pt; color: #333333; font-family: georgia, palatino, serif;\">Maria\u00a0e a Divina Miseric\u00f3rdia<\/span><\/figcaption><\/figure>\n<p style=\"padding-left: 60px;\"><span style=\"color: #ffffff;\">.<\/span><\/p>\n<p style=\"padding-left: 60px;\"><span style=\"font-weight: 400; font-size: 12pt; color: #000000; font-family: verdana, geneva, sans-serif;\"><span style=\"font-size: 18pt;\"><strong>N<\/strong><\/span>as Apari\u00e7\u00f5es de Jesus Cristo a Santa Br\u00edgida \u00e9 dito: <em>&#8220;Minha M\u00e3e, pede-me tudo quanto quiserdes!&#8221;<br \/>\n<\/em><\/span><span style=\"font-weight: 400; font-size: 12pt; color: #000000; font-family: verdana, geneva, sans-serif;\">Nessa frase Jesus repete no C\u00e9u que tamb\u00e9m\u00a0A serve.<\/span><\/p>\n<p><span style=\"font-weight: 400; font-size: 12pt; color: #000000; font-family: verdana, geneva, sans-serif;\">\u00c9 poss\u00edvel perceber que <strong>Jesus nos convida a servir Nossa Senhora junto a Ele.<\/strong><\/span><\/p>\n<p><span style=\"font-weight: 400; font-size: 12pt; color: #000000; font-family: verdana, geneva, sans-serif;\">Os homens passaram a esquecer os antigos amigos pobres, logo que se recebem alguma dignidade.<\/span><\/p>\n<p style=\"padding-left: 60px;\"><span style=\"font-weight: 400; font-size: 12pt; color: #000000; font-family: verdana, geneva, sans-serif;\">Maria Sant\u00edssima n\u00e3o precede desta forma, pois <strong>Ela acolhe os miser\u00e1veis e os alegra com a Vossa grandeza\u00a0<\/strong><\/span><\/p>\n<p><span style=\"font-weight: 400; font-size: 12pt; color: #000000; font-family: verdana, geneva, sans-serif;\"><strong><span style=\"color: #ffffff;\">.<\/span><br \/>\nA maior prova existente da Miseric\u00f3rdia Onipotente de Maria, est\u00e1 em suas apari\u00e7\u00f5es, assim como em F\u00e1tima;<\/strong><\/span><\/p>\n<h5 style=\"padding-left: 60px;\"><span style=\"font-weight: 400; font-size: 12pt; color: #000000; font-family: verdana, geneva, sans-serif;\">Quando nos convida a viver a Ora\u00e7\u00e3o, Penit\u00eancia e o Jejum, que s\u00e3o atos que aclaram nossas almas do pecado;<br \/>\nNos permitindo alcan\u00e7ar a gra\u00e7a de ir ao Reino dos C\u00e9us. Sempre foi pedido a convers\u00e3o dos pecadores, demonstrando o excesso da Vossa Miseric\u00f3rdia.<\/span><\/h5>\n<p><span style=\"font-weight: 400; font-size: 12pt; color: #000000; font-family: verdana, geneva, sans-serif;\">A devo\u00e7\u00e3o da\u00a0<strong>Divina Miseric\u00f3rdia, que de forma clara, convida a todos os pecadores para recorrerem ao Cora\u00e7\u00e3o que jorra essa fonte de Miseric\u00f3rdia. <\/strong><\/span><\/p>\n<p><span style=\"font-weight: 400; font-size: 12pt; color: #000000; font-family: verdana, geneva, sans-serif;\">Para os devotos de\u00a0<strong>Maria foi apresentando a devo\u00e7\u00e3o ao Imaculado Cora\u00e7\u00e3o de Maria, que traria a paz para o mundo.<\/strong><\/span><\/p>\n<p><span style=\"font-weight: 400; font-size: 12pt; color: #000000; font-family: verdana, geneva, sans-serif;\">E Jesus afirma que a humanidade n\u00e3o encontraria paz, caso n\u00e3o se entregasse de corpo e Alma, para a Vossa miseric\u00f3rdia.<\/span><\/p>\n<h1 style=\"padding-left: 60px;\"><span style=\"font-size: 12pt; color: #000000; font-family: verdana, geneva, sans-serif;\"><strong><i>&#8220;(&#8230;) uma Mulher revestida do sol(&#8230;)\u201d,\u00a0<\/i><\/strong><i><span style=\"font-weight: 400;\">Apocalipse, 12.<\/span><\/i><\/span><\/h1>\n<p><span style=\"font-weight: 400; font-size: 12pt; color: #000000; font-family: verdana, geneva, sans-serif;\">\u00c9 por esta raz\u00e3o que lemos ser Maria \u201cfulgurante como o sol\u201d (Ct. 6, 9). <\/span><\/p>\n<p><span style=\"font-weight: 400; font-size: 12pt; color: #000000; font-family: verdana, geneva, sans-serif;\">Pois, seguindo Raimundo Jord\u00e3o, n\u00e3o h\u00e1 quem n\u00e3o sinta o calor desse astro: Ningu\u00e9m pode esconder-se de seu calor (Sl. 18, 7).<\/span><\/p>\n<p><span style=\"font-weight: 400; font-size: 12pt; color: #000000; font-family: verdana, geneva, sans-serif;\">J\u00e1 que em F\u00e1tima, Nossa Senhora atuou com o Milagre do Sol, para que todos<em> \u201cpudessem acreditar\u201d,<\/em> afinal, todos n\u00f3s sentimos o calor deste astro: <\/span><\/p>\n<h4 style=\"padding-left: 60px;\"><em><span style=\"font-weight: 400; font-size: 12pt; color: #000000; font-family: verdana, geneva, sans-serif;\"><strong>&#8220;Ningu\u00e9m pode esconder-se da seu calor&#8221;,<\/strong> Sl. 18,7.<\/span><\/em><\/h4>\n<p><span style=\"font-size: 12pt; color: #000000; font-family: verdana, geneva, sans-serif;\"><span style=\"font-weight: 400;\">Eia, pois, advogada nossa, a n\u00f3s volvei esses olhos misericordiosos\u201d, n\u00e3o pode Maria deixar de volver os olhos para quem a invoca.\u00a0<\/span><\/span><\/p>\n<p><span style=\"font-weight: 400; font-size: 12pt; color: #000000; font-family: verdana, geneva, sans-serif;\">O dem\u00f4nio teme a Miseric\u00f3rdia de Jesus Cristo que salva e polpa qualquer alma que esteja manchada pelo pecado. Ele teme o reinado da Miseric\u00f3rdia de Maria, pois <strong><em>&#8220;Esmagou a cabe\u00e7a da serpente&#8221;<\/em><\/strong>, g\u00eanesis 3,15.<\/span><\/p>\n<p style=\"padding-left: 30px;\"><strong><span style=\"font-size: 12pt; color: #000000; font-family: verdana, geneva, sans-serif;\">Portanto, durante o dia de Hoje, al\u00e9m de nos entregarmos na Miseric\u00f3rdia de Jesus devemos tamb\u00e9m estar presentes na Miseric\u00f3rdia de Maria.<\/span><\/strong><\/p>\n<p><span style=\"color: #ffffff; font-size: 12pt; font-family: verdana, geneva, sans-serif;\">.<\/span><\/p>\n<p style=\"text-align: left;\"><span style=\"font-weight: 400; font-size: 10pt; color: #000000; font-family: georgia, palatino, serif;\">Fontes:\u00a0<\/span><em><span style=\"color: #000000; font-family: georgia, palatino, serif; font-size: 10pt;\"><strong>SALES<\/strong>, Lilian Maria Pinto &#8211; Apari\u00e7\u00f5es de Nossa Senhora: Mensagens e Peregrina\u00e7\u00f5es na contemporaneidade.\u00a0<\/span><span style=\"font-weight: 400; font-size: 10pt; color: #000000; font-family: georgia, palatino, serif;\">Afonso de Lig\u00f3rio, As Gl\u00f3rias de Maria.\u00a0<\/span><span style=\"font-weight: 400; font-size: 10pt; color: #000000; font-family: georgia, palatino, serif;\">S\u00e3o Lu\u00eds Maria Grignon de Montfort, Tratado da Verdadeira Devo\u00e7\u00e3o. <\/span><\/em><\/p>\n<p>&nbsp;<\/p>\n","protected":false},"excerpt":{"rendered":"<p>. Nas Apari\u00e7\u00f5es de Jesus Cristo a Santa Br\u00edgida \u00e9 dito: &#8220;Minha M\u00e3e, pede-me tudo quanto quiserdes!&#8221; Nessa frase Jesus repete no C\u00e9u que tamb\u00e9m\u00a0A serve. \u00c9 poss\u00edvel perceber que Jesus nos convida a servir Nossa Senhora junto a Ele. Os homens passaram a esquecer os antigos amigos pobres, logo que se recebem alguma dignidade. [&hellip;]<\/p>\n","protected":false},"author":27,"featured_media":51978,"comment_status":"open","ping_status":"open","sticky":false,"template":"","format":"standard","meta":[],"categories":[20],"tags":[1370,2864],"yoast_head":"<!-- This site is optimized with the Yoast SEO plugin v17.4 - https:\/\/yoast.com\/wordpress\/plugins\/seo\/ -->\n<title>Jesus nos convida viver a Miseric\u00f3rdia de Maria! Entenda<\/title>\n<meta name=\"description\" content=\"Jesus nos convida a viver a Miseric\u00f3rdia de Maria! Leia essa mat\u00e9ria e entenda:\" \/>\n<meta name=\"robots\" content=\"index, follow, max-snippet:-1, max-image-preview:large, max-video-preview:-1\" \/>\n<link rel=\"canonical\" href=\"https:\/\/www.adf.org.br\/home\/jesus-nos-convida-para-viver-junto-da-misericordia-de-maria\/\" \/>\n<meta property=\"og:locale\" content=\"pt_BR\" \/>\n<meta property=\"og:type\" content=\"article\" \/>\n<meta property=\"og:title\" content=\"Jesus nos convida viver a Miseric\u00f3rdia de Maria! Entenda\" \/>\n<meta property=\"og:description\" content=\"Jesus nos convida a viver a Miseric\u00f3rdia de Maria! Leia essa mat\u00e9ria e entenda:\" \/>\n<meta property=\"og:url\" content=\"https:\/\/www.adf.org.br\/home\/jesus-nos-convida-para-viver-junto-da-misericordia-de-maria\/\" \/>\n<meta property=\"og:site_name\" content=\"Associa\u00e7\u00e3o Devotos de F\u00e1tima\" \/>\n<meta property=\"article:published_time\" content=\"2019-04-28T03:30:35+00:00\" \/>\n<meta name=\"twitter:card\" content=\"summary_large_image\" \/>\n<meta name=\"twitter:label1\" content=\"Escrito por\" \/>\n\t<meta name=\"twitter:data1\" content=\"Gabriel Barbosa\" \/>\n\t<meta name=\"twitter:label2\" content=\"Est. tempo de leitura\" \/>\n\t<meta name=\"twitter:data2\" content=\"2 minutos\" \/>\n<script type=\"application\/ld+json\" class=\"yoast-schema-graph\">{\"@context\":\"https:\/\/schema.org\",\"@graph\":[{\"@type\":\"WebSite\",\"@id\":\"https:\/\/www.adf.org.br\/home\/#website\",\"url\":\"https:\/\/www.adf.org.br\/home\/\",\"name\":\"Associa\\u00e7\\u00e3o Devotos de F\\u00e1tima\",\"description\":\"Associa\\u00e7\\u00e3o Devotos de F\\u00e1tima\",\"potentialAction\":[{\"@type\":\"SearchAction\",\"target\":{\"@type\":\"EntryPoint\",\"urlTemplate\":\"https:\/\/www.adf.org.br\/home\/?s={search_term_string}\"},\"query-input\":\"required name=search_term_string\"}],\"inLanguage\":\"pt-BR\"},{\"@type\":\"ImageObject\",\"@id\":\"https:\/\/www.adf.org.br\/home\/jesus-nos-convida-para-viver-junto-da-misericordia-de-maria\/#primaryimage\",\"inLanguage\":\"pt-BR\",\"url\":\"\",\"contentUrl\":\"\"},{\"@type\":\"WebPage\",\"@id\":\"https:\/\/www.adf.org.br\/home\/jesus-nos-convida-para-viver-junto-da-misericordia-de-maria\/#webpage\",\"url\":\"https:\/\/www.adf.org.br\/home\/jesus-nos-convida-para-viver-junto-da-misericordia-de-maria\/\",\"name\":\"Jesus nos convida viver a Miseric\\u00f3rdia de Maria! Entenda\",\"isPartOf\":{\"@id\":\"https:\/\/www.adf.org.br\/home\/#website\"},\"primaryImageOfPage\":{\"@id\":\"https:\/\/www.adf.org.br\/home\/jesus-nos-convida-para-viver-junto-da-misericordia-de-maria\/#primaryimage\"},\"datePublished\":\"2019-04-28T03:30:35+00:00\",\"dateModified\":\"2019-04-28T03:30:35+00:00\",\"author\":{\"@id\":\"https:\/\/www.adf.org.br\/home\/#\/schema\/person\/affa494ecf91434f3620f5392de44327\"},\"description\":\"Jesus nos convida a viver a Miseric\\u00f3rdia de Maria! Leia essa mat\\u00e9ria e entenda:\",\"breadcrumb\":{\"@id\":\"https:\/\/www.adf.org.br\/home\/jesus-nos-convida-para-viver-junto-da-misericordia-de-maria\/#breadcrumb\"},\"inLanguage\":\"pt-BR\",\"potentialAction\":[{\"@type\":\"ReadAction\",\"target\":[\"https:\/\/www.adf.org.br\/home\/jesus-nos-convida-para-viver-junto-da-misericordia-de-maria\/\"]}]},{\"@type\":\"BreadcrumbList\",\"@id\":\"https:\/\/www.adf.org.br\/home\/jesus-nos-convida-para-viver-junto-da-misericordia-de-maria\/#breadcrumb\",\"itemListElement\":[{\"@type\":\"ListItem\",\"position\":1,\"name\":\"Home\",\"item\":\"https:\/\/www.adf.org.br\/home\/\"},{\"@type\":\"ListItem\",\"position\":2,\"name\":\"Jesus nos convida viver a Miseric\\u00f3rdia de Maria! Entenda\"}]},{\"@type\":\"Person\",\"@id\":\"https:\/\/www.adf.org.br\/home\/#\/schema\/person\/affa494ecf91434f3620f5392de44327\",\"name\":\"Gabriel Barbosa\",\"image\":{\"@type\":\"ImageObject\",\"@id\":\"https:\/\/www.adf.org.br\/home\/#personlogo\",\"inLanguage\":\"pt-BR\",\"url\":\"https:\/\/secure.gravatar.com\/avatar\/ecf2eab02e30486a7038f8b2858de06a?s=96&d=mm&r=g\",\"contentUrl\":\"https:\/\/secure.gravatar.com\/avatar\/ecf2eab02e30486a7038f8b2858de06a?s=96&d=mm&r=g\",\"caption\":\"Gabriel Barbosa\"},\"url\":\"https:\/\/www.adf.org.br\/home\/author\/gabriel-aascj\/\"}]}<\/script>\n<!-- \/ Yoast SEO plugin. -->","yoast_head_json":{"title":"Jesus nos convida viver a Miseric\u00f3rdia de Maria! Entenda","description":"Jesus nos convida a viver a Miseric\u00f3rdia de Maria! Leia essa mat\u00e9ria e entenda:","robots":{"index":"index","follow":"follow","max-snippet":"max-snippet:-1","max-image-preview":"max-image-preview:large","max-video-preview":"max-video-preview:-1"},"canonical":"https:\/\/www.adf.org.br\/home\/jesus-nos-convida-para-viver-junto-da-misericordia-de-maria\/","og_locale":"pt_BR","og_type":"article","og_title":"Jesus nos convida viver a Miseric\u00f3rdia de Maria! Entenda","og_description":"Jesus nos convida a viver a Miseric\u00f3rdia de Maria! Leia essa mat\u00e9ria e entenda:","og_url":"https:\/\/www.adf.org.br\/home\/jesus-nos-convida-para-viver-junto-da-misericordia-de-maria\/","og_site_name":"Associa\u00e7\u00e3o Devotos de F\u00e1tima","article_published_time":"2019-04-28T03:30:35+00:00","twitter_card":"summary_large_image","twitter_misc":{"Escrito por":"Gabriel Barbosa","Est. tempo de leitura":"2 minutos"},"schema":{"@context":"https:\/\/schema.org","@graph":[{"@type":"WebSite","@id":"https:\/\/www.adf.org.br\/home\/#website","url":"https:\/\/www.adf.org.br\/home\/","name":"Associa\u00e7\u00e3o Devotos de F\u00e1tima","description":"Associa\u00e7\u00e3o Devotos de F\u00e1tima","potentialAction":[{"@type":"SearchAction","target":{"@type":"EntryPoint","urlTemplate":"https:\/\/www.adf.org.br\/home\/?s={search_term_string}"},"query-input":"required name=search_term_string"}],"inLanguage":"pt-BR"},{"@type":"ImageObject","@id":"https:\/\/www.adf.org.br\/home\/jesus-nos-convida-para-viver-junto-da-misericordia-de-maria\/#primaryimage","inLanguage":"pt-BR","url":"","contentUrl":""},{"@type":"WebPage","@id":"https:\/\/www.adf.org.br\/home\/jesus-nos-convida-para-viver-junto-da-misericordia-de-maria\/#webpage","url":"https:\/\/www.adf.org.br\/home\/jesus-nos-convida-para-viver-junto-da-misericordia-de-maria\/","name":"Jesus nos convida viver a Miseric\u00f3rdia de Maria! Entenda","isPartOf":{"@id":"https:\/\/www.adf.org.br\/home\/#website"},"primaryImageOfPage":{"@id":"https:\/\/www.adf.org.br\/home\/jesus-nos-convida-para-viver-junto-da-misericordia-de-maria\/#primaryimage"},"datePublished":"2019-04-28T03:30:35+00:00","dateModified":"2019-04-28T03:30:35+00:00","author":{"@id":"https:\/\/www.adf.org.br\/home\/#\/schema\/person\/affa494ecf91434f3620f5392de44327"},"description":"Jesus nos convida a viver a Miseric\u00f3rdia de Maria! Leia essa mat\u00e9ria e entenda:","breadcrumb":{"@id":"https:\/\/www.adf.org.br\/home\/jesus-nos-convida-para-viver-junto-da-misericordia-de-maria\/#breadcrumb"},"inLanguage":"pt-BR","potentialAction":[{"@type":"ReadAction","target":["https:\/\/www.adf.org.br\/home\/jesus-nos-convida-para-viver-junto-da-misericordia-de-maria\/"]}]},{"@type":"BreadcrumbList","@id":"https:\/\/www.adf.org.br\/home\/jesus-nos-convida-para-viver-junto-da-misericordia-de-maria\/#breadcrumb","itemListElement":[{"@type":"ListItem","position":1,"name":"Home","item":"https:\/\/www.adf.org.br\/home\/"},{"@type":"ListItem","position":2,"name":"Jesus nos convida viver a Miseric\u00f3rdia de Maria! Entenda"}]},{"@type":"Person","@id":"https:\/\/www.adf.org.br\/home\/#\/schema\/person\/affa494ecf91434f3620f5392de44327","name":"Gabriel Barbosa","image":{"@type":"ImageObject","@id":"https:\/\/www.adf.org.br\/home\/#personlogo","inLanguage":"pt-BR","url":"https:\/\/secure.gravatar.com\/avatar\/ecf2eab02e30486a7038f8b2858de06a?s=96&d=mm&r=g","contentUrl":"https:\/\/secure.gravatar.com\/avatar\/ecf2eab02e30486a7038f8b2858de06a?s=96&d=mm&r=g","caption":"Gabriel Barbosa"},"url":"https:\/\/www.adf.org.br\/home\/author\/gabriel-aascj\/"}]}},"_links":{"self":[{"href":"https:\/\/www.adf.org.br\/home\/wp-json\/wp\/v2\/posts\/51973"}],"collection":[{"href":"https:\/\/www.adf.org.br\/home\/wp-json\/wp\/v2\/posts"}],"about":[{"href":"https:\/\/www.adf.org.br\/home\/wp-json\/wp\/v2\/types\/post"}],"author":[{"embeddable":true,"href":"https:\/\/www.adf.org.br\/home\/wp-json\/wp\/v2\/users\/27"}],"replies":[{"embeddable":true,"href":"https:\/\/www.adf.org.br\/home\/wp-json\/wp\/v2\/comments?post=51973"}],"version-history":[{"count":0,"href":"https:\/\/www.adf.org.br\/home\/wp-json\/wp\/v2\/posts\/51973\/revisions"}],"wp:featuredmedia":[{"embeddable":true,"href":"https:\/\/www.adf.org.br\/home\/wp-json\/wp\/v2\/media\/51978"}],"wp:attachment":[{"href":"https:\/\/www.adf.org.br\/home\/wp-json\/wp\/v2\/media?parent=51973"}],"wp:term":[{"taxonomy":"category","embeddable":true,"href":"https:\/\/www.adf.org.br\/home\/wp-json\/wp\/v2\/categories?post=51973"},{"taxonomy":"post_tag","embeddable":true,"href":"https:\/\/www.adf.org.br\/home\/wp-json\/wp\/v2\/tags?post=51973"}],"curies":[{"name":"wp","href":"https:\/\/api.w.org\/{rel}","templated":true}]}}