{"id":51966,"date":"2019-04-26T00:00:26","date_gmt":"2019-04-26T03:00:26","guid":{"rendered":"http:\/\/www.adf.org.br\/home\/?p=51966"},"modified":"2019-04-26T00:00:26","modified_gmt":"2019-04-26T03:00:26","slug":"oitava-de-pascoa","status":"publish","type":"post","link":"https:\/\/www.adf.org.br\/home\/oitava-de-pascoa\/","title":{"rendered":"Oitava de P\u00e1scoa&#8230; o que significa? Descubra"},"content":{"rendered":"<figure id=\"attachment_43625\" aria-describedby=\"caption-attachment-43625\" style=\"width: 560px\" class=\"wp-caption aligncenter\"><img loading=\"lazy\" class=\"wp-image-43625\" src=\"http:\/\/www.adf.org.br\/home\/wp-content\/uploads\/2017\/04\/Oitava_de_Pascoa.jpg\" alt=\"Oitava de P\u00e1scoa\" width=\"560\" height=\"320\" \/><figcaption id=\"caption-attachment-43625\" class=\"wp-caption-text\">Nosso Senhor Ressuscitou!<\/figcaption><\/figure>\n<p style=\"padding-left: 90px;\"><span style=\"font-family: verdana, geneva, sans-serif; font-size: 12pt; color: #000000;\"><span style=\"color: #ffffff;\">.<\/span><br \/>\n<span style=\"font-size: 24pt;\"><strong>N<\/strong><\/span>o dia 28\/04, segundo o calend\u00e1rio lit\u00fargico, ser\u00e1 a <strong>Oitava de P\u00e1scoa<\/strong> ou conhecido como <strong>Festa da Divina Miseric\u00f3rdia!<\/strong><\/span><\/p>\n<p><span style=\"font-family: verdana, geneva, sans-serif; font-size: 12pt; color: #000000;\"><span style=\"font-size: 14pt;\"><strong>A<\/strong><\/span>\u00a0Oitava de P\u00e1scoa \u00e9 a primeira semana destes cinquenta dias;\u00a0<\/span><em><span style=\"font-family: verdana, geneva, sans-serif; font-size: 12pt; color: #000000;\">\u00c9 considerada como se fosse um s\u00f3 dia, ou seja, o j\u00fabilo do Domingo de P\u00e1scoa \u00e9 prolongado durante oito dias.<\/span><\/em><\/p>\n<p><span style=\"font-family: verdana, geneva, sans-serif; font-size: 12pt; color: #000000;\">As leituras evang\u00e9licas est\u00e3o centralizadas nos relatos das apari\u00e7\u00f5es de Cristo Ressuscitado e nas experi\u00eancias que os ap\u00f3stolos tiveram com Ele.<\/span><\/p>\n<p><span style=\"font-family: verdana, geneva, sans-serif; font-size: 12pt; color: #000000;\">Neste tempo lit\u00fargico, a primeira leitura, normalmente tirada do Antigo Testamento, \u00e9 trocada por uma leitura dos Atos dos Ap\u00f3stolos.<\/span><\/p>\n<p style=\"padding-left: 60px;\"><strong><span style=\"font-family: verdana, geneva, sans-serif; font-size: 12pt; color: #000080;\">O segundo Domingo de P\u00e1scoa tamb\u00e9m \u00e9 chamado Domingo da Divina Miseric\u00f3rdia;<\/span><\/strong><\/p>\n<p><span style=\"font-family: verdana, geneva, sans-serif; font-size: 12pt; color: #000000;\">Segundo a disposi\u00e7\u00e3o de S\u00e3o Jo\u00e3o Paulo II durante seu pontificado, depois da canoniza\u00e7\u00e3o da sua compatriota Faustina Kowalska.<\/span><\/p>\n<p><span style=\"font-family: verdana, geneva, sans-serif; font-size: 12pt; color: #000000;\">O decreto foi emitido no dia 23 de maio do 2000 pela Sagrada Congrega\u00e7\u00e3o para o Culto Divino e a Disciplina dos Sacramentos;<\/span><\/p>\n<p style=\"padding-left: 60px;\"><strong><span style=\"font-family: verdana, geneva, sans-serif; font-size: 12pt; color: #000080;\">Detalhando que esta seria comemorada no segundo domingo de P\u00e1scoa.<\/span><\/strong><\/p>\n<p><span style=\"font-family: verdana, geneva, sans-serif; font-size: 12pt; color: #000000;\">A denomina\u00e7\u00e3o oficial deste dia lit\u00fargico ser\u00e1 \u201csegundo domingo de P\u00e1scoa ou Domingo da Divina Miseric\u00f3rdia\u201d.<\/span><\/p>\n<hr \/>\n<p><span style=\"font-family: verdana, geneva, sans-serif; font-size: 12pt; color: #ffffff;\">.<\/span><\/p>\n<p style=\"text-align: center;\"><span style=\"font-family: verdana, geneva, sans-serif; font-size: 12pt; color: #000000;\">Receba Gra\u00e7as e Ben\u00e7\u00e3o de Nossa Senhora agora mesmo<\/span><\/p>\n<h5 style=\"text-align: center;\"><span style=\"font-family: verdana, geneva, sans-serif; font-size: 12pt; color: #000000;\">Veja como receber sua Medalha Milagrosa pelos correios agora mesmo.<\/span><\/h5>\n<p style=\"text-align: center;\"><span style=\"font-family: verdana, geneva, sans-serif; font-size: 12pt; color: #000000;\"><a href=\"https:\/\/adf.org.br\/exercitodamedalha\/?origem=9947#\" target=\"_blank\" rel=\"noopener noreferrer\"><strong><span style=\"color: #0000ff;\">Clique aqui<\/span><\/strong><\/a>\u00a0e confira.<br \/>\n<\/span><span style=\"font-size: 8pt; color: #ffffff;\">..<\/span><\/p>\n<figure id=\"attachment_35437\" aria-describedby=\"caption-attachment-35437\" style=\"width: 400px\" class=\"wp-caption aligncenter\"><a href=\"https:\/\/adf.org.br\/exercitodamedalha\/?origem=9947#motivos\" target=\"_blank\" rel=\"noopener noreferrer\"><img loading=\"lazy\" class=\"wp-image-35437 size-full\" title=\"Clique aqui e receba a Medalha Milagrosa\" src=\"https:\/\/www.adf.org.br\/home\/wp-content\/uploads\/2015\/11\/banner_medalha_milagrosa13.gif\" alt=\"Clique aqui para receber sua Medalha Milagrosa pelos correios.\" width=\"400\" height=\"146\" \/><\/a><figcaption id=\"caption-attachment-35437\" class=\"wp-caption-text\"><em><span style=\"color: #333333;\"><a style=\"color: #333333;\" href=\"https:\/\/adf.org.br\/exercitodamedalha\/?origem=9947#motivos\" target=\"_blank\" rel=\"noopener noreferrer\">Clique aqui para receber sua Medalha Milagrosa pelos correios.<\/a><\/span><\/em><\/figcaption><\/figure>\n","protected":false},"excerpt":{"rendered":"<p>. No dia 28\/04, segundo o calend\u00e1rio lit\u00fargico, ser\u00e1 a Oitava de P\u00e1scoa ou conhecido como Festa da Divina Miseric\u00f3rdia! A\u00a0Oitava de P\u00e1scoa \u00e9 a primeira semana destes cinquenta dias;\u00a0\u00c9 considerada como se fosse um s\u00f3 dia, ou seja, o j\u00fabilo do Domingo de P\u00e1scoa \u00e9 prolongado durante oito dias. As leituras evang\u00e9licas est\u00e3o centralizadas [&hellip;]<\/p>\n","protected":false},"author":27,"featured_media":51968,"comment_status":"open","ping_status":"open","sticky":false,"template":"","format":"standard","meta":[],"categories":[20],"tags":[1370,2862],"yoast_head":"<!-- This site is optimized with the Yoast SEO plugin v17.4 - https:\/\/yoast.com\/wordpress\/plugins\/seo\/ -->\n<title>Oitava de P\u00e1scoa... o que significa? Descubra<\/title>\n<meta name=\"description\" content=\"Veja o Significado da Oitava de P\u00e1scoa\" \/>\n<meta name=\"robots\" content=\"index, follow, max-snippet:-1, max-image-preview:large, max-video-preview:-1\" \/>\n<link rel=\"canonical\" href=\"https:\/\/www.adf.org.br\/home\/oitava-de-pascoa\/\" \/>\n<meta property=\"og:locale\" content=\"pt_BR\" \/>\n<meta property=\"og:type\" content=\"article\" \/>\n<meta property=\"og:title\" content=\"Oitava de P\u00e1scoa... o que significa? Descubra\" \/>\n<meta property=\"og:description\" content=\"Veja o Significado da Oitava de P\u00e1scoa\" \/>\n<meta property=\"og:url\" content=\"https:\/\/www.adf.org.br\/home\/oitava-de-pascoa\/\" \/>\n<meta property=\"og:site_name\" content=\"Associa\u00e7\u00e3o Devotos de F\u00e1tima\" \/>\n<meta property=\"article:published_time\" content=\"2019-04-26T03:00:26+00:00\" \/>\n<meta name=\"twitter:card\" content=\"summary_large_image\" \/>\n<meta name=\"twitter:label1\" content=\"Escrito por\" \/>\n\t<meta name=\"twitter:data1\" content=\"Gabriel Barbosa\" \/>\n\t<meta name=\"twitter:label2\" content=\"Est. tempo de leitura\" \/>\n\t<meta name=\"twitter:data2\" content=\"1 minuto\" \/>\n<script type=\"application\/ld+json\" class=\"yoast-schema-graph\">{\"@context\":\"https:\/\/schema.org\",\"@graph\":[{\"@type\":\"WebSite\",\"@id\":\"https:\/\/www.adf.org.br\/home\/#website\",\"url\":\"https:\/\/www.adf.org.br\/home\/\",\"name\":\"Associa\\u00e7\\u00e3o Devotos de F\\u00e1tima\",\"description\":\"Associa\\u00e7\\u00e3o Devotos de F\\u00e1tima\",\"potentialAction\":[{\"@type\":\"SearchAction\",\"target\":{\"@type\":\"EntryPoint\",\"urlTemplate\":\"https:\/\/www.adf.org.br\/home\/?s={search_term_string}\"},\"query-input\":\"required name=search_term_string\"}],\"inLanguage\":\"pt-BR\"},{\"@type\":\"ImageObject\",\"@id\":\"https:\/\/www.adf.org.br\/home\/oitava-de-pascoa\/#primaryimage\",\"inLanguage\":\"pt-BR\",\"url\":\"\",\"contentUrl\":\"\"},{\"@type\":\"WebPage\",\"@id\":\"https:\/\/www.adf.org.br\/home\/oitava-de-pascoa\/#webpage\",\"url\":\"https:\/\/www.adf.org.br\/home\/oitava-de-pascoa\/\",\"name\":\"Oitava de P\\u00e1scoa... o que significa? Descubra\",\"isPartOf\":{\"@id\":\"https:\/\/www.adf.org.br\/home\/#website\"},\"primaryImageOfPage\":{\"@id\":\"https:\/\/www.adf.org.br\/home\/oitava-de-pascoa\/#primaryimage\"},\"datePublished\":\"2019-04-26T03:00:26+00:00\",\"dateModified\":\"2019-04-26T03:00:26+00:00\",\"author\":{\"@id\":\"https:\/\/www.adf.org.br\/home\/#\/schema\/person\/affa494ecf91434f3620f5392de44327\"},\"description\":\"Veja o Significado da Oitava de P\\u00e1scoa\",\"breadcrumb\":{\"@id\":\"https:\/\/www.adf.org.br\/home\/oitava-de-pascoa\/#breadcrumb\"},\"inLanguage\":\"pt-BR\",\"potentialAction\":[{\"@type\":\"ReadAction\",\"target\":[\"https:\/\/www.adf.org.br\/home\/oitava-de-pascoa\/\"]}]},{\"@type\":\"BreadcrumbList\",\"@id\":\"https:\/\/www.adf.org.br\/home\/oitava-de-pascoa\/#breadcrumb\",\"itemListElement\":[{\"@type\":\"ListItem\",\"position\":1,\"name\":\"Home\",\"item\":\"https:\/\/www.adf.org.br\/home\/\"},{\"@type\":\"ListItem\",\"position\":2,\"name\":\"Oitava de P\\u00e1scoa&#8230; o que significa? Descubra\"}]},{\"@type\":\"Person\",\"@id\":\"https:\/\/www.adf.org.br\/home\/#\/schema\/person\/affa494ecf91434f3620f5392de44327\",\"name\":\"Gabriel Barbosa\",\"image\":{\"@type\":\"ImageObject\",\"@id\":\"https:\/\/www.adf.org.br\/home\/#personlogo\",\"inLanguage\":\"pt-BR\",\"url\":\"https:\/\/secure.gravatar.com\/avatar\/ecf2eab02e30486a7038f8b2858de06a?s=96&d=mm&r=g\",\"contentUrl\":\"https:\/\/secure.gravatar.com\/avatar\/ecf2eab02e30486a7038f8b2858de06a?s=96&d=mm&r=g\",\"caption\":\"Gabriel Barbosa\"},\"url\":\"https:\/\/www.adf.org.br\/home\/author\/gabriel-aascj\/\"}]}<\/script>\n<!-- \/ Yoast SEO plugin. -->","yoast_head_json":{"title":"Oitava de P\u00e1scoa... o que significa? Descubra","description":"Veja o Significado da Oitava de P\u00e1scoa","robots":{"index":"index","follow":"follow","max-snippet":"max-snippet:-1","max-image-preview":"max-image-preview:large","max-video-preview":"max-video-preview:-1"},"canonical":"https:\/\/www.adf.org.br\/home\/oitava-de-pascoa\/","og_locale":"pt_BR","og_type":"article","og_title":"Oitava de P\u00e1scoa... o que significa? Descubra","og_description":"Veja o Significado da Oitava de P\u00e1scoa","og_url":"https:\/\/www.adf.org.br\/home\/oitava-de-pascoa\/","og_site_name":"Associa\u00e7\u00e3o Devotos de F\u00e1tima","article_published_time":"2019-04-26T03:00:26+00:00","twitter_card":"summary_large_image","twitter_misc":{"Escrito por":"Gabriel Barbosa","Est. tempo de leitura":"1 minuto"},"schema":{"@context":"https:\/\/schema.org","@graph":[{"@type":"WebSite","@id":"https:\/\/www.adf.org.br\/home\/#website","url":"https:\/\/www.adf.org.br\/home\/","name":"Associa\u00e7\u00e3o Devotos de F\u00e1tima","description":"Associa\u00e7\u00e3o Devotos de F\u00e1tima","potentialAction":[{"@type":"SearchAction","target":{"@type":"EntryPoint","urlTemplate":"https:\/\/www.adf.org.br\/home\/?s={search_term_string}"},"query-input":"required name=search_term_string"}],"inLanguage":"pt-BR"},{"@type":"ImageObject","@id":"https:\/\/www.adf.org.br\/home\/oitava-de-pascoa\/#primaryimage","inLanguage":"pt-BR","url":"","contentUrl":""},{"@type":"WebPage","@id":"https:\/\/www.adf.org.br\/home\/oitava-de-pascoa\/#webpage","url":"https:\/\/www.adf.org.br\/home\/oitava-de-pascoa\/","name":"Oitava de P\u00e1scoa... o que significa? Descubra","isPartOf":{"@id":"https:\/\/www.adf.org.br\/home\/#website"},"primaryImageOfPage":{"@id":"https:\/\/www.adf.org.br\/home\/oitava-de-pascoa\/#primaryimage"},"datePublished":"2019-04-26T03:00:26+00:00","dateModified":"2019-04-26T03:00:26+00:00","author":{"@id":"https:\/\/www.adf.org.br\/home\/#\/schema\/person\/affa494ecf91434f3620f5392de44327"},"description":"Veja o Significado da Oitava de P\u00e1scoa","breadcrumb":{"@id":"https:\/\/www.adf.org.br\/home\/oitava-de-pascoa\/#breadcrumb"},"inLanguage":"pt-BR","potentialAction":[{"@type":"ReadAction","target":["https:\/\/www.adf.org.br\/home\/oitava-de-pascoa\/"]}]},{"@type":"BreadcrumbList","@id":"https:\/\/www.adf.org.br\/home\/oitava-de-pascoa\/#breadcrumb","itemListElement":[{"@type":"ListItem","position":1,"name":"Home","item":"https:\/\/www.adf.org.br\/home\/"},{"@type":"ListItem","position":2,"name":"Oitava de P\u00e1scoa&#8230; o que significa? Descubra"}]},{"@type":"Person","@id":"https:\/\/www.adf.org.br\/home\/#\/schema\/person\/affa494ecf91434f3620f5392de44327","name":"Gabriel Barbosa","image":{"@type":"ImageObject","@id":"https:\/\/www.adf.org.br\/home\/#personlogo","inLanguage":"pt-BR","url":"https:\/\/secure.gravatar.com\/avatar\/ecf2eab02e30486a7038f8b2858de06a?s=96&d=mm&r=g","contentUrl":"https:\/\/secure.gravatar.com\/avatar\/ecf2eab02e30486a7038f8b2858de06a?s=96&d=mm&r=g","caption":"Gabriel Barbosa"},"url":"https:\/\/www.adf.org.br\/home\/author\/gabriel-aascj\/"}]}},"_links":{"self":[{"href":"https:\/\/www.adf.org.br\/home\/wp-json\/wp\/v2\/posts\/51966"}],"collection":[{"href":"https:\/\/www.adf.org.br\/home\/wp-json\/wp\/v2\/posts"}],"about":[{"href":"https:\/\/www.adf.org.br\/home\/wp-json\/wp\/v2\/types\/post"}],"author":[{"embeddable":true,"href":"https:\/\/www.adf.org.br\/home\/wp-json\/wp\/v2\/users\/27"}],"replies":[{"embeddable":true,"href":"https:\/\/www.adf.org.br\/home\/wp-json\/wp\/v2\/comments?post=51966"}],"version-history":[{"count":0,"href":"https:\/\/www.adf.org.br\/home\/wp-json\/wp\/v2\/posts\/51966\/revisions"}],"wp:featuredmedia":[{"embeddable":true,"href":"https:\/\/www.adf.org.br\/home\/wp-json\/wp\/v2\/media\/51968"}],"wp:attachment":[{"href":"https:\/\/www.adf.org.br\/home\/wp-json\/wp\/v2\/media?parent=51966"}],"wp:term":[{"taxonomy":"category","embeddable":true,"href":"https:\/\/www.adf.org.br\/home\/wp-json\/wp\/v2\/categories?post=51966"},{"taxonomy":"post_tag","embeddable":true,"href":"https:\/\/www.adf.org.br\/home\/wp-json\/wp\/v2\/tags?post=51966"}],"curies":[{"name":"wp","href":"https:\/\/api.w.org\/{rel}","templated":true}]}}