{"id":51947,"date":"2019-04-27T00:30:32","date_gmt":"2019-04-27T03:30:32","guid":{"rendered":"http:\/\/www.adf.org.br\/home\/?p=51947"},"modified":"2019-04-27T00:30:32","modified_gmt":"2019-04-27T03:30:32","slug":"maria-a-fiel-copia-da-misericordia-divina","status":"publish","type":"post","link":"https:\/\/www.adf.org.br\/home\/maria-a-fiel-copia-da-misericordia-divina\/","title":{"rendered":"Entenda porque Maria \u00e9 a Fiel C\u00f3pia da Miseric\u00f3rdia Divina"},"content":{"rendered":"<p style=\"padding-left: 90px; text-align: center;\"><span style=\"font-size: 14pt; font-family: georgia, palatino, serif;\">Faltando apenas um dia para a Festa da Divina Miseric\u00f3rdia, de Maria tamb\u00e9m \u00e9 jorrado uma Torrente de Miseric\u00f3rdia!<br \/>\nLeia:<\/span><\/p>\n<p><span style=\"font-family: verdana, geneva, sans-serif; font-size: 14pt; color: #000000;\"><img loading=\"lazy\" class=\"aligncenter wp-image-48930\" title=\"Maria, M\u00e3e da miseric\u00f3rdia\" src=\"https:\/\/www.adf.org.br\/home\/wp-content\/uploads\/2018\/11\/maria-mae-misericordia.jpg\" alt=\"maria-mae-misericordia\" width=\"560\" height=\"408\" \/><span style=\"color: #ffffff;\">.<\/span><\/span><\/p>\n<p style=\"padding-left: 60px;\"><span style=\"font-size: 12pt; color: #000000;\"><span style=\"font-family: verdana, geneva, sans-serif;\"><span style=\"font-size: 18pt;\"><strong>F<\/strong><\/span>oi para dispensar-nos todas as miseric\u00f3rdias poss\u00edveis, afirma S. Bernardo, que o Eterno Pai, al\u00e9m de Jesus Cristo, nosso principal advogado, nos deu ainda Maria Sant\u00edssima como advogada.<\/span><\/span><\/p>\n<p><span style=\"font-family: verdana, geneva, sans-serif; font-size: 12pt; color: #000000;\"><strong>N<\/strong>\u00e3o h\u00e1 d\u00favida, Jesus \u00e9 o \u00fanico medianeiro de justi\u00e7a entre Deus e os homens, o \u00fanico que em virtude dos pr\u00f3prios m\u00e9ritos nos pode obter gra\u00e7a e perd\u00e3o, e de acordo com suas promessas tamb\u00e9m o quer.<\/span><\/p>\n<p style=\"padding-left: 60px;\"><strong><span style=\"font-family: verdana, geneva, sans-serif; font-size: 12pt; color: #000000;\">Mas como em Jesus Cristo reconhecem e temem os homens a majestade divina, aprouve a Deus dar-nos outra advogada a quem recorrer pud\u00e9ssemos com maior confian\u00e7a e menor receio.<\/span><\/strong><\/p>\n<p><span style=\"font-family: verdana, geneva, sans-serif; font-size: 12pt; color: #000000;\">E temo-la em Maria, fora de quem n\u00e3o acharemos outra nem mais poderosa para a Divina Majestade, nem mais misericordiosa para conosco.<\/span><\/p>\n<p><span style=\"font-family: verdana, geneva, sans-serif; font-size: 12pt; color: #000000;\">Grande inj\u00faria faz \u00e0 piedade desta am\u00e1vel advogada quem se intimida de vir \u00e0 sua presen\u00e7a.<\/span><\/p>\n<p><span style=\"font-family: verdana, geneva, sans-serif; font-size: 12pt; color: #000000;\"><strong>Pois ela nada tem de severo e de terr\u00edvel, mas \u00e9 toda suavidade, toda clem\u00eancia, toda amabilidade.<\/strong><\/span><\/p>\n<p><span style=\"font-family: verdana, geneva, sans-serif; font-size: 12pt; color: #000000;\">L\u00ea e rel\u00ea quanto quiseres, prossegue S. Bernardo, o que est\u00e1 escrito nos Santos Evangelhos, e se encontrares um s\u00f3 ato de severidade em Maria, ent\u00e3o teme chegar-te a seus p\u00e9s.<\/span><\/p>\n<p style=\"text-align: left;\"><span style=\"font-family: verdana, geneva, sans-serif; font-size: 12pt; color: #000000;\">Mas o n\u00e3o achar\u00e1s em parte alguma. Recorre, pois, a ela alegre e confiadamente, que por sua intercess\u00e3o ela te salvar\u00e1.<\/span><\/p>\n<h1 style=\"text-align: left; padding-left: 60px;\"><span style=\"font-size: 14pt;\"><strong><span style=\"font-family: verdana, geneva, sans-serif; color: #000000;\">Bel\u00edssimas s\u00e3o as palavras que Guilherme de Paris faz o pecador pronunciar diante de Maria:<\/span><\/strong><\/span><\/h1>\n<p style=\"text-align: left;\"><em><span style=\"font-family: verdana, geneva, sans-serif; font-size: 12pt; color: #000000;\">\u00d3 M\u00e3e de meu Deus! Reduzido \u00e0 mis\u00e9ria por muitos pecados, a v\u00f3s recorro cheio de confian\u00e7a.<\/span><\/em><\/p>\n<p><em><span style=\"font-family: verdana, geneva, sans-serif; font-size: 12pt; color: #000000;\">Se me repelirdes, mostrar-vos-ei que estais em certo modo obrigada a ajudar-me, porque toda Igreja dos fi\u00e9is chama e clama que sois M\u00e3e de Miseric\u00f3rdia.<\/span><\/em><\/p>\n<p><em><span style=\"font-family: verdana, geneva, sans-serif; font-size: 12pt; color: #000000;\">Porque Deus muito vos quer, tamb\u00e9m sempre atende vossos rogos.<\/span><\/em><\/p>\n<p><span style=\"font-family: verdana, geneva, sans-serif; font-size: 12pt; color: #000000;\">Jamais falhou vossa grande piedade; vossa dulc\u00edssima afabilidade repeliu nunca pecador algum, ainda de todos o maior, que a v\u00f3s se tenha recomendado.<\/span><\/p>\n<h1 style=\"padding-left: 60px;\"><span style=\"font-size: 14pt;\"><strong><span style=\"font-family: verdana, geneva, sans-serif; color: #000000;\">Como ent\u00e3o?<\/span><\/strong><\/span><\/h1>\n<p><span style=\"font-family: verdana, geneva, sans-serif; font-size: 12pt; color: #000000;\">Ser\u00e1 falsamente ou em v\u00e3o que a Igreja toda vos denomina advogada sua e ref\u00fagio dos miser\u00e1veis?<\/span><\/p>\n<p><span style=\"font-family: verdana, geneva, sans-serif; font-size: 12pt; color: #000000;\">Que minhas culpas, \u00f3 minha M\u00e3e, n\u00e3o vos impe\u00e7am de exercer esse grande minist\u00e9rio de misericordiosa advogada e medianeira de paz entre Deus e os homens, como seguro ref\u00fagio e \u00fanica esperan\u00e7a dos miser\u00e1veis.<\/span><br \/>\n<span style=\"color: #ffffff; font-family: verdana, geneva, sans-serif; font-size: 12pt;\">.<\/span><br \/>\n<span style=\"font-family: verdana, geneva, sans-serif; font-size: 12pt; color: #000000;\">A quem deveis vossa riqueza em gra\u00e7a e em gl\u00f3ria e mesmo vossa dignidade de M\u00e3e de Deus? Posso diz\u00ea-lo?<\/span><\/p>\n<p><strong><span style=\"font-family: verdana, geneva, sans-serif; font-size: 12pt; color: #000000;\">Deveis aos pecadores tudo quanto possu\u00eds; por causa deles o Verbo Divino vos elegeu para sua M\u00e3e.<\/span><\/strong><\/p>\n<p><span style=\"font-family: verdana, geneva, sans-serif; font-size: 12pt; color: #000000;\">Assim, pois, j\u00e1 que \u00e9 vosso of\u00edcio ser medianeira entre Deus e os homens, assisti-me pela vossa grande bondade, a qual \u00e9 incomparavelmente maior que todos os meus pecados.<\/span><\/p>\n<p><strong><span style=\"font-family: verdana, geneva, sans-serif; font-size: 12pt; color: #000000;\">Consolai-vos, pois \u00f3 t\u00edmidos, direi eu com Pacciuchelli;<\/span><\/strong><\/p>\n<p style=\"padding-left: 60px;\"><em><span style=\"font-family: verdana, geneva, sans-serif; font-size: 12pt; color: #000000;\"><strong><span style=\"color: #000080;\">Respirai e animai-vos, \u00f3 miser\u00e1veis pecadores! Essa Virgem excelsa,<br \/>\nM\u00e3e de vosso Deus e vosso Juiz, \u00e9 ao mesmo tempo advogada do g\u00eanero humano<\/span><\/strong><span style=\"color: #000080;\">.<\/span><\/span><\/em><\/p>\n<p><span style=\"font-family: verdana, geneva, sans-serif; font-size: 12pt; color: #000000;\">Mas \u00e9 uma advogada competente que tudo pode junto de Deus;\u00a0<\/span><\/p>\n<p><span style=\"font-family: verdana, geneva, sans-serif; font-size: 12pt; color: #000000;\"><em>sapient\u00edssima<\/em>, porque conhece todos os modos de aplac\u00e1-lo;\u00a0<\/span><\/p>\n<p><span style=\"font-family: verdana, geneva, sans-serif; font-size: 12pt; color: #000000;\"><em>universal<\/em>, porque a todos socorre e a ningu\u00e9m recusa defender.<\/span><\/p>\n<div><span style=\"font-family: verdana, geneva, sans-serif; font-size: 12pt; color: #ffffff;\">.<\/span><\/div>\n<h1 style=\"padding-left: 30px;\"><span style=\"color: #000080; font-family: verdana, geneva, sans-serif; font-size: 14pt;\"><strong>Exemplo<\/strong><\/span><\/h1>\n<div><span style=\"font-family: verdana, geneva, sans-serif; font-size: 12pt; color: #ffffff;\">.<\/span><br \/>\n<span style=\"font-family: verdana, geneva, sans-serif; font-size: 12pt; color: #000000;\"><span style=\"font-size: 14pt;\"><strong>N<\/strong><\/span>uma miss\u00e3o pregada pelos Padres Redentoristas, ap\u00f3s o serm\u00e3o de Nossa Senhora, veio confessar-se um velho que n\u00e3o cabia de si de contente.<\/span><\/div>\n<div><span style=\"color: #ffffff; font-family: verdana, geneva, sans-serif; font-size: 12pt;\">.<\/span><\/div>\n<div><span style=\"font-family: verdana, geneva, sans-serif; font-size: 12pt; color: #000000;\">&#8211;<em> Sr. Padre, Nossa Senhora me faz essa gra\u00e7a t\u00e3o grande, disse o velho.<\/em><\/span><br \/>\n<em> <span style=\"color: #ffffff; font-family: verdana, geneva, sans-serif; font-size: 12pt;\">.<\/span><\/em><\/div>\n<div><span style=\"font-family: verdana, geneva, sans-serif; font-size: 12pt; color: #000000;\">&#8211;<em> Mas que gra\u00e7a? Perguntou-lhe o sacerdote.<\/em><\/span><\/div>\n<div><span style=\"font-family: verdana, geneva, sans-serif; font-size: 12pt; color: #000000;\">\u00a0<\/span><\/div>\n<div><span style=\"font-family: verdana, geneva, sans-serif; font-size: 12pt; color: #000000;\">&#8211;<em> Ou\u00e7a, reverendo:<\/em><\/span><\/div>\n<div><em>\u00a0<span style=\"color: #ffffff;\">.<\/span><\/em><\/div>\n<div><span style=\"font-family: verdana, geneva, sans-serif; font-size: 12pt; color: #000000;\">Desde a idade de 35 anos me venho confessando sacrilegamente, s\u00f3 por vergonha de contar um pecado.<\/span><\/div>\n<div><span style=\"color: #ffffff;\">\u00a0.<\/span><\/div>\n<div><span style=\"font-family: verdana, geneva, sans-serif; font-size: 12pt; color: #000000;\">Durante esse tempo estive \u00e0 morte e, se ent\u00e3o a morte me surpreendesse, estaria agora condenado.\u00a0<\/span><span style=\"color: #000000; font-family: verdana, geneva, sans-serif; font-size: 12pt;\">Mas hoje deu-me Nossa Senhora coragem.<\/span><\/div>\n<div><span style=\"color: #ffffff; font-family: verdana, geneva, sans-serif; font-size: 12pt;\">.<\/span><\/div>\n<div><span style=\"font-family: verdana, geneva, sans-serif; font-size: 12pt; color: #000000;\">Dizia o pobre tudo isso por entre l\u00e1grimas que muito comoviam. Depois da confiss\u00e3o, perguntou-lhe o mission\u00e1rio se venerava a Sant\u00edssima Virgem com alguma pr\u00e1tica religiosa.\u00a0<span style=\"text-decoration: underline;\"><br \/>\n<\/span><span style=\"color: #ffffff;\">.<\/span><span style=\"text-decoration: underline;\"><br \/>\n<\/span>Contou-lhe o velho ent\u00e3o que aos s\u00e1bados abstinha-se de carne e por isso Nossa Senhora dele se compadecera.\u00a0<\/span><\/div>\n<div>\u00a0<span style=\"color: #ffffff;\">.<\/span><\/div>\n<div><span style=\"font-family: verdana, geneva, sans-serif; font-size: 12pt; color: #000000;\">Ao mesmo tempo autorizou a narra\u00e7\u00e3o deste fato.<\/span><\/div>\n<div><span style=\"font-family: verdana, geneva, sans-serif; font-size: 12pt; color: #000000;\">\u00a0<\/span><\/div>\n<div style=\"padding-left: 60px;\"><span style=\"color: #000000; font-family: verdana, geneva, sans-serif; font-size: 14pt;\"><strong><br \/>\n<span style=\"color: #000080;\">Ora\u00e7\u00e3o<\/span><\/strong><\/span><\/div>\n<h5><span style=\"font-family: verdana, geneva, sans-serif; font-size: 12pt; color: #000000;\">\u00a0<span style=\"color: #ffffff;\">.<\/span><\/span><\/h5>\n<blockquote><p><em><span style=\"font-family: verdana, geneva, sans-serif; font-size: 12pt; color: #000000;\">\u00d3 grande M\u00e3e de meu Senhor, sei que a ingratid\u00e3o que h\u00e1 anos tenho usado com Deus e convosco,<\/span><\/em><\/p>\n<p><em><span style=\"font-family: verdana, geneva, sans-serif; font-size: 12pt; color: #000000;\">justamente merecia que deix\u00e1sseis de ter cuidado de mim; porque o ingrato \u00e9 indigno de benef\u00edcios.<\/span><\/em><br \/>\n<em> <span style=\"color: #ffffff; font-family: verdana, geneva, sans-serif; font-size: 12pt;\">.<\/span><\/em><br \/>\n<em> <span style=\"font-family: verdana, geneva, sans-serif; font-size: 12pt; color: #000000;\">Mas tenho, Senhora, em grande conceito vossa bondade; estou certo que ela \u00e9 muito maior que a minha grande ingratid\u00e3o.<\/span><\/em><\/p>\n<p><em><span style=\"font-family: verdana, geneva, sans-serif; font-size: 12pt; color: #000000;\">Continuai, pois, \u00f3 ref\u00fagio dos pecadores, e n\u00e3o deixeis de socorrer um miser\u00e1vel, que em v\u00f3s confia.<\/span><\/em><br \/>\n<em> <span style=\"color: #ffffff; font-family: verdana, geneva, sans-serif; font-size: 12pt;\">.<\/span><\/em><br \/>\n<em> <span style=\"font-family: verdana, geneva, sans-serif; font-size: 12pt; color: #000000;\">\u00d3 M\u00e3e de Miseric\u00f3rdia, da\u00ed a m\u00e3o a um pobre ca\u00eddo, que recorre \u00e0 vossa piedade a fim de se poder levantar.<\/span><\/em><\/p>\n<p><em><span style=\"font-family: verdana, geneva, sans-serif; font-size: 12pt; color: #000000;\">\u00d3 Maria, ou defendei-me ou dizei-me quem melhor que v\u00f3s me possa defender.<\/span><\/em><br \/>\n<em> <span style=\"color: #ffffff; font-family: verdana, geneva, sans-serif; font-size: 12pt;\">.<\/span><\/em><br \/>\n<em> <span style=\"font-family: verdana, geneva, sans-serif; font-size: 12pt; color: #000000;\">Mas onde posso eu achar uma advogada junto a Deus mais compadecida, ou mais poderosa do que v\u00f3s, que sois sua M\u00e3e?<\/span><\/em><\/p>\n<p><em><span style=\"font-family: verdana, geneva, sans-serif; font-size: 12pt; color: #000000;\">Como M\u00e3e do Salvador, nascestes para salvar os pecadores e a mim fostes dada para minha salva\u00e7\u00e3o.<\/span><\/em><\/p>\n<p><em><span style=\"font-family: verdana, geneva, sans-serif; font-size: 12pt; color: #000000;\">\u00d3 Maria, salvai quem a v\u00f3s recorre. Eu n\u00e3o mere\u00e7o o vosso amor; mas o desejo que tendes de salvar os perdidos me faz esper\u00e1-lo.<\/span><\/em><br \/>\n<em> <span style=\"color: #ffffff; font-family: verdana, geneva, sans-serif; font-size: 12pt;\">.<\/span><\/em><br \/>\n<em> <span style=\"font-family: verdana, geneva, sans-serif; font-size: 12pt; color: #000000;\">E amando-me v\u00f3s, como me perderei?<\/span><\/em><\/p>\n<p><em><span style=\"font-family: verdana, geneva, sans-serif; font-size: 12pt; color: #000000;\">\u00d3 minha M\u00e3e muito amada, se por vossa intercess\u00e3o me salvo, como espero, nunca mais vos serei ingrato.<\/span><\/em><\/p>\n<p><em><span style=\"font-family: verdana, geneva, sans-serif; font-size: 12pt; color: #000000;\">Compensarei com louvores perp\u00e9tuos e com todos os afetos da minha alma o meu passado esquecimento e o amor com que me tendes amado.<\/span><\/em><\/p>\n<p><em><span style=\"font-family: verdana, geneva, sans-serif; font-size: 12pt; color: #000000;\">No c\u00e9u, onde v\u00f3s reinais, e reinais eternamente, sempre cantarei as vossas miseric\u00f3rdias,<\/span><\/em><\/p>\n<p><em>e beijarei sempre aquelas vossas amorosas m\u00e3os, que tantas vezes me t\u00eam livrado do inferno,<\/em><\/p>\n<p><em><span style=\"font-family: verdana, geneva, sans-serif; font-size: 12pt; color: #000000;\">quantas eu o tenho merecido com os meus pecados.<\/span><\/em><\/p>\n<p><em><span style=\"font-family: verdana, geneva, sans-serif; font-size: 12pt; color: #000000;\">\u00d3 Maria, minha libertadora, \u00f3 minha esperan\u00e7a, \u00f3 Rainha, \u00f3 advogada,<\/span><\/em><\/p>\n<p><em><span style=\"font-family: verdana, geneva, sans-serif; font-size: 12pt; color: #000000;\">\u00f3 minha M\u00e3e, eu vos amo, eu vos quero muito e sempre vos quero amar. <\/span><\/em><\/p>\n<p><em><span style=\"font-family: verdana, geneva, sans-serif; font-size: 12pt; color: #000000;\">Am\u00e9m, Assim o espero, assim seja.<\/span><\/em><\/p><\/blockquote>\n<div><span style=\"font-family: verdana, geneva, sans-serif; font-size: 12pt; color: #ffffff;\">.<\/span><\/div>\n<div style=\"text-align: right;\"><span style=\"font-family: georgia, palatino, serif; font-size: 10pt; color: #000000;\"><em>Fonte: Gl\u00f3rias de Maria \u2013 Santo Afonso Maria de Lig\u00f3rio.<\/em><\/span><\/div>\n<div style=\"text-align: right;\"><span style=\"color: #ffffff;\">.<\/span><\/div>\n<div>\n<p><span style=\"font-family: verdana, geneva, sans-serif; font-size: 12pt; color: #000000;\"> <a href=\"https:\/\/adf.org.br\/apostolosdefatima\/2\/?origem=9947#\" target=\"_blank\" rel=\"noopener noreferrer\"><img loading=\"lazy\" class=\"aligncenter wp-image-48929 \" src=\"https:\/\/www.adf.org.br\/home\/wp-content\/uploads\/2018\/11\/testeira-apostolos-de-fatima-2-6.png\" alt=\"testeira-apostolos-de-fatima-2\" width=\"445\" height=\"255\" \/><\/a><\/span><\/p>\n<\/div>\n","protected":false},"excerpt":{"rendered":"<p>Faltando apenas um dia para a Festa da Divina Miseric\u00f3rdia, de Maria tamb\u00e9m \u00e9 jorrado uma Torrente de Miseric\u00f3rdia! Leia: . Foi para dispensar-nos todas as miseric\u00f3rdias poss\u00edveis, afirma S. Bernardo, que o Eterno Pai, al\u00e9m de Jesus Cristo, nosso principal advogado, nos deu ainda Maria Sant\u00edssima como advogada. N\u00e3o h\u00e1 d\u00favida, Jesus \u00e9 o [&hellip;]<\/p>\n","protected":false},"author":27,"featured_media":51953,"comment_status":"open","ping_status":"open","sticky":false,"template":"","format":"standard","meta":[],"categories":[20],"tags":[1370,2860],"yoast_head":"<!-- This site is optimized with the Yoast SEO plugin v17.4 - https:\/\/yoast.com\/wordpress\/plugins\/seo\/ -->\n<title>Entenda porque Maria \u00e9 a Fiel C\u00f3pia da Miseric\u00f3rdia Divina<\/title>\n<meta name=\"description\" content=\"Nossa Senhora tamb\u00e9m carrega em Si a Divina Miseric\u00f3rdia, mas de qual maneira e por que? Leia e descubra\" \/>\n<meta name=\"robots\" content=\"index, follow, max-snippet:-1, max-image-preview:large, max-video-preview:-1\" \/>\n<link rel=\"canonical\" href=\"https:\/\/www.adf.org.br\/home\/maria-a-fiel-copia-da-misericordia-divina\/\" \/>\n<meta property=\"og:locale\" content=\"pt_BR\" \/>\n<meta property=\"og:type\" content=\"article\" \/>\n<meta property=\"og:title\" content=\"Entenda porque Maria \u00e9 a Fiel C\u00f3pia da Miseric\u00f3rdia Divina\" \/>\n<meta property=\"og:description\" content=\"Nossa Senhora tamb\u00e9m carrega em Si a Divina Miseric\u00f3rdia, mas de qual maneira e por que? Leia e descubra\" \/>\n<meta property=\"og:url\" content=\"https:\/\/www.adf.org.br\/home\/maria-a-fiel-copia-da-misericordia-divina\/\" \/>\n<meta property=\"og:site_name\" content=\"Associa\u00e7\u00e3o Devotos de F\u00e1tima\" \/>\n<meta property=\"article:published_time\" content=\"2019-04-27T03:30:32+00:00\" \/>\n<meta name=\"twitter:card\" content=\"summary_large_image\" \/>\n<meta name=\"twitter:label1\" content=\"Escrito por\" \/>\n\t<meta name=\"twitter:data1\" content=\"Gabriel Barbosa\" \/>\n\t<meta name=\"twitter:label2\" content=\"Est. tempo de leitura\" \/>\n\t<meta name=\"twitter:data2\" content=\"5 minutos\" \/>\n<script type=\"application\/ld+json\" class=\"yoast-schema-graph\">{\"@context\":\"https:\/\/schema.org\",\"@graph\":[{\"@type\":\"WebSite\",\"@id\":\"https:\/\/www.adf.org.br\/home\/#website\",\"url\":\"https:\/\/www.adf.org.br\/home\/\",\"name\":\"Associa\\u00e7\\u00e3o Devotos de F\\u00e1tima\",\"description\":\"Associa\\u00e7\\u00e3o Devotos de F\\u00e1tima\",\"potentialAction\":[{\"@type\":\"SearchAction\",\"target\":{\"@type\":\"EntryPoint\",\"urlTemplate\":\"https:\/\/www.adf.org.br\/home\/?s={search_term_string}\"},\"query-input\":\"required name=search_term_string\"}],\"inLanguage\":\"pt-BR\"},{\"@type\":\"ImageObject\",\"@id\":\"https:\/\/www.adf.org.br\/home\/maria-a-fiel-copia-da-misericordia-divina\/#primaryimage\",\"inLanguage\":\"pt-BR\",\"url\":\"\",\"contentUrl\":\"\"},{\"@type\":\"WebPage\",\"@id\":\"https:\/\/www.adf.org.br\/home\/maria-a-fiel-copia-da-misericordia-divina\/#webpage\",\"url\":\"https:\/\/www.adf.org.br\/home\/maria-a-fiel-copia-da-misericordia-divina\/\",\"name\":\"Entenda porque Maria \\u00e9 a Fiel C\\u00f3pia da Miseric\\u00f3rdia Divina\",\"isPartOf\":{\"@id\":\"https:\/\/www.adf.org.br\/home\/#website\"},\"primaryImageOfPage\":{\"@id\":\"https:\/\/www.adf.org.br\/home\/maria-a-fiel-copia-da-misericordia-divina\/#primaryimage\"},\"datePublished\":\"2019-04-27T03:30:32+00:00\",\"dateModified\":\"2019-04-27T03:30:32+00:00\",\"author\":{\"@id\":\"https:\/\/www.adf.org.br\/home\/#\/schema\/person\/affa494ecf91434f3620f5392de44327\"},\"description\":\"Nossa Senhora tamb\\u00e9m carrega em Si a Divina Miseric\\u00f3rdia, mas de qual maneira e por que? Leia e descubra\",\"breadcrumb\":{\"@id\":\"https:\/\/www.adf.org.br\/home\/maria-a-fiel-copia-da-misericordia-divina\/#breadcrumb\"},\"inLanguage\":\"pt-BR\",\"potentialAction\":[{\"@type\":\"ReadAction\",\"target\":[\"https:\/\/www.adf.org.br\/home\/maria-a-fiel-copia-da-misericordia-divina\/\"]}]},{\"@type\":\"BreadcrumbList\",\"@id\":\"https:\/\/www.adf.org.br\/home\/maria-a-fiel-copia-da-misericordia-divina\/#breadcrumb\",\"itemListElement\":[{\"@type\":\"ListItem\",\"position\":1,\"name\":\"Home\",\"item\":\"https:\/\/www.adf.org.br\/home\/\"},{\"@type\":\"ListItem\",\"position\":2,\"name\":\"Entenda porque Maria \\u00e9 a Fiel C\\u00f3pia da Miseric\\u00f3rdia Divina\"}]},{\"@type\":\"Person\",\"@id\":\"https:\/\/www.adf.org.br\/home\/#\/schema\/person\/affa494ecf91434f3620f5392de44327\",\"name\":\"Gabriel Barbosa\",\"image\":{\"@type\":\"ImageObject\",\"@id\":\"https:\/\/www.adf.org.br\/home\/#personlogo\",\"inLanguage\":\"pt-BR\",\"url\":\"https:\/\/secure.gravatar.com\/avatar\/ecf2eab02e30486a7038f8b2858de06a?s=96&d=mm&r=g\",\"contentUrl\":\"https:\/\/secure.gravatar.com\/avatar\/ecf2eab02e30486a7038f8b2858de06a?s=96&d=mm&r=g\",\"caption\":\"Gabriel Barbosa\"},\"url\":\"https:\/\/www.adf.org.br\/home\/author\/gabriel-aascj\/\"}]}<\/script>\n<!-- \/ Yoast SEO plugin. -->","yoast_head_json":{"title":"Entenda porque Maria \u00e9 a Fiel C\u00f3pia da Miseric\u00f3rdia Divina","description":"Nossa Senhora tamb\u00e9m carrega em Si a Divina Miseric\u00f3rdia, mas de qual maneira e por que? Leia e descubra","robots":{"index":"index","follow":"follow","max-snippet":"max-snippet:-1","max-image-preview":"max-image-preview:large","max-video-preview":"max-video-preview:-1"},"canonical":"https:\/\/www.adf.org.br\/home\/maria-a-fiel-copia-da-misericordia-divina\/","og_locale":"pt_BR","og_type":"article","og_title":"Entenda porque Maria \u00e9 a Fiel C\u00f3pia da Miseric\u00f3rdia Divina","og_description":"Nossa Senhora tamb\u00e9m carrega em Si a Divina Miseric\u00f3rdia, mas de qual maneira e por que? Leia e descubra","og_url":"https:\/\/www.adf.org.br\/home\/maria-a-fiel-copia-da-misericordia-divina\/","og_site_name":"Associa\u00e7\u00e3o Devotos de F\u00e1tima","article_published_time":"2019-04-27T03:30:32+00:00","twitter_card":"summary_large_image","twitter_misc":{"Escrito por":"Gabriel Barbosa","Est. tempo de leitura":"5 minutos"},"schema":{"@context":"https:\/\/schema.org","@graph":[{"@type":"WebSite","@id":"https:\/\/www.adf.org.br\/home\/#website","url":"https:\/\/www.adf.org.br\/home\/","name":"Associa\u00e7\u00e3o Devotos de F\u00e1tima","description":"Associa\u00e7\u00e3o Devotos de F\u00e1tima","potentialAction":[{"@type":"SearchAction","target":{"@type":"EntryPoint","urlTemplate":"https:\/\/www.adf.org.br\/home\/?s={search_term_string}"},"query-input":"required name=search_term_string"}],"inLanguage":"pt-BR"},{"@type":"ImageObject","@id":"https:\/\/www.adf.org.br\/home\/maria-a-fiel-copia-da-misericordia-divina\/#primaryimage","inLanguage":"pt-BR","url":"","contentUrl":""},{"@type":"WebPage","@id":"https:\/\/www.adf.org.br\/home\/maria-a-fiel-copia-da-misericordia-divina\/#webpage","url":"https:\/\/www.adf.org.br\/home\/maria-a-fiel-copia-da-misericordia-divina\/","name":"Entenda porque Maria \u00e9 a Fiel C\u00f3pia da Miseric\u00f3rdia Divina","isPartOf":{"@id":"https:\/\/www.adf.org.br\/home\/#website"},"primaryImageOfPage":{"@id":"https:\/\/www.adf.org.br\/home\/maria-a-fiel-copia-da-misericordia-divina\/#primaryimage"},"datePublished":"2019-04-27T03:30:32+00:00","dateModified":"2019-04-27T03:30:32+00:00","author":{"@id":"https:\/\/www.adf.org.br\/home\/#\/schema\/person\/affa494ecf91434f3620f5392de44327"},"description":"Nossa Senhora tamb\u00e9m carrega em Si a Divina Miseric\u00f3rdia, mas de qual maneira e por que? Leia e descubra","breadcrumb":{"@id":"https:\/\/www.adf.org.br\/home\/maria-a-fiel-copia-da-misericordia-divina\/#breadcrumb"},"inLanguage":"pt-BR","potentialAction":[{"@type":"ReadAction","target":["https:\/\/www.adf.org.br\/home\/maria-a-fiel-copia-da-misericordia-divina\/"]}]},{"@type":"BreadcrumbList","@id":"https:\/\/www.adf.org.br\/home\/maria-a-fiel-copia-da-misericordia-divina\/#breadcrumb","itemListElement":[{"@type":"ListItem","position":1,"name":"Home","item":"https:\/\/www.adf.org.br\/home\/"},{"@type":"ListItem","position":2,"name":"Entenda porque Maria \u00e9 a Fiel C\u00f3pia da Miseric\u00f3rdia Divina"}]},{"@type":"Person","@id":"https:\/\/www.adf.org.br\/home\/#\/schema\/person\/affa494ecf91434f3620f5392de44327","name":"Gabriel Barbosa","image":{"@type":"ImageObject","@id":"https:\/\/www.adf.org.br\/home\/#personlogo","inLanguage":"pt-BR","url":"https:\/\/secure.gravatar.com\/avatar\/ecf2eab02e30486a7038f8b2858de06a?s=96&d=mm&r=g","contentUrl":"https:\/\/secure.gravatar.com\/avatar\/ecf2eab02e30486a7038f8b2858de06a?s=96&d=mm&r=g","caption":"Gabriel Barbosa"},"url":"https:\/\/www.adf.org.br\/home\/author\/gabriel-aascj\/"}]}},"_links":{"self":[{"href":"https:\/\/www.adf.org.br\/home\/wp-json\/wp\/v2\/posts\/51947"}],"collection":[{"href":"https:\/\/www.adf.org.br\/home\/wp-json\/wp\/v2\/posts"}],"about":[{"href":"https:\/\/www.adf.org.br\/home\/wp-json\/wp\/v2\/types\/post"}],"author":[{"embeddable":true,"href":"https:\/\/www.adf.org.br\/home\/wp-json\/wp\/v2\/users\/27"}],"replies":[{"embeddable":true,"href":"https:\/\/www.adf.org.br\/home\/wp-json\/wp\/v2\/comments?post=51947"}],"version-history":[{"count":0,"href":"https:\/\/www.adf.org.br\/home\/wp-json\/wp\/v2\/posts\/51947\/revisions"}],"wp:featuredmedia":[{"embeddable":true,"href":"https:\/\/www.adf.org.br\/home\/wp-json\/wp\/v2\/media\/51953"}],"wp:attachment":[{"href":"https:\/\/www.adf.org.br\/home\/wp-json\/wp\/v2\/media?parent=51947"}],"wp:term":[{"taxonomy":"category","embeddable":true,"href":"https:\/\/www.adf.org.br\/home\/wp-json\/wp\/v2\/categories?post=51947"},{"taxonomy":"post_tag","embeddable":true,"href":"https:\/\/www.adf.org.br\/home\/wp-json\/wp\/v2\/tags?post=51947"}],"curies":[{"name":"wp","href":"https:\/\/api.w.org\/{rel}","templated":true}]}}