{"id":51773,"date":"2019-04-19T00:00:20","date_gmt":"2019-04-19T03:00:20","guid":{"rendered":"http:\/\/www.adf.org.br\/home\/?p=51773"},"modified":"2019-04-19T00:00:20","modified_gmt":"2019-04-19T03:00:20","slug":"inscreva-suas-intencoes-na-santa-missa-de-pascoa","status":"publish","type":"post","link":"https:\/\/www.adf.org.br\/home\/inscreva-suas-intencoes-na-santa-missa-de-pascoa\/","title":{"rendered":"Inscreva suas inten\u00e7\u00f5es na Santa Missa de P\u00e1scoa&#8230; Veja como"},"content":{"rendered":"<div><a href=\"https:\/\/adf.org.br\/velario\/pascoa?origem=10486\" target=\"_blank\" rel=\"noopener noreferrer\"><img loading=\"lazy\" class=\"CToWUd aligncenter\" src=\"https:\/\/ci6.googleusercontent.com\/proxy\/2qjZ1aAGmGfZh6mcjezwb8X7Cis7BeUBzGBjW6FAENKLBjuom6fAsf-hQAyAslm90NHlDbyhd7dqtO7J6nVZZCu0kcurX2DBIDF5dN2xUTf-P7hi822y_Iw0Cym7XjdPiHmm39NjPtj1L64gF8Bzc0UJGOZCkhW7SLAirL0I4zg2QyBKji2Qgg=s0-d-e1-ft#http:\/\/www.adf.org.br\/home\/emkt\/01_barbara\/_2018\/Mar%C3%A7o\/Semana_25_03\/quinta_29_03_AT\/testeira_adf_29_03_AT.jpg\" alt=\"Veja como\" width=\"558\" height=\"402\" \/><\/a><\/div>\n<div>\n<p style=\"padding-left: 90px;\"><span style=\"font-family: verdana, geneva, sans-serif; font-size: 12pt; color: #ffffff;\">.<\/span><br \/>\n<strong><span style=\"font-family: verdana, geneva, sans-serif; font-size: 12pt; color: #800080;\">Ol\u00e1,<\/span><\/strong><\/p>\n<p><span style=\"font-family: verdana, geneva, sans-serif; font-size: 12pt; color: #000000;\"><span style=\"font-size: 14pt;\"><strong>E<\/strong><\/span>stamos dando in\u00edcio ao Tr\u00edduo Pascal!<\/span><\/p>\n<p><span style=\"font-family: verdana, geneva, sans-serif; font-size: 12pt; color: #000000;\">Nos pr\u00f3ximos tr\u00eas dias celebraremos o <strong>Sofrimento, Morte e Ressurrei\u00e7\u00e3o de Nosso Senhor Jesus Cristo.<\/strong><\/span><\/p>\n<p style=\"padding-left: 60px;\"><span style=\"font-family: verdana, geneva, sans-serif; font-size: 12pt; color: #000000;\">E no domingo teremos a celebra\u00e7\u00e3o da\u00a0<span style=\"color: #0000ff;\"><strong><a style=\"color: #0000ff;\" href=\"https:\/\/adf.org.br\/velario\/pascoa?origem=10486\" target=\"_blank\" rel=\"noopener noreferrer\">Santa Missa de P\u00e1scoa<\/a><\/strong><\/span>.<\/span><\/p>\n<p><span style=\"font-family: verdana, geneva, sans-serif; font-size: 12pt; color: #000000;\"><span style=\"color: #0000ff;\"><strong><a style=\"color: #0000ff;\" href=\"https:\/\/adf.org.br\/velario\/pascoa?origem=10486\" target=\"_blank\" rel=\"noopener noreferrer\">Clique aqui para inscrever seus pedidos<\/a><\/strong><\/span>\u00a0diretamente na Vela desta celebra\u00e7\u00e3o. <\/span><\/p>\n<p><span style=\"font-family: verdana, geneva, sans-serif; font-size: 12pt; color: #000000;\">Sem d\u00favida alguma&#8230; \u00e9 a mais importante do ano.<\/span><\/p>\n<p><span style=\"font-family: verdana, geneva, sans-serif; font-size: 12pt; color: #000000;\">Nosso Senhor morreu para nos salvar. E no Terceiro Dia, Ele ressuscitou cumprindo as profecias do Antigo Testamento.<\/span><\/p>\n<p><span style=\"font-family: verdana, geneva, sans-serif; font-size: 12pt; color: #000000;\">Ao ressuscitar, Nosso Senhor Jesus Cristo abre as Portas do C\u00e9u. Todos os justos foram levados e agora contemplam a Face de Deus.<\/span><\/p>\n<p style=\"text-align: center;\"><span style=\"font-family: verdana, geneva, sans-serif; font-size: 14pt; color: #000000;\"><span style=\"color: #0000ff;\"><a style=\"color: #0000ff;\" href=\"https:\/\/adf.org.br\/velario\/pascoa?origem=10486\" target=\"_blank\" rel=\"noopener noreferrer\">Coloque aqui pedidos na Missa de P\u00e1scoa<\/a><\/span>.<\/span><\/p>\n<p><span style=\"font-family: verdana, geneva, sans-serif; font-size: 12pt; color: #000000;\"><br \/>\nSaiba que muitos amigos da Associa\u00e7\u00e3o j\u00e1 inscreveram seus nomes nesta Missa e n\u00e3o gostar\u00edamos que voc\u00ea ficasse de fora, pois certamente lhe far\u00e1 um bem enorme.<\/span><\/p>\n<p><span style=\"font-family: verdana, geneva, sans-serif; font-size: 12pt; color: #000000;\">Se uma Santa Missa traz in\u00fameros benef\u00edcios em nossas vidas, imagine ent\u00e3o ter o seu nome e seus pedidos inscritos na Missa de P\u00e1scoa.<\/span><\/p>\n<h1 style=\"text-align: center;\"><span style=\"font-family: verdana, geneva, sans-serif; font-size: 12pt; color: #000000;\"><span style=\"color: #0000ff; font-size: 14pt;\"><a style=\"color: #0000ff;\" href=\"https:\/\/adf.org.br\/velario\/pascoa?origem=10486\" target=\"_blank\" rel=\"noopener noreferrer\">Clique aqui e inscreva-os agora mesmo<\/a><\/span><span style=\"color: #0000ff;\">.<\/span><br \/>\n<span style=\"color: #ffffff;\">.<\/span><\/span><\/h1>\n<p style=\"text-align: center;\"><span style=\"color: #800080;\"><em><span style=\"font-family: georgia, palatino, serif; font-size: 14pt;\">Que voc\u00ea tenha uma Santa P\u00e1scoa, com Cristo Ressuscitado presente em seu lar e em sua fam\u00edlia!<\/span><\/em><\/span><\/p>\n<p style=\"text-align: left;\"><em><span style=\"font-size: 12pt; color: #000000; font-family: georgia, palatino, serif;\">Compartilhe.<\/span><\/em><\/p>\n<\/div>\n","protected":false},"excerpt":{"rendered":"<p>. Ol\u00e1, Estamos dando in\u00edcio ao Tr\u00edduo Pascal! Nos pr\u00f3ximos tr\u00eas dias celebraremos o Sofrimento, Morte e Ressurrei\u00e7\u00e3o de Nosso Senhor Jesus Cristo. E no domingo teremos a celebra\u00e7\u00e3o da\u00a0Santa Missa de P\u00e1scoa. Clique aqui para inscrever seus pedidos\u00a0diretamente na Vela desta celebra\u00e7\u00e3o. Sem d\u00favida alguma&#8230; \u00e9 a mais importante do ano. Nosso Senhor morreu [&hellip;]<\/p>\n","protected":false},"author":27,"featured_media":51774,"comment_status":"open","ping_status":"open","sticky":false,"template":"","format":"standard","meta":[],"categories":[2332],"tags":[2831,433,107,2833,2835],"yoast_head":"<!-- This site is optimized with the Yoast SEO plugin v17.4 - https:\/\/yoast.com\/wordpress\/plugins\/seo\/ -->\n<title>Inscreva suas inten\u00e7\u00f5es na Santa Missa de P\u00e1scoa... Veja como<\/title>\n<meta name=\"description\" content=\"Seus pedidos ser\u00e3o levados ao altar da Santa Missa no Domingo de P\u00e1scoa! N\u00e3o deixe de inscrever seus pedidos de ora\u00e7\u00e3o... Veja como\" \/>\n<meta name=\"robots\" content=\"index, follow, max-snippet:-1, max-image-preview:large, max-video-preview:-1\" \/>\n<link rel=\"canonical\" href=\"https:\/\/www.adf.org.br\/home\/inscreva-suas-intencoes-na-santa-missa-de-pascoa\/\" \/>\n<meta property=\"og:locale\" content=\"pt_BR\" \/>\n<meta property=\"og:type\" content=\"article\" \/>\n<meta property=\"og:title\" content=\"Inscreva suas inten\u00e7\u00f5es na Santa Missa de P\u00e1scoa... Veja como\" \/>\n<meta property=\"og:description\" content=\"Seus pedidos ser\u00e3o levados ao altar da Santa Missa no Domingo de P\u00e1scoa! N\u00e3o deixe de inscrever seus pedidos de ora\u00e7\u00e3o... Veja como\" \/>\n<meta property=\"og:url\" content=\"https:\/\/www.adf.org.br\/home\/inscreva-suas-intencoes-na-santa-missa-de-pascoa\/\" \/>\n<meta property=\"og:site_name\" content=\"Associa\u00e7\u00e3o Devotos de F\u00e1tima\" \/>\n<meta property=\"article:published_time\" content=\"2019-04-19T03:00:20+00:00\" \/>\n<meta name=\"twitter:card\" content=\"summary_large_image\" \/>\n<meta name=\"twitter:label1\" content=\"Escrito por\" \/>\n\t<meta name=\"twitter:data1\" content=\"Gabriel Barbosa\" \/>\n\t<meta name=\"twitter:label2\" content=\"Est. tempo de leitura\" \/>\n\t<meta name=\"twitter:data2\" content=\"1 minuto\" \/>\n<script type=\"application\/ld+json\" class=\"yoast-schema-graph\">{\"@context\":\"https:\/\/schema.org\",\"@graph\":[{\"@type\":\"WebSite\",\"@id\":\"https:\/\/www.adf.org.br\/home\/#website\",\"url\":\"https:\/\/www.adf.org.br\/home\/\",\"name\":\"Associa\\u00e7\\u00e3o Devotos de F\\u00e1tima\",\"description\":\"Associa\\u00e7\\u00e3o Devotos de F\\u00e1tima\",\"potentialAction\":[{\"@type\":\"SearchAction\",\"target\":{\"@type\":\"EntryPoint\",\"urlTemplate\":\"https:\/\/www.adf.org.br\/home\/?s={search_term_string}\"},\"query-input\":\"required name=search_term_string\"}],\"inLanguage\":\"pt-BR\"},{\"@type\":\"ImageObject\",\"@id\":\"https:\/\/www.adf.org.br\/home\/inscreva-suas-intencoes-na-santa-missa-de-pascoa\/#primaryimage\",\"inLanguage\":\"pt-BR\",\"url\":\"\",\"contentUrl\":\"\"},{\"@type\":\"WebPage\",\"@id\":\"https:\/\/www.adf.org.br\/home\/inscreva-suas-intencoes-na-santa-missa-de-pascoa\/#webpage\",\"url\":\"https:\/\/www.adf.org.br\/home\/inscreva-suas-intencoes-na-santa-missa-de-pascoa\/\",\"name\":\"Inscreva suas inten\\u00e7\\u00f5es na Santa Missa de P\\u00e1scoa... Veja como\",\"isPartOf\":{\"@id\":\"https:\/\/www.adf.org.br\/home\/#website\"},\"primaryImageOfPage\":{\"@id\":\"https:\/\/www.adf.org.br\/home\/inscreva-suas-intencoes-na-santa-missa-de-pascoa\/#primaryimage\"},\"datePublished\":\"2019-04-19T03:00:20+00:00\",\"dateModified\":\"2019-04-19T03:00:20+00:00\",\"author\":{\"@id\":\"https:\/\/www.adf.org.br\/home\/#\/schema\/person\/affa494ecf91434f3620f5392de44327\"},\"description\":\"Seus pedidos ser\\u00e3o levados ao altar da Santa Missa no Domingo de P\\u00e1scoa! N\\u00e3o deixe de inscrever seus pedidos de ora\\u00e7\\u00e3o... Veja como\",\"breadcrumb\":{\"@id\":\"https:\/\/www.adf.org.br\/home\/inscreva-suas-intencoes-na-santa-missa-de-pascoa\/#breadcrumb\"},\"inLanguage\":\"pt-BR\",\"potentialAction\":[{\"@type\":\"ReadAction\",\"target\":[\"https:\/\/www.adf.org.br\/home\/inscreva-suas-intencoes-na-santa-missa-de-pascoa\/\"]}]},{\"@type\":\"BreadcrumbList\",\"@id\":\"https:\/\/www.adf.org.br\/home\/inscreva-suas-intencoes-na-santa-missa-de-pascoa\/#breadcrumb\",\"itemListElement\":[{\"@type\":\"ListItem\",\"position\":1,\"name\":\"Home\",\"item\":\"https:\/\/www.adf.org.br\/home\/\"},{\"@type\":\"ListItem\",\"position\":2,\"name\":\"Inscreva suas inten\\u00e7\\u00f5es na Santa Missa de P\\u00e1scoa&#8230; Veja como\"}]},{\"@type\":\"Person\",\"@id\":\"https:\/\/www.adf.org.br\/home\/#\/schema\/person\/affa494ecf91434f3620f5392de44327\",\"name\":\"Gabriel Barbosa\",\"image\":{\"@type\":\"ImageObject\",\"@id\":\"https:\/\/www.adf.org.br\/home\/#personlogo\",\"inLanguage\":\"pt-BR\",\"url\":\"https:\/\/secure.gravatar.com\/avatar\/ecf2eab02e30486a7038f8b2858de06a?s=96&d=mm&r=g\",\"contentUrl\":\"https:\/\/secure.gravatar.com\/avatar\/ecf2eab02e30486a7038f8b2858de06a?s=96&d=mm&r=g\",\"caption\":\"Gabriel Barbosa\"},\"url\":\"https:\/\/www.adf.org.br\/home\/author\/gabriel-aascj\/\"}]}<\/script>\n<!-- \/ Yoast SEO plugin. -->","yoast_head_json":{"title":"Inscreva suas inten\u00e7\u00f5es na Santa Missa de P\u00e1scoa... Veja como","description":"Seus pedidos ser\u00e3o levados ao altar da Santa Missa no Domingo de P\u00e1scoa! N\u00e3o deixe de inscrever seus pedidos de ora\u00e7\u00e3o... Veja como","robots":{"index":"index","follow":"follow","max-snippet":"max-snippet:-1","max-image-preview":"max-image-preview:large","max-video-preview":"max-video-preview:-1"},"canonical":"https:\/\/www.adf.org.br\/home\/inscreva-suas-intencoes-na-santa-missa-de-pascoa\/","og_locale":"pt_BR","og_type":"article","og_title":"Inscreva suas inten\u00e7\u00f5es na Santa Missa de P\u00e1scoa... Veja como","og_description":"Seus pedidos ser\u00e3o levados ao altar da Santa Missa no Domingo de P\u00e1scoa! N\u00e3o deixe de inscrever seus pedidos de ora\u00e7\u00e3o... Veja como","og_url":"https:\/\/www.adf.org.br\/home\/inscreva-suas-intencoes-na-santa-missa-de-pascoa\/","og_site_name":"Associa\u00e7\u00e3o Devotos de F\u00e1tima","article_published_time":"2019-04-19T03:00:20+00:00","twitter_card":"summary_large_image","twitter_misc":{"Escrito por":"Gabriel Barbosa","Est. tempo de leitura":"1 minuto"},"schema":{"@context":"https:\/\/schema.org","@graph":[{"@type":"WebSite","@id":"https:\/\/www.adf.org.br\/home\/#website","url":"https:\/\/www.adf.org.br\/home\/","name":"Associa\u00e7\u00e3o Devotos de F\u00e1tima","description":"Associa\u00e7\u00e3o Devotos de F\u00e1tima","potentialAction":[{"@type":"SearchAction","target":{"@type":"EntryPoint","urlTemplate":"https:\/\/www.adf.org.br\/home\/?s={search_term_string}"},"query-input":"required name=search_term_string"}],"inLanguage":"pt-BR"},{"@type":"ImageObject","@id":"https:\/\/www.adf.org.br\/home\/inscreva-suas-intencoes-na-santa-missa-de-pascoa\/#primaryimage","inLanguage":"pt-BR","url":"","contentUrl":""},{"@type":"WebPage","@id":"https:\/\/www.adf.org.br\/home\/inscreva-suas-intencoes-na-santa-missa-de-pascoa\/#webpage","url":"https:\/\/www.adf.org.br\/home\/inscreva-suas-intencoes-na-santa-missa-de-pascoa\/","name":"Inscreva suas inten\u00e7\u00f5es na Santa Missa de P\u00e1scoa... Veja como","isPartOf":{"@id":"https:\/\/www.adf.org.br\/home\/#website"},"primaryImageOfPage":{"@id":"https:\/\/www.adf.org.br\/home\/inscreva-suas-intencoes-na-santa-missa-de-pascoa\/#primaryimage"},"datePublished":"2019-04-19T03:00:20+00:00","dateModified":"2019-04-19T03:00:20+00:00","author":{"@id":"https:\/\/www.adf.org.br\/home\/#\/schema\/person\/affa494ecf91434f3620f5392de44327"},"description":"Seus pedidos ser\u00e3o levados ao altar da Santa Missa no Domingo de P\u00e1scoa! N\u00e3o deixe de inscrever seus pedidos de ora\u00e7\u00e3o... Veja como","breadcrumb":{"@id":"https:\/\/www.adf.org.br\/home\/inscreva-suas-intencoes-na-santa-missa-de-pascoa\/#breadcrumb"},"inLanguage":"pt-BR","potentialAction":[{"@type":"ReadAction","target":["https:\/\/www.adf.org.br\/home\/inscreva-suas-intencoes-na-santa-missa-de-pascoa\/"]}]},{"@type":"BreadcrumbList","@id":"https:\/\/www.adf.org.br\/home\/inscreva-suas-intencoes-na-santa-missa-de-pascoa\/#breadcrumb","itemListElement":[{"@type":"ListItem","position":1,"name":"Home","item":"https:\/\/www.adf.org.br\/home\/"},{"@type":"ListItem","position":2,"name":"Inscreva suas inten\u00e7\u00f5es na Santa Missa de P\u00e1scoa&#8230; Veja como"}]},{"@type":"Person","@id":"https:\/\/www.adf.org.br\/home\/#\/schema\/person\/affa494ecf91434f3620f5392de44327","name":"Gabriel Barbosa","image":{"@type":"ImageObject","@id":"https:\/\/www.adf.org.br\/home\/#personlogo","inLanguage":"pt-BR","url":"https:\/\/secure.gravatar.com\/avatar\/ecf2eab02e30486a7038f8b2858de06a?s=96&d=mm&r=g","contentUrl":"https:\/\/secure.gravatar.com\/avatar\/ecf2eab02e30486a7038f8b2858de06a?s=96&d=mm&r=g","caption":"Gabriel Barbosa"},"url":"https:\/\/www.adf.org.br\/home\/author\/gabriel-aascj\/"}]}},"_links":{"self":[{"href":"https:\/\/www.adf.org.br\/home\/wp-json\/wp\/v2\/posts\/51773"}],"collection":[{"href":"https:\/\/www.adf.org.br\/home\/wp-json\/wp\/v2\/posts"}],"about":[{"href":"https:\/\/www.adf.org.br\/home\/wp-json\/wp\/v2\/types\/post"}],"author":[{"embeddable":true,"href":"https:\/\/www.adf.org.br\/home\/wp-json\/wp\/v2\/users\/27"}],"replies":[{"embeddable":true,"href":"https:\/\/www.adf.org.br\/home\/wp-json\/wp\/v2\/comments?post=51773"}],"version-history":[{"count":0,"href":"https:\/\/www.adf.org.br\/home\/wp-json\/wp\/v2\/posts\/51773\/revisions"}],"wp:featuredmedia":[{"embeddable":true,"href":"https:\/\/www.adf.org.br\/home\/wp-json\/wp\/v2\/media\/51774"}],"wp:attachment":[{"href":"https:\/\/www.adf.org.br\/home\/wp-json\/wp\/v2\/media?parent=51773"}],"wp:term":[{"taxonomy":"category","embeddable":true,"href":"https:\/\/www.adf.org.br\/home\/wp-json\/wp\/v2\/categories?post=51773"},{"taxonomy":"post_tag","embeddable":true,"href":"https:\/\/www.adf.org.br\/home\/wp-json\/wp\/v2\/tags?post=51773"}],"curies":[{"name":"wp","href":"https:\/\/api.w.org\/{rel}","templated":true}]}}