{"id":51679,"date":"2019-04-12T08:00:40","date_gmt":"2019-04-12T11:00:40","guid":{"rendered":"http:\/\/www.adf.org.br\/home\/?p=51679"},"modified":"2019-04-12T08:00:40","modified_gmt":"2019-04-12T11:00:40","slug":"meditacao-da-segunda-estacao-da-via-sacra-jesus-leva-a-cruz-as-costas","status":"publish","type":"post","link":"https:\/\/www.adf.org.br\/home\/meditacao-da-segunda-estacao-da-via-sacra-jesus-leva-a-cruz-as-costas\/","title":{"rendered":"Segunda Esta\u00e7\u00e3o da Via Sacra: Jesus Leva a Cruz \u00e0s Costas! Ou\u00e7a e medite"},"content":{"rendered":"<p style=\"text-align: center;\"><span style=\"color: #000000;\"><span style=\"font-size: 14pt; font-family: verdana, geneva, sans-serif;\">Medita\u00e7\u00e3o da\u00a0Segunda Esta\u00e7\u00e3o da Via Sacra:\u00a0Jesus Leva a Cruz \u00e0s Costas!<\/span><\/span><\/p>\n<p style=\"text-align: center;\"><span style=\"color: #000000;\"><span style=\"font-size: 14pt; font-family: verdana, geneva, sans-serif;\">Ou\u00e7a no v\u00eddeo abaixo:<\/span><\/span><\/p>\n<p style=\"text-align: center;\"><iframe loading=\"lazy\" src=\"https:\/\/www.youtube.com\/embed\/iZpnUJfQbEI\" width=\"500\" height=\"350\" frameborder=\"0\" allowfullscreen=\"allowfullscreen\"><\/iframe><\/p>\n<p style=\"text-align: center;\"><span style=\"color: #000000; font-size: 12pt; font-family: verdana, geneva, sans-serif;\">Ap\u00f3s concluir sua medita\u00e7\u00e3o, c<strong>adastre-se no Youtube da Associa\u00e7\u00e3o e seu nome ser\u00e1 lembrado nas Ora\u00e7\u00f5es Di\u00e1rias de Conventos e Mosteiros:<\/strong><br \/>\n<span style=\"color: #ffffff;\">.<\/span><\/span><br \/>\n<span style=\"color: #ff0000; font-size: 14pt; font-family: verdana, geneva, sans-serif;\"><a style=\"color: #ff0000;\" href=\"https:\/\/www.youtube.com\/user\/devotosdefatima\/videos\" target=\"_blank\" rel=\"noopener noreferrer\"><span style=\"color: #ff0000;\"><strong>Inscreva-se no Youtube clicando aqui!<\/strong><\/span><br \/>\n<\/a><\/span><\/p>\n<p style=\"text-align: center;\"><span style=\"color: #000000; font-size: 12pt; font-family: verdana, geneva, sans-serif;\"><span style=\"font-size: 10pt;\"><em>N\u00e3o esque\u00e7a de acionar o<strong>\u00a0\u201csininho\u201d<\/strong>\u00a0para ser notificado sempre que sair algum v\u00eddeo novo.<br \/>\n<\/em><\/span><span style=\"color: #ffffff;\">.<\/span><\/span><\/p>\n<h1 style=\"text-align: center;\"><span style=\"font-size: 12pt; color: #000000; font-family: verdana, geneva, sans-serif;\"><strong>Inscreva seus pedidos na Santa Missa de P\u00e1scoa e veja como receber todas as medita\u00e7\u00f5es atrav\u00e9s do seu e-mail ligando para:<\/strong><\/span><\/h1>\n<h1 style=\"text-align: center;\"><span style=\"font-size: 24pt; color: #000080; font-family: verdana, geneva, sans-serif;\"><a style=\"color: #000080;\" href=\"tel:08006082128\">0800 608 2128<\/a><\/span><\/h1>\n","protected":false},"excerpt":{"rendered":"<p>Medita\u00e7\u00e3o da\u00a0Segunda Esta\u00e7\u00e3o da Via Sacra:\u00a0Jesus Leva a Cruz \u00e0s Costas! Ou\u00e7a no v\u00eddeo abaixo: Ap\u00f3s concluir sua medita\u00e7\u00e3o, cadastre-se no Youtube da Associa\u00e7\u00e3o e seu nome ser\u00e1 lembrado nas Ora\u00e7\u00f5es Di\u00e1rias de Conventos e Mosteiros: . Inscreva-se no Youtube clicando aqui! N\u00e3o esque\u00e7a de acionar o\u00a0\u201csininho\u201d\u00a0para ser notificado sempre que sair algum v\u00eddeo novo. [&hellip;]<\/p>\n","protected":false},"author":27,"featured_media":51687,"comment_status":"open","ping_status":"open","sticky":false,"template":"","format":"standard","meta":[],"categories":[2332,101],"tags":[2793,2814,434],"yoast_head":"<!-- This site is optimized with the Yoast SEO plugin v17.4 - https:\/\/yoast.com\/wordpress\/plugins\/seo\/ -->\n<title>Medita\u00e7\u00e3o da Segunda Esta\u00e7\u00e3o da Via Sacra: Jesus Leva a Cruz \u00e0s Costas<\/title>\n<meta name=\"description\" content=\"Medite sobre a Segunda esta\u00e7\u00e3o da Via Sacra para que voc\u00ea possa receber as indulg\u00eancias Plen\u00e1rias! Clique\" \/>\n<meta name=\"robots\" content=\"index, follow, max-snippet:-1, max-image-preview:large, max-video-preview:-1\" \/>\n<link rel=\"canonical\" href=\"https:\/\/www.adf.org.br\/home\/meditacao-da-segunda-estacao-da-via-sacra-jesus-leva-a-cruz-as-costas\/\" \/>\n<meta property=\"og:locale\" content=\"pt_BR\" \/>\n<meta property=\"og:type\" content=\"article\" \/>\n<meta property=\"og:title\" content=\"Medita\u00e7\u00e3o da Segunda Esta\u00e7\u00e3o da Via Sacra: Jesus Leva a Cruz \u00e0s Costas\" \/>\n<meta property=\"og:description\" content=\"Medite sobre a Segunda esta\u00e7\u00e3o da Via Sacra para que voc\u00ea possa receber as indulg\u00eancias Plen\u00e1rias! Clique\" \/>\n<meta property=\"og:url\" content=\"https:\/\/www.adf.org.br\/home\/meditacao-da-segunda-estacao-da-via-sacra-jesus-leva-a-cruz-as-costas\/\" \/>\n<meta property=\"og:site_name\" content=\"Associa\u00e7\u00e3o Devotos de F\u00e1tima\" \/>\n<meta property=\"article:published_time\" content=\"2019-04-12T11:00:40+00:00\" \/>\n<meta name=\"twitter:card\" content=\"summary_large_image\" \/>\n<meta name=\"twitter:label1\" content=\"Escrito por\" \/>\n\t<meta name=\"twitter:data1\" content=\"Gabriel Barbosa\" \/>\n<script type=\"application\/ld+json\" class=\"yoast-schema-graph\">{\"@context\":\"https:\/\/schema.org\",\"@graph\":[{\"@type\":\"WebSite\",\"@id\":\"https:\/\/www.adf.org.br\/home\/#website\",\"url\":\"https:\/\/www.adf.org.br\/home\/\",\"name\":\"Associa\\u00e7\\u00e3o Devotos de F\\u00e1tima\",\"description\":\"Associa\\u00e7\\u00e3o Devotos de F\\u00e1tima\",\"potentialAction\":[{\"@type\":\"SearchAction\",\"target\":{\"@type\":\"EntryPoint\",\"urlTemplate\":\"https:\/\/www.adf.org.br\/home\/?s={search_term_string}\"},\"query-input\":\"required name=search_term_string\"}],\"inLanguage\":\"pt-BR\"},{\"@type\":\"ImageObject\",\"@id\":\"https:\/\/www.adf.org.br\/home\/meditacao-da-segunda-estacao-da-via-sacra-jesus-leva-a-cruz-as-costas\/#primaryimage\",\"inLanguage\":\"pt-BR\",\"url\":\"\",\"contentUrl\":\"\"},{\"@type\":\"WebPage\",\"@id\":\"https:\/\/www.adf.org.br\/home\/meditacao-da-segunda-estacao-da-via-sacra-jesus-leva-a-cruz-as-costas\/#webpage\",\"url\":\"https:\/\/www.adf.org.br\/home\/meditacao-da-segunda-estacao-da-via-sacra-jesus-leva-a-cruz-as-costas\/\",\"name\":\"Medita\\u00e7\\u00e3o da Segunda Esta\\u00e7\\u00e3o da Via Sacra: Jesus Leva a Cruz \\u00e0s Costas\",\"isPartOf\":{\"@id\":\"https:\/\/www.adf.org.br\/home\/#website\"},\"primaryImageOfPage\":{\"@id\":\"https:\/\/www.adf.org.br\/home\/meditacao-da-segunda-estacao-da-via-sacra-jesus-leva-a-cruz-as-costas\/#primaryimage\"},\"datePublished\":\"2019-04-12T11:00:40+00:00\",\"dateModified\":\"2019-04-12T11:00:40+00:00\",\"author\":{\"@id\":\"https:\/\/www.adf.org.br\/home\/#\/schema\/person\/affa494ecf91434f3620f5392de44327\"},\"description\":\"Medite sobre a Segunda esta\\u00e7\\u00e3o da Via Sacra para que voc\\u00ea possa receber as indulg\\u00eancias Plen\\u00e1rias! Clique\",\"breadcrumb\":{\"@id\":\"https:\/\/www.adf.org.br\/home\/meditacao-da-segunda-estacao-da-via-sacra-jesus-leva-a-cruz-as-costas\/#breadcrumb\"},\"inLanguage\":\"pt-BR\",\"potentialAction\":[{\"@type\":\"ReadAction\",\"target\":[\"https:\/\/www.adf.org.br\/home\/meditacao-da-segunda-estacao-da-via-sacra-jesus-leva-a-cruz-as-costas\/\"]}]},{\"@type\":\"BreadcrumbList\",\"@id\":\"https:\/\/www.adf.org.br\/home\/meditacao-da-segunda-estacao-da-via-sacra-jesus-leva-a-cruz-as-costas\/#breadcrumb\",\"itemListElement\":[{\"@type\":\"ListItem\",\"position\":1,\"name\":\"Home\",\"item\":\"https:\/\/www.adf.org.br\/home\/\"},{\"@type\":\"ListItem\",\"position\":2,\"name\":\"Segunda Esta\\u00e7\\u00e3o da Via Sacra: Jesus Leva a Cruz \\u00e0s Costas! Ou\\u00e7a e medite\"}]},{\"@type\":\"Person\",\"@id\":\"https:\/\/www.adf.org.br\/home\/#\/schema\/person\/affa494ecf91434f3620f5392de44327\",\"name\":\"Gabriel Barbosa\",\"image\":{\"@type\":\"ImageObject\",\"@id\":\"https:\/\/www.adf.org.br\/home\/#personlogo\",\"inLanguage\":\"pt-BR\",\"url\":\"https:\/\/secure.gravatar.com\/avatar\/ecf2eab02e30486a7038f8b2858de06a?s=96&d=mm&r=g\",\"contentUrl\":\"https:\/\/secure.gravatar.com\/avatar\/ecf2eab02e30486a7038f8b2858de06a?s=96&d=mm&r=g\",\"caption\":\"Gabriel Barbosa\"},\"url\":\"https:\/\/www.adf.org.br\/home\/author\/gabriel-aascj\/\"}]}<\/script>\n<!-- \/ Yoast SEO plugin. -->","yoast_head_json":{"title":"Medita\u00e7\u00e3o da Segunda Esta\u00e7\u00e3o da Via Sacra: Jesus Leva a Cruz \u00e0s Costas","description":"Medite sobre a Segunda esta\u00e7\u00e3o da Via Sacra para que voc\u00ea possa receber as indulg\u00eancias Plen\u00e1rias! Clique","robots":{"index":"index","follow":"follow","max-snippet":"max-snippet:-1","max-image-preview":"max-image-preview:large","max-video-preview":"max-video-preview:-1"},"canonical":"https:\/\/www.adf.org.br\/home\/meditacao-da-segunda-estacao-da-via-sacra-jesus-leva-a-cruz-as-costas\/","og_locale":"pt_BR","og_type":"article","og_title":"Medita\u00e7\u00e3o da Segunda Esta\u00e7\u00e3o da Via Sacra: Jesus Leva a Cruz \u00e0s Costas","og_description":"Medite sobre a Segunda esta\u00e7\u00e3o da Via Sacra para que voc\u00ea possa receber as indulg\u00eancias Plen\u00e1rias! Clique","og_url":"https:\/\/www.adf.org.br\/home\/meditacao-da-segunda-estacao-da-via-sacra-jesus-leva-a-cruz-as-costas\/","og_site_name":"Associa\u00e7\u00e3o Devotos de F\u00e1tima","article_published_time":"2019-04-12T11:00:40+00:00","twitter_card":"summary_large_image","twitter_misc":{"Escrito por":"Gabriel Barbosa"},"schema":{"@context":"https:\/\/schema.org","@graph":[{"@type":"WebSite","@id":"https:\/\/www.adf.org.br\/home\/#website","url":"https:\/\/www.adf.org.br\/home\/","name":"Associa\u00e7\u00e3o Devotos de F\u00e1tima","description":"Associa\u00e7\u00e3o Devotos de F\u00e1tima","potentialAction":[{"@type":"SearchAction","target":{"@type":"EntryPoint","urlTemplate":"https:\/\/www.adf.org.br\/home\/?s={search_term_string}"},"query-input":"required name=search_term_string"}],"inLanguage":"pt-BR"},{"@type":"ImageObject","@id":"https:\/\/www.adf.org.br\/home\/meditacao-da-segunda-estacao-da-via-sacra-jesus-leva-a-cruz-as-costas\/#primaryimage","inLanguage":"pt-BR","url":"","contentUrl":""},{"@type":"WebPage","@id":"https:\/\/www.adf.org.br\/home\/meditacao-da-segunda-estacao-da-via-sacra-jesus-leva-a-cruz-as-costas\/#webpage","url":"https:\/\/www.adf.org.br\/home\/meditacao-da-segunda-estacao-da-via-sacra-jesus-leva-a-cruz-as-costas\/","name":"Medita\u00e7\u00e3o da Segunda Esta\u00e7\u00e3o da Via Sacra: Jesus Leva a Cruz \u00e0s Costas","isPartOf":{"@id":"https:\/\/www.adf.org.br\/home\/#website"},"primaryImageOfPage":{"@id":"https:\/\/www.adf.org.br\/home\/meditacao-da-segunda-estacao-da-via-sacra-jesus-leva-a-cruz-as-costas\/#primaryimage"},"datePublished":"2019-04-12T11:00:40+00:00","dateModified":"2019-04-12T11:00:40+00:00","author":{"@id":"https:\/\/www.adf.org.br\/home\/#\/schema\/person\/affa494ecf91434f3620f5392de44327"},"description":"Medite sobre a Segunda esta\u00e7\u00e3o da Via Sacra para que voc\u00ea possa receber as indulg\u00eancias Plen\u00e1rias! Clique","breadcrumb":{"@id":"https:\/\/www.adf.org.br\/home\/meditacao-da-segunda-estacao-da-via-sacra-jesus-leva-a-cruz-as-costas\/#breadcrumb"},"inLanguage":"pt-BR","potentialAction":[{"@type":"ReadAction","target":["https:\/\/www.adf.org.br\/home\/meditacao-da-segunda-estacao-da-via-sacra-jesus-leva-a-cruz-as-costas\/"]}]},{"@type":"BreadcrumbList","@id":"https:\/\/www.adf.org.br\/home\/meditacao-da-segunda-estacao-da-via-sacra-jesus-leva-a-cruz-as-costas\/#breadcrumb","itemListElement":[{"@type":"ListItem","position":1,"name":"Home","item":"https:\/\/www.adf.org.br\/home\/"},{"@type":"ListItem","position":2,"name":"Segunda Esta\u00e7\u00e3o da Via Sacra: Jesus Leva a Cruz \u00e0s Costas! Ou\u00e7a e medite"}]},{"@type":"Person","@id":"https:\/\/www.adf.org.br\/home\/#\/schema\/person\/affa494ecf91434f3620f5392de44327","name":"Gabriel Barbosa","image":{"@type":"ImageObject","@id":"https:\/\/www.adf.org.br\/home\/#personlogo","inLanguage":"pt-BR","url":"https:\/\/secure.gravatar.com\/avatar\/ecf2eab02e30486a7038f8b2858de06a?s=96&d=mm&r=g","contentUrl":"https:\/\/secure.gravatar.com\/avatar\/ecf2eab02e30486a7038f8b2858de06a?s=96&d=mm&r=g","caption":"Gabriel Barbosa"},"url":"https:\/\/www.adf.org.br\/home\/author\/gabriel-aascj\/"}]}},"_links":{"self":[{"href":"https:\/\/www.adf.org.br\/home\/wp-json\/wp\/v2\/posts\/51679"}],"collection":[{"href":"https:\/\/www.adf.org.br\/home\/wp-json\/wp\/v2\/posts"}],"about":[{"href":"https:\/\/www.adf.org.br\/home\/wp-json\/wp\/v2\/types\/post"}],"author":[{"embeddable":true,"href":"https:\/\/www.adf.org.br\/home\/wp-json\/wp\/v2\/users\/27"}],"replies":[{"embeddable":true,"href":"https:\/\/www.adf.org.br\/home\/wp-json\/wp\/v2\/comments?post=51679"}],"version-history":[{"count":0,"href":"https:\/\/www.adf.org.br\/home\/wp-json\/wp\/v2\/posts\/51679\/revisions"}],"wp:featuredmedia":[{"embeddable":true,"href":"https:\/\/www.adf.org.br\/home\/wp-json\/wp\/v2\/media\/51687"}],"wp:attachment":[{"href":"https:\/\/www.adf.org.br\/home\/wp-json\/wp\/v2\/media?parent=51679"}],"wp:term":[{"taxonomy":"category","embeddable":true,"href":"https:\/\/www.adf.org.br\/home\/wp-json\/wp\/v2\/categories?post=51679"},{"taxonomy":"post_tag","embeddable":true,"href":"https:\/\/www.adf.org.br\/home\/wp-json\/wp\/v2\/tags?post=51679"}],"curies":[{"name":"wp","href":"https:\/\/api.w.org\/{rel}","templated":true}]}}