{"id":51461,"date":"2019-04-04T00:00:52","date_gmt":"2019-04-04T03:00:52","guid":{"rendered":"http:\/\/www.adf.org.br\/home\/?p=51461"},"modified":"2019-04-04T00:00:52","modified_gmt":"2019-04-04T03:00:52","slug":"centenario-do-falecimento-de-sao-francisco-de-fatima","status":"publish","type":"post","link":"https:\/\/www.adf.org.br\/home\/centenario-do-falecimento-de-sao-francisco-de-fatima\/","title":{"rendered":"Hoje \u00e9 o Centen\u00e1rio do Falecimento de S\u00e3o Francisco de F\u00e1tima! Veja alguns fatos sobre ele"},"content":{"rendered":"<p><span style=\"font-size: 18pt;\"><strong><span style=\"font-size: 18pt; font-family: verdana, geneva, sans-serif; color: #000000;\">N<\/span><\/strong><\/span><span style=\"font-size: 12pt; font-family: verdana, geneva, sans-serif; color: #000000;\">o ano de 1908, nasceu Francisco Marto. Filho mais velho de Ol\u00edmpia de Jesus e Manuel Marto. Ele pertenceu a uma grande fam\u00edlia cat\u00f3lica.\u00a0<\/span><span style=\"font-weight: 400; font-size: 12pt; color: #000000; font-family: verdana, geneva, sans-serif;\">Ap\u00f3s as apari\u00e7\u00f5es de Nossa Senhora, ele viveu intensamente para consolar as dores de Nosso Senhor e Nossa Senhora.<\/span><\/p>\n<figure id=\"attachment_51455\" aria-describedby=\"caption-attachment-51455\" style=\"width: 482px\" class=\"wp-caption aligncenter\"><img loading=\"lazy\" class=\"wp-image-51455\" src=\"https:\/\/www.adf.org.br\/home\/wp-content\/uploads\/2019\/04\/Francisco-Marto-2.jpg\" alt=\"Francisco Marto\" width=\"482\" height=\"241\" \/><figcaption id=\"caption-attachment-51455\" class=\"wp-caption-text\"><em><span style=\"font-size: 12pt; color: #000000; font-family: georgia, palatino, serif;\">Francisco Marto<\/span><\/em><\/figcaption><\/figure>\n<p><span style=\"font-size: 18pt;\"><strong><span style=\"color: #ffffff;\">.<\/span><\/strong><\/span><\/p>\n<p style=\"padding-left: 30px;\"><span style=\"font-weight: 400; font-size: 12pt; color: #000000; font-family: verdana, geneva, sans-serif;\"><em>\u201c<span style=\"font-size: 14pt;\"><strong>C<\/strong><\/span>arapu\u00e7o enterrado pela cabe\u00e7a, jaleca muito curta, colete deixando ver a camisa, cal\u00e7as justas, enfim um homem em miniatura.<br \/>\nBela cara de rapaz! Olhar vivo e cara amarrotada. Com ar desempenado responde \u00e0s minhas perguntas\u201d<\/em>,\u00a0dizia irm\u00e3 L\u00facia.<\/span><\/p>\n<p><span style=\"font-weight: 400; font-size: 12pt; color: #000000; font-family: verdana, geneva, sans-serif;\"><span style=\"color: #ffffff;\">.<\/span><br \/>\nOferecendo sempre sacrif\u00edcios e ora\u00e7\u00f5es di\u00e1rias para reparar os ultrajes da humanidade e pela convers\u00e3o dos pecadores.<\/span><\/p>\n<p><span style=\"font-weight: 400; font-size: 12pt; color: #000000; font-family: verdana, geneva, sans-serif;\">Quando Nossa Senhora apareceu em F\u00e1tima, dizendo que para ele ser salvo teria de \u201crezar muitos ter\u00e7os\u201d, ele exclamou:\u00a0<strong>\u201crezaria quantos Ela quisesse!\u201d<\/strong><\/span><\/p>\n<p><strong><span style=\"font-size: 12pt; color: #000000; font-family: verdana, geneva, sans-serif;\">Ap\u00f3s a Vis\u00e3o do inferno, L\u00facia retrata que Francisco fora o que menos ficou impressionado com aquele horror.<\/span><\/strong><\/p>\n<p><span style=\"font-weight: 400; font-size: 12pt; color: #000000; font-family: verdana, geneva, sans-serif;\">Diferente de Jacinta que passou a viver pela convers\u00e3o dos pecadores e de livrar almas do inferno, Francisco pensava, unicamente em consolar a Nosso Senhor e a Nossa Senhora. que lhe pareciam tristes. Ele costumava dizer:<\/span><\/p>\n<p style=\"padding-left: 60px;\"><em><span style=\"font-weight: 400; font-size: 12pt; color: #000000; font-family: verdana, geneva, sans-serif;\">\u201cEu queria consolar a Nosso Senhor, e depois converter os pecadores, para que n\u00e3o O ofendam mais\u201d.<\/span><\/em><\/p>\n<p><span style=\"font-weight: 400; font-size: 12pt; color: #000000; font-family: verdana, geneva, sans-serif;\">Como sabia que Nossa Senhora o levaria para o c\u00e9u, ele ansiava pela sua morte, dizendo momentos antes de falecer:<span style=\"color: #ffffff;\"><br \/>\n<\/span><\/span><\/p>\n<h5 style=\"padding-left: 60px;\"><span style=\"font-size: 12pt; color: #000000; font-family: verdana, geneva, sans-serif;\"><i><span style=\"font-weight: 400;\">\u201cAgora poderei confortar Nosso Senhor\u201d<\/span><\/i><span style=\"font-weight: 400;\">, dizia ele a L\u00facia quando o visitava em seu leito.<\/span><\/span><\/h5>\n<p><span style=\"font-size: 12pt; color: #000000; font-family: verdana, geneva, sans-serif;\"><span style=\"font-weight: 400;\">Francisco oferecia sua fome e sede pela repara\u00e7\u00e3o aos Cora\u00e7\u00f5es que tanto sofriam. Sem contar que faltava a escola dizendo:\u00a0<em>\u201cV\u00e3o voc\u00eas ao col\u00e9gio, eu ficarei aqui com o Jesus Escondido&#8221;.<\/em><\/span><\/span><\/p>\n<p><span style=\"font-size: 12pt; color: #000000; font-family: verdana, geneva, sans-serif;\"><span style=\"font-weight: 400;\">Devido a isso sua imunidade ficou muita baixa, com que fez ele se tornar v\u00edtima de uma gripe pneum\u00f4nica, conhecida como Gripe Espanhola, que assolou Portugal, causando a morte de dezenas de pessoas. Antes mesmo disso, Nossa Senhora j\u00e1 havia exigido para que os tr\u00eas maneirassem nas oferendas.\u00a0<\/span><\/span><\/p>\n<h5 style=\"padding-left: 60px;\"><strong><span style=\"font-size: 12pt; color: #000000; font-family: verdana, geneva, sans-serif;\">L\u00facia retrata em suas mem\u00f3rias que ele estava feliz em todo momento que passou acamado:\u00a0<\/span><span style=\"font-size: 12pt; color: #000000; font-family: verdana, geneva, sans-serif;\"><i>Dizendo que estava oferecendo suas dores ao Nosso Senhor e que, muito em breve, F\u00e1tima iria busc\u00e1-lo.\u00a0<\/i><\/span><\/strong><span style=\"font-size: 12pt; color: #000000; font-family: verdana, geneva, sans-serif;\">Portanto, Francisco Marto conquistou o c\u00e9u.<\/span><\/h5>\n<h5><span style=\"font-size: 12pt; color: #000000; font-family: verdana, geneva, sans-serif;\"><span style=\"font-weight: 400;\">Francisco, praticava de maneira sublime o Primeiro Mandamento, esquecia-se de si mesmo e amava a Deus sobre todas as coisas.<\/span><span style=\"font-weight: 400;\"><br \/>\n<\/span><\/span><span style=\"font-weight: 400;\"><br \/>\n<\/span><span style=\"font-weight: 400; font-size: 12pt; color: #000000; font-family: verdana, geneva, sans-serif;\">Francisco Marto ainda \u00e9 o espelho, principalmente para os jovens, para aqueles que buscam um &#8220;exemplo&#8221;\u00a0de como alcan\u00e7ar a santidade.<\/span><\/h5>\n<hr \/>\n<p style=\"text-align: center;\"><span style=\"color: #ffffff;\">.<\/span><\/p>\n<p style=\"text-align: center;\"><span style=\"font-size: 14pt; color: #000000; font-family: verdana, geneva, sans-serif;\">A Comemora\u00e7\u00e3o do Centen\u00e1rio de Falecimento de S\u00e3o Francisco de F\u00e1tima ser\u00e1 amanh\u00e3!\u00a0<\/span><br \/>\n<span style=\"font-size: 14pt; color: #000000; font-family: verdana, geneva, sans-serif;\"><strong><span style=\"color: #0000ff;\"><a style=\"color: #0000ff;\" href=\"https:\/\/www.adf.org.br\/home\/o-grande-dia-esta-chegando\/\" target=\"_blank\" rel=\"noopener noreferrer\">Clique aqui<\/a><\/span><\/strong>\u00a0e saiba como participar.<\/span><\/p>\n","protected":false},"excerpt":{"rendered":"<p>No ano de 1908, nasceu Francisco Marto. Filho mais velho de Ol\u00edmpia de Jesus e Manuel Marto. Ele pertenceu a uma grande fam\u00edlia cat\u00f3lica.\u00a0Ap\u00f3s as apari\u00e7\u00f5es de Nossa Senhora, ele viveu intensamente para consolar as dores de Nosso Senhor e Nossa Senhora. . \u201cCarapu\u00e7o enterrado pela cabe\u00e7a, jaleca muito curta, colete deixando ver a camisa, [&hellip;]<\/p>\n","protected":false},"author":27,"featured_media":51553,"comment_status":"open","ping_status":"open","sticky":false,"template":"","format":"standard","meta":[],"categories":[20],"tags":[382,38,2667,2717,2533],"yoast_head":"<!-- This site is optimized with the Yoast SEO plugin v17.4 - https:\/\/yoast.com\/wordpress\/plugins\/seo\/ -->\n<title>Hoje \u00e9 o Centen\u00e1rio do Falecimento de S\u00e3o Francisco de F\u00e1tima! Veja alguns fatos sobre ele<\/title>\n<meta name=\"description\" content=\"Quem realmente fora S\u00e3o Francisco Marto? Veja os principais fatos sobre ele nessa mat\u00e9ria\" \/>\n<meta name=\"robots\" content=\"index, follow, max-snippet:-1, max-image-preview:large, max-video-preview:-1\" \/>\n<link rel=\"canonical\" href=\"https:\/\/www.adf.org.br\/home\/centenario-do-falecimento-de-sao-francisco-de-fatima\/\" \/>\n<meta property=\"og:locale\" content=\"pt_BR\" \/>\n<meta property=\"og:type\" content=\"article\" \/>\n<meta property=\"og:title\" content=\"Hoje \u00e9 o Centen\u00e1rio do Falecimento de S\u00e3o Francisco de F\u00e1tima! Veja alguns fatos sobre ele\" \/>\n<meta property=\"og:description\" content=\"Quem realmente fora S\u00e3o Francisco Marto? Veja os principais fatos sobre ele nessa mat\u00e9ria\" \/>\n<meta property=\"og:url\" content=\"https:\/\/www.adf.org.br\/home\/centenario-do-falecimento-de-sao-francisco-de-fatima\/\" \/>\n<meta property=\"og:site_name\" content=\"Associa\u00e7\u00e3o Devotos de F\u00e1tima\" \/>\n<meta property=\"article:published_time\" content=\"2019-04-04T03:00:52+00:00\" \/>\n<meta name=\"twitter:card\" content=\"summary_large_image\" \/>\n<meta name=\"twitter:label1\" content=\"Escrito por\" \/>\n\t<meta name=\"twitter:data1\" content=\"Gabriel Barbosa\" \/>\n\t<meta name=\"twitter:label2\" content=\"Est. tempo de leitura\" \/>\n\t<meta name=\"twitter:data2\" content=\"2 minutos\" \/>\n<script type=\"application\/ld+json\" class=\"yoast-schema-graph\">{\"@context\":\"https:\/\/schema.org\",\"@graph\":[{\"@type\":\"WebSite\",\"@id\":\"https:\/\/www.adf.org.br\/home\/#website\",\"url\":\"https:\/\/www.adf.org.br\/home\/\",\"name\":\"Associa\\u00e7\\u00e3o Devotos de F\\u00e1tima\",\"description\":\"Associa\\u00e7\\u00e3o Devotos de F\\u00e1tima\",\"potentialAction\":[{\"@type\":\"SearchAction\",\"target\":{\"@type\":\"EntryPoint\",\"urlTemplate\":\"https:\/\/www.adf.org.br\/home\/?s={search_term_string}\"},\"query-input\":\"required name=search_term_string\"}],\"inLanguage\":\"pt-BR\"},{\"@type\":\"ImageObject\",\"@id\":\"https:\/\/www.adf.org.br\/home\/centenario-do-falecimento-de-sao-francisco-de-fatima\/#primaryimage\",\"inLanguage\":\"pt-BR\",\"url\":\"\",\"contentUrl\":\"\"},{\"@type\":\"WebPage\",\"@id\":\"https:\/\/www.adf.org.br\/home\/centenario-do-falecimento-de-sao-francisco-de-fatima\/#webpage\",\"url\":\"https:\/\/www.adf.org.br\/home\/centenario-do-falecimento-de-sao-francisco-de-fatima\/\",\"name\":\"Hoje \\u00e9 o Centen\\u00e1rio do Falecimento de S\\u00e3o Francisco de F\\u00e1tima! Veja alguns fatos sobre ele\",\"isPartOf\":{\"@id\":\"https:\/\/www.adf.org.br\/home\/#website\"},\"primaryImageOfPage\":{\"@id\":\"https:\/\/www.adf.org.br\/home\/centenario-do-falecimento-de-sao-francisco-de-fatima\/#primaryimage\"},\"datePublished\":\"2019-04-04T03:00:52+00:00\",\"dateModified\":\"2019-04-04T03:00:52+00:00\",\"author\":{\"@id\":\"https:\/\/www.adf.org.br\/home\/#\/schema\/person\/affa494ecf91434f3620f5392de44327\"},\"description\":\"Quem realmente fora S\\u00e3o Francisco Marto? Veja os principais fatos sobre ele nessa mat\\u00e9ria\",\"breadcrumb\":{\"@id\":\"https:\/\/www.adf.org.br\/home\/centenario-do-falecimento-de-sao-francisco-de-fatima\/#breadcrumb\"},\"inLanguage\":\"pt-BR\",\"potentialAction\":[{\"@type\":\"ReadAction\",\"target\":[\"https:\/\/www.adf.org.br\/home\/centenario-do-falecimento-de-sao-francisco-de-fatima\/\"]}]},{\"@type\":\"BreadcrumbList\",\"@id\":\"https:\/\/www.adf.org.br\/home\/centenario-do-falecimento-de-sao-francisco-de-fatima\/#breadcrumb\",\"itemListElement\":[{\"@type\":\"ListItem\",\"position\":1,\"name\":\"Home\",\"item\":\"https:\/\/www.adf.org.br\/home\/\"},{\"@type\":\"ListItem\",\"position\":2,\"name\":\"Hoje \\u00e9 o Centen\\u00e1rio do Falecimento de S\\u00e3o Francisco de F\\u00e1tima! Veja alguns fatos sobre ele\"}]},{\"@type\":\"Person\",\"@id\":\"https:\/\/www.adf.org.br\/home\/#\/schema\/person\/affa494ecf91434f3620f5392de44327\",\"name\":\"Gabriel Barbosa\",\"image\":{\"@type\":\"ImageObject\",\"@id\":\"https:\/\/www.adf.org.br\/home\/#personlogo\",\"inLanguage\":\"pt-BR\",\"url\":\"https:\/\/secure.gravatar.com\/avatar\/ecf2eab02e30486a7038f8b2858de06a?s=96&d=mm&r=g\",\"contentUrl\":\"https:\/\/secure.gravatar.com\/avatar\/ecf2eab02e30486a7038f8b2858de06a?s=96&d=mm&r=g\",\"caption\":\"Gabriel Barbosa\"},\"url\":\"https:\/\/www.adf.org.br\/home\/author\/gabriel-aascj\/\"}]}<\/script>\n<!-- \/ Yoast SEO plugin. -->","yoast_head_json":{"title":"Hoje \u00e9 o Centen\u00e1rio do Falecimento de S\u00e3o Francisco de F\u00e1tima! Veja alguns fatos sobre ele","description":"Quem realmente fora S\u00e3o Francisco Marto? Veja os principais fatos sobre ele nessa mat\u00e9ria","robots":{"index":"index","follow":"follow","max-snippet":"max-snippet:-1","max-image-preview":"max-image-preview:large","max-video-preview":"max-video-preview:-1"},"canonical":"https:\/\/www.adf.org.br\/home\/centenario-do-falecimento-de-sao-francisco-de-fatima\/","og_locale":"pt_BR","og_type":"article","og_title":"Hoje \u00e9 o Centen\u00e1rio do Falecimento de S\u00e3o Francisco de F\u00e1tima! Veja alguns fatos sobre ele","og_description":"Quem realmente fora S\u00e3o Francisco Marto? Veja os principais fatos sobre ele nessa mat\u00e9ria","og_url":"https:\/\/www.adf.org.br\/home\/centenario-do-falecimento-de-sao-francisco-de-fatima\/","og_site_name":"Associa\u00e7\u00e3o Devotos de F\u00e1tima","article_published_time":"2019-04-04T03:00:52+00:00","twitter_card":"summary_large_image","twitter_misc":{"Escrito por":"Gabriel Barbosa","Est. tempo de leitura":"2 minutos"},"schema":{"@context":"https:\/\/schema.org","@graph":[{"@type":"WebSite","@id":"https:\/\/www.adf.org.br\/home\/#website","url":"https:\/\/www.adf.org.br\/home\/","name":"Associa\u00e7\u00e3o Devotos de F\u00e1tima","description":"Associa\u00e7\u00e3o Devotos de F\u00e1tima","potentialAction":[{"@type":"SearchAction","target":{"@type":"EntryPoint","urlTemplate":"https:\/\/www.adf.org.br\/home\/?s={search_term_string}"},"query-input":"required name=search_term_string"}],"inLanguage":"pt-BR"},{"@type":"ImageObject","@id":"https:\/\/www.adf.org.br\/home\/centenario-do-falecimento-de-sao-francisco-de-fatima\/#primaryimage","inLanguage":"pt-BR","url":"","contentUrl":""},{"@type":"WebPage","@id":"https:\/\/www.adf.org.br\/home\/centenario-do-falecimento-de-sao-francisco-de-fatima\/#webpage","url":"https:\/\/www.adf.org.br\/home\/centenario-do-falecimento-de-sao-francisco-de-fatima\/","name":"Hoje \u00e9 o Centen\u00e1rio do Falecimento de S\u00e3o Francisco de F\u00e1tima! Veja alguns fatos sobre ele","isPartOf":{"@id":"https:\/\/www.adf.org.br\/home\/#website"},"primaryImageOfPage":{"@id":"https:\/\/www.adf.org.br\/home\/centenario-do-falecimento-de-sao-francisco-de-fatima\/#primaryimage"},"datePublished":"2019-04-04T03:00:52+00:00","dateModified":"2019-04-04T03:00:52+00:00","author":{"@id":"https:\/\/www.adf.org.br\/home\/#\/schema\/person\/affa494ecf91434f3620f5392de44327"},"description":"Quem realmente fora S\u00e3o Francisco Marto? Veja os principais fatos sobre ele nessa mat\u00e9ria","breadcrumb":{"@id":"https:\/\/www.adf.org.br\/home\/centenario-do-falecimento-de-sao-francisco-de-fatima\/#breadcrumb"},"inLanguage":"pt-BR","potentialAction":[{"@type":"ReadAction","target":["https:\/\/www.adf.org.br\/home\/centenario-do-falecimento-de-sao-francisco-de-fatima\/"]}]},{"@type":"BreadcrumbList","@id":"https:\/\/www.adf.org.br\/home\/centenario-do-falecimento-de-sao-francisco-de-fatima\/#breadcrumb","itemListElement":[{"@type":"ListItem","position":1,"name":"Home","item":"https:\/\/www.adf.org.br\/home\/"},{"@type":"ListItem","position":2,"name":"Hoje \u00e9 o Centen\u00e1rio do Falecimento de S\u00e3o Francisco de F\u00e1tima! Veja alguns fatos sobre ele"}]},{"@type":"Person","@id":"https:\/\/www.adf.org.br\/home\/#\/schema\/person\/affa494ecf91434f3620f5392de44327","name":"Gabriel Barbosa","image":{"@type":"ImageObject","@id":"https:\/\/www.adf.org.br\/home\/#personlogo","inLanguage":"pt-BR","url":"https:\/\/secure.gravatar.com\/avatar\/ecf2eab02e30486a7038f8b2858de06a?s=96&d=mm&r=g","contentUrl":"https:\/\/secure.gravatar.com\/avatar\/ecf2eab02e30486a7038f8b2858de06a?s=96&d=mm&r=g","caption":"Gabriel Barbosa"},"url":"https:\/\/www.adf.org.br\/home\/author\/gabriel-aascj\/"}]}},"_links":{"self":[{"href":"https:\/\/www.adf.org.br\/home\/wp-json\/wp\/v2\/posts\/51461"}],"collection":[{"href":"https:\/\/www.adf.org.br\/home\/wp-json\/wp\/v2\/posts"}],"about":[{"href":"https:\/\/www.adf.org.br\/home\/wp-json\/wp\/v2\/types\/post"}],"author":[{"embeddable":true,"href":"https:\/\/www.adf.org.br\/home\/wp-json\/wp\/v2\/users\/27"}],"replies":[{"embeddable":true,"href":"https:\/\/www.adf.org.br\/home\/wp-json\/wp\/v2\/comments?post=51461"}],"version-history":[{"count":0,"href":"https:\/\/www.adf.org.br\/home\/wp-json\/wp\/v2\/posts\/51461\/revisions"}],"wp:featuredmedia":[{"embeddable":true,"href":"https:\/\/www.adf.org.br\/home\/wp-json\/wp\/v2\/media\/51553"}],"wp:attachment":[{"href":"https:\/\/www.adf.org.br\/home\/wp-json\/wp\/v2\/media?parent=51461"}],"wp:term":[{"taxonomy":"category","embeddable":true,"href":"https:\/\/www.adf.org.br\/home\/wp-json\/wp\/v2\/categories?post=51461"},{"taxonomy":"post_tag","embeddable":true,"href":"https:\/\/www.adf.org.br\/home\/wp-json\/wp\/v2\/tags?post=51461"}],"curies":[{"name":"wp","href":"https:\/\/api.w.org\/{rel}","templated":true}]}}