{"id":51434,"date":"2020-03-25T00:30:23","date_gmt":"2020-03-25T03:30:23","guid":{"rendered":"http:\/\/www.adf.org.br\/home\/?p=51434"},"modified":"2020-03-25T00:30:23","modified_gmt":"2020-03-25T03:30:23","slug":"oracao-a-nossa-senhora-do-carmo","status":"publish","type":"post","link":"https:\/\/www.adf.org.br\/home\/oracao-a-nossa-senhora-do-carmo\/","title":{"rendered":"Escapul\u00e1rio do Carmo: Um presente incr\u00edvel de Nossa Senhora que voc\u00ea ir\u00e1 querer conhecer"},"content":{"rendered":"<figure id=\"attachment_51442\" aria-describedby=\"caption-attachment-51442\" style=\"width: 260px\" class=\"wp-caption aligncenter\"><a href=\"https:\/\/pay.hotmart.com\/T6681378W?checkoutMode=10&amp;sck=8736&amp;bid=1525720510007&amp;ref=P9378152I\" target=\"_blank\" rel=\"noopener noreferrer\"><img loading=\"lazy\" class=\"wp-image-51442\" src=\"https:\/\/www.adf.org.br\/home\/wp-content\/uploads\/2019\/04\/NSC-e1553889323215.jpg\" alt=\"Nossa Senhora do Carmo\" width=\"260\" height=\"332\" \/><\/a><figcaption id=\"caption-attachment-51442\" class=\"wp-caption-text\"><em><span style=\"font-size: 12pt; color: #000000; font-family: georgia, palatino, serif;\">Nossa Senhora do Carmo<\/span><\/em><\/figcaption><\/figure>\n<p style=\"text-align: left;\"><span style=\"font-size: 12pt; color: #000000; font-family: verdana, geneva, sans-serif;\"><span style=\"color: #ffffff;\">.<\/span><br \/>\nEm todas as revela\u00e7\u00f5es de Maria \u00e9 trazido consigo uma maneira de alcan\u00e7ar\u00a0a Salva\u00e7\u00e3o.<\/span><\/p>\n<p style=\"text-align: left;\"><span style=\"font-size: 12pt; color: #000000; font-family: verdana, geneva, sans-serif;\">Quando Nossa Senhora revelou o Escapul\u00e1rio do Carmo, Ela prometeu <em>&#8220;Salva\u00e7\u00e3o do fogo eterno&#8221;<\/em>, mas tamb\u00e9m pedir\u00e1 a pr\u00e1tica da Ora\u00e7\u00e3o, da mesma forma que em F\u00e1tima.<\/span><\/p>\n<p style=\"text-align: left;\"><span style=\"color: #ffffff;\">.<\/span><\/p>\n<blockquote>\n<h1 style=\"text-align: left; padding-left: 30px;\"><span style=\"color: #000080;\"><strong><span style=\"font-size: 12pt; font-family: verdana, geneva, sans-serif;\">Ora\u00e7\u00e3o a Nossa Senhora do Escapul\u00e1rio do Carmo:<\/span><\/strong><\/span><\/h1>\n<h1 style=\"text-align: left; padding-left: 60px;\"><span style=\"font-size: 12pt; color: #000000; font-family: verdana, geneva, sans-serif;\"><em><span style=\"font-weight: 400;\">Sant\u00edssima Virgem Maria, Esplendor e Gl\u00f3ria do Carmelo,<\/span><\/em><\/span><\/h1>\n<p style=\"padding-left: 60px;\"><span style=\"font-size: 12pt; color: #000000; font-family: verdana, geneva, sans-serif;\"><em><span style=\"font-weight: 400;\">v\u00f3s olhais com especial ternura os que se revestem com o vosso Santo Escapul\u00e1rio.<\/span><\/em><\/span><\/p>\n<p style=\"padding-left: 60px;\"><span style=\"font-size: 12pt; color: #000000; font-family: verdana, geneva, sans-serif;\"><em><span style=\"font-weight: 400;\">Cobri-me com o manto da vossa maternal prote\u00e7\u00e3o, <\/span><\/em><\/span><\/p>\n<p style=\"padding-left: 60px;\"><span style=\"font-size: 12pt; color: #000000; font-family: verdana, geneva, sans-serif;\"><em><span style=\"font-weight: 400;\">pois a V\u00f3s me consagro hoje e para sempre. <\/span><\/em><\/span><\/p>\n<p style=\"padding-left: 60px;\"><span style=\"font-size: 12pt; color: #000000; font-family: verdana, geneva, sans-serif;\"><em><span style=\"font-weight: 400;\">Fortalecei a minha fraqueza com o vosso poder.<\/span><\/em><\/span><\/p>\n<p style=\"padding-left: 60px;\"><span style=\"font-size: 12pt; color: #000000; font-family: verdana, geneva, sans-serif;\"><em><span style=\"font-weight: 400;\">Iluminai a escurid\u00e3o do meu esp\u00edrito com a vossa sabedoria.<\/span><\/em><\/span><\/p>\n<p style=\"padding-left: 60px;\"><span style=\"font-size: 12pt; color: #000000; font-family: verdana, geneva, sans-serif;\"><em><span style=\"font-weight: 400;\">Aumentai em mim a f\u00e9, a esperan\u00e7a e a caridade. <\/span><\/em><\/span><\/p>\n<p style=\"padding-left: 60px;\"><span style=\"font-size: 12pt; color: #000000; font-family: verdana, geneva, sans-serif;\"><em><span style=\"font-weight: 400;\">Adornai a minha alma com muitas gra\u00e7as e virtudes.<\/span><\/em><\/span><\/p>\n<p style=\"padding-left: 60px;\"><span style=\"font-size: 12pt; color: #000000; font-family: verdana, geneva, sans-serif;\"><em><span style=\"font-weight: 400;\">Assisti-me na vida, consolai-me na morte com a vossa presen\u00e7a,<\/span><\/em><\/span><\/p>\n<p style=\"padding-left: 60px;\"><span style=\"font-size: 12pt; color: #000000; font-family: verdana, geneva, sans-serif;\"><em><span style=\"font-weight: 400;\">apresentai-me \u00e0 Sant\u00edssima Trindade como vosso filho(a) dedicado(a),<\/span><\/em><\/span><\/p>\n<p style=\"padding-left: 60px;\"><span style=\"font-size: 12pt; color: #000000; font-family: verdana, geneva, sans-serif;\"><em><span style=\"font-weight: 400;\"> para que \u00a0possa louv\u00e1-La por toda a eternidade.<\/span><\/em><\/span><\/p>\n<p style=\"padding-left: 60px;\"><span style=\"font-size: 12pt; color: #000000; font-family: verdana, geneva, sans-serif;\"><em><span style=\"font-weight: 400;\">Am\u00e9m.<\/span><\/em><\/span><\/p>\n<\/blockquote>\n<hr \/>\n<p><span style=\"font-size: 12pt; color: #000000; font-family: verdana, geneva, sans-serif;\">Para muitas pessoas o <span style=\"color: #0000ff;\"><a style=\"color: #0000ff;\" href=\"https:\/\/pay.hotmart.com\/T6681378W?checkoutMode=10&amp;sck=8736&amp;bid=1525720510007&amp;ref=P9378152I\" target=\"_blank\" rel=\"noopener noreferrer\"><em>Escapul\u00e1rio de Nossa Senhora do Carmo<\/em><\/a> <\/span>ainda \u00e9 um mist\u00e9rio. Muitos o usam, mas n\u00e3o conhecem seus privil\u00e9gios ligados a ele, como por exemplo:<\/span><\/p>\n<p><span style=\"color: #ffffff;\">.<\/span><\/p>\n<p style=\"padding-left: 60px;\"><span style=\"font-size: 12pt; color: #000000; font-family: verdana, geneva, sans-serif;\"><strong>a &#8211; A &#8220;Grande Promessa&#8221;:<\/strong> <em>&#8220;aquele que com ele morrer n\u00e3o padecer\u00e1 do fogo eterno&#8221;;<\/em><\/span><\/p>\n<p style=\"padding-left: 60px;\"><span style=\"font-size: 12pt; color: #000000; font-family: verdana, geneva, sans-serif;\"><strong>b &#8211; O &#8220;Privil\u00e9gio Sabatino&#8221;:<\/strong> ser\u00e1 liberto do Purgat\u00f3rio no s\u00e1bado seguinte \u00e0 morte.<\/span><\/p>\n<p style=\"padding-left: 60px;\"><span style=\"color: #ffffff;\">.<\/span><\/p>\n<p><span style=\"font-size: 12pt; color: #000000; font-family: verdana, geneva, sans-serif;\">Al\u00e9m desses, existem muitos outros mist\u00e9rios; benef\u00edcios espirituais, promessas e hist\u00f3rias reais em torno do Escapul\u00e1rio, e voc\u00ea poder\u00e1 descobrir tudo isso e muito mais no <strong>Livro Digital \u2013 <span style=\"color: #0000ff;\"><a style=\"color: #0000ff;\" href=\"https:\/\/pay.hotmart.com\/T6681378W?checkoutMode=10&amp;sck=8736&amp;bid=1525720510007&amp;ref=P9378152I\" target=\"_blank\" rel=\"noopener noreferrer\">O Escapul\u00e1rio de Nossa Senhora do Carmo.<\/a><\/span><\/strong> Conhe\u00e7a-o:<\/span><\/p>\n<p><span style=\"font-size: 12pt; color: #000000; font-family: verdana, geneva, sans-serif;\"><a style=\"color: #000000;\" href=\"https:\/\/pay.hotmart.com\/T6681378W?checkoutMode=10&amp;sck=8736&amp;bid=1525720510007&amp;ref=P9378152I\" target=\"_blank\" rel=\"noopener noreferrer\"><img loading=\"lazy\" class=\"alignleft wp-image-51437\" src=\"https:\/\/www.adf.org.br\/home\/wp-content\/uploads\/2019\/03\/unnamed.png\" alt=\"unnamed\" width=\"246\" height=\"308\" \/><\/a><\/span><\/p>\n<p><span style=\"font-size: 12pt; color: #000000; font-family: verdana, geneva, sans-serif;\">Voc\u00ea descobrir\u00e1 o necess\u00e1rios para gozar dos privil\u00e9gios prometidos por Nossa Senhora, al\u00e9m disso, encontrar\u00e1:<\/span><\/p>\n<p><em><span style=\"font-size: 12pt; color: #000000; font-family: verdana, geneva, sans-serif;\">&#8211; A verdadeira origem do Escapul\u00e1rio;<\/span><\/em><\/p>\n<p><em><span style=\"font-size: 12pt; color: #000000; font-family: verdana, geneva, sans-serif;\">&#8211; As promessas e privil\u00e9gios ligados ao Escapul\u00e1rio;<\/span><\/em><\/p>\n<p><em><span style=\"font-size: 12pt; color: #000000; font-family: verdana, geneva, sans-serif;\">&#8211; Exemplos pr\u00e1ticos de prote\u00e7\u00e3o;<\/span><\/em><\/p>\n<p><em><span style=\"font-size: 12pt; color: #000000; font-family: verdana, geneva, sans-serif;\">&#8211; Tudo Sobre Nossa Senhora e Ordem do Carmo;<\/span><\/em><\/p>\n<p><strong><span style=\"font-size: 12pt; color: #000000; font-family: verdana, geneva, sans-serif;\"><a href=\"https:\/\/go.hotmart.com\/P9378152I\" target=\"_blank\" rel=\"noopener noreferrer\"><span style=\"color: #0000ff;\">Clicando aqui<\/span> <\/a>voc\u00ea descobrir\u00e1 como recebe-lo.\u00a0<\/span><\/strong><\/p>\n<p><span style=\"font-size: 12pt; color: #000000; font-family: verdana, geneva, sans-serif;\">Aos que lerem este e-book, ter\u00e3o seus nomes inscritos na Missa de Nossa Senhora do Carmo. Portanto n\u00e3o deixe para depois.<\/span><\/p>\n<p style=\"text-align: center;\"><span style=\"color: #ffffff;\">.<\/span><br \/>\n<em><span style=\"color: #0000ff;\"><span style=\"font-size: 14pt; font-family: georgia, palatino, serif;\"><a style=\"color: #0000ff;\" href=\"https:\/\/pay.hotmart.com\/T6681378W?checkoutMode=10&amp;sck=8736&amp;bid=1525720510007&amp;ref=P9378152I\" target=\"_blank\" rel=\"noopener noreferrer\">Nossa Senhora do Carmo, Rogai por n\u00f3s!<\/a><\/span><\/span><\/em><\/p>\n<p style=\"text-align: center;\"><span style=\"color: #ffffff;\">.<\/span><\/p>\n","protected":false},"excerpt":{"rendered":"<p>. Em todas as revela\u00e7\u00f5es de Maria \u00e9 trazido consigo uma maneira de alcan\u00e7ar\u00a0a Salva\u00e7\u00e3o. Quando Nossa Senhora revelou o Escapul\u00e1rio do Carmo, Ela prometeu &#8220;Salva\u00e7\u00e3o do fogo eterno&#8221;, mas tamb\u00e9m pedir\u00e1 a pr\u00e1tica da Ora\u00e7\u00e3o, da mesma forma que em F\u00e1tima. . Ora\u00e7\u00e3o a Nossa Senhora do Escapul\u00e1rio do Carmo: Sant\u00edssima Virgem Maria, Esplendor [&hellip;]<\/p>\n","protected":false},"author":27,"featured_media":51442,"comment_status":"open","ping_status":"open","sticky":false,"template":"","format":"standard","meta":[],"categories":[2224,20,14],"tags":[529,2314,2315,2316,2976,2977,38,846,2978,2979,2980,2981,2982,2983,470,313],"yoast_head":"<!-- This site is optimized with the Yoast SEO plugin v17.4 - https:\/\/yoast.com\/wordpress\/plugins\/seo\/ -->\n<title>Ora\u00e7\u00e3o a Nossa Senhora do Carmo<\/title>\n<meta name=\"description\" content=\"Nossa Senhora do Carmo que prometer\u00e1 o livramento do Fogo Do Inferno, rogai por aqueles que recorrerem a v\u00f3s!\" \/>\n<meta name=\"robots\" content=\"index, follow, max-snippet:-1, max-image-preview:large, max-video-preview:-1\" \/>\n<link rel=\"canonical\" href=\"https:\/\/www.adf.org.br\/home\/oracao-a-nossa-senhora-do-carmo\/\" \/>\n<meta property=\"og:locale\" content=\"pt_BR\" \/>\n<meta property=\"og:type\" content=\"article\" \/>\n<meta property=\"og:title\" content=\"Ora\u00e7\u00e3o a Nossa Senhora do Carmo\" \/>\n<meta property=\"og:description\" content=\"Nossa Senhora do Carmo que prometer\u00e1 o livramento do Fogo Do Inferno, rogai por aqueles que recorrerem a v\u00f3s!\" \/>\n<meta property=\"og:url\" content=\"https:\/\/www.adf.org.br\/home\/oracao-a-nossa-senhora-do-carmo\/\" \/>\n<meta property=\"og:site_name\" content=\"Associa\u00e7\u00e3o Devotos de F\u00e1tima\" \/>\n<meta property=\"article:published_time\" content=\"2020-03-25T03:30:23+00:00\" \/>\n<meta name=\"twitter:card\" content=\"summary_large_image\" \/>\n<meta name=\"twitter:label1\" content=\"Escrito por\" \/>\n\t<meta name=\"twitter:data1\" content=\"Gabriel Barbosa\" \/>\n\t<meta name=\"twitter:label2\" content=\"Est. tempo de leitura\" \/>\n\t<meta name=\"twitter:data2\" content=\"2 minutos\" \/>\n<script type=\"application\/ld+json\" class=\"yoast-schema-graph\">{\"@context\":\"https:\/\/schema.org\",\"@graph\":[{\"@type\":\"WebSite\",\"@id\":\"https:\/\/www.adf.org.br\/home\/#website\",\"url\":\"https:\/\/www.adf.org.br\/home\/\",\"name\":\"Associa\\u00e7\\u00e3o Devotos de F\\u00e1tima\",\"description\":\"Associa\\u00e7\\u00e3o Devotos de F\\u00e1tima\",\"potentialAction\":[{\"@type\":\"SearchAction\",\"target\":{\"@type\":\"EntryPoint\",\"urlTemplate\":\"https:\/\/www.adf.org.br\/home\/?s={search_term_string}\"},\"query-input\":\"required name=search_term_string\"}],\"inLanguage\":\"pt-BR\"},{\"@type\":\"ImageObject\",\"@id\":\"https:\/\/www.adf.org.br\/home\/oracao-a-nossa-senhora-do-carmo\/#primaryimage\",\"inLanguage\":\"pt-BR\",\"url\":\"\",\"contentUrl\":\"\"},{\"@type\":\"WebPage\",\"@id\":\"https:\/\/www.adf.org.br\/home\/oracao-a-nossa-senhora-do-carmo\/#webpage\",\"url\":\"https:\/\/www.adf.org.br\/home\/oracao-a-nossa-senhora-do-carmo\/\",\"name\":\"Ora\\u00e7\\u00e3o a Nossa Senhora do Carmo\",\"isPartOf\":{\"@id\":\"https:\/\/www.adf.org.br\/home\/#website\"},\"primaryImageOfPage\":{\"@id\":\"https:\/\/www.adf.org.br\/home\/oracao-a-nossa-senhora-do-carmo\/#primaryimage\"},\"datePublished\":\"2020-03-25T03:30:23+00:00\",\"dateModified\":\"2020-03-25T03:30:23+00:00\",\"author\":{\"@id\":\"https:\/\/www.adf.org.br\/home\/#\/schema\/person\/affa494ecf91434f3620f5392de44327\"},\"description\":\"Nossa Senhora do Carmo que prometer\\u00e1 o livramento do Fogo Do Inferno, rogai por aqueles que recorrerem a v\\u00f3s!\",\"breadcrumb\":{\"@id\":\"https:\/\/www.adf.org.br\/home\/oracao-a-nossa-senhora-do-carmo\/#breadcrumb\"},\"inLanguage\":\"pt-BR\",\"potentialAction\":[{\"@type\":\"ReadAction\",\"target\":[\"https:\/\/www.adf.org.br\/home\/oracao-a-nossa-senhora-do-carmo\/\"]}]},{\"@type\":\"BreadcrumbList\",\"@id\":\"https:\/\/www.adf.org.br\/home\/oracao-a-nossa-senhora-do-carmo\/#breadcrumb\",\"itemListElement\":[{\"@type\":\"ListItem\",\"position\":1,\"name\":\"Home\",\"item\":\"https:\/\/www.adf.org.br\/home\/\"},{\"@type\":\"ListItem\",\"position\":2,\"name\":\"Escapul\\u00e1rio do Carmo: Um presente incr\\u00edvel de Nossa Senhora que voc\\u00ea ir\\u00e1 querer conhecer\"}]},{\"@type\":\"Person\",\"@id\":\"https:\/\/www.adf.org.br\/home\/#\/schema\/person\/affa494ecf91434f3620f5392de44327\",\"name\":\"Gabriel Barbosa\",\"image\":{\"@type\":\"ImageObject\",\"@id\":\"https:\/\/www.adf.org.br\/home\/#personlogo\",\"inLanguage\":\"pt-BR\",\"url\":\"https:\/\/secure.gravatar.com\/avatar\/ecf2eab02e30486a7038f8b2858de06a?s=96&d=mm&r=g\",\"contentUrl\":\"https:\/\/secure.gravatar.com\/avatar\/ecf2eab02e30486a7038f8b2858de06a?s=96&d=mm&r=g\",\"caption\":\"Gabriel Barbosa\"},\"url\":\"https:\/\/www.adf.org.br\/home\/author\/gabriel-aascj\/\"}]}<\/script>\n<!-- \/ Yoast SEO plugin. -->","yoast_head_json":{"title":"Ora\u00e7\u00e3o a Nossa Senhora do Carmo","description":"Nossa Senhora do Carmo que prometer\u00e1 o livramento do Fogo Do Inferno, rogai por aqueles que recorrerem a v\u00f3s!","robots":{"index":"index","follow":"follow","max-snippet":"max-snippet:-1","max-image-preview":"max-image-preview:large","max-video-preview":"max-video-preview:-1"},"canonical":"https:\/\/www.adf.org.br\/home\/oracao-a-nossa-senhora-do-carmo\/","og_locale":"pt_BR","og_type":"article","og_title":"Ora\u00e7\u00e3o a Nossa Senhora do Carmo","og_description":"Nossa Senhora do Carmo que prometer\u00e1 o livramento do Fogo Do Inferno, rogai por aqueles que recorrerem a v\u00f3s!","og_url":"https:\/\/www.adf.org.br\/home\/oracao-a-nossa-senhora-do-carmo\/","og_site_name":"Associa\u00e7\u00e3o Devotos de F\u00e1tima","article_published_time":"2020-03-25T03:30:23+00:00","twitter_card":"summary_large_image","twitter_misc":{"Escrito por":"Gabriel Barbosa","Est. tempo de leitura":"2 minutos"},"schema":{"@context":"https:\/\/schema.org","@graph":[{"@type":"WebSite","@id":"https:\/\/www.adf.org.br\/home\/#website","url":"https:\/\/www.adf.org.br\/home\/","name":"Associa\u00e7\u00e3o Devotos de F\u00e1tima","description":"Associa\u00e7\u00e3o Devotos de F\u00e1tima","potentialAction":[{"@type":"SearchAction","target":{"@type":"EntryPoint","urlTemplate":"https:\/\/www.adf.org.br\/home\/?s={search_term_string}"},"query-input":"required name=search_term_string"}],"inLanguage":"pt-BR"},{"@type":"ImageObject","@id":"https:\/\/www.adf.org.br\/home\/oracao-a-nossa-senhora-do-carmo\/#primaryimage","inLanguage":"pt-BR","url":"","contentUrl":""},{"@type":"WebPage","@id":"https:\/\/www.adf.org.br\/home\/oracao-a-nossa-senhora-do-carmo\/#webpage","url":"https:\/\/www.adf.org.br\/home\/oracao-a-nossa-senhora-do-carmo\/","name":"Ora\u00e7\u00e3o a Nossa Senhora do Carmo","isPartOf":{"@id":"https:\/\/www.adf.org.br\/home\/#website"},"primaryImageOfPage":{"@id":"https:\/\/www.adf.org.br\/home\/oracao-a-nossa-senhora-do-carmo\/#primaryimage"},"datePublished":"2020-03-25T03:30:23+00:00","dateModified":"2020-03-25T03:30:23+00:00","author":{"@id":"https:\/\/www.adf.org.br\/home\/#\/schema\/person\/affa494ecf91434f3620f5392de44327"},"description":"Nossa Senhora do Carmo que prometer\u00e1 o livramento do Fogo Do Inferno, rogai por aqueles que recorrerem a v\u00f3s!","breadcrumb":{"@id":"https:\/\/www.adf.org.br\/home\/oracao-a-nossa-senhora-do-carmo\/#breadcrumb"},"inLanguage":"pt-BR","potentialAction":[{"@type":"ReadAction","target":["https:\/\/www.adf.org.br\/home\/oracao-a-nossa-senhora-do-carmo\/"]}]},{"@type":"BreadcrumbList","@id":"https:\/\/www.adf.org.br\/home\/oracao-a-nossa-senhora-do-carmo\/#breadcrumb","itemListElement":[{"@type":"ListItem","position":1,"name":"Home","item":"https:\/\/www.adf.org.br\/home\/"},{"@type":"ListItem","position":2,"name":"Escapul\u00e1rio do Carmo: Um presente incr\u00edvel de Nossa Senhora que voc\u00ea ir\u00e1 querer conhecer"}]},{"@type":"Person","@id":"https:\/\/www.adf.org.br\/home\/#\/schema\/person\/affa494ecf91434f3620f5392de44327","name":"Gabriel Barbosa","image":{"@type":"ImageObject","@id":"https:\/\/www.adf.org.br\/home\/#personlogo","inLanguage":"pt-BR","url":"https:\/\/secure.gravatar.com\/avatar\/ecf2eab02e30486a7038f8b2858de06a?s=96&d=mm&r=g","contentUrl":"https:\/\/secure.gravatar.com\/avatar\/ecf2eab02e30486a7038f8b2858de06a?s=96&d=mm&r=g","caption":"Gabriel Barbosa"},"url":"https:\/\/www.adf.org.br\/home\/author\/gabriel-aascj\/"}]}},"_links":{"self":[{"href":"https:\/\/www.adf.org.br\/home\/wp-json\/wp\/v2\/posts\/51434"}],"collection":[{"href":"https:\/\/www.adf.org.br\/home\/wp-json\/wp\/v2\/posts"}],"about":[{"href":"https:\/\/www.adf.org.br\/home\/wp-json\/wp\/v2\/types\/post"}],"author":[{"embeddable":true,"href":"https:\/\/www.adf.org.br\/home\/wp-json\/wp\/v2\/users\/27"}],"replies":[{"embeddable":true,"href":"https:\/\/www.adf.org.br\/home\/wp-json\/wp\/v2\/comments?post=51434"}],"version-history":[{"count":0,"href":"https:\/\/www.adf.org.br\/home\/wp-json\/wp\/v2\/posts\/51434\/revisions"}],"wp:featuredmedia":[{"embeddable":true,"href":"https:\/\/www.adf.org.br\/home\/wp-json\/wp\/v2\/media\/51442"}],"wp:attachment":[{"href":"https:\/\/www.adf.org.br\/home\/wp-json\/wp\/v2\/media?parent=51434"}],"wp:term":[{"taxonomy":"category","embeddable":true,"href":"https:\/\/www.adf.org.br\/home\/wp-json\/wp\/v2\/categories?post=51434"},{"taxonomy":"post_tag","embeddable":true,"href":"https:\/\/www.adf.org.br\/home\/wp-json\/wp\/v2\/tags?post=51434"}],"curies":[{"name":"wp","href":"https:\/\/api.w.org\/{rel}","templated":true}]}}