{"id":51422,"date":"2019-04-02T08:20:25","date_gmt":"2019-04-02T11:20:25","guid":{"rendered":"http:\/\/www.adf.org.br\/home\/?p=51422"},"modified":"2019-04-02T08:20:25","modified_gmt":"2019-04-02T11:20:25","slug":"santa-missa-de-sao-francisco-marto","status":"publish","type":"post","link":"https:\/\/www.adf.org.br\/home\/santa-missa-de-sao-francisco-marto\/","title":{"rendered":"Santa Missa de S\u00e3o Francisco de F\u00e1tima! Inscreva suas inten\u00e7\u00f5es"},"content":{"rendered":"<figure id=\"attachment_51429\" aria-describedby=\"caption-attachment-51429\" style=\"width: 524px\" class=\"wp-caption aligncenter\"><a href=\"https:\/\/www.facebook.com\/events\/407998033300620\/\" target=\"_blank\" rel=\"noopener noreferrer\"><img loading=\"lazy\" class=\"wp-image-51429\" src=\"https:\/\/www.adf.org.br\/home\/wp-content\/uploads\/2019\/04\/Francisco-Marto.jpg\" alt=\"S\u00e3o Francisco de F\u00e1tima\" width=\"524\" height=\"262\" \/><\/a><figcaption id=\"caption-attachment-51429\" class=\"wp-caption-text\"><span style=\"font-size: 10pt;\">Francisco Marto<\/span><\/figcaption><\/figure>\n<p style=\"padding-left: 60px;\"><span style=\"font-weight: 400; font-size: 12pt; color: #000000; font-family: verdana, geneva, sans-serif;\"><span style=\"font-size: 18pt;\"><strong><span style=\"color: #ffffff;\">.<\/span><br \/>\nN<\/strong><\/span>esta quinta-feira ser\u00e1 o <span style=\"color: #000080;\"><a style=\"color: #000080;\" href=\"https:\/\/www.facebook.com\/events\/407998033300620\/\" target=\"_blank\" rel=\"noopener noreferrer\">Centen\u00e1rio do falecimento de S\u00e3o Francisco de F\u00e1tima<\/a><\/span>, um dos tr\u00eas pastorinhos de Nossa Senhora.<\/span><\/p>\n<p><span style=\"font-weight: 400; font-size: 12pt; color: #000000; font-family: verdana, geneva, sans-serif;\">Al\u00e9m de estarmos organizando um evento que voc\u00ea tamb\u00e9m est\u00e1 convidado,\u00a0<span style=\"color: #0000ff;\"><a style=\"color: #0000ff;\" href=\"https:\/\/www.facebook.com\/events\/407998033300620\/\" target=\"_blank\" rel=\"noopener noreferrer\">clique aqui<\/a><\/span> e saiba mais, faremos celebrar uma <strong>Santa Missa em vossa homenagem.<\/strong><\/span><\/p>\n<h5 style=\"padding-left: 60px;\"><span style=\"font-size: 12pt; color: #000000; font-family: verdana, geneva, sans-serif;\"><span style=\"font-weight: 400;\">Ser\u00e1 celebrada em Jacare\u00ed, S\u00e3o Paulo, na <\/span><i><span style=\"font-weight: 400;\">Capela Nossa Senhora de F\u00e1tima, no bairro do S\u00e3o Jo\u00e3o. Par\u00f3quia S\u00e3o Jo\u00e3o Batista.<\/span><\/i><\/span><\/h5>\n<p><span style=\"font-weight: 400; font-size: 12pt; color: #000000; font-family: verdana, geneva, sans-serif;\">Infelizmente, n\u00e3o ser\u00e3o todos que poder\u00e3o comparecer, mas poder\u00e3o <strong>inscrever suas inten\u00e7\u00f5es na Missa celebrada pelo Padre Jos\u00e9 Henrique, ligando para a Central de Missas:<\/strong><\/span><\/p>\n<p>&nbsp;<\/p>\n<p style=\"text-align: center;\"><span style=\"font-weight: 400; font-size: 24pt; color: #000000; font-family: verdana, geneva, sans-serif;\"><span style=\"color: #0000ff;\"><a style=\"color: #0000ff;\" href=\"tel:08006082128\" target=\"_blank\" rel=\"noopener noreferrer\">0800 608 2128<\/a><\/span><br \/>\n<\/span><span style=\"font-size: 10pt; color: #000000; font-family: verdana, geneva, sans-serif;\"><i><span style=\"font-weight: 400;\">Se estiver lendo atrav\u00e9s do celular, tecle no n\u00famero e discar\u00e1 automaticamente.<\/span><\/i><\/span><\/p>\n<p>&nbsp;<\/p>\n<p><span style=\"font-weight: 400; font-size: 12pt; color: #000000; font-family: verdana, geneva, sans-serif;\">Recordando um dos maiores Milagres com a intercess\u00e3o de Francisco de F\u00e1tima aqui no Brasil:<br \/>\n<span style=\"color: #ffffff;\">.<\/span><\/span><\/p>\n<p style=\"padding-left: 60px;\"><span style=\"font-family: verdana, geneva, sans-serif;\"><em><span style=\"font-weight: 400; font-size: 12pt; color: #000000;\">Lucas Baptista, 5 anos, caiu de uma janela a 6,5 metros do ch\u00e3o. Nos diagn\u00f3sticos m\u00e9dicos constavam traumas severos no c\u00e9rebro. Caso sobrevivesse, ele teria uma vida com defici\u00eancias mentais ou estaria em estado vegetativo.<\/span><\/em><\/span><\/p>\n<p style=\"padding-left: 60px;\"><span style=\"font-family: verdana, geneva, sans-serif;\"><em><span style=\"font-weight: 400; font-size: 12pt; color: #000000;\">Ap\u00f3s isso, seus pais, Jo\u00e3o Baptista e Lucia Yurie, junto das freiras carmelitas brasileiras rezaram aos pastorinhos de F\u00e1tima, seis dias depois, os m\u00e9dicos removeram os tubos da crian\u00e7a internada.<\/span><\/em><\/span><\/p>\n<p style=\"padding-left: 60px;\"><span style=\"font-family: verdana, geneva, sans-serif;\"><em><span style=\"font-weight: 400; font-size: 12pt; color: #000000;\">\u201cEle est\u00e1 totalmente bem, sem sequelas. Est\u00e1 exatamente como era antes do acidente. Os m\u00e9dicos n\u00e3o conseguiram explicar sua recupera\u00e7\u00e3o\u201d, disse o pai do acidentado.<\/span><\/em><\/span><\/p>\n<p><span style=\"font-weight: 400; font-size: 12pt; color: #000000; font-family: verdana, geneva, sans-serif;\"><span style=\"color: #ffffff;\">.<\/span><br \/>\nEste foi o milagre que permitiu a canoniza\u00e7\u00e3o de Francisco e Jacinta Marto. Se voc\u00ea necessita de uma gra\u00e7a, pe\u00e7a pela intercess\u00e3o dele em sua vida. <\/span><\/p>\n<p><span style=\"font-weight: 400; font-size: 12pt; color: #000000; font-family: verdana, geneva, sans-serif;\"><strong>Para alcan\u00e7ar Nossa Senhora de F\u00e1tima, recorrer a S\u00e3o Francisco pode ser uma \u00f3tima op\u00e7\u00e3o.<\/strong> <\/span><\/p>\n<p><span style=\"color: #ffffff;\">.<\/span><\/p>\n<p style=\"text-align: center;\"><span style=\"color: #000080;\"><em><span style=\"font-weight: 400; font-size: 14pt; font-family: georgia, palatino, serif;\">S\u00e3o Francisco de F\u00e1tima, Rogai quem recorrer a v\u00f3s!<\/span><\/em><\/span><\/p>\n","protected":false},"excerpt":{"rendered":"<p>. Nesta quinta-feira ser\u00e1 o Centen\u00e1rio do falecimento de S\u00e3o Francisco de F\u00e1tima, um dos tr\u00eas pastorinhos de Nossa Senhora. Al\u00e9m de estarmos organizando um evento que voc\u00ea tamb\u00e9m est\u00e1 convidado,\u00a0clique aqui e saiba mais, faremos celebrar uma Santa Missa em vossa homenagem. Ser\u00e1 celebrada em Jacare\u00ed, S\u00e3o Paulo, na Capela Nossa Senhora de F\u00e1tima, [&hellip;]<\/p>\n","protected":false},"author":27,"featured_media":51521,"comment_status":"open","ping_status":"open","sticky":false,"template":"","format":"standard","meta":[],"categories":[20],"tags":[2667,2668],"yoast_head":"<!-- This site is optimized with the Yoast SEO plugin v17.4 - https:\/\/yoast.com\/wordpress\/plugins\/seo\/ -->\n<title>Santa Missa de S\u00e3o Francisco de F\u00e1tima! Inscreva suas inten\u00e7\u00f5es<\/title>\n<meta name=\"description\" content=\"No dia de S\u00e3o Francisco Marto, al\u00e9m da confer\u00eancia, ter\u00e1 uma santa Missa dedicada ao confidente de Nossa Senhora de F\u00e1tima! Inscreva seus pedidos\" \/>\n<meta name=\"robots\" content=\"index, follow, max-snippet:-1, max-image-preview:large, max-video-preview:-1\" \/>\n<link rel=\"canonical\" href=\"https:\/\/www.adf.org.br\/home\/santa-missa-de-sao-francisco-marto\/\" \/>\n<meta property=\"og:locale\" content=\"pt_BR\" \/>\n<meta property=\"og:type\" content=\"article\" \/>\n<meta property=\"og:title\" content=\"Santa Missa de S\u00e3o Francisco de F\u00e1tima! Inscreva suas inten\u00e7\u00f5es\" \/>\n<meta property=\"og:description\" content=\"No dia de S\u00e3o Francisco Marto, al\u00e9m da confer\u00eancia, ter\u00e1 uma santa Missa dedicada ao confidente de Nossa Senhora de F\u00e1tima! Inscreva seus pedidos\" \/>\n<meta property=\"og:url\" content=\"https:\/\/www.adf.org.br\/home\/santa-missa-de-sao-francisco-marto\/\" \/>\n<meta property=\"og:site_name\" content=\"Associa\u00e7\u00e3o Devotos de F\u00e1tima\" \/>\n<meta property=\"article:published_time\" content=\"2019-04-02T11:20:25+00:00\" \/>\n<meta name=\"twitter:card\" content=\"summary_large_image\" \/>\n<meta name=\"twitter:label1\" content=\"Escrito por\" \/>\n\t<meta name=\"twitter:data1\" content=\"Gabriel Barbosa\" \/>\n\t<meta name=\"twitter:label2\" content=\"Est. tempo de leitura\" \/>\n\t<meta name=\"twitter:data2\" content=\"2 minutos\" \/>\n<script type=\"application\/ld+json\" class=\"yoast-schema-graph\">{\"@context\":\"https:\/\/schema.org\",\"@graph\":[{\"@type\":\"WebSite\",\"@id\":\"https:\/\/www.adf.org.br\/home\/#website\",\"url\":\"https:\/\/www.adf.org.br\/home\/\",\"name\":\"Associa\\u00e7\\u00e3o Devotos de F\\u00e1tima\",\"description\":\"Associa\\u00e7\\u00e3o Devotos de F\\u00e1tima\",\"potentialAction\":[{\"@type\":\"SearchAction\",\"target\":{\"@type\":\"EntryPoint\",\"urlTemplate\":\"https:\/\/www.adf.org.br\/home\/?s={search_term_string}\"},\"query-input\":\"required name=search_term_string\"}],\"inLanguage\":\"pt-BR\"},{\"@type\":\"ImageObject\",\"@id\":\"https:\/\/www.adf.org.br\/home\/santa-missa-de-sao-francisco-marto\/#primaryimage\",\"inLanguage\":\"pt-BR\",\"url\":\"\",\"contentUrl\":\"\"},{\"@type\":\"WebPage\",\"@id\":\"https:\/\/www.adf.org.br\/home\/santa-missa-de-sao-francisco-marto\/#webpage\",\"url\":\"https:\/\/www.adf.org.br\/home\/santa-missa-de-sao-francisco-marto\/\",\"name\":\"Santa Missa de S\\u00e3o Francisco de F\\u00e1tima! Inscreva suas inten\\u00e7\\u00f5es\",\"isPartOf\":{\"@id\":\"https:\/\/www.adf.org.br\/home\/#website\"},\"primaryImageOfPage\":{\"@id\":\"https:\/\/www.adf.org.br\/home\/santa-missa-de-sao-francisco-marto\/#primaryimage\"},\"datePublished\":\"2019-04-02T11:20:25+00:00\",\"dateModified\":\"2019-04-02T11:20:25+00:00\",\"author\":{\"@id\":\"https:\/\/www.adf.org.br\/home\/#\/schema\/person\/affa494ecf91434f3620f5392de44327\"},\"description\":\"No dia de S\\u00e3o Francisco Marto, al\\u00e9m da confer\\u00eancia, ter\\u00e1 uma santa Missa dedicada ao confidente de Nossa Senhora de F\\u00e1tima! Inscreva seus pedidos\",\"breadcrumb\":{\"@id\":\"https:\/\/www.adf.org.br\/home\/santa-missa-de-sao-francisco-marto\/#breadcrumb\"},\"inLanguage\":\"pt-BR\",\"potentialAction\":[{\"@type\":\"ReadAction\",\"target\":[\"https:\/\/www.adf.org.br\/home\/santa-missa-de-sao-francisco-marto\/\"]}]},{\"@type\":\"BreadcrumbList\",\"@id\":\"https:\/\/www.adf.org.br\/home\/santa-missa-de-sao-francisco-marto\/#breadcrumb\",\"itemListElement\":[{\"@type\":\"ListItem\",\"position\":1,\"name\":\"Home\",\"item\":\"https:\/\/www.adf.org.br\/home\/\"},{\"@type\":\"ListItem\",\"position\":2,\"name\":\"Santa Missa de S\\u00e3o Francisco de F\\u00e1tima! Inscreva suas inten\\u00e7\\u00f5es\"}]},{\"@type\":\"Person\",\"@id\":\"https:\/\/www.adf.org.br\/home\/#\/schema\/person\/affa494ecf91434f3620f5392de44327\",\"name\":\"Gabriel Barbosa\",\"image\":{\"@type\":\"ImageObject\",\"@id\":\"https:\/\/www.adf.org.br\/home\/#personlogo\",\"inLanguage\":\"pt-BR\",\"url\":\"https:\/\/secure.gravatar.com\/avatar\/ecf2eab02e30486a7038f8b2858de06a?s=96&d=mm&r=g\",\"contentUrl\":\"https:\/\/secure.gravatar.com\/avatar\/ecf2eab02e30486a7038f8b2858de06a?s=96&d=mm&r=g\",\"caption\":\"Gabriel Barbosa\"},\"url\":\"https:\/\/www.adf.org.br\/home\/author\/gabriel-aascj\/\"}]}<\/script>\n<!-- \/ Yoast SEO plugin. -->","yoast_head_json":{"title":"Santa Missa de S\u00e3o Francisco de F\u00e1tima! Inscreva suas inten\u00e7\u00f5es","description":"No dia de S\u00e3o Francisco Marto, al\u00e9m da confer\u00eancia, ter\u00e1 uma santa Missa dedicada ao confidente de Nossa Senhora de F\u00e1tima! Inscreva seus pedidos","robots":{"index":"index","follow":"follow","max-snippet":"max-snippet:-1","max-image-preview":"max-image-preview:large","max-video-preview":"max-video-preview:-1"},"canonical":"https:\/\/www.adf.org.br\/home\/santa-missa-de-sao-francisco-marto\/","og_locale":"pt_BR","og_type":"article","og_title":"Santa Missa de S\u00e3o Francisco de F\u00e1tima! Inscreva suas inten\u00e7\u00f5es","og_description":"No dia de S\u00e3o Francisco Marto, al\u00e9m da confer\u00eancia, ter\u00e1 uma santa Missa dedicada ao confidente de Nossa Senhora de F\u00e1tima! Inscreva seus pedidos","og_url":"https:\/\/www.adf.org.br\/home\/santa-missa-de-sao-francisco-marto\/","og_site_name":"Associa\u00e7\u00e3o Devotos de F\u00e1tima","article_published_time":"2019-04-02T11:20:25+00:00","twitter_card":"summary_large_image","twitter_misc":{"Escrito por":"Gabriel Barbosa","Est. tempo de leitura":"2 minutos"},"schema":{"@context":"https:\/\/schema.org","@graph":[{"@type":"WebSite","@id":"https:\/\/www.adf.org.br\/home\/#website","url":"https:\/\/www.adf.org.br\/home\/","name":"Associa\u00e7\u00e3o Devotos de F\u00e1tima","description":"Associa\u00e7\u00e3o Devotos de F\u00e1tima","potentialAction":[{"@type":"SearchAction","target":{"@type":"EntryPoint","urlTemplate":"https:\/\/www.adf.org.br\/home\/?s={search_term_string}"},"query-input":"required name=search_term_string"}],"inLanguage":"pt-BR"},{"@type":"ImageObject","@id":"https:\/\/www.adf.org.br\/home\/santa-missa-de-sao-francisco-marto\/#primaryimage","inLanguage":"pt-BR","url":"","contentUrl":""},{"@type":"WebPage","@id":"https:\/\/www.adf.org.br\/home\/santa-missa-de-sao-francisco-marto\/#webpage","url":"https:\/\/www.adf.org.br\/home\/santa-missa-de-sao-francisco-marto\/","name":"Santa Missa de S\u00e3o Francisco de F\u00e1tima! Inscreva suas inten\u00e7\u00f5es","isPartOf":{"@id":"https:\/\/www.adf.org.br\/home\/#website"},"primaryImageOfPage":{"@id":"https:\/\/www.adf.org.br\/home\/santa-missa-de-sao-francisco-marto\/#primaryimage"},"datePublished":"2019-04-02T11:20:25+00:00","dateModified":"2019-04-02T11:20:25+00:00","author":{"@id":"https:\/\/www.adf.org.br\/home\/#\/schema\/person\/affa494ecf91434f3620f5392de44327"},"description":"No dia de S\u00e3o Francisco Marto, al\u00e9m da confer\u00eancia, ter\u00e1 uma santa Missa dedicada ao confidente de Nossa Senhora de F\u00e1tima! Inscreva seus pedidos","breadcrumb":{"@id":"https:\/\/www.adf.org.br\/home\/santa-missa-de-sao-francisco-marto\/#breadcrumb"},"inLanguage":"pt-BR","potentialAction":[{"@type":"ReadAction","target":["https:\/\/www.adf.org.br\/home\/santa-missa-de-sao-francisco-marto\/"]}]},{"@type":"BreadcrumbList","@id":"https:\/\/www.adf.org.br\/home\/santa-missa-de-sao-francisco-marto\/#breadcrumb","itemListElement":[{"@type":"ListItem","position":1,"name":"Home","item":"https:\/\/www.adf.org.br\/home\/"},{"@type":"ListItem","position":2,"name":"Santa Missa de S\u00e3o Francisco de F\u00e1tima! Inscreva suas inten\u00e7\u00f5es"}]},{"@type":"Person","@id":"https:\/\/www.adf.org.br\/home\/#\/schema\/person\/affa494ecf91434f3620f5392de44327","name":"Gabriel Barbosa","image":{"@type":"ImageObject","@id":"https:\/\/www.adf.org.br\/home\/#personlogo","inLanguage":"pt-BR","url":"https:\/\/secure.gravatar.com\/avatar\/ecf2eab02e30486a7038f8b2858de06a?s=96&d=mm&r=g","contentUrl":"https:\/\/secure.gravatar.com\/avatar\/ecf2eab02e30486a7038f8b2858de06a?s=96&d=mm&r=g","caption":"Gabriel Barbosa"},"url":"https:\/\/www.adf.org.br\/home\/author\/gabriel-aascj\/"}]}},"_links":{"self":[{"href":"https:\/\/www.adf.org.br\/home\/wp-json\/wp\/v2\/posts\/51422"}],"collection":[{"href":"https:\/\/www.adf.org.br\/home\/wp-json\/wp\/v2\/posts"}],"about":[{"href":"https:\/\/www.adf.org.br\/home\/wp-json\/wp\/v2\/types\/post"}],"author":[{"embeddable":true,"href":"https:\/\/www.adf.org.br\/home\/wp-json\/wp\/v2\/users\/27"}],"replies":[{"embeddable":true,"href":"https:\/\/www.adf.org.br\/home\/wp-json\/wp\/v2\/comments?post=51422"}],"version-history":[{"count":0,"href":"https:\/\/www.adf.org.br\/home\/wp-json\/wp\/v2\/posts\/51422\/revisions"}],"wp:featuredmedia":[{"embeddable":true,"href":"https:\/\/www.adf.org.br\/home\/wp-json\/wp\/v2\/media\/51521"}],"wp:attachment":[{"href":"https:\/\/www.adf.org.br\/home\/wp-json\/wp\/v2\/media?parent=51422"}],"wp:term":[{"taxonomy":"category","embeddable":true,"href":"https:\/\/www.adf.org.br\/home\/wp-json\/wp\/v2\/categories?post=51422"},{"taxonomy":"post_tag","embeddable":true,"href":"https:\/\/www.adf.org.br\/home\/wp-json\/wp\/v2\/tags?post=51422"}],"curies":[{"name":"wp","href":"https:\/\/api.w.org\/{rel}","templated":true}]}}