{"id":51413,"date":"2019-04-03T00:45:11","date_gmt":"2019-04-03T03:45:11","guid":{"rendered":"http:\/\/www.adf.org.br\/home\/?p=51413"},"modified":"2019-04-03T00:45:11","modified_gmt":"2019-04-03T03:45:11","slug":"centenario-de-sao-francisco-de-fatima","status":"publish","type":"post","link":"https:\/\/www.adf.org.br\/home\/centenario-de-sao-francisco-de-fatima\/","title":{"rendered":"\u00c9 amanh\u00e3! Confer\u00eancia do Centen\u00e1rio de falecimento de S\u00e3o Francisco de F\u00e1tima"},"content":{"rendered":"<p><a href=\"https:\/\/www.facebook.com\/events\/407998033300620\/\" target=\"_blank\" rel=\"noopener noreferrer\"><img loading=\"lazy\" class=\"aligncenter wp-image-51400\" src=\"https:\/\/www.adf.org.br\/home\/wp-content\/uploads\/2019\/03\/Francisco-MartoVelario.jpg\" alt=\"Francisco MartoVelario\" width=\"231\" height=\"275\" \/><\/a><\/p>\n<p><span style=\"font-weight: 400; font-size: 12pt; color: #000000; font-family: verdana, geneva, sans-serif;\"><span style=\"color: #ffffff;\">.<\/span><br \/>\nVoc\u00ea confirmou sua presen\u00e7a no evento \u2013 <a style=\"color: #000000;\" href=\"https:\/\/www.facebook.com\/events\/407998033300620\/\" target=\"_blank\" rel=\"noopener noreferrer\">Comemora\u00e7\u00e3o e Confer\u00eancia do Centen\u00e1rio de Falecimento de S\u00e3o Francisco de F\u00e1tima?<\/a><\/span><\/p>\n<h5 style=\"padding-left: 60px;\"><span style=\"color: #0000ff; font-size: 12pt; font-family: verdana, geneva, sans-serif;\"><a style=\"color: #0000ff;\" href=\"https:\/\/www.facebook.com\/events\/407998033300620\/\" target=\"_blank\" rel=\"noopener noreferrer\">Caso ainda n\u00e3o tenha confirmado ou deseja saber a respeito do evento, clique aqui!<\/a><\/span><\/h5>\n<p><span style=\"font-weight: 400; font-size: 12pt; color: #000000; font-family: verdana, geneva, sans-serif;\">Gra\u00e7as aos participantes do Grupo Ap\u00f3stolos de F\u00e1tima, que nos ajudam a dar continuidade com este trabalho de Apostolado, nos ajudaram na <strong>confec\u00e7\u00e3o dos Ter\u00e7os do Pastorinhos. Ser\u00e3o entregues para todos que comparecerem no evento.\u00a0<\/strong><\/span><strong><span style=\"font-size: 12pt; color: #000000; font-family: verdana, geneva, sans-serif;\">Veja-o abaixo:<br \/>\n<span style=\"color: #ffffff;\">.<\/span><\/span><\/strong><\/p>\n<p><span style=\"font-size: 12pt; color: #000000; font-family: verdana, geneva, sans-serif;\"><a href=\"https:\/\/www.facebook.com\/events\/407998033300620\/\" target=\"_blank\" rel=\"noopener noreferrer\"><img loading=\"lazy\" class=\"aligncenter wp-image-58692\" src=\"https:\/\/www.aascj.org.br\/home\/wp-content\/uploads\/2019\/03\/asc-2-300x178.png\" alt=\"asc 2\" width=\"448\" height=\"266\" \/><\/a><\/span><\/p>\n<p><span style=\"font-weight: 400; font-size: 12pt; color: #000000; font-family: verdana, geneva, sans-serif;\"><span style=\"color: #ffffff;\">.<\/span><br \/>\nCentenas de unidades j\u00e1 foram confeccionadas e foram bentas por sacerdotes que colaboram com nossa miss\u00e3o de Apostolado.\u00a0<\/span><\/p>\n<p><strong><span style=\"font-size: 12pt; color: #000000; font-family: verdana, geneva, sans-serif;\">Este ter\u00e7o ser\u00e1 da grande ajuda para que voc\u00ea recorra a Nossa Senhora de F\u00e1tima ou aos Vossos Pastorinhos.<\/span><\/strong><\/p>\n<p><span style=\"font-weight: 400; font-size: 12pt; color: #000000; font-family: verdana, geneva, sans-serif;\">Uma maneira de voc\u00ea garantir o seu \u00e9 comparecendo a este evento.<\/span><\/p>\n<p style=\"padding-left: 60px; text-align: center;\"><span style=\"font-size: 12pt; color: #000000; font-family: verdana, geneva, sans-serif;\"><span style=\"font-weight: 400;\"><span style=\"color: #0000ff;\"><a style=\"color: #0000ff;\" href=\"https:\/\/www.facebook.com\/events\/407998033300620\/\" target=\"_blank\" rel=\"noopener noreferrer\">Clique aqui e confirme sua presen\u00e7a.<\/a><\/span> Voc\u00ea e toda sua fam\u00edlia est\u00e3o convidados.<br \/>\n<\/span><span style=\"font-weight: 400;\"><span style=\"color: #ffffff;\">.<\/span><br \/>\n<\/span><span style=\"font-weight: 400;\"><br \/>\n<\/span><em><span style=\"color: #0000ff; font-size: 14pt; font-family: georgia, palatino, serif;\"><a style=\"color: #0000ff;\" href=\"https:\/\/www.facebook.com\/events\/407998033300620\/\"><span style=\"font-weight: 400;\">S\u00e3o Francisco de F\u00e1tima, rogai por n\u00f3s!<\/span><\/a><\/span><\/em><\/span><\/p>\n","protected":false},"excerpt":{"rendered":"<p>. Voc\u00ea confirmou sua presen\u00e7a no evento \u2013 Comemora\u00e7\u00e3o e Confer\u00eancia do Centen\u00e1rio de Falecimento de S\u00e3o Francisco de F\u00e1tima? Caso ainda n\u00e3o tenha confirmado ou deseja saber a respeito do evento, clique aqui! Gra\u00e7as aos participantes do Grupo Ap\u00f3stolos de F\u00e1tima, que nos ajudam a dar continuidade com este trabalho de Apostolado, nos ajudaram [&hellip;]<\/p>\n","protected":false},"author":27,"featured_media":51417,"comment_status":"open","ping_status":"open","sticky":false,"template":"","format":"standard","meta":[],"categories":[20,2759],"tags":[2529,382,2667],"yoast_head":"<!-- This site is optimized with the Yoast SEO plugin v17.4 - https:\/\/yoast.com\/wordpress\/plugins\/seo\/ -->\n<title>\u00c9 amanh\u00e3! Confer\u00eancia do Centen\u00e1rio de falecimento de S\u00e3o Francisco de F\u00e1tima<\/title>\n<meta name=\"description\" content=\"\u00c9 amanh\u00e3 o grande dia! Voc\u00ea ainda tem tempo para confirmar sua presen\u00e7a\" \/>\n<meta name=\"robots\" content=\"index, follow, max-snippet:-1, max-image-preview:large, max-video-preview:-1\" \/>\n<link rel=\"canonical\" href=\"https:\/\/www.adf.org.br\/home\/centenario-de-sao-francisco-de-fatima\/\" \/>\n<meta property=\"og:locale\" content=\"pt_BR\" \/>\n<meta property=\"og:type\" content=\"article\" \/>\n<meta property=\"og:title\" content=\"\u00c9 amanh\u00e3! Confer\u00eancia do Centen\u00e1rio de falecimento de S\u00e3o Francisco de F\u00e1tima\" \/>\n<meta property=\"og:description\" content=\"\u00c9 amanh\u00e3 o grande dia! Voc\u00ea ainda tem tempo para confirmar sua presen\u00e7a\" \/>\n<meta property=\"og:url\" content=\"https:\/\/www.adf.org.br\/home\/centenario-de-sao-francisco-de-fatima\/\" \/>\n<meta property=\"og:site_name\" content=\"Associa\u00e7\u00e3o Devotos de F\u00e1tima\" \/>\n<meta property=\"article:published_time\" content=\"2019-04-03T03:45:11+00:00\" \/>\n<meta name=\"twitter:card\" content=\"summary_large_image\" \/>\n<meta name=\"twitter:label1\" content=\"Escrito por\" \/>\n\t<meta name=\"twitter:data1\" content=\"Gabriel Barbosa\" \/>\n\t<meta name=\"twitter:label2\" content=\"Est. tempo de leitura\" \/>\n\t<meta name=\"twitter:data2\" content=\"1 minuto\" \/>\n<script type=\"application\/ld+json\" class=\"yoast-schema-graph\">{\"@context\":\"https:\/\/schema.org\",\"@graph\":[{\"@type\":\"WebSite\",\"@id\":\"https:\/\/www.adf.org.br\/home\/#website\",\"url\":\"https:\/\/www.adf.org.br\/home\/\",\"name\":\"Associa\\u00e7\\u00e3o Devotos de F\\u00e1tima\",\"description\":\"Associa\\u00e7\\u00e3o Devotos de F\\u00e1tima\",\"potentialAction\":[{\"@type\":\"SearchAction\",\"target\":{\"@type\":\"EntryPoint\",\"urlTemplate\":\"https:\/\/www.adf.org.br\/home\/?s={search_term_string}\"},\"query-input\":\"required name=search_term_string\"}],\"inLanguage\":\"pt-BR\"},{\"@type\":\"ImageObject\",\"@id\":\"https:\/\/www.adf.org.br\/home\/centenario-de-sao-francisco-de-fatima\/#primaryimage\",\"inLanguage\":\"pt-BR\",\"url\":\"\",\"contentUrl\":\"\"},{\"@type\":\"WebPage\",\"@id\":\"https:\/\/www.adf.org.br\/home\/centenario-de-sao-francisco-de-fatima\/#webpage\",\"url\":\"https:\/\/www.adf.org.br\/home\/centenario-de-sao-francisco-de-fatima\/\",\"name\":\"\\u00c9 amanh\\u00e3! Confer\\u00eancia do Centen\\u00e1rio de falecimento de S\\u00e3o Francisco de F\\u00e1tima\",\"isPartOf\":{\"@id\":\"https:\/\/www.adf.org.br\/home\/#website\"},\"primaryImageOfPage\":{\"@id\":\"https:\/\/www.adf.org.br\/home\/centenario-de-sao-francisco-de-fatima\/#primaryimage\"},\"datePublished\":\"2019-04-03T03:45:11+00:00\",\"dateModified\":\"2019-04-03T03:45:11+00:00\",\"author\":{\"@id\":\"https:\/\/www.adf.org.br\/home\/#\/schema\/person\/affa494ecf91434f3620f5392de44327\"},\"description\":\"\\u00c9 amanh\\u00e3 o grande dia! Voc\\u00ea ainda tem tempo para confirmar sua presen\\u00e7a\",\"breadcrumb\":{\"@id\":\"https:\/\/www.adf.org.br\/home\/centenario-de-sao-francisco-de-fatima\/#breadcrumb\"},\"inLanguage\":\"pt-BR\",\"potentialAction\":[{\"@type\":\"ReadAction\",\"target\":[\"https:\/\/www.adf.org.br\/home\/centenario-de-sao-francisco-de-fatima\/\"]}]},{\"@type\":\"BreadcrumbList\",\"@id\":\"https:\/\/www.adf.org.br\/home\/centenario-de-sao-francisco-de-fatima\/#breadcrumb\",\"itemListElement\":[{\"@type\":\"ListItem\",\"position\":1,\"name\":\"Home\",\"item\":\"https:\/\/www.adf.org.br\/home\/\"},{\"@type\":\"ListItem\",\"position\":2,\"name\":\"\\u00c9 amanh\\u00e3! Confer\\u00eancia do Centen\\u00e1rio de falecimento de S\\u00e3o Francisco de F\\u00e1tima\"}]},{\"@type\":\"Person\",\"@id\":\"https:\/\/www.adf.org.br\/home\/#\/schema\/person\/affa494ecf91434f3620f5392de44327\",\"name\":\"Gabriel Barbosa\",\"image\":{\"@type\":\"ImageObject\",\"@id\":\"https:\/\/www.adf.org.br\/home\/#personlogo\",\"inLanguage\":\"pt-BR\",\"url\":\"https:\/\/secure.gravatar.com\/avatar\/ecf2eab02e30486a7038f8b2858de06a?s=96&d=mm&r=g\",\"contentUrl\":\"https:\/\/secure.gravatar.com\/avatar\/ecf2eab02e30486a7038f8b2858de06a?s=96&d=mm&r=g\",\"caption\":\"Gabriel Barbosa\"},\"url\":\"https:\/\/www.adf.org.br\/home\/author\/gabriel-aascj\/\"}]}<\/script>\n<!-- \/ Yoast SEO plugin. -->","yoast_head_json":{"title":"\u00c9 amanh\u00e3! Confer\u00eancia do Centen\u00e1rio de falecimento de S\u00e3o Francisco de F\u00e1tima","description":"\u00c9 amanh\u00e3 o grande dia! Voc\u00ea ainda tem tempo para confirmar sua presen\u00e7a","robots":{"index":"index","follow":"follow","max-snippet":"max-snippet:-1","max-image-preview":"max-image-preview:large","max-video-preview":"max-video-preview:-1"},"canonical":"https:\/\/www.adf.org.br\/home\/centenario-de-sao-francisco-de-fatima\/","og_locale":"pt_BR","og_type":"article","og_title":"\u00c9 amanh\u00e3! Confer\u00eancia do Centen\u00e1rio de falecimento de S\u00e3o Francisco de F\u00e1tima","og_description":"\u00c9 amanh\u00e3 o grande dia! Voc\u00ea ainda tem tempo para confirmar sua presen\u00e7a","og_url":"https:\/\/www.adf.org.br\/home\/centenario-de-sao-francisco-de-fatima\/","og_site_name":"Associa\u00e7\u00e3o Devotos de F\u00e1tima","article_published_time":"2019-04-03T03:45:11+00:00","twitter_card":"summary_large_image","twitter_misc":{"Escrito por":"Gabriel Barbosa","Est. tempo de leitura":"1 minuto"},"schema":{"@context":"https:\/\/schema.org","@graph":[{"@type":"WebSite","@id":"https:\/\/www.adf.org.br\/home\/#website","url":"https:\/\/www.adf.org.br\/home\/","name":"Associa\u00e7\u00e3o Devotos de F\u00e1tima","description":"Associa\u00e7\u00e3o Devotos de F\u00e1tima","potentialAction":[{"@type":"SearchAction","target":{"@type":"EntryPoint","urlTemplate":"https:\/\/www.adf.org.br\/home\/?s={search_term_string}"},"query-input":"required name=search_term_string"}],"inLanguage":"pt-BR"},{"@type":"ImageObject","@id":"https:\/\/www.adf.org.br\/home\/centenario-de-sao-francisco-de-fatima\/#primaryimage","inLanguage":"pt-BR","url":"","contentUrl":""},{"@type":"WebPage","@id":"https:\/\/www.adf.org.br\/home\/centenario-de-sao-francisco-de-fatima\/#webpage","url":"https:\/\/www.adf.org.br\/home\/centenario-de-sao-francisco-de-fatima\/","name":"\u00c9 amanh\u00e3! Confer\u00eancia do Centen\u00e1rio de falecimento de S\u00e3o Francisco de F\u00e1tima","isPartOf":{"@id":"https:\/\/www.adf.org.br\/home\/#website"},"primaryImageOfPage":{"@id":"https:\/\/www.adf.org.br\/home\/centenario-de-sao-francisco-de-fatima\/#primaryimage"},"datePublished":"2019-04-03T03:45:11+00:00","dateModified":"2019-04-03T03:45:11+00:00","author":{"@id":"https:\/\/www.adf.org.br\/home\/#\/schema\/person\/affa494ecf91434f3620f5392de44327"},"description":"\u00c9 amanh\u00e3 o grande dia! Voc\u00ea ainda tem tempo para confirmar sua presen\u00e7a","breadcrumb":{"@id":"https:\/\/www.adf.org.br\/home\/centenario-de-sao-francisco-de-fatima\/#breadcrumb"},"inLanguage":"pt-BR","potentialAction":[{"@type":"ReadAction","target":["https:\/\/www.adf.org.br\/home\/centenario-de-sao-francisco-de-fatima\/"]}]},{"@type":"BreadcrumbList","@id":"https:\/\/www.adf.org.br\/home\/centenario-de-sao-francisco-de-fatima\/#breadcrumb","itemListElement":[{"@type":"ListItem","position":1,"name":"Home","item":"https:\/\/www.adf.org.br\/home\/"},{"@type":"ListItem","position":2,"name":"\u00c9 amanh\u00e3! Confer\u00eancia do Centen\u00e1rio de falecimento de S\u00e3o Francisco de F\u00e1tima"}]},{"@type":"Person","@id":"https:\/\/www.adf.org.br\/home\/#\/schema\/person\/affa494ecf91434f3620f5392de44327","name":"Gabriel Barbosa","image":{"@type":"ImageObject","@id":"https:\/\/www.adf.org.br\/home\/#personlogo","inLanguage":"pt-BR","url":"https:\/\/secure.gravatar.com\/avatar\/ecf2eab02e30486a7038f8b2858de06a?s=96&d=mm&r=g","contentUrl":"https:\/\/secure.gravatar.com\/avatar\/ecf2eab02e30486a7038f8b2858de06a?s=96&d=mm&r=g","caption":"Gabriel Barbosa"},"url":"https:\/\/www.adf.org.br\/home\/author\/gabriel-aascj\/"}]}},"_links":{"self":[{"href":"https:\/\/www.adf.org.br\/home\/wp-json\/wp\/v2\/posts\/51413"}],"collection":[{"href":"https:\/\/www.adf.org.br\/home\/wp-json\/wp\/v2\/posts"}],"about":[{"href":"https:\/\/www.adf.org.br\/home\/wp-json\/wp\/v2\/types\/post"}],"author":[{"embeddable":true,"href":"https:\/\/www.adf.org.br\/home\/wp-json\/wp\/v2\/users\/27"}],"replies":[{"embeddable":true,"href":"https:\/\/www.adf.org.br\/home\/wp-json\/wp\/v2\/comments?post=51413"}],"version-history":[{"count":0,"href":"https:\/\/www.adf.org.br\/home\/wp-json\/wp\/v2\/posts\/51413\/revisions"}],"wp:featuredmedia":[{"embeddable":true,"href":"https:\/\/www.adf.org.br\/home\/wp-json\/wp\/v2\/media\/51417"}],"wp:attachment":[{"href":"https:\/\/www.adf.org.br\/home\/wp-json\/wp\/v2\/media?parent=51413"}],"wp:term":[{"taxonomy":"category","embeddable":true,"href":"https:\/\/www.adf.org.br\/home\/wp-json\/wp\/v2\/categories?post=51413"},{"taxonomy":"post_tag","embeddable":true,"href":"https:\/\/www.adf.org.br\/home\/wp-json\/wp\/v2\/tags?post=51413"}],"curies":[{"name":"wp","href":"https:\/\/api.w.org\/{rel}","templated":true}]}}