{"id":51313,"date":"2019-04-01T00:00:34","date_gmt":"2019-04-01T03:00:34","guid":{"rendered":"http:\/\/www.adf.org.br\/home\/?p=51313"},"modified":"2019-04-01T00:00:34","modified_gmt":"2019-04-01T03:00:34","slug":"o-grande-dia-esta-chegando","status":"publish","type":"post","link":"https:\/\/www.adf.org.br\/home\/o-grande-dia-esta-chegando\/","title":{"rendered":"Ainda h\u00e1 tempo para voc\u00ea confirmar sua presen\u00e7a neste evento"},"content":{"rendered":"<figure id=\"attachment_51328\" aria-describedby=\"caption-attachment-51328\" style=\"width: 559px\" class=\"wp-caption aligncenter\"><a href=\"https:\/\/web.facebook.com\/events\/407998033300620\/\" target=\"_blank\" rel=\"noopener noreferrer\"><img loading=\"lazy\" class=\"wp-image-51328\" src=\"https:\/\/www.adf.org.br\/home\/wp-content\/uploads\/2019\/03\/Centen\u00e1rio-Fran.jpg\" alt=\"Centen\u00e1rio Fran\" width=\"559\" height=\"326\" \/><\/a><figcaption id=\"caption-attachment-51328\" class=\"wp-caption-text\"><em><span style=\"font-size: 12pt; color: #000000; font-family: georgia, palatino, serif;\">Clique na imagem e saiba mais!<\/span><\/em><\/figcaption><\/figure>\n<p style=\"padding-left: 90px;\"><strong><span style=\"font-family: verdana, geneva, sans-serif; font-size: 12pt; color: #800080;\"><span style=\"color: #ffffff;\">.<\/span><br \/>\nNessa quinta-feira, dia 04 de abril comemoramos o Centen\u00e1rio de Falecimento de S\u00e3o Francisco Marto.<\/span><\/strong><\/p>\n<p><span style=\"font-family: verdana, geneva, sans-serif; font-size: 12pt; color: #000000;\"><br \/>\n<span style=\"font-size: 14pt;\"><strong>P<\/strong><\/span>ara marcar essa data, organizaremos uma confer\u00eancia em homenagem ao Pastorinho de Nossa Senhora de F\u00e1tima.<\/span><\/p>\n<p><span style=\"font-family: verdana, geneva, sans-serif; font-size: 12pt; color: #000000;\">N\u00e3o deixe de participar, ser\u00e1 no Club Homs, em S\u00e3o Paulo \u00e0s\u00a019 hrs. Veja abaixo como chegar:<br \/>\n<span style=\"color: #ffffff;\">.<\/span><\/span><\/p>\n<div class=\"gmap_canvas\" style=\"text-align: center;\"><iframe loading=\"lazy\" id=\"gmap_canvas\" src=\"https:\/\/maps.google.com\/maps?q=Club%20Homs%20-%20Av.%20Paulista%2C%20735%20-%20Bela%20Vista%2C%20S%C3%A3o%20Paulo%20-%20SP%2C%2001311-100&amp;t=&amp;z=15&amp;ie=UTF8&amp;iwloc=&amp;output=embed\" width=\"516\" height=\"312\" frameborder=\"0\" marginwidth=\"0\" marginheight=\"0\" scrolling=\"no\"><\/iframe><\/div>\n<p><span style=\"font-family: verdana, geneva, sans-serif; font-size: 12pt; color: #000000;\"><span style=\"color: #ffffff;\">.<\/span><br \/>\nN\u00e3o perca essa oportunidade de alcan\u00e7ar muitas gra\u00e7as de\u00a0S\u00e3o Francisco\u00a0de F\u00e1tima.<\/span><\/p>\n<p><span style=\"font-size: 12pt; color: #000000; font-family: verdana, geneva, sans-serif;\">Para tornar essa data mais que especial, ser\u00e1 distribu\u00eddo para os participantes o Ter\u00e7o dos Pastorinhos, que conseguimos confeccionar gra\u00e7as aos participantes do Grupo Ap\u00f3stolos de F\u00e1tima. Veja-o abaixo:<\/span><\/p>\n<p><a href=\"https:\/\/www.facebook.com\/events\/407998033300620\/\" target=\"_blank\" rel=\"noopener noreferrer\"><img loading=\"lazy\" class=\"aligncenter wp-image-51419\" src=\"https:\/\/www.adf.org.br\/home\/wp-content\/uploads\/2019\/04\/SS.png\" alt=\"SS\" width=\"307\" height=\"281\" \/><\/a><\/p>\n<h5 style=\"padding-left: 60px;\"><strong><span style=\"font-family: verdana, geneva, sans-serif; font-size: 12pt; color: #000000;\">Mais informa\u00e7\u00f5es\u00a0<span style=\"color: #0000ff;\"><a style=\"color: #0000ff;\" href=\"https:\/\/web.facebook.com\/events\/407998033300620\/\" target=\"_blank\" rel=\"noopener noreferrer\">clique aqui.<\/a><\/span><\/span><\/strong><\/h5>\n<hr \/>\n<h5 style=\"padding-left: 60px; text-align: center;\"><span style=\"font-size: 12pt; font-family: verdana, geneva, sans-serif; color: #000000;\">Inscreva seus pedidos na Santa Missa de S\u00e3o Francisco Marto ligando para:<\/span><\/h5>\n<p style=\"text-align: center;\"><span style=\"color: #0000ff;\"><a style=\"color: #0000ff;\" href=\"tel:08006082128\" target=\"_blank\" rel=\"noopener noreferrer\"><span style=\"font-size: 24pt; font-family: verdana, geneva, sans-serif;\">0800 608 2128<\/span><\/a><\/span><\/p>\n","protected":false},"excerpt":{"rendered":"<p>. Nessa quinta-feira, dia 04 de abril comemoramos o Centen\u00e1rio de Falecimento de S\u00e3o Francisco Marto. Para marcar essa data, organizaremos uma confer\u00eancia em homenagem ao Pastorinho de Nossa Senhora de F\u00e1tima. N\u00e3o deixe de participar, ser\u00e1 no Club Homs, em S\u00e3o Paulo \u00e0s\u00a019 hrs. Veja abaixo como chegar: . . N\u00e3o perca essa oportunidade [&hellip;]<\/p>\n","protected":false},"author":27,"featured_media":51330,"comment_status":"open","ping_status":"open","sticky":false,"template":"","format":"standard","meta":[],"categories":[20],"tags":[2762,2774,382],"yoast_head":"<!-- This site is optimized with the Yoast SEO plugin v17.4 - https:\/\/yoast.com\/wordpress\/plugins\/seo\/ -->\n<title>Ainda h\u00e1 tempo para voc\u00ea confirmar sua presen\u00e7a neste evento<\/title>\n<meta name=\"description\" content=\"O Grande dia est\u00e1 chegando! Voc\u00ea j\u00e1 confirmou sua presen\u00e7a? Veja nessa mat\u00e9ria\" \/>\n<meta name=\"robots\" content=\"index, follow, max-snippet:-1, max-image-preview:large, max-video-preview:-1\" \/>\n<link rel=\"canonical\" href=\"https:\/\/www.adf.org.br\/home\/o-grande-dia-esta-chegando\/\" \/>\n<meta property=\"og:locale\" content=\"pt_BR\" \/>\n<meta property=\"og:type\" content=\"article\" \/>\n<meta property=\"og:title\" content=\"Ainda h\u00e1 tempo para voc\u00ea confirmar sua presen\u00e7a neste evento\" \/>\n<meta property=\"og:description\" content=\"O Grande dia est\u00e1 chegando! Voc\u00ea j\u00e1 confirmou sua presen\u00e7a? Veja nessa mat\u00e9ria\" \/>\n<meta property=\"og:url\" content=\"https:\/\/www.adf.org.br\/home\/o-grande-dia-esta-chegando\/\" \/>\n<meta property=\"og:site_name\" content=\"Associa\u00e7\u00e3o Devotos de F\u00e1tima\" \/>\n<meta property=\"article:published_time\" content=\"2019-04-01T03:00:34+00:00\" \/>\n<meta name=\"twitter:card\" content=\"summary_large_image\" \/>\n<meta name=\"twitter:label1\" content=\"Escrito por\" \/>\n\t<meta name=\"twitter:data1\" content=\"Gabriel Barbosa\" \/>\n\t<meta name=\"twitter:label2\" content=\"Est. tempo de leitura\" \/>\n\t<meta name=\"twitter:data2\" content=\"1 minuto\" \/>\n<script type=\"application\/ld+json\" class=\"yoast-schema-graph\">{\"@context\":\"https:\/\/schema.org\",\"@graph\":[{\"@type\":\"WebSite\",\"@id\":\"https:\/\/www.adf.org.br\/home\/#website\",\"url\":\"https:\/\/www.adf.org.br\/home\/\",\"name\":\"Associa\\u00e7\\u00e3o Devotos de F\\u00e1tima\",\"description\":\"Associa\\u00e7\\u00e3o Devotos de F\\u00e1tima\",\"potentialAction\":[{\"@type\":\"SearchAction\",\"target\":{\"@type\":\"EntryPoint\",\"urlTemplate\":\"https:\/\/www.adf.org.br\/home\/?s={search_term_string}\"},\"query-input\":\"required name=search_term_string\"}],\"inLanguage\":\"pt-BR\"},{\"@type\":\"ImageObject\",\"@id\":\"https:\/\/www.adf.org.br\/home\/o-grande-dia-esta-chegando\/#primaryimage\",\"inLanguage\":\"pt-BR\",\"url\":\"\",\"contentUrl\":\"\"},{\"@type\":\"WebPage\",\"@id\":\"https:\/\/www.adf.org.br\/home\/o-grande-dia-esta-chegando\/#webpage\",\"url\":\"https:\/\/www.adf.org.br\/home\/o-grande-dia-esta-chegando\/\",\"name\":\"Ainda h\\u00e1 tempo para voc\\u00ea confirmar sua presen\\u00e7a neste evento\",\"isPartOf\":{\"@id\":\"https:\/\/www.adf.org.br\/home\/#website\"},\"primaryImageOfPage\":{\"@id\":\"https:\/\/www.adf.org.br\/home\/o-grande-dia-esta-chegando\/#primaryimage\"},\"datePublished\":\"2019-04-01T03:00:34+00:00\",\"dateModified\":\"2019-04-01T03:00:34+00:00\",\"author\":{\"@id\":\"https:\/\/www.adf.org.br\/home\/#\/schema\/person\/affa494ecf91434f3620f5392de44327\"},\"description\":\"O Grande dia est\\u00e1 chegando! Voc\\u00ea j\\u00e1 confirmou sua presen\\u00e7a? Veja nessa mat\\u00e9ria\",\"breadcrumb\":{\"@id\":\"https:\/\/www.adf.org.br\/home\/o-grande-dia-esta-chegando\/#breadcrumb\"},\"inLanguage\":\"pt-BR\",\"potentialAction\":[{\"@type\":\"ReadAction\",\"target\":[\"https:\/\/www.adf.org.br\/home\/o-grande-dia-esta-chegando\/\"]}]},{\"@type\":\"BreadcrumbList\",\"@id\":\"https:\/\/www.adf.org.br\/home\/o-grande-dia-esta-chegando\/#breadcrumb\",\"itemListElement\":[{\"@type\":\"ListItem\",\"position\":1,\"name\":\"Home\",\"item\":\"https:\/\/www.adf.org.br\/home\/\"},{\"@type\":\"ListItem\",\"position\":2,\"name\":\"Ainda h\\u00e1 tempo para voc\\u00ea confirmar sua presen\\u00e7a neste evento\"}]},{\"@type\":\"Person\",\"@id\":\"https:\/\/www.adf.org.br\/home\/#\/schema\/person\/affa494ecf91434f3620f5392de44327\",\"name\":\"Gabriel Barbosa\",\"image\":{\"@type\":\"ImageObject\",\"@id\":\"https:\/\/www.adf.org.br\/home\/#personlogo\",\"inLanguage\":\"pt-BR\",\"url\":\"https:\/\/secure.gravatar.com\/avatar\/ecf2eab02e30486a7038f8b2858de06a?s=96&d=mm&r=g\",\"contentUrl\":\"https:\/\/secure.gravatar.com\/avatar\/ecf2eab02e30486a7038f8b2858de06a?s=96&d=mm&r=g\",\"caption\":\"Gabriel Barbosa\"},\"url\":\"https:\/\/www.adf.org.br\/home\/author\/gabriel-aascj\/\"}]}<\/script>\n<!-- \/ Yoast SEO plugin. -->","yoast_head_json":{"title":"Ainda h\u00e1 tempo para voc\u00ea confirmar sua presen\u00e7a neste evento","description":"O Grande dia est\u00e1 chegando! Voc\u00ea j\u00e1 confirmou sua presen\u00e7a? Veja nessa mat\u00e9ria","robots":{"index":"index","follow":"follow","max-snippet":"max-snippet:-1","max-image-preview":"max-image-preview:large","max-video-preview":"max-video-preview:-1"},"canonical":"https:\/\/www.adf.org.br\/home\/o-grande-dia-esta-chegando\/","og_locale":"pt_BR","og_type":"article","og_title":"Ainda h\u00e1 tempo para voc\u00ea confirmar sua presen\u00e7a neste evento","og_description":"O Grande dia est\u00e1 chegando! Voc\u00ea j\u00e1 confirmou sua presen\u00e7a? Veja nessa mat\u00e9ria","og_url":"https:\/\/www.adf.org.br\/home\/o-grande-dia-esta-chegando\/","og_site_name":"Associa\u00e7\u00e3o Devotos de F\u00e1tima","article_published_time":"2019-04-01T03:00:34+00:00","twitter_card":"summary_large_image","twitter_misc":{"Escrito por":"Gabriel Barbosa","Est. tempo de leitura":"1 minuto"},"schema":{"@context":"https:\/\/schema.org","@graph":[{"@type":"WebSite","@id":"https:\/\/www.adf.org.br\/home\/#website","url":"https:\/\/www.adf.org.br\/home\/","name":"Associa\u00e7\u00e3o Devotos de F\u00e1tima","description":"Associa\u00e7\u00e3o Devotos de F\u00e1tima","potentialAction":[{"@type":"SearchAction","target":{"@type":"EntryPoint","urlTemplate":"https:\/\/www.adf.org.br\/home\/?s={search_term_string}"},"query-input":"required name=search_term_string"}],"inLanguage":"pt-BR"},{"@type":"ImageObject","@id":"https:\/\/www.adf.org.br\/home\/o-grande-dia-esta-chegando\/#primaryimage","inLanguage":"pt-BR","url":"","contentUrl":""},{"@type":"WebPage","@id":"https:\/\/www.adf.org.br\/home\/o-grande-dia-esta-chegando\/#webpage","url":"https:\/\/www.adf.org.br\/home\/o-grande-dia-esta-chegando\/","name":"Ainda h\u00e1 tempo para voc\u00ea confirmar sua presen\u00e7a neste evento","isPartOf":{"@id":"https:\/\/www.adf.org.br\/home\/#website"},"primaryImageOfPage":{"@id":"https:\/\/www.adf.org.br\/home\/o-grande-dia-esta-chegando\/#primaryimage"},"datePublished":"2019-04-01T03:00:34+00:00","dateModified":"2019-04-01T03:00:34+00:00","author":{"@id":"https:\/\/www.adf.org.br\/home\/#\/schema\/person\/affa494ecf91434f3620f5392de44327"},"description":"O Grande dia est\u00e1 chegando! Voc\u00ea j\u00e1 confirmou sua presen\u00e7a? Veja nessa mat\u00e9ria","breadcrumb":{"@id":"https:\/\/www.adf.org.br\/home\/o-grande-dia-esta-chegando\/#breadcrumb"},"inLanguage":"pt-BR","potentialAction":[{"@type":"ReadAction","target":["https:\/\/www.adf.org.br\/home\/o-grande-dia-esta-chegando\/"]}]},{"@type":"BreadcrumbList","@id":"https:\/\/www.adf.org.br\/home\/o-grande-dia-esta-chegando\/#breadcrumb","itemListElement":[{"@type":"ListItem","position":1,"name":"Home","item":"https:\/\/www.adf.org.br\/home\/"},{"@type":"ListItem","position":2,"name":"Ainda h\u00e1 tempo para voc\u00ea confirmar sua presen\u00e7a neste evento"}]},{"@type":"Person","@id":"https:\/\/www.adf.org.br\/home\/#\/schema\/person\/affa494ecf91434f3620f5392de44327","name":"Gabriel Barbosa","image":{"@type":"ImageObject","@id":"https:\/\/www.adf.org.br\/home\/#personlogo","inLanguage":"pt-BR","url":"https:\/\/secure.gravatar.com\/avatar\/ecf2eab02e30486a7038f8b2858de06a?s=96&d=mm&r=g","contentUrl":"https:\/\/secure.gravatar.com\/avatar\/ecf2eab02e30486a7038f8b2858de06a?s=96&d=mm&r=g","caption":"Gabriel Barbosa"},"url":"https:\/\/www.adf.org.br\/home\/author\/gabriel-aascj\/"}]}},"_links":{"self":[{"href":"https:\/\/www.adf.org.br\/home\/wp-json\/wp\/v2\/posts\/51313"}],"collection":[{"href":"https:\/\/www.adf.org.br\/home\/wp-json\/wp\/v2\/posts"}],"about":[{"href":"https:\/\/www.adf.org.br\/home\/wp-json\/wp\/v2\/types\/post"}],"author":[{"embeddable":true,"href":"https:\/\/www.adf.org.br\/home\/wp-json\/wp\/v2\/users\/27"}],"replies":[{"embeddable":true,"href":"https:\/\/www.adf.org.br\/home\/wp-json\/wp\/v2\/comments?post=51313"}],"version-history":[{"count":0,"href":"https:\/\/www.adf.org.br\/home\/wp-json\/wp\/v2\/posts\/51313\/revisions"}],"wp:featuredmedia":[{"embeddable":true,"href":"https:\/\/www.adf.org.br\/home\/wp-json\/wp\/v2\/media\/51330"}],"wp:attachment":[{"href":"https:\/\/www.adf.org.br\/home\/wp-json\/wp\/v2\/media?parent=51313"}],"wp:term":[{"taxonomy":"category","embeddable":true,"href":"https:\/\/www.adf.org.br\/home\/wp-json\/wp\/v2\/categories?post=51313"},{"taxonomy":"post_tag","embeddable":true,"href":"https:\/\/www.adf.org.br\/home\/wp-json\/wp\/v2\/tags?post=51313"}],"curies":[{"name":"wp","href":"https:\/\/api.w.org\/{rel}","templated":true}]}}