{"id":5129,"date":"2010-06-27T00:00:45","date_gmt":"2010-06-27T03:00:45","guid":{"rendered":"http:\/\/www.adf.org.br\/home\/?p=5129"},"modified":"2020-06-09T10:45:55","modified_gmt":"2020-06-09T13:45:55","slug":"historia-da-invocacao-de-nossa-senhora-do-pilar","status":"publish","type":"post","link":"https:\/\/www.adf.org.br\/home\/historia-da-invocacao-de-nossa-senhora-do-pilar\/","title":{"rendered":"Hist\u00f3ria da invoca\u00e7\u00e3o de Nossa Senhora do Pilar"},"content":{"rendered":"<p><span id=\"mediainfo_text\">Documentos hist\u00f3ricos mencionam que Maria  apareceu aos disc\u00edpulos de Jesus quando ainda estava viva; e afirmam que  a Virgem apareceu tamb\u00e9m aos primeiros crist\u00e3os da Espanha para  apoi\u00e1-los em suas dificuldades. <\/span><\/p>\n<p><span>Assista o v\u00eddeo e saiba mais sobre a invoca\u00e7\u00e3o de Nossa Senhora do Pilar.<\/span><\/p>\n<p><span><br \/>\n <\/span><\/p>\n<p>\n<object id=\"mediaplayer418478742\" classid=\"clsid:d27cdb6e-ae6d-11cf-96b8-444553540000\" width=\"480\" height=\"398\" codebase=\"http:\/\/download.macromedia.com\/pub\/shockwave\/cabs\/flash\/swflash.cab#version=6,0,40,0\"><param name=\"allowscriptaccess\" value=\"always\" \/><param name=\"allowfullscreen\" value=\"true\" \/><param name=\"src\" value=\"http:\/\/www.gloria.tv\/media\/83832\/embed\" \/><param name=\"quality\" value=\"high\" \/><embed id=\"mediaplayer418478742\" type=\"application\/x-shockwave-flash\" width=\"480\" height=\"398\" src=\"http:\/\/www.gloria.tv\/media\/83832\/embed\" quality=\"high\" allowfullscreen=\"true\" allowscriptaccess=\"always\"><\/embed><\/object>\n<\/p>\n<p>Fonte: <a href=\"http:\/\/pt.gloria.tv\/?media=83832\" target=\"_blank\" rel=\"noopener noreferrer\">Gloria TV<\/a><\/p>\n","protected":false},"excerpt":{"rendered":"<p>Documentos hist\u00f3ricos mencionam que Maria apareceu aos disc\u00edpulos de Jesus quando ainda estava viva; e afirmam que a Virgem apareceu tamb\u00e9m aos primeiros crist\u00e3os da Espanha para apoi\u00e1-los em suas dificuldades. Assista o v\u00eddeo e saiba mais sobre a invoca\u00e7\u00e3o de Nossa Senhora do Pilar. Fonte: Gloria TV<\/p>\n","protected":false},"author":27,"featured_media":0,"comment_status":"open","ping_status":"open","sticky":false,"template":"","format":"standard","meta":[],"categories":[20],"tags":[188],"yoast_head":"<!-- This site is optimized with the Yoast SEO plugin v17.4 - https:\/\/yoast.com\/wordpress\/plugins\/seo\/ -->\n<title>Hist\u00f3ria da invoca\u00e7\u00e3o de Nossa Senhora do Pilar - Associa\u00e7\u00e3o Devotos de F\u00e1tima<\/title>\n<meta name=\"robots\" content=\"index, follow, max-snippet:-1, max-image-preview:large, max-video-preview:-1\" \/>\n<link rel=\"canonical\" href=\"https:\/\/www.adf.org.br\/home\/historia-da-invocacao-de-nossa-senhora-do-pilar\/\" \/>\n<meta property=\"og:locale\" content=\"pt_BR\" \/>\n<meta property=\"og:type\" content=\"article\" \/>\n<meta property=\"og:title\" content=\"Hist\u00f3ria da invoca\u00e7\u00e3o de Nossa Senhora do Pilar - Associa\u00e7\u00e3o Devotos de F\u00e1tima\" \/>\n<meta property=\"og:description\" content=\"Documentos hist\u00f3ricos mencionam que Maria apareceu aos disc\u00edpulos de Jesus quando ainda estava viva; e afirmam que a Virgem apareceu tamb\u00e9m aos primeiros crist\u00e3os da Espanha para apoi\u00e1-los em suas dificuldades. Assista o v\u00eddeo e saiba mais sobre a invoca\u00e7\u00e3o de Nossa Senhora do Pilar. Fonte: Gloria TV\" \/>\n<meta property=\"og:url\" content=\"https:\/\/www.adf.org.br\/home\/historia-da-invocacao-de-nossa-senhora-do-pilar\/\" \/>\n<meta property=\"og:site_name\" content=\"Associa\u00e7\u00e3o Devotos de F\u00e1tima\" \/>\n<meta property=\"article:published_time\" content=\"2010-06-27T03:00:45+00:00\" \/>\n<meta property=\"article:modified_time\" content=\"2020-06-09T13:45:55+00:00\" \/>\n<meta name=\"twitter:card\" content=\"summary_large_image\" \/>\n<meta name=\"twitter:label1\" content=\"Escrito por\" \/>\n\t<meta name=\"twitter:data1\" content=\"Gabriel Barbosa\" \/>\n<script type=\"application\/ld+json\" class=\"yoast-schema-graph\">{\"@context\":\"https:\/\/schema.org\",\"@graph\":[{\"@type\":\"WebSite\",\"@id\":\"https:\/\/www.adf.org.br\/home\/#website\",\"url\":\"https:\/\/www.adf.org.br\/home\/\",\"name\":\"Associa\\u00e7\\u00e3o Devotos de F\\u00e1tima\",\"description\":\"Associa\\u00e7\\u00e3o Devotos de F\\u00e1tima\",\"potentialAction\":[{\"@type\":\"SearchAction\",\"target\":{\"@type\":\"EntryPoint\",\"urlTemplate\":\"https:\/\/www.adf.org.br\/home\/?s={search_term_string}\"},\"query-input\":\"required name=search_term_string\"}],\"inLanguage\":\"pt-BR\"},{\"@type\":\"WebPage\",\"@id\":\"https:\/\/www.adf.org.br\/home\/historia-da-invocacao-de-nossa-senhora-do-pilar\/#webpage\",\"url\":\"https:\/\/www.adf.org.br\/home\/historia-da-invocacao-de-nossa-senhora-do-pilar\/\",\"name\":\"Hist\\u00f3ria da invoca\\u00e7\\u00e3o de Nossa Senhora do Pilar - Associa\\u00e7\\u00e3o Devotos de F\\u00e1tima\",\"isPartOf\":{\"@id\":\"https:\/\/www.adf.org.br\/home\/#website\"},\"datePublished\":\"2010-06-27T03:00:45+00:00\",\"dateModified\":\"2020-06-09T13:45:55+00:00\",\"author\":{\"@id\":\"https:\/\/www.adf.org.br\/home\/#\/schema\/person\/affa494ecf91434f3620f5392de44327\"},\"breadcrumb\":{\"@id\":\"https:\/\/www.adf.org.br\/home\/historia-da-invocacao-de-nossa-senhora-do-pilar\/#breadcrumb\"},\"inLanguage\":\"pt-BR\",\"potentialAction\":[{\"@type\":\"ReadAction\",\"target\":[\"https:\/\/www.adf.org.br\/home\/historia-da-invocacao-de-nossa-senhora-do-pilar\/\"]}]},{\"@type\":\"BreadcrumbList\",\"@id\":\"https:\/\/www.adf.org.br\/home\/historia-da-invocacao-de-nossa-senhora-do-pilar\/#breadcrumb\",\"itemListElement\":[{\"@type\":\"ListItem\",\"position\":1,\"name\":\"Home\",\"item\":\"https:\/\/www.adf.org.br\/home\/\"},{\"@type\":\"ListItem\",\"position\":2,\"name\":\"Hist\\u00f3ria da invoca\\u00e7\\u00e3o de Nossa Senhora do Pilar\"}]},{\"@type\":\"Person\",\"@id\":\"https:\/\/www.adf.org.br\/home\/#\/schema\/person\/affa494ecf91434f3620f5392de44327\",\"name\":\"Gabriel Barbosa\",\"image\":{\"@type\":\"ImageObject\",\"@id\":\"https:\/\/www.adf.org.br\/home\/#personlogo\",\"inLanguage\":\"pt-BR\",\"url\":\"https:\/\/secure.gravatar.com\/avatar\/ecf2eab02e30486a7038f8b2858de06a?s=96&d=mm&r=g\",\"contentUrl\":\"https:\/\/secure.gravatar.com\/avatar\/ecf2eab02e30486a7038f8b2858de06a?s=96&d=mm&r=g\",\"caption\":\"Gabriel Barbosa\"},\"url\":\"https:\/\/www.adf.org.br\/home\/author\/gabriel-aascj\/\"}]}<\/script>\n<!-- \/ Yoast SEO plugin. -->","yoast_head_json":{"title":"Hist\u00f3ria da invoca\u00e7\u00e3o de Nossa Senhora do Pilar - Associa\u00e7\u00e3o Devotos de F\u00e1tima","robots":{"index":"index","follow":"follow","max-snippet":"max-snippet:-1","max-image-preview":"max-image-preview:large","max-video-preview":"max-video-preview:-1"},"canonical":"https:\/\/www.adf.org.br\/home\/historia-da-invocacao-de-nossa-senhora-do-pilar\/","og_locale":"pt_BR","og_type":"article","og_title":"Hist\u00f3ria da invoca\u00e7\u00e3o de Nossa Senhora do Pilar - Associa\u00e7\u00e3o Devotos de F\u00e1tima","og_description":"Documentos hist\u00f3ricos mencionam que Maria apareceu aos disc\u00edpulos de Jesus quando ainda estava viva; e afirmam que a Virgem apareceu tamb\u00e9m aos primeiros crist\u00e3os da Espanha para apoi\u00e1-los em suas dificuldades. Assista o v\u00eddeo e saiba mais sobre a invoca\u00e7\u00e3o de Nossa Senhora do Pilar. Fonte: Gloria TV","og_url":"https:\/\/www.adf.org.br\/home\/historia-da-invocacao-de-nossa-senhora-do-pilar\/","og_site_name":"Associa\u00e7\u00e3o Devotos de F\u00e1tima","article_published_time":"2010-06-27T03:00:45+00:00","article_modified_time":"2020-06-09T13:45:55+00:00","twitter_card":"summary_large_image","twitter_misc":{"Escrito por":"Gabriel Barbosa"},"schema":{"@context":"https:\/\/schema.org","@graph":[{"@type":"WebSite","@id":"https:\/\/www.adf.org.br\/home\/#website","url":"https:\/\/www.adf.org.br\/home\/","name":"Associa\u00e7\u00e3o Devotos de F\u00e1tima","description":"Associa\u00e7\u00e3o Devotos de F\u00e1tima","potentialAction":[{"@type":"SearchAction","target":{"@type":"EntryPoint","urlTemplate":"https:\/\/www.adf.org.br\/home\/?s={search_term_string}"},"query-input":"required name=search_term_string"}],"inLanguage":"pt-BR"},{"@type":"WebPage","@id":"https:\/\/www.adf.org.br\/home\/historia-da-invocacao-de-nossa-senhora-do-pilar\/#webpage","url":"https:\/\/www.adf.org.br\/home\/historia-da-invocacao-de-nossa-senhora-do-pilar\/","name":"Hist\u00f3ria da invoca\u00e7\u00e3o de Nossa Senhora do Pilar - Associa\u00e7\u00e3o Devotos de F\u00e1tima","isPartOf":{"@id":"https:\/\/www.adf.org.br\/home\/#website"},"datePublished":"2010-06-27T03:00:45+00:00","dateModified":"2020-06-09T13:45:55+00:00","author":{"@id":"https:\/\/www.adf.org.br\/home\/#\/schema\/person\/affa494ecf91434f3620f5392de44327"},"breadcrumb":{"@id":"https:\/\/www.adf.org.br\/home\/historia-da-invocacao-de-nossa-senhora-do-pilar\/#breadcrumb"},"inLanguage":"pt-BR","potentialAction":[{"@type":"ReadAction","target":["https:\/\/www.adf.org.br\/home\/historia-da-invocacao-de-nossa-senhora-do-pilar\/"]}]},{"@type":"BreadcrumbList","@id":"https:\/\/www.adf.org.br\/home\/historia-da-invocacao-de-nossa-senhora-do-pilar\/#breadcrumb","itemListElement":[{"@type":"ListItem","position":1,"name":"Home","item":"https:\/\/www.adf.org.br\/home\/"},{"@type":"ListItem","position":2,"name":"Hist\u00f3ria da invoca\u00e7\u00e3o de Nossa Senhora do Pilar"}]},{"@type":"Person","@id":"https:\/\/www.adf.org.br\/home\/#\/schema\/person\/affa494ecf91434f3620f5392de44327","name":"Gabriel Barbosa","image":{"@type":"ImageObject","@id":"https:\/\/www.adf.org.br\/home\/#personlogo","inLanguage":"pt-BR","url":"https:\/\/secure.gravatar.com\/avatar\/ecf2eab02e30486a7038f8b2858de06a?s=96&d=mm&r=g","contentUrl":"https:\/\/secure.gravatar.com\/avatar\/ecf2eab02e30486a7038f8b2858de06a?s=96&d=mm&r=g","caption":"Gabriel Barbosa"},"url":"https:\/\/www.adf.org.br\/home\/author\/gabriel-aascj\/"}]}},"_links":{"self":[{"href":"https:\/\/www.adf.org.br\/home\/wp-json\/wp\/v2\/posts\/5129"}],"collection":[{"href":"https:\/\/www.adf.org.br\/home\/wp-json\/wp\/v2\/posts"}],"about":[{"href":"https:\/\/www.adf.org.br\/home\/wp-json\/wp\/v2\/types\/post"}],"author":[{"embeddable":true,"href":"https:\/\/www.adf.org.br\/home\/wp-json\/wp\/v2\/users\/27"}],"replies":[{"embeddable":true,"href":"https:\/\/www.adf.org.br\/home\/wp-json\/wp\/v2\/comments?post=5129"}],"version-history":[{"count":1,"href":"https:\/\/www.adf.org.br\/home\/wp-json\/wp\/v2\/posts\/5129\/revisions"}],"predecessor-version":[{"id":7558,"href":"https:\/\/www.adf.org.br\/home\/wp-json\/wp\/v2\/posts\/5129\/revisions\/7558"}],"wp:attachment":[{"href":"https:\/\/www.adf.org.br\/home\/wp-json\/wp\/v2\/media?parent=5129"}],"wp:term":[{"taxonomy":"category","embeddable":true,"href":"https:\/\/www.adf.org.br\/home\/wp-json\/wp\/v2\/categories?post=5129"},{"taxonomy":"post_tag","embeddable":true,"href":"https:\/\/www.adf.org.br\/home\/wp-json\/wp\/v2\/tags?post=5129"}],"curies":[{"name":"wp","href":"https:\/\/api.w.org\/{rel}","templated":true}]}}